{"id":10046,"date":"2017-01-10T20:43:12","date_gmt":"2017-01-10T20:43:12","guid":{"rendered":"http:\/\/www.mpppst.gob.ve\/mpppstweb\/?p=10046"},"modified":"2017-01-10T20:51:18","modified_gmt":"2017-01-10T20:51:18","slug":"maduro-queda-instalado-y-juramentado-el-comando-nacional-antigolpe","status":"publish","type":"post","link":"https:\/\/www.mpppst.gob.ve\/mpppstweb\/index.php\/2017\/01\/10\/maduro-queda-instalado-y-juramentado-el-comando-nacional-antigolpe\/","title":{"rendered":"Maduro: Queda instalado y juramentado el Comando Nacional Antigolpe"},"content":{"rendered":"<p align=\"JUSTIFY\"><b>MIPPCI.-<\/b>El presidente Constitucional de la Rep\u00fablica Bolivariana de Venezuela, Nicol\u00e1s Maduro Moros, tras anunciar su partida a la hermana Rep\u00fablica de Nicaragua, instal\u00f3 y jurament\u00f3 al Comando Nacional Antigolpe por la Paz y la Soberan\u00eda.<\/p>\n<p align=\"JUSTIFY\">Creaci\u00f3n que realiza el jefe mandatario venezolano para la defensa de la soberan\u00eda nacional, en la que se ofrezcan garant\u00edas constitucionales de forma plena, as\u00ed como tambi\u00e9n evitar la impunidad ante las trasgresiones en contra de la\u00a0carta magna y la violencia; y por ultimo brindar seguridad al funcionamiento de la econom\u00eda.<\/p>\n<p align=\"JUSTIFY\">\u00abPorque estamos obligados a defender el derecho de nuestras familia, a la sociedad y a la paz (\u2026) S\u00f3lo en paz Venezuela puede transitar nuestro propio camino econ\u00f3mico (\u2026) Delego todas las tareas para que esto sea el brazo ejecutor de las pol\u00edticas preventivas, la batalla por la Paz la ganamos con prevenci\u00f3n y pol\u00edtica de justicia para que se castiguen todos los intentos de violencia contra Venezuela\u00bb, destac\u00f3 Maduro.<\/p>\n<p align=\"JUSTIFY\">Finalmente, el jefe de Estado hizo un llamado a evitar confrontaciones y trabajar a favor del desarrollo de la Naci\u00f3n, a lo que agreg\u00f3: \u00abHago un llamado a todo el pueblo revolucionario, patriota\u2026 hago un llamado al trabajo, a la Paz, a no engancharnos en provocaciones (\u2026) los golpes de Estado que se intentan desde la AN no pueden desviarnos de los di\u00e1logos, soy el jefe de Estado de Venezuela por mandato del pueblo y aqu\u00ed seguir\u00e9\u00bb.<\/p>\n<p align=\"JUSTIFY\">Este Comando est\u00e1 integrado por el vicepresidente de la Rep\u00fablica Tareck El Aissami; el Diputado a la Asamblea Nacional (AN), Diosdado Cabello; el ministro del Poder Popular de la Defensa, Vladimir Padrino L\u00f3pez; el ministro del Poder Popular de Interior, Justicia y Paz, N\u00e9stor Reverol; el Director del Servicio Bolivariano de Inteligencia Nacional (SEBIN), Gustavo Gonz\u00e1lez L\u00f3pez, la ministra del Poder Popular de Relaciones Exteriores, Delcy Rodr\u00edguez; la ministra del Poder Popular del Despacho de la Presidencia y Seguimiento de la Gesti\u00f3n de Gobierno, Carmen Mel\u00e9ndez.<\/p>\n","protected":false},"excerpt":{"rendered":"<p>MIPPCI.-El presidente Constitucional de la Rep\u00fablica Bolivariana de Venezuela, Nicol\u00e1s Maduro Moros, tras anunciar su partida &hellip; <a title=\"Maduro: Queda instalado y juramentado el Comando Nacional Antigolpe\" class=\"hm-read-more\" href=\"https:\/\/www.mpppst.gob.ve\/mpppstweb\/index.php\/2017\/01\/10\/maduro-queda-instalado-y-juramentado-el-comando-nacional-antigolpe\/\"><span class=\"screen-reader-text\">Maduro: Queda instalado y juramentado el Comando Nacional Antigolpe<\/span>Read more<\/a><\/p>\n","protected":false},"author":25,"featured_media":10050,"comment_status":"closed","ping_status":"closed","sticky":false,"template":"","format":"standard","meta":{"footnotes":""},"categories":[82,83],"tags":[229,222],"yoast_head":"<!-- This site is optimized with the Yoast SEO plugin v22.5 - https:\/\/yoast.com\/wordpress\/plugins\/seo\/ -->\n<title>Maduro: Queda instalado y juramentado el Comando Nacional Antigolpe - MPPPST<\/title>\n<meta name=\"robots\" content=\"index, follow, max-snippet:-1, max-image-preview:large, max-video-preview:-1\" \/>\n<link rel=\"canonical\" href=\"https:\/\/www.mpppst.gob.ve\/mpppstweb\/index.php\/2017\/01\/10\/maduro-queda-instalado-y-juramentado-el-comando-nacional-antigolpe\/\" \/>\n<meta property=\"og:locale\" content=\"es_ES\" \/>\n<meta property=\"og:type\" content=\"article\" \/>\n<meta property=\"og:title\" content=\"Maduro: Queda instalado y juramentado el Comando Nacional Antigolpe - MPPPST\" \/>\n<meta property=\"og:description\" content=\"MIPPCI.-El presidente Constitucional de la Rep\u00fablica Bolivariana de Venezuela, Nicol\u00e1s Maduro Moros, tras anunciar su partida &hellip; Maduro: Queda instalado y juramentado el Comando Nacional AntigolpeRead more\" \/>\n<meta property=\"og:url\" content=\"https:\/\/www.mpppst.gob.ve\/mpppstweb\/index.php\/2017\/01\/10\/maduro-queda-instalado-y-juramentado-el-comando-nacional-antigolpe\/\" \/>\n<meta property=\"og:site_name\" content=\"MPPPST\" \/>\n<meta property=\"article:published_time\" content=\"2017-01-10T20:43:12+00:00\" \/>\n<meta property=\"article:modified_time\" content=\"2017-01-10T20:51:18+00:00\" \/>\n<meta property=\"og:image\" content=\"https:\/\/www.mpppst.gob.ve\/mpppstweb\/wp-content\/uploads\/2017\/01\/antigolpe-1.jpg\" \/>\n\t<meta property=\"og:image:width\" content=\"800\" \/>\n\t<meta property=\"og:image:height\" content=\"445\" \/>\n\t<meta property=\"og:image:type\" content=\"image\/jpeg\" \/>\n<meta name=\"author\" content=\"MPPPST Prensa\" \/>\n<meta name=\"twitter:card\" content=\"summary_large_image\" \/>\n<meta name=\"twitter:label1\" content=\"Escrito por\" \/>\n\t<meta name=\"twitter:data1\" content=\"MPPPST Prensa\" \/>\n\t<meta name=\"twitter:label2\" content=\"Tiempo de lectura\" \/>\n\t<meta name=\"twitter:data2\" content=\"2 minutos\" \/>\n<script type=\"application\/ld+json\" class=\"yoast-schema-graph\">{\"@context\":\"https:\/\/schema.org\",\"@graph\":[{\"@type\":\"Article\",\"@id\":\"https:\/\/www.mpppst.gob.ve\/mpppstweb\/index.php\/2017\/01\/10\/maduro-queda-instalado-y-juramentado-el-comando-nacional-antigolpe\/#article\",\"isPartOf\":{\"@id\":\"https:\/\/www.mpppst.gob.ve\/mpppstweb\/index.php\/2017\/01\/10\/maduro-queda-instalado-y-juramentado-el-comando-nacional-antigolpe\/\"},\"author\":{\"name\":\"MPPPST Prensa\",\"@id\":\"https:\/\/www.mpppst.gob.ve\/mpppstweb\/#\/schema\/person\/fc187ee8ead412bd4c9304b62f900ea4\"},\"headline\":\"Maduro: Queda instalado y juramentado el Comando Nacional Antigolpe\",\"datePublished\":\"2017-01-10T20:43:12+00:00\",\"dateModified\":\"2017-01-10T20:51:18+00:00\",\"mainEntityOfPage\":{\"@id\":\"https:\/\/www.mpppst.gob.ve\/mpppstweb\/index.php\/2017\/01\/10\/maduro-queda-instalado-y-juramentado-el-comando-nacional-antigolpe\/\"},\"wordCount\":351,\"publisher\":{\"@id\":\"https:\/\/www.mpppst.gob.ve\/mpppstweb\/#organization\"},\"image\":{\"@id\":\"https:\/\/www.mpppst.gob.ve\/mpppstweb\/index.php\/2017\/01\/10\/maduro-queda-instalado-y-juramentado-el-comando-nacional-antigolpe\/#primaryimage\"},\"thumbnailUrl\":\"https:\/\/www.mpppst.gob.ve\/mpppstweb\/wp-content\/uploads\/2017\/01\/antigolpe-1.jpg\",\"keywords\":[\"Defensa Integral\",\"Gobierno Bolivariano\"],\"articleSection\":[\"Gobierno Nacional\",\"Ministerio\"],\"inLanguage\":\"es\"},{\"@type\":\"WebPage\",\"@id\":\"https:\/\/www.mpppst.gob.ve\/mpppstweb\/index.php\/2017\/01\/10\/maduro-queda-instalado-y-juramentado-el-comando-nacional-antigolpe\/\",\"url\":\"https:\/\/www.mpppst.gob.ve\/mpppstweb\/index.php\/2017\/01\/10\/maduro-queda-instalado-y-juramentado-el-comando-nacional-antigolpe\/\",\"name\":\"Maduro: Queda instalado y juramentado el Comando Nacional Antigolpe - MPPPST\",\"isPartOf\":{\"@id\":\"https:\/\/www.mpppst.gob.ve\/mpppstweb\/#website\"},\"primaryImageOfPage\":{\"@id\":\"https:\/\/www.mpppst.gob.ve\/mpppstweb\/index.php\/2017\/01\/10\/maduro-queda-instalado-y-juramentado-el-comando-nacional-antigolpe\/#primaryimage\"},\"image\":{\"@id\":\"https:\/\/www.mpppst.gob.ve\/mpppstweb\/index.php\/2017\/01\/10\/maduro-queda-instalado-y-juramentado-el-comando-nacional-antigolpe\/#primaryimage\"},\"thumbnailUrl\":\"https:\/\/www.mpppst.gob.ve\/mpppstweb\/wp-content\/uploads\/2017\/01\/antigolpe-1.jpg\",\"datePublished\":\"2017-01-10T20:43:12+00:00\",\"dateModified\":\"2017-01-10T20:51:18+00:00\",\"breadcrumb\":{\"@id\":\"https:\/\/www.mpppst.gob.ve\/mpppstweb\/index.php\/2017\/01\/10\/maduro-queda-instalado-y-juramentado-el-comando-nacional-antigolpe\/#breadcrumb\"},\"inLanguage\":\"es\",\"potentialAction\":[{\"@type\":\"ReadAction\",\"target\":[\"https:\/\/www.mpppst.gob.ve\/mpppstweb\/index.php\/2017\/01\/10\/maduro-queda-instalado-y-juramentado-el-comando-nacional-antigolpe\/\"]}]},{\"@type\":\"ImageObject\",\"inLanguage\":\"es\",\"@id\":\"https:\/\/www.mpppst.gob.ve\/mpppstweb\/index.php\/2017\/01\/10\/maduro-queda-instalado-y-juramentado-el-comando-nacional-antigolpe\/#primaryimage\",\"url\":\"https:\/\/www.mpppst.gob.ve\/mpppstweb\/wp-content\/uploads\/2017\/01\/antigolpe-1.jpg\",\"contentUrl\":\"https:\/\/www.mpppst.gob.ve\/mpppstweb\/wp-content\/uploads\/2017\/01\/antigolpe-1.jpg\",\"width\":800,\"height\":445},{\"@type\":\"BreadcrumbList\",\"@id\":\"https:\/\/www.mpppst.gob.ve\/mpppstweb\/index.php\/2017\/01\/10\/maduro-queda-instalado-y-juramentado-el-comando-nacional-antigolpe\/#breadcrumb\",\"itemListElement\":[{\"@type\":\"ListItem\",\"position\":1,\"name\":\"Home\",\"item\":\"https:\/\/www.mpppst.gob.ve\/mpppstweb\/\"},{\"@type\":\"ListItem\",\"position\":2,\"name\":\"Maduro: Queda instalado y juramentado el Comando Nacional Antigolpe\"}]},{\"@type\":\"WebSite\",\"@id\":\"https:\/\/www.mpppst.gob.ve\/mpppstweb\/#website\",\"url\":\"https:\/\/www.mpppst.gob.ve\/mpppstweb\/\",\"name\":\"MPPPST\",\"description\":\"Ministerio del Poder Popular para el Proceso Social de Trabajo\",\"publisher\":{\"@id\":\"https:\/\/www.mpppst.gob.ve\/mpppstweb\/#organization\"},\"potentialAction\":[{\"@type\":\"SearchAction\",\"target\":{\"@type\":\"EntryPoint\",\"urlTemplate\":\"https:\/\/www.mpppst.gob.ve\/mpppstweb\/?s={search_term_string}\"},\"query-input\":\"required name=search_term_string\"}],\"inLanguage\":\"es\"},{\"@type\":\"Organization\",\"@id\":\"https:\/\/www.mpppst.gob.ve\/mpppstweb\/#organization\",\"name\":\"mpppst\",\"url\":\"https:\/\/www.mpppst.gob.ve\/mpppstweb\/\",\"logo\":{\"@type\":\"ImageObject\",\"inLanguage\":\"es\",\"@id\":\"https:\/\/www.mpppst.gob.ve\/mpppstweb\/#\/schema\/logo\/image\/\",\"url\":\"https:\/\/www.mpppst.gob.ve\/mpppstweb\/wp-content\/uploads\/2025\/07\/cropped-cropped-g910.png\",\"contentUrl\":\"https:\/\/www.mpppst.gob.ve\/mpppstweb\/wp-content\/uploads\/2025\/07\/cropped-cropped-g910.png\",\"width\":1080,\"height\":241,\"caption\":\"mpppst\"},\"image\":{\"@id\":\"https:\/\/www.mpppst.gob.ve\/mpppstweb\/#\/schema\/logo\/image\/\"}},{\"@type\":\"Person\",\"@id\":\"https:\/\/www.mpppst.gob.ve\/mpppstweb\/#\/schema\/person\/fc187ee8ead412bd4c9304b62f900ea4\",\"name\":\"MPPPST Prensa\",\"url\":\"https:\/\/www.mpppst.gob.ve\/mpppstweb\/index.php\/author\/prensa-mpppst\/\"}]}<\/script>\n<!-- \/ Yoast SEO plugin. -->","yoast_head_json":{"title":"Maduro: Queda instalado y juramentado el Comando Nacional Antigolpe - MPPPST","robots":{"index":"index","follow":"follow","max-snippet":"max-snippet:-1","max-image-preview":"max-image-preview:large","max-video-preview":"max-video-preview:-1"},"canonical":"https:\/\/www.mpppst.gob.ve\/mpppstweb\/index.php\/2017\/01\/10\/maduro-queda-instalado-y-juramentado-el-comando-nacional-antigolpe\/","og_locale":"es_ES","og_type":"article","og_title":"Maduro: Queda instalado y juramentado el Comando Nacional Antigolpe - MPPPST","og_description":"MIPPCI.-El presidente Constitucional de la Rep\u00fablica Bolivariana de Venezuela, Nicol\u00e1s Maduro Moros, tras anunciar su partida &hellip; Maduro: Queda instalado y juramentado el Comando Nacional AntigolpeRead more","og_url":"https:\/\/www.mpppst.gob.ve\/mpppstweb\/index.php\/2017\/01\/10\/maduro-queda-instalado-y-juramentado-el-comando-nacional-antigolpe\/","og_site_name":"MPPPST","article_published_time":"2017-01-10T20:43:12+00:00","article_modified_time":"2017-01-10T20:51:18+00:00","og_image":[{"width":800,"height":445,"url":"https:\/\/www.mpppst.gob.ve\/mpppstweb\/wp-content\/uploads\/2017\/01\/antigolpe-1.jpg","type":"image\/jpeg"}],"author":"MPPPST Prensa","twitter_card":"summary_large_image","twitter_misc":{"Escrito por":"MPPPST Prensa","Tiempo de lectura":"2 minutos"},"schema":{"@context":"https:\/\/schema.org","@graph":[{"@type":"Article","@id":"https:\/\/www.mpppst.gob.ve\/mpppstweb\/index.php\/2017\/01\/10\/maduro-queda-instalado-y-juramentado-el-comando-nacional-antigolpe\/#article","isPartOf":{"@id":"https:\/\/www.mpppst.gob.ve\/mpppstweb\/index.php\/2017\/01\/10\/maduro-queda-instalado-y-juramentado-el-comando-nacional-antigolpe\/"},"author":{"name":"MPPPST Prensa","@id":"https:\/\/www.mpppst.gob.ve\/mpppstweb\/#\/schema\/person\/fc187ee8ead412bd4c9304b62f900ea4"},"headline":"Maduro: Queda instalado y juramentado el Comando Nacional Antigolpe","datePublished":"2017-01-10T20:43:12+00:00","dateModified":"2017-01-10T20:51:18+00:00","mainEntityOfPage":{"@id":"https:\/\/www.mpppst.gob.ve\/mpppstweb\/index.php\/2017\/01\/10\/maduro-queda-instalado-y-juramentado-el-comando-nacional-antigolpe\/"},"wordCount":351,"publisher":{"@id":"https:\/\/www.mpppst.gob.ve\/mpppstweb\/#organization"},"image":{"@id":"https:\/\/www.mpppst.gob.ve\/mpppstweb\/index.php\/2017\/01\/10\/maduro-queda-instalado-y-juramentado-el-comando-nacional-antigolpe\/#primaryimage"},"thumbnailUrl":"https:\/\/www.mpppst.gob.ve\/mpppstweb\/wp-content\/uploads\/2017\/01\/antigolpe-1.jpg","keywords":["Defensa Integral","Gobierno Bolivariano"],"articleSection":["Gobierno Nacional","Ministerio"],"inLanguage":"es"},{"@type":"WebPage","@id":"https:\/\/www.mpppst.gob.ve\/mpppstweb\/index.php\/2017\/01\/10\/maduro-queda-instalado-y-juramentado-el-comando-nacional-antigolpe\/","url":"https:\/\/www.mpppst.gob.ve\/mpppstweb\/index.php\/2017\/01\/10\/maduro-queda-instalado-y-juramentado-el-comando-nacional-antigolpe\/","name":"Maduro: Queda instalado y juramentado el Comando Nacional Antigolpe - MPPPST","isPartOf":{"@id":"https:\/\/www.mpppst.gob.ve\/mpppstweb\/#website"},"primaryImageOfPage":{"@id":"https:\/\/www.mpppst.gob.ve\/mpppstweb\/index.php\/2017\/01\/10\/maduro-queda-instalado-y-juramentado-el-comando-nacional-antigolpe\/#primaryimage"},"image":{"@id":"https:\/\/www.mpppst.gob.ve\/mpppstweb\/index.php\/2017\/01\/10\/maduro-queda-instalado-y-juramentado-el-comando-nacional-antigolpe\/#primaryimage"},"thumbnailUrl":"https:\/\/www.mpppst.gob.ve\/mpppstweb\/wp-content\/uploads\/2017\/01\/antigolpe-1.jpg","datePublished":"2017-01-10T20:43:12+00:00","dateModified":"2017-01-10T20:51:18+00:00","breadcrumb":{"@id":"https:\/\/www.mpppst.gob.ve\/mpppstweb\/index.php\/2017\/01\/10\/maduro-queda-instalado-y-juramentado-el-comando-nacional-antigolpe\/#breadcrumb"},"inLanguage":"es","potentialAction":[{"@type":"ReadAction","target":["https:\/\/www.mpppst.gob.ve\/mpppstweb\/index.php\/2017\/01\/10\/maduro-queda-instalado-y-juramentado-el-comando-nacional-antigolpe\/"]}]},{"@type":"ImageObject","inLanguage":"es","@id":"https:\/\/www.mpppst.gob.ve\/mpppstweb\/index.php\/2017\/01\/10\/maduro-queda-instalado-y-juramentado-el-comando-nacional-antigolpe\/#primaryimage","url":"https:\/\/www.mpppst.gob.ve\/mpppstweb\/wp-content\/uploads\/2017\/01\/antigolpe-1.jpg","contentUrl":"https:\/\/www.mpppst.gob.ve\/mpppstweb\/wp-content\/uploads\/2017\/01\/antigolpe-1.jpg","width":800,"height":445},{"@type":"BreadcrumbList","@id":"https:\/\/www.mpppst.gob.ve\/mpppstweb\/index.php\/2017\/01\/10\/maduro-queda-instalado-y-juramentado-el-comando-nacional-antigolpe\/#breadcrumb","itemListElement":[{"@type":"ListItem","position":1,"name":"Home","item":"https:\/\/www.mpppst.gob.ve\/mpppstweb\/"},{"@type":"ListItem","position":2,"name":"Maduro: Queda instalado y juramentado el Comando Nacional Antigolpe"}]},{"@type":"WebSite","@id":"https:\/\/www.mpppst.gob.ve\/mpppstweb\/#website","url":"https:\/\/www.mpppst.gob.ve\/mpppstweb\/","name":"MPPPST","description":"Ministerio del Poder Popular para el Proceso Social de Trabajo","publisher":{"@id":"https:\/\/www.mpppst.gob.ve\/mpppstweb\/#organization"},"potentialAction":[{"@type":"SearchAction","target":{"@type":"EntryPoint","urlTemplate":"https:\/\/www.mpppst.gob.ve\/mpppstweb\/?s={search_term_string}"},"query-input":"required name=search_term_string"}],"inLanguage":"es"},{"@type":"Organization","@id":"https:\/\/www.mpppst.gob.ve\/mpppstweb\/#organization","name":"mpppst","url":"https:\/\/www.mpppst.gob.ve\/mpppstweb\/","logo":{"@type":"ImageObject","inLanguage":"es","@id":"https:\/\/www.mpppst.gob.ve\/mpppstweb\/#\/schema\/logo\/image\/","url":"https:\/\/www.mpppst.gob.ve\/mpppstweb\/wp-content\/uploads\/2025\/07\/cropped-cropped-g910.png","contentUrl":"https:\/\/www.mpppst.gob.ve\/mpppstweb\/wp-content\/uploads\/2025\/07\/cropped-cropped-g910.png","width":1080,"height":241,"caption":"mpppst"},"image":{"@id":"https:\/\/www.mpppst.gob.ve\/mpppstweb\/#\/schema\/logo\/image\/"}},{"@type":"Person","@id":"https:\/\/www.mpppst.gob.ve\/mpppstweb\/#\/schema\/person\/fc187ee8ead412bd4c9304b62f900ea4","name":"MPPPST Prensa","url":"https:\/\/www.mpppst.gob.ve\/mpppstweb\/index.php\/author\/prensa-mpppst\/"}]}},"_links":{"self":[{"href":"https:\/\/www.mpppst.gob.ve\/mpppstweb\/index.php\/wp-json\/wp\/v2\/posts\/10046"}],"collection":[{"href":"https:\/\/www.mpppst.gob.ve\/mpppstweb\/index.php\/wp-json\/wp\/v2\/posts"}],"about":[{"href":"https:\/\/www.mpppst.gob.ve\/mpppstweb\/index.php\/wp-json\/wp\/v2\/types\/post"}],"author":[{"embeddable":true,"href":"https:\/\/www.mpppst.gob.ve\/mpppstweb\/index.php\/wp-json\/wp\/v2\/users\/25"}],"replies":[{"embeddable":true,"href":"https:\/\/www.mpppst.gob.ve\/mpppstweb\/index.php\/wp-json\/wp\/v2\/comments?post=10046"}],"version-history":[{"count":1,"href":"https:\/\/www.mpppst.gob.ve\/mpppstweb\/index.php\/wp-json\/wp\/v2\/posts\/10046\/revisions"}],"predecessor-version":[{"id":10048,"href":"https:\/\/www.mpppst.gob.ve\/mpppstweb\/index.php\/wp-json\/wp\/v2\/posts\/10046\/revisions\/10048"}],"wp:featuredmedia":[{"embeddable":true,"href":"https:\/\/www.mpppst.gob.ve\/mpppstweb\/index.php\/wp-json\/wp\/v2\/media\/10050"}],"wp:attachment":[{"href":"https:\/\/www.mpppst.gob.ve\/mpppstweb\/index.php\/wp-json\/wp\/v2\/media?parent=10046"}],"wp:term":[{"taxonomy":"category","embeddable":true,"href":"https:\/\/www.mpppst.gob.ve\/mpppstweb\/index.php\/wp-json\/wp\/v2\/categories?post=10046"},{"taxonomy":"post_tag","embeddable":true,"href":"https:\/\/www.mpppst.gob.ve\/mpppstweb\/index.php\/wp-json\/wp\/v2\/tags?post=10046"}],"curies":[{"name":"wp","href":"https:\/\/api.w.org\/{rel}","templated":true}]}}