{"id":10051,"date":"2017-01-10T20:59:51","date_gmt":"2017-01-10T20:59:51","guid":{"rendered":"http:\/\/www.mpppst.gob.ve\/mpppstweb\/?p=10051"},"modified":"2017-01-10T20:59:51","modified_gmt":"2017-01-10T20:59:51","slug":"francisco-torrealba-vamos-a-seguir-negociando-los-contratos-colectivos","status":"publish","type":"post","link":"https:\/\/www.mpppst.gob.ve\/mpppstweb\/index.php\/2017\/01\/10\/francisco-torrealba-vamos-a-seguir-negociando-los-contratos-colectivos\/","title":{"rendered":"Francisco Torrealba: \u201cvamos a seguir negociando los contratos colectivos\u201d"},"content":{"rendered":"<p>Prensa (MPPPST).\u00a0 El Ministro para el Proceso Social de Trabajo Francisco Torrealba expres\u00f3 que todos los contratos colectivos del sector p\u00fablico ser\u00e1n negociados para mejorar \u00a0las condiciones laborales de los trabajadores, as\u00ed lo expres\u00f3 el titular del Despacho de Trabajo durante una entrevista en el canal privado Venevisi\u00f3n.<\/p>\n<p>Torrealba inform\u00f3 que ya existen varios contratos colectivos que est\u00e1n muy avanzados. \u201cTodos los contratos colectivos los vamos a seguir negociando, ya tenemos listo el del sector aluminio. En los pr\u00f3ximos d\u00edas recibiremos el contrato del metro de Caracas y otros. Tenemos la instrucci\u00f3n del presidente Nicol\u00e1s\u00a0 Maduro de avanzar en las negociaciones de las convenciones colectivas\u201d.<\/p>\n<p>El Ministro del Trabajo se\u00f1al\u00f3 que tras el aument\u00f3 de 50% decretado por el presidente de la Rep\u00fablica Nicol\u00e1s Maduro supervisar\u00e1 los ajustes salariales en el sector privado, porque no ajustan a las personas que tienen antig\u00fcedad ni \u00a0a los profesionales. \u201cYa yo he recibido instrucciones precisas sobre esto para que en el sector privado se hagan los ajustes necesarios y no se quede todo el mundo en salario m\u00ednimo\u201d, puntualiz\u00f3 el Ministro.<\/p>\n<p>Torrealba, neg\u00f3 que vayan a cerrarse empresas tras el aumento salarial, luego de que el presidente de Fedec\u00e1maras expresara que incrementar\u00e1 la inflaci\u00f3n y obligar\u00e1 a las empresas a cerrar sus puertas. \u201cDec\u00edan (Fedec\u00e1maras) que el \u00faltimo incremento del salario m\u00ednimo era muy poco, ahora est\u00e1n diciendo que va a producir efectos negativos en el cierre de empresas. Nosotros sabemos que existen disposiciones en la Ley que impiden que se cierren empresas\u201d.<\/p>\n<p>El Ministro realiz\u00f3 una invitaci\u00f3n formal a su despacho al presidente de Fedec\u00e1maras, Francisco Mart\u00ednez, a fin de recibir propuestas en beneficio del pa\u00eds. \u201dNosotros estamos dispuestos a dialogar, incluso con quienes nos adversan de la forma m\u00e1s terrible y por eso, esperando a que Fedec\u00e1maras pueda en alg\u00fan momento recuperar la sind\u00e9resis para conversar en serio sobre los temas de inter\u00e9s de los trabajadores y trabajadoras\u201d.<\/p>\n<p><strong>Aumento de 1000% el n\u00famero de pensionados<\/strong><\/p>\n<p>Francisco Torrealba expres\u00f3 que nunca en la historia de Venezuela ha existido el \u00edndice de pensionados m\u00e1s alto en la historia, como lo existe ahora en revoluci\u00f3n. \u201cExisten m\u00e1s de 3 millones 200 mil pensionados en el pa\u00eds, nunca antes en la historia exist\u00eda este n\u00famero de pensionados, en la cuarta rep\u00fablica s\u00f3lo hab\u00edan 300 mil pensionados, en revoluci\u00f3n se ha aumentado en 1000% el n\u00famero de pensionados.<\/p>\n<p>Por Carlos Palacios<\/p>\n<p>&nbsp;<\/p>\n<p>&nbsp;<\/p>\n","protected":false},"excerpt":{"rendered":"<p>Prensa (MPPPST).\u00a0 El Ministro para el Proceso Social de Trabajo Francisco Torrealba expres\u00f3 que todos los &hellip; <a title=\"Francisco Torrealba: \u201cvamos a seguir negociando los contratos colectivos\u201d\" class=\"hm-read-more\" href=\"https:\/\/www.mpppst.gob.ve\/mpppstweb\/index.php\/2017\/01\/10\/francisco-torrealba-vamos-a-seguir-negociando-los-contratos-colectivos\/\"><span class=\"screen-reader-text\">Francisco Torrealba: \u201cvamos a seguir negociando los contratos colectivos\u201d<\/span>Read more<\/a><\/p>\n","protected":false},"author":25,"featured_media":10052,"comment_status":"closed","ping_status":"closed","sticky":false,"template":"","format":"standard","meta":{"footnotes":""},"categories":[312,196,83],"tags":[225,242,223],"yoast_head":"<!-- This site is optimized with the Yoast SEO plugin v22.5 - https:\/\/yoast.com\/wordpress\/plugins\/seo\/ -->\n<title>Francisco Torrealba: \u201cvamos a seguir negociando los contratos colectivos\u201d - MPPPST<\/title>\n<meta name=\"robots\" content=\"index, follow, max-snippet:-1, max-image-preview:large, max-video-preview:-1\" \/>\n<link rel=\"canonical\" href=\"https:\/\/www.mpppst.gob.ve\/mpppstweb\/index.php\/2017\/01\/10\/francisco-torrealba-vamos-a-seguir-negociando-los-contratos-colectivos\/\" \/>\n<meta property=\"og:locale\" content=\"es_ES\" \/>\n<meta property=\"og:type\" content=\"article\" \/>\n<meta property=\"og:title\" content=\"Francisco Torrealba: \u201cvamos a seguir negociando los contratos colectivos\u201d - MPPPST\" \/>\n<meta property=\"og:description\" content=\"Prensa (MPPPST).\u00a0 El Ministro para el Proceso Social de Trabajo Francisco Torrealba expres\u00f3 que todos los &hellip; Francisco Torrealba: \u201cvamos a seguir negociando los contratos colectivos\u201dRead more\" \/>\n<meta property=\"og:url\" content=\"https:\/\/www.mpppst.gob.ve\/mpppstweb\/index.php\/2017\/01\/10\/francisco-torrealba-vamos-a-seguir-negociando-los-contratos-colectivos\/\" \/>\n<meta property=\"og:site_name\" content=\"MPPPST\" \/>\n<meta property=\"article:published_time\" content=\"2017-01-10T20:59:51+00:00\" \/>\n<meta property=\"og:image\" content=\"https:\/\/www.mpppst.gob.ve\/mpppstweb\/wp-content\/uploads\/2017\/01\/FT.jpg\" \/>\n\t<meta property=\"og:image:width\" content=\"800\" \/>\n\t<meta property=\"og:image:height\" content=\"445\" \/>\n\t<meta property=\"og:image:type\" content=\"image\/jpeg\" \/>\n<meta name=\"author\" content=\"MPPPST Prensa\" \/>\n<meta name=\"twitter:card\" content=\"summary_large_image\" \/>\n<meta name=\"twitter:label1\" content=\"Escrito por\" \/>\n\t<meta name=\"twitter:data1\" content=\"MPPPST Prensa\" \/>\n\t<meta name=\"twitter:label2\" content=\"Tiempo de lectura\" \/>\n\t<meta name=\"twitter:data2\" content=\"2 minutos\" \/>\n<script type=\"application\/ld+json\" class=\"yoast-schema-graph\">{\"@context\":\"https:\/\/schema.org\",\"@graph\":[{\"@type\":\"Article\",\"@id\":\"https:\/\/www.mpppst.gob.ve\/mpppstweb\/index.php\/2017\/01\/10\/francisco-torrealba-vamos-a-seguir-negociando-los-contratos-colectivos\/#article\",\"isPartOf\":{\"@id\":\"https:\/\/www.mpppst.gob.ve\/mpppstweb\/index.php\/2017\/01\/10\/francisco-torrealba-vamos-a-seguir-negociando-los-contratos-colectivos\/\"},\"author\":{\"name\":\"MPPPST Prensa\",\"@id\":\"https:\/\/www.mpppst.gob.ve\/mpppstweb\/#\/schema\/person\/fc187ee8ead412bd4c9304b62f900ea4\"},\"headline\":\"Francisco Torrealba: \u201cvamos a seguir negociando los contratos colectivos\u201d\",\"datePublished\":\"2017-01-10T20:59:51+00:00\",\"dateModified\":\"2017-01-10T20:59:51+00:00\",\"mainEntityOfPage\":{\"@id\":\"https:\/\/www.mpppst.gob.ve\/mpppstweb\/index.php\/2017\/01\/10\/francisco-torrealba-vamos-a-seguir-negociando-los-contratos-colectivos\/\"},\"wordCount\":440,\"publisher\":{\"@id\":\"https:\/\/www.mpppst.gob.ve\/mpppstweb\/#organization\"},\"image\":{\"@id\":\"https:\/\/www.mpppst.gob.ve\/mpppstweb\/index.php\/2017\/01\/10\/francisco-torrealba-vamos-a-seguir-negociando-los-contratos-colectivos\/#primaryimage\"},\"thumbnailUrl\":\"https:\/\/www.mpppst.gob.ve\/mpppstweb\/wp-content\/uploads\/2017\/01\/FT.jpg\",\"keywords\":[\"Fuerza Laboral\",\"Justa distribuci\u00f3n de la riqueza\",\"MPPPST\"],\"articleSection\":[\"Contratos Colectivos\",\"Empleo\",\"Ministerio\"],\"inLanguage\":\"es\"},{\"@type\":\"WebPage\",\"@id\":\"https:\/\/www.mpppst.gob.ve\/mpppstweb\/index.php\/2017\/01\/10\/francisco-torrealba-vamos-a-seguir-negociando-los-contratos-colectivos\/\",\"url\":\"https:\/\/www.mpppst.gob.ve\/mpppstweb\/index.php\/2017\/01\/10\/francisco-torrealba-vamos-a-seguir-negociando-los-contratos-colectivos\/\",\"name\":\"Francisco Torrealba: \u201cvamos a seguir negociando los contratos colectivos\u201d - MPPPST\",\"isPartOf\":{\"@id\":\"https:\/\/www.mpppst.gob.ve\/mpppstweb\/#website\"},\"primaryImageOfPage\":{\"@id\":\"https:\/\/www.mpppst.gob.ve\/mpppstweb\/index.php\/2017\/01\/10\/francisco-torrealba-vamos-a-seguir-negociando-los-contratos-colectivos\/#primaryimage\"},\"image\":{\"@id\":\"https:\/\/www.mpppst.gob.ve\/mpppstweb\/index.php\/2017\/01\/10\/francisco-torrealba-vamos-a-seguir-negociando-los-contratos-colectivos\/#primaryimage\"},\"thumbnailUrl\":\"https:\/\/www.mpppst.gob.ve\/mpppstweb\/wp-content\/uploads\/2017\/01\/FT.jpg\",\"datePublished\":\"2017-01-10T20:59:51+00:00\",\"dateModified\":\"2017-01-10T20:59:51+00:00\",\"breadcrumb\":{\"@id\":\"https:\/\/www.mpppst.gob.ve\/mpppstweb\/index.php\/2017\/01\/10\/francisco-torrealba-vamos-a-seguir-negociando-los-contratos-colectivos\/#breadcrumb\"},\"inLanguage\":\"es\",\"potentialAction\":[{\"@type\":\"ReadAction\",\"target\":[\"https:\/\/www.mpppst.gob.ve\/mpppstweb\/index.php\/2017\/01\/10\/francisco-torrealba-vamos-a-seguir-negociando-los-contratos-colectivos\/\"]}]},{\"@type\":\"ImageObject\",\"inLanguage\":\"es\",\"@id\":\"https:\/\/www.mpppst.gob.ve\/mpppstweb\/index.php\/2017\/01\/10\/francisco-torrealba-vamos-a-seguir-negociando-los-contratos-colectivos\/#primaryimage\",\"url\":\"https:\/\/www.mpppst.gob.ve\/mpppstweb\/wp-content\/uploads\/2017\/01\/FT.jpg\",\"contentUrl\":\"https:\/\/www.mpppst.gob.ve\/mpppstweb\/wp-content\/uploads\/2017\/01\/FT.jpg\",\"width\":800,\"height\":445},{\"@type\":\"BreadcrumbList\",\"@id\":\"https:\/\/www.mpppst.gob.ve\/mpppstweb\/index.php\/2017\/01\/10\/francisco-torrealba-vamos-a-seguir-negociando-los-contratos-colectivos\/#breadcrumb\",\"itemListElement\":[{\"@type\":\"ListItem\",\"position\":1,\"name\":\"Home\",\"item\":\"https:\/\/www.mpppst.gob.ve\/mpppstweb\/\"},{\"@type\":\"ListItem\",\"position\":2,\"name\":\"Francisco Torrealba: \u201cvamos a seguir negociando los contratos colectivos\u201d\"}]},{\"@type\":\"WebSite\",\"@id\":\"https:\/\/www.mpppst.gob.ve\/mpppstweb\/#website\",\"url\":\"https:\/\/www.mpppst.gob.ve\/mpppstweb\/\",\"name\":\"MPPPST\",\"description\":\"Ministerio del Poder Popular para el Proceso Social de Trabajo\",\"publisher\":{\"@id\":\"https:\/\/www.mpppst.gob.ve\/mpppstweb\/#organization\"},\"potentialAction\":[{\"@type\":\"SearchAction\",\"target\":{\"@type\":\"EntryPoint\",\"urlTemplate\":\"https:\/\/www.mpppst.gob.ve\/mpppstweb\/?s={search_term_string}\"},\"query-input\":\"required name=search_term_string\"}],\"inLanguage\":\"es\"},{\"@type\":\"Organization\",\"@id\":\"https:\/\/www.mpppst.gob.ve\/mpppstweb\/#organization\",\"name\":\"mpppst\",\"url\":\"https:\/\/www.mpppst.gob.ve\/mpppstweb\/\",\"logo\":{\"@type\":\"ImageObject\",\"inLanguage\":\"es\",\"@id\":\"https:\/\/www.mpppst.gob.ve\/mpppstweb\/#\/schema\/logo\/image\/\",\"url\":\"https:\/\/www.mpppst.gob.ve\/mpppstweb\/wp-content\/uploads\/2025\/07\/cropped-cropped-g910.png\",\"contentUrl\":\"https:\/\/www.mpppst.gob.ve\/mpppstweb\/wp-content\/uploads\/2025\/07\/cropped-cropped-g910.png\",\"width\":1080,\"height\":241,\"caption\":\"mpppst\"},\"image\":{\"@id\":\"https:\/\/www.mpppst.gob.ve\/mpppstweb\/#\/schema\/logo\/image\/\"}},{\"@type\":\"Person\",\"@id\":\"https:\/\/www.mpppst.gob.ve\/mpppstweb\/#\/schema\/person\/fc187ee8ead412bd4c9304b62f900ea4\",\"name\":\"MPPPST Prensa\",\"url\":\"https:\/\/www.mpppst.gob.ve\/mpppstweb\/index.php\/author\/prensa-mpppst\/\"}]}<\/script>\n<!-- \/ Yoast SEO plugin. -->","yoast_head_json":{"title":"Francisco Torrealba: \u201cvamos a seguir negociando los contratos colectivos\u201d - MPPPST","robots":{"index":"index","follow":"follow","max-snippet":"max-snippet:-1","max-image-preview":"max-image-preview:large","max-video-preview":"max-video-preview:-1"},"canonical":"https:\/\/www.mpppst.gob.ve\/mpppstweb\/index.php\/2017\/01\/10\/francisco-torrealba-vamos-a-seguir-negociando-los-contratos-colectivos\/","og_locale":"es_ES","og_type":"article","og_title":"Francisco Torrealba: \u201cvamos a seguir negociando los contratos colectivos\u201d - MPPPST","og_description":"Prensa (MPPPST).\u00a0 El Ministro para el Proceso Social de Trabajo Francisco Torrealba expres\u00f3 que todos los &hellip; Francisco Torrealba: \u201cvamos a seguir negociando los contratos colectivos\u201dRead more","og_url":"https:\/\/www.mpppst.gob.ve\/mpppstweb\/index.php\/2017\/01\/10\/francisco-torrealba-vamos-a-seguir-negociando-los-contratos-colectivos\/","og_site_name":"MPPPST","article_published_time":"2017-01-10T20:59:51+00:00","og_image":[{"width":800,"height":445,"url":"https:\/\/www.mpppst.gob.ve\/mpppstweb\/wp-content\/uploads\/2017\/01\/FT.jpg","type":"image\/jpeg"}],"author":"MPPPST Prensa","twitter_card":"summary_large_image","twitter_misc":{"Escrito por":"MPPPST Prensa","Tiempo de lectura":"2 minutos"},"schema":{"@context":"https:\/\/schema.org","@graph":[{"@type":"Article","@id":"https:\/\/www.mpppst.gob.ve\/mpppstweb\/index.php\/2017\/01\/10\/francisco-torrealba-vamos-a-seguir-negociando-los-contratos-colectivos\/#article","isPartOf":{"@id":"https:\/\/www.mpppst.gob.ve\/mpppstweb\/index.php\/2017\/01\/10\/francisco-torrealba-vamos-a-seguir-negociando-los-contratos-colectivos\/"},"author":{"name":"MPPPST Prensa","@id":"https:\/\/www.mpppst.gob.ve\/mpppstweb\/#\/schema\/person\/fc187ee8ead412bd4c9304b62f900ea4"},"headline":"Francisco Torrealba: \u201cvamos a seguir negociando los contratos colectivos\u201d","datePublished":"2017-01-10T20:59:51+00:00","dateModified":"2017-01-10T20:59:51+00:00","mainEntityOfPage":{"@id":"https:\/\/www.mpppst.gob.ve\/mpppstweb\/index.php\/2017\/01\/10\/francisco-torrealba-vamos-a-seguir-negociando-los-contratos-colectivos\/"},"wordCount":440,"publisher":{"@id":"https:\/\/www.mpppst.gob.ve\/mpppstweb\/#organization"},"image":{"@id":"https:\/\/www.mpppst.gob.ve\/mpppstweb\/index.php\/2017\/01\/10\/francisco-torrealba-vamos-a-seguir-negociando-los-contratos-colectivos\/#primaryimage"},"thumbnailUrl":"https:\/\/www.mpppst.gob.ve\/mpppstweb\/wp-content\/uploads\/2017\/01\/FT.jpg","keywords":["Fuerza Laboral","Justa distribuci\u00f3n de la riqueza","MPPPST"],"articleSection":["Contratos Colectivos","Empleo","Ministerio"],"inLanguage":"es"},{"@type":"WebPage","@id":"https:\/\/www.mpppst.gob.ve\/mpppstweb\/index.php\/2017\/01\/10\/francisco-torrealba-vamos-a-seguir-negociando-los-contratos-colectivos\/","url":"https:\/\/www.mpppst.gob.ve\/mpppstweb\/index.php\/2017\/01\/10\/francisco-torrealba-vamos-a-seguir-negociando-los-contratos-colectivos\/","name":"Francisco Torrealba: \u201cvamos a seguir negociando los contratos colectivos\u201d - MPPPST","isPartOf":{"@id":"https:\/\/www.mpppst.gob.ve\/mpppstweb\/#website"},"primaryImageOfPage":{"@id":"https:\/\/www.mpppst.gob.ve\/mpppstweb\/index.php\/2017\/01\/10\/francisco-torrealba-vamos-a-seguir-negociando-los-contratos-colectivos\/#primaryimage"},"image":{"@id":"https:\/\/www.mpppst.gob.ve\/mpppstweb\/index.php\/2017\/01\/10\/francisco-torrealba-vamos-a-seguir-negociando-los-contratos-colectivos\/#primaryimage"},"thumbnailUrl":"https:\/\/www.mpppst.gob.ve\/mpppstweb\/wp-content\/uploads\/2017\/01\/FT.jpg","datePublished":"2017-01-10T20:59:51+00:00","dateModified":"2017-01-10T20:59:51+00:00","breadcrumb":{"@id":"https:\/\/www.mpppst.gob.ve\/mpppstweb\/index.php\/2017\/01\/10\/francisco-torrealba-vamos-a-seguir-negociando-los-contratos-colectivos\/#breadcrumb"},"inLanguage":"es","potentialAction":[{"@type":"ReadAction","target":["https:\/\/www.mpppst.gob.ve\/mpppstweb\/index.php\/2017\/01\/10\/francisco-torrealba-vamos-a-seguir-negociando-los-contratos-colectivos\/"]}]},{"@type":"ImageObject","inLanguage":"es","@id":"https:\/\/www.mpppst.gob.ve\/mpppstweb\/index.php\/2017\/01\/10\/francisco-torrealba-vamos-a-seguir-negociando-los-contratos-colectivos\/#primaryimage","url":"https:\/\/www.mpppst.gob.ve\/mpppstweb\/wp-content\/uploads\/2017\/01\/FT.jpg","contentUrl":"https:\/\/www.mpppst.gob.ve\/mpppstweb\/wp-content\/uploads\/2017\/01\/FT.jpg","width":800,"height":445},{"@type":"BreadcrumbList","@id":"https:\/\/www.mpppst.gob.ve\/mpppstweb\/index.php\/2017\/01\/10\/francisco-torrealba-vamos-a-seguir-negociando-los-contratos-colectivos\/#breadcrumb","itemListElement":[{"@type":"ListItem","position":1,"name":"Home","item":"https:\/\/www.mpppst.gob.ve\/mpppstweb\/"},{"@type":"ListItem","position":2,"name":"Francisco Torrealba: \u201cvamos a seguir negociando los contratos colectivos\u201d"}]},{"@type":"WebSite","@id":"https:\/\/www.mpppst.gob.ve\/mpppstweb\/#website","url":"https:\/\/www.mpppst.gob.ve\/mpppstweb\/","name":"MPPPST","description":"Ministerio del Poder Popular para el Proceso Social de Trabajo","publisher":{"@id":"https:\/\/www.mpppst.gob.ve\/mpppstweb\/#organization"},"potentialAction":[{"@type":"SearchAction","target":{"@type":"EntryPoint","urlTemplate":"https:\/\/www.mpppst.gob.ve\/mpppstweb\/?s={search_term_string}"},"query-input":"required name=search_term_string"}],"inLanguage":"es"},{"@type":"Organization","@id":"https:\/\/www.mpppst.gob.ve\/mpppstweb\/#organization","name":"mpppst","url":"https:\/\/www.mpppst.gob.ve\/mpppstweb\/","logo":{"@type":"ImageObject","inLanguage":"es","@id":"https:\/\/www.mpppst.gob.ve\/mpppstweb\/#\/schema\/logo\/image\/","url":"https:\/\/www.mpppst.gob.ve\/mpppstweb\/wp-content\/uploads\/2025\/07\/cropped-cropped-g910.png","contentUrl":"https:\/\/www.mpppst.gob.ve\/mpppstweb\/wp-content\/uploads\/2025\/07\/cropped-cropped-g910.png","width":1080,"height":241,"caption":"mpppst"},"image":{"@id":"https:\/\/www.mpppst.gob.ve\/mpppstweb\/#\/schema\/logo\/image\/"}},{"@type":"Person","@id":"https:\/\/www.mpppst.gob.ve\/mpppstweb\/#\/schema\/person\/fc187ee8ead412bd4c9304b62f900ea4","name":"MPPPST Prensa","url":"https:\/\/www.mpppst.gob.ve\/mpppstweb\/index.php\/author\/prensa-mpppst\/"}]}},"_links":{"self":[{"href":"https:\/\/www.mpppst.gob.ve\/mpppstweb\/index.php\/wp-json\/wp\/v2\/posts\/10051"}],"collection":[{"href":"https:\/\/www.mpppst.gob.ve\/mpppstweb\/index.php\/wp-json\/wp\/v2\/posts"}],"about":[{"href":"https:\/\/www.mpppst.gob.ve\/mpppstweb\/index.php\/wp-json\/wp\/v2\/types\/post"}],"author":[{"embeddable":true,"href":"https:\/\/www.mpppst.gob.ve\/mpppstweb\/index.php\/wp-json\/wp\/v2\/users\/25"}],"replies":[{"embeddable":true,"href":"https:\/\/www.mpppst.gob.ve\/mpppstweb\/index.php\/wp-json\/wp\/v2\/comments?post=10051"}],"version-history":[{"count":1,"href":"https:\/\/www.mpppst.gob.ve\/mpppstweb\/index.php\/wp-json\/wp\/v2\/posts\/10051\/revisions"}],"predecessor-version":[{"id":10053,"href":"https:\/\/www.mpppst.gob.ve\/mpppstweb\/index.php\/wp-json\/wp\/v2\/posts\/10051\/revisions\/10053"}],"wp:featuredmedia":[{"embeddable":true,"href":"https:\/\/www.mpppst.gob.ve\/mpppstweb\/index.php\/wp-json\/wp\/v2\/media\/10052"}],"wp:attachment":[{"href":"https:\/\/www.mpppst.gob.ve\/mpppstweb\/index.php\/wp-json\/wp\/v2\/media?parent=10051"}],"wp:term":[{"taxonomy":"category","embeddable":true,"href":"https:\/\/www.mpppst.gob.ve\/mpppstweb\/index.php\/wp-json\/wp\/v2\/categories?post=10051"},{"taxonomy":"post_tag","embeddable":true,"href":"https:\/\/www.mpppst.gob.ve\/mpppstweb\/index.php\/wp-json\/wp\/v2\/tags?post=10051"}],"curies":[{"name":"wp","href":"https:\/\/api.w.org\/{rel}","templated":true}]}}