{"id":10055,"date":"2017-01-11T13:33:41","date_gmt":"2017-01-11T13:33:41","guid":{"rendered":"http:\/\/www.mpppst.gob.ve\/mpppstweb\/?p=10055"},"modified":"2017-01-11T13:33:41","modified_gmt":"2017-01-11T13:33:41","slug":"rodriguez-la-unica-salida-es-el-dialogo","status":"publish","type":"post","link":"https:\/\/www.mpppst.gob.ve\/mpppstweb\/index.php\/2017\/01\/11\/rodriguez-la-unica-salida-es-el-dialogo\/","title":{"rendered":"Rodr\u00edguez: La \u00fanica salida es el di\u00e1logo"},"content":{"rendered":"<p>AVN.- El jefe de la Comisi\u00f3n para el proceso de di\u00e1logo por parte del Ejecutivo nacional, Jorge Rodr\u00edguez, ratific\u00f3 este martes la voluntad del Gobierno nacional de mantenerse en la mesa de di\u00e1logo con la oposici\u00f3n.<\/p>\n<p>\u201cNos vamos a mantener en la mesa de di\u00e1logo, en el avance que han tenido las mesas tem\u00e1ticas. Estamos convencidos de que los asuntos pol\u00edticos se dirimen por el di\u00e1logo pac\u00edfico y no por la v\u00eda de violentar la Constituci\u00f3n. La \u00fanica salida es el di\u00e1logo\u201d, asever\u00f3 en rueda de prensa efectuada en Caracas.<\/p>\n<p>Indic\u00f3 que junto a la canciller de la Rep\u00fablica, Delcy Rodr\u00edguez, se reuni\u00f3 con el monse\u00f1or Claudio Mar\u00eda Celli, acompa\u00f1ante del proceso de di\u00e1logo y enviado del Vaticano, quien le manifest\u00f3 la voluntad del Papa Francisco de acompa\u00f1ar el di\u00e1logo en Venezuela.<\/p>\n<p>\u201cEs una buena noticia para los venezolanos, la persistente y terquedad amistosa del Papa Francisco para acompa\u00f1ar el di\u00e1logo\u201d, afirm\u00f3.<\/p>\n<p>En este sentido, rechaz\u00f3 las declaraciones del presidente de la Conferencia Episcopal Venezolana (COV), Diego Padr\u00f3n, quien declar\u00f3 que la mesa de di\u00e1logo en Venezuela fracas\u00f3 \u201cporque no lleg\u00f3 a compromisos\u201d y se qued\u00f3 en \u201cdiscursos\u201d.<\/p>\n<p>En relaci\u00f3n a esta postura, Rodr\u00edguez manifest\u00f3 que es \u00abmuy curioso, contraproducente, que un representante de la c\u00fapula de la iglesia tenga opiniones de forma absurda que contradicen lo que ha sido la posici\u00f3n y la palabra del Papa Francisco (&#8230;) ah\u00ed se devela la profunda conspiraci\u00f3n de la jerarqu\u00eda eclesi\u00e1stica contra la paz de Venezuela\u201d, alert\u00f3.<\/p>\n<p>Agreg\u00f3 que el Gobierno nacional apuesta por el di\u00e1logo para dirimir diferencias y garantizar la paz en el pa\u00eds, a\u00fan cuando -acus\u00f3- un sector de la oposici\u00f3n \u201cest\u00e1 profundamente comprometido con la violencia\u201d.<\/p>\n<p>\u201cNo va a ser f\u00e1cil (el proceso de di\u00e1logo) porque hay profundas divisiones en el seno de la oposici\u00f3n y porque les cuesta sostener la palabra de di\u00e1logo\u201d, reprob\u00f3.<\/p>\n","protected":false},"excerpt":{"rendered":"<p>AVN.- El jefe de la Comisi\u00f3n para el proceso de di\u00e1logo por parte del Ejecutivo nacional, &hellip; <a title=\"Rodr\u00edguez: La \u00fanica salida es el di\u00e1logo\" class=\"hm-read-more\" href=\"https:\/\/www.mpppst.gob.ve\/mpppstweb\/index.php\/2017\/01\/11\/rodriguez-la-unica-salida-es-el-dialogo\/\"><span class=\"screen-reader-text\">Rodr\u00edguez: La \u00fanica salida es el di\u00e1logo<\/span>Read more<\/a><\/p>\n","protected":false},"author":25,"featured_media":10056,"comment_status":"closed","ping_status":"closed","sticky":false,"template":"","format":"standard","meta":{"footnotes":""},"categories":[82,163],"tags":[222],"yoast_head":"<!-- This site is optimized with the Yoast SEO plugin v22.5 - https:\/\/yoast.com\/wordpress\/plugins\/seo\/ -->\n<title>Rodr\u00edguez: La \u00fanica salida es el di\u00e1logo - MPPPST<\/title>\n<meta name=\"robots\" content=\"index, follow, max-snippet:-1, max-image-preview:large, max-video-preview:-1\" \/>\n<link rel=\"canonical\" href=\"https:\/\/www.mpppst.gob.ve\/mpppstweb\/index.php\/2017\/01\/11\/rodriguez-la-unica-salida-es-el-dialogo\/\" \/>\n<meta property=\"og:locale\" content=\"es_ES\" \/>\n<meta property=\"og:type\" content=\"article\" \/>\n<meta property=\"og:title\" content=\"Rodr\u00edguez: La \u00fanica salida es el di\u00e1logo - MPPPST\" \/>\n<meta property=\"og:description\" content=\"AVN.- El jefe de la Comisi\u00f3n para el proceso de di\u00e1logo por parte del Ejecutivo nacional, &hellip; Rodr\u00edguez: La \u00fanica salida es el di\u00e1logoRead more\" \/>\n<meta property=\"og:url\" content=\"https:\/\/www.mpppst.gob.ve\/mpppstweb\/index.php\/2017\/01\/11\/rodriguez-la-unica-salida-es-el-dialogo\/\" \/>\n<meta property=\"og:site_name\" content=\"MPPPST\" \/>\n<meta property=\"article:published_time\" content=\"2017-01-11T13:33:41+00:00\" \/>\n<meta property=\"og:image\" content=\"https:\/\/www.mpppst.gob.ve\/mpppstweb\/wp-content\/uploads\/2017\/01\/Jorge635.jpg\" \/>\n\t<meta property=\"og:image:width\" content=\"800\" \/>\n\t<meta property=\"og:image:height\" content=\"445\" \/>\n\t<meta property=\"og:image:type\" content=\"image\/jpeg\" \/>\n<meta name=\"author\" content=\"MPPPST Prensa\" \/>\n<meta name=\"twitter:card\" content=\"summary_large_image\" \/>\n<meta name=\"twitter:label1\" content=\"Escrito por\" \/>\n\t<meta name=\"twitter:data1\" content=\"MPPPST Prensa\" \/>\n\t<meta name=\"twitter:label2\" content=\"Tiempo de lectura\" \/>\n\t<meta name=\"twitter:data2\" content=\"2 minutos\" \/>\n<script type=\"application\/ld+json\" class=\"yoast-schema-graph\">{\"@context\":\"https:\/\/schema.org\",\"@graph\":[{\"@type\":\"Article\",\"@id\":\"https:\/\/www.mpppst.gob.ve\/mpppstweb\/index.php\/2017\/01\/11\/rodriguez-la-unica-salida-es-el-dialogo\/#article\",\"isPartOf\":{\"@id\":\"https:\/\/www.mpppst.gob.ve\/mpppstweb\/index.php\/2017\/01\/11\/rodriguez-la-unica-salida-es-el-dialogo\/\"},\"author\":{\"name\":\"MPPPST Prensa\",\"@id\":\"https:\/\/www.mpppst.gob.ve\/mpppstweb\/#\/schema\/person\/fc187ee8ead412bd4c9304b62f900ea4\"},\"headline\":\"Rodr\u00edguez: La \u00fanica salida es el di\u00e1logo\",\"datePublished\":\"2017-01-11T13:33:41+00:00\",\"dateModified\":\"2017-01-11T13:33:41+00:00\",\"mainEntityOfPage\":{\"@id\":\"https:\/\/www.mpppst.gob.ve\/mpppstweb\/index.php\/2017\/01\/11\/rodriguez-la-unica-salida-es-el-dialogo\/\"},\"wordCount\":357,\"publisher\":{\"@id\":\"https:\/\/www.mpppst.gob.ve\/mpppstweb\/#organization\"},\"image\":{\"@id\":\"https:\/\/www.mpppst.gob.ve\/mpppstweb\/index.php\/2017\/01\/11\/rodriguez-la-unica-salida-es-el-dialogo\/#primaryimage\"},\"thumbnailUrl\":\"https:\/\/www.mpppst.gob.ve\/mpppstweb\/wp-content\/uploads\/2017\/01\/Jorge635.jpg\",\"keywords\":[\"Gobierno Bolivariano\"],\"articleSection\":[\"Gobierno Nacional\",\"Noticias\"],\"inLanguage\":\"es\"},{\"@type\":\"WebPage\",\"@id\":\"https:\/\/www.mpppst.gob.ve\/mpppstweb\/index.php\/2017\/01\/11\/rodriguez-la-unica-salida-es-el-dialogo\/\",\"url\":\"https:\/\/www.mpppst.gob.ve\/mpppstweb\/index.php\/2017\/01\/11\/rodriguez-la-unica-salida-es-el-dialogo\/\",\"name\":\"Rodr\u00edguez: La \u00fanica salida es el di\u00e1logo - MPPPST\",\"isPartOf\":{\"@id\":\"https:\/\/www.mpppst.gob.ve\/mpppstweb\/#website\"},\"primaryImageOfPage\":{\"@id\":\"https:\/\/www.mpppst.gob.ve\/mpppstweb\/index.php\/2017\/01\/11\/rodriguez-la-unica-salida-es-el-dialogo\/#primaryimage\"},\"image\":{\"@id\":\"https:\/\/www.mpppst.gob.ve\/mpppstweb\/index.php\/2017\/01\/11\/rodriguez-la-unica-salida-es-el-dialogo\/#primaryimage\"},\"thumbnailUrl\":\"https:\/\/www.mpppst.gob.ve\/mpppstweb\/wp-content\/uploads\/2017\/01\/Jorge635.jpg\",\"datePublished\":\"2017-01-11T13:33:41+00:00\",\"dateModified\":\"2017-01-11T13:33:41+00:00\",\"breadcrumb\":{\"@id\":\"https:\/\/www.mpppst.gob.ve\/mpppstweb\/index.php\/2017\/01\/11\/rodriguez-la-unica-salida-es-el-dialogo\/#breadcrumb\"},\"inLanguage\":\"es\",\"potentialAction\":[{\"@type\":\"ReadAction\",\"target\":[\"https:\/\/www.mpppst.gob.ve\/mpppstweb\/index.php\/2017\/01\/11\/rodriguez-la-unica-salida-es-el-dialogo\/\"]}]},{\"@type\":\"ImageObject\",\"inLanguage\":\"es\",\"@id\":\"https:\/\/www.mpppst.gob.ve\/mpppstweb\/index.php\/2017\/01\/11\/rodriguez-la-unica-salida-es-el-dialogo\/#primaryimage\",\"url\":\"https:\/\/www.mpppst.gob.ve\/mpppstweb\/wp-content\/uploads\/2017\/01\/Jorge635.jpg\",\"contentUrl\":\"https:\/\/www.mpppst.gob.ve\/mpppstweb\/wp-content\/uploads\/2017\/01\/Jorge635.jpg\",\"width\":800,\"height\":445},{\"@type\":\"BreadcrumbList\",\"@id\":\"https:\/\/www.mpppst.gob.ve\/mpppstweb\/index.php\/2017\/01\/11\/rodriguez-la-unica-salida-es-el-dialogo\/#breadcrumb\",\"itemListElement\":[{\"@type\":\"ListItem\",\"position\":1,\"name\":\"Home\",\"item\":\"https:\/\/www.mpppst.gob.ve\/mpppstweb\/\"},{\"@type\":\"ListItem\",\"position\":2,\"name\":\"Rodr\u00edguez: La \u00fanica salida es el di\u00e1logo\"}]},{\"@type\":\"WebSite\",\"@id\":\"https:\/\/www.mpppst.gob.ve\/mpppstweb\/#website\",\"url\":\"https:\/\/www.mpppst.gob.ve\/mpppstweb\/\",\"name\":\"MPPPST\",\"description\":\"Ministerio del Poder Popular para el Proceso Social de Trabajo\",\"publisher\":{\"@id\":\"https:\/\/www.mpppst.gob.ve\/mpppstweb\/#organization\"},\"potentialAction\":[{\"@type\":\"SearchAction\",\"target\":{\"@type\":\"EntryPoint\",\"urlTemplate\":\"https:\/\/www.mpppst.gob.ve\/mpppstweb\/?s={search_term_string}\"},\"query-input\":\"required name=search_term_string\"}],\"inLanguage\":\"es\"},{\"@type\":\"Organization\",\"@id\":\"https:\/\/www.mpppst.gob.ve\/mpppstweb\/#organization\",\"name\":\"mpppst\",\"url\":\"https:\/\/www.mpppst.gob.ve\/mpppstweb\/\",\"logo\":{\"@type\":\"ImageObject\",\"inLanguage\":\"es\",\"@id\":\"https:\/\/www.mpppst.gob.ve\/mpppstweb\/#\/schema\/logo\/image\/\",\"url\":\"https:\/\/www.mpppst.gob.ve\/mpppstweb\/wp-content\/uploads\/2025\/07\/cropped-cropped-g910.png\",\"contentUrl\":\"https:\/\/www.mpppst.gob.ve\/mpppstweb\/wp-content\/uploads\/2025\/07\/cropped-cropped-g910.png\",\"width\":1080,\"height\":241,\"caption\":\"mpppst\"},\"image\":{\"@id\":\"https:\/\/www.mpppst.gob.ve\/mpppstweb\/#\/schema\/logo\/image\/\"}},{\"@type\":\"Person\",\"@id\":\"https:\/\/www.mpppst.gob.ve\/mpppstweb\/#\/schema\/person\/fc187ee8ead412bd4c9304b62f900ea4\",\"name\":\"MPPPST Prensa\",\"url\":\"https:\/\/www.mpppst.gob.ve\/mpppstweb\/index.php\/author\/prensa-mpppst\/\"}]}<\/script>\n<!-- \/ Yoast SEO plugin. -->","yoast_head_json":{"title":"Rodr\u00edguez: La \u00fanica salida es el di\u00e1logo - MPPPST","robots":{"index":"index","follow":"follow","max-snippet":"max-snippet:-1","max-image-preview":"max-image-preview:large","max-video-preview":"max-video-preview:-1"},"canonical":"https:\/\/www.mpppst.gob.ve\/mpppstweb\/index.php\/2017\/01\/11\/rodriguez-la-unica-salida-es-el-dialogo\/","og_locale":"es_ES","og_type":"article","og_title":"Rodr\u00edguez: La \u00fanica salida es el di\u00e1logo - MPPPST","og_description":"AVN.- El jefe de la Comisi\u00f3n para el proceso de di\u00e1logo por parte del Ejecutivo nacional, &hellip; Rodr\u00edguez: La \u00fanica salida es el di\u00e1logoRead more","og_url":"https:\/\/www.mpppst.gob.ve\/mpppstweb\/index.php\/2017\/01\/11\/rodriguez-la-unica-salida-es-el-dialogo\/","og_site_name":"MPPPST","article_published_time":"2017-01-11T13:33:41+00:00","og_image":[{"width":800,"height":445,"url":"https:\/\/www.mpppst.gob.ve\/mpppstweb\/wp-content\/uploads\/2017\/01\/Jorge635.jpg","type":"image\/jpeg"}],"author":"MPPPST Prensa","twitter_card":"summary_large_image","twitter_misc":{"Escrito por":"MPPPST Prensa","Tiempo de lectura":"2 minutos"},"schema":{"@context":"https:\/\/schema.org","@graph":[{"@type":"Article","@id":"https:\/\/www.mpppst.gob.ve\/mpppstweb\/index.php\/2017\/01\/11\/rodriguez-la-unica-salida-es-el-dialogo\/#article","isPartOf":{"@id":"https:\/\/www.mpppst.gob.ve\/mpppstweb\/index.php\/2017\/01\/11\/rodriguez-la-unica-salida-es-el-dialogo\/"},"author":{"name":"MPPPST Prensa","@id":"https:\/\/www.mpppst.gob.ve\/mpppstweb\/#\/schema\/person\/fc187ee8ead412bd4c9304b62f900ea4"},"headline":"Rodr\u00edguez: La \u00fanica salida es el di\u00e1logo","datePublished":"2017-01-11T13:33:41+00:00","dateModified":"2017-01-11T13:33:41+00:00","mainEntityOfPage":{"@id":"https:\/\/www.mpppst.gob.ve\/mpppstweb\/index.php\/2017\/01\/11\/rodriguez-la-unica-salida-es-el-dialogo\/"},"wordCount":357,"publisher":{"@id":"https:\/\/www.mpppst.gob.ve\/mpppstweb\/#organization"},"image":{"@id":"https:\/\/www.mpppst.gob.ve\/mpppstweb\/index.php\/2017\/01\/11\/rodriguez-la-unica-salida-es-el-dialogo\/#primaryimage"},"thumbnailUrl":"https:\/\/www.mpppst.gob.ve\/mpppstweb\/wp-content\/uploads\/2017\/01\/Jorge635.jpg","keywords":["Gobierno Bolivariano"],"articleSection":["Gobierno Nacional","Noticias"],"inLanguage":"es"},{"@type":"WebPage","@id":"https:\/\/www.mpppst.gob.ve\/mpppstweb\/index.php\/2017\/01\/11\/rodriguez-la-unica-salida-es-el-dialogo\/","url":"https:\/\/www.mpppst.gob.ve\/mpppstweb\/index.php\/2017\/01\/11\/rodriguez-la-unica-salida-es-el-dialogo\/","name":"Rodr\u00edguez: La \u00fanica salida es el di\u00e1logo - MPPPST","isPartOf":{"@id":"https:\/\/www.mpppst.gob.ve\/mpppstweb\/#website"},"primaryImageOfPage":{"@id":"https:\/\/www.mpppst.gob.ve\/mpppstweb\/index.php\/2017\/01\/11\/rodriguez-la-unica-salida-es-el-dialogo\/#primaryimage"},"image":{"@id":"https:\/\/www.mpppst.gob.ve\/mpppstweb\/index.php\/2017\/01\/11\/rodriguez-la-unica-salida-es-el-dialogo\/#primaryimage"},"thumbnailUrl":"https:\/\/www.mpppst.gob.ve\/mpppstweb\/wp-content\/uploads\/2017\/01\/Jorge635.jpg","datePublished":"2017-01-11T13:33:41+00:00","dateModified":"2017-01-11T13:33:41+00:00","breadcrumb":{"@id":"https:\/\/www.mpppst.gob.ve\/mpppstweb\/index.php\/2017\/01\/11\/rodriguez-la-unica-salida-es-el-dialogo\/#breadcrumb"},"inLanguage":"es","potentialAction":[{"@type":"ReadAction","target":["https:\/\/www.mpppst.gob.ve\/mpppstweb\/index.php\/2017\/01\/11\/rodriguez-la-unica-salida-es-el-dialogo\/"]}]},{"@type":"ImageObject","inLanguage":"es","@id":"https:\/\/www.mpppst.gob.ve\/mpppstweb\/index.php\/2017\/01\/11\/rodriguez-la-unica-salida-es-el-dialogo\/#primaryimage","url":"https:\/\/www.mpppst.gob.ve\/mpppstweb\/wp-content\/uploads\/2017\/01\/Jorge635.jpg","contentUrl":"https:\/\/www.mpppst.gob.ve\/mpppstweb\/wp-content\/uploads\/2017\/01\/Jorge635.jpg","width":800,"height":445},{"@type":"BreadcrumbList","@id":"https:\/\/www.mpppst.gob.ve\/mpppstweb\/index.php\/2017\/01\/11\/rodriguez-la-unica-salida-es-el-dialogo\/#breadcrumb","itemListElement":[{"@type":"ListItem","position":1,"name":"Home","item":"https:\/\/www.mpppst.gob.ve\/mpppstweb\/"},{"@type":"ListItem","position":2,"name":"Rodr\u00edguez: La \u00fanica salida es el di\u00e1logo"}]},{"@type":"WebSite","@id":"https:\/\/www.mpppst.gob.ve\/mpppstweb\/#website","url":"https:\/\/www.mpppst.gob.ve\/mpppstweb\/","name":"MPPPST","description":"Ministerio del Poder Popular para el Proceso Social de Trabajo","publisher":{"@id":"https:\/\/www.mpppst.gob.ve\/mpppstweb\/#organization"},"potentialAction":[{"@type":"SearchAction","target":{"@type":"EntryPoint","urlTemplate":"https:\/\/www.mpppst.gob.ve\/mpppstweb\/?s={search_term_string}"},"query-input":"required name=search_term_string"}],"inLanguage":"es"},{"@type":"Organization","@id":"https:\/\/www.mpppst.gob.ve\/mpppstweb\/#organization","name":"mpppst","url":"https:\/\/www.mpppst.gob.ve\/mpppstweb\/","logo":{"@type":"ImageObject","inLanguage":"es","@id":"https:\/\/www.mpppst.gob.ve\/mpppstweb\/#\/schema\/logo\/image\/","url":"https:\/\/www.mpppst.gob.ve\/mpppstweb\/wp-content\/uploads\/2025\/07\/cropped-cropped-g910.png","contentUrl":"https:\/\/www.mpppst.gob.ve\/mpppstweb\/wp-content\/uploads\/2025\/07\/cropped-cropped-g910.png","width":1080,"height":241,"caption":"mpppst"},"image":{"@id":"https:\/\/www.mpppst.gob.ve\/mpppstweb\/#\/schema\/logo\/image\/"}},{"@type":"Person","@id":"https:\/\/www.mpppst.gob.ve\/mpppstweb\/#\/schema\/person\/fc187ee8ead412bd4c9304b62f900ea4","name":"MPPPST Prensa","url":"https:\/\/www.mpppst.gob.ve\/mpppstweb\/index.php\/author\/prensa-mpppst\/"}]}},"_links":{"self":[{"href":"https:\/\/www.mpppst.gob.ve\/mpppstweb\/index.php\/wp-json\/wp\/v2\/posts\/10055"}],"collection":[{"href":"https:\/\/www.mpppst.gob.ve\/mpppstweb\/index.php\/wp-json\/wp\/v2\/posts"}],"about":[{"href":"https:\/\/www.mpppst.gob.ve\/mpppstweb\/index.php\/wp-json\/wp\/v2\/types\/post"}],"author":[{"embeddable":true,"href":"https:\/\/www.mpppst.gob.ve\/mpppstweb\/index.php\/wp-json\/wp\/v2\/users\/25"}],"replies":[{"embeddable":true,"href":"https:\/\/www.mpppst.gob.ve\/mpppstweb\/index.php\/wp-json\/wp\/v2\/comments?post=10055"}],"version-history":[{"count":1,"href":"https:\/\/www.mpppst.gob.ve\/mpppstweb\/index.php\/wp-json\/wp\/v2\/posts\/10055\/revisions"}],"predecessor-version":[{"id":10057,"href":"https:\/\/www.mpppst.gob.ve\/mpppstweb\/index.php\/wp-json\/wp\/v2\/posts\/10055\/revisions\/10057"}],"wp:featuredmedia":[{"embeddable":true,"href":"https:\/\/www.mpppst.gob.ve\/mpppstweb\/index.php\/wp-json\/wp\/v2\/media\/10056"}],"wp:attachment":[{"href":"https:\/\/www.mpppst.gob.ve\/mpppstweb\/index.php\/wp-json\/wp\/v2\/media?parent=10055"}],"wp:term":[{"taxonomy":"category","embeddable":true,"href":"https:\/\/www.mpppst.gob.ve\/mpppstweb\/index.php\/wp-json\/wp\/v2\/categories?post=10055"},{"taxonomy":"post_tag","embeddable":true,"href":"https:\/\/www.mpppst.gob.ve\/mpppstweb\/index.php\/wp-json\/wp\/v2\/tags?post=10055"}],"curies":[{"name":"wp","href":"https:\/\/api.w.org\/{rel}","templated":true}]}}