{"id":10064,"date":"2017-01-11T18:41:46","date_gmt":"2017-01-11T18:41:46","guid":{"rendered":"http:\/\/www.mpppst.gob.ve\/mpppstweb\/?p=10064"},"modified":"2017-01-11T18:41:46","modified_gmt":"2017-01-11T18:41:46","slug":"torrealba-llamamos-a-los-empresarios-a-producir-y-abandonar-el-golpismo","status":"publish","type":"post","link":"https:\/\/www.mpppst.gob.ve\/mpppstweb\/index.php\/2017\/01\/11\/torrealba-llamamos-a-los-empresarios-a-producir-y-abandonar-el-golpismo\/","title":{"rendered":"Torrealba: Llamamos a los empresarios a producir y abandonar el golpismo"},"content":{"rendered":"<p>El ministro del Poder Popular para el Proceso Social de Trabajo, Francisco Torrealba, dijo que los empresarios venezolanos pueden contar con el apoyo de la clase\u00a0obrera, que representa la Central Bolivariana Socialista, y con todo el respaldo del Gobierno.<\/p>\n<p><strong>\u201cNosotros llamamos a los empresarios de este pa\u00eds a producir y abandonar el golpismo.<\/strong> A pasar a trabajar y dejar de conspirar: ese el llamado que le hace la clase obrera honesta de este pa\u00eds\u201d a la empresa privada.<\/p>\n<p>Afirm\u00f3\u00a0que ese mensaje se lo transmitir\u00eda al presidente de Fedec\u00e1maras, Francisco Mart\u00ednez, con quien se reunir\u00e1 la tarde de este mi\u00e9rcoles.<\/p>\n<p><strong>Dijo\u00a0que el Gobierno no va a permitir que la m\u00e1xima c\u00fapula empresarial \u201cvuelva a llevarnos a los tiempos en los que el Fondo Monetario Internacional y el Banco Mundial dictaban las pol\u00edticas laborales\u201d.<\/strong><\/p>\n<p>Torrealba, que ofreci\u00f3 las declaraciones durante una reuni\u00f3n del Congreso de la Patria, enfatiz\u00f3 que este debe ser el primer a\u00f1o\u00a0 del tr\u00e1nsito que haga el camino hacia la \u201cVenezuela potencia\u201d. Para ello pidi\u00f3 redoblar los esfuerzos este 2017. Asegur\u00f3 que eso solo ser\u00e1 posible con la participaci\u00f3n decidida de los trabajadores.<\/p>\n","protected":false},"excerpt":{"rendered":"<p>El ministro del Poder Popular para el Proceso Social de Trabajo, Francisco Torrealba, dijo que los &hellip; <a title=\"Torrealba: Llamamos a los empresarios a producir y abandonar el golpismo\" class=\"hm-read-more\" href=\"https:\/\/www.mpppst.gob.ve\/mpppstweb\/index.php\/2017\/01\/11\/torrealba-llamamos-a-los-empresarios-a-producir-y-abandonar-el-golpismo\/\"><span class=\"screen-reader-text\">Torrealba: Llamamos a los empresarios a producir y abandonar el golpismo<\/span>Read more<\/a><\/p>\n","protected":false},"author":25,"featured_media":10065,"comment_status":"closed","ping_status":"closed","sticky":false,"template":"","format":"standard","meta":{"footnotes":""},"categories":[163,84],"tags":[225,223,227],"yoast_head":"<!-- This site is optimized with the Yoast SEO plugin v22.5 - https:\/\/yoast.com\/wordpress\/plugins\/seo\/ -->\n<title>Torrealba: Llamamos a los empresarios a producir y abandonar el golpismo - MPPPST<\/title>\n<meta name=\"robots\" content=\"index, follow, max-snippet:-1, max-image-preview:large, max-video-preview:-1\" \/>\n<link rel=\"canonical\" href=\"https:\/\/www.mpppst.gob.ve\/mpppstweb\/index.php\/2017\/01\/11\/torrealba-llamamos-a-los-empresarios-a-producir-y-abandonar-el-golpismo\/\" \/>\n<meta property=\"og:locale\" content=\"es_ES\" \/>\n<meta property=\"og:type\" content=\"article\" \/>\n<meta property=\"og:title\" content=\"Torrealba: Llamamos a los empresarios a producir y abandonar el golpismo - MPPPST\" \/>\n<meta property=\"og:description\" content=\"El ministro del Poder Popular para el Proceso Social de Trabajo, Francisco Torrealba, dijo que los &hellip; Torrealba: Llamamos a los empresarios a producir y abandonar el golpismoRead more\" \/>\n<meta property=\"og:url\" content=\"https:\/\/www.mpppst.gob.ve\/mpppstweb\/index.php\/2017\/01\/11\/torrealba-llamamos-a-los-empresarios-a-producir-y-abandonar-el-golpismo\/\" \/>\n<meta property=\"og:site_name\" content=\"MPPPST\" \/>\n<meta property=\"article:published_time\" content=\"2017-01-11T18:41:46+00:00\" \/>\n<meta property=\"og:image\" content=\"https:\/\/www.mpppst.gob.ve\/mpppstweb\/wp-content\/uploads\/2017\/01\/torrealba-salidaan.jpg\" \/>\n\t<meta property=\"og:image:width\" content=\"801\" \/>\n\t<meta property=\"og:image:height\" content=\"442\" \/>\n\t<meta property=\"og:image:type\" content=\"image\/jpeg\" \/>\n<meta name=\"author\" content=\"MPPPST Prensa\" \/>\n<meta name=\"twitter:card\" content=\"summary_large_image\" \/>\n<meta name=\"twitter:label1\" content=\"Escrito por\" \/>\n\t<meta name=\"twitter:data1\" content=\"MPPPST Prensa\" \/>\n\t<meta name=\"twitter:label2\" content=\"Tiempo de lectura\" \/>\n\t<meta name=\"twitter:data2\" content=\"1 minuto\" \/>\n<script type=\"application\/ld+json\" class=\"yoast-schema-graph\">{\"@context\":\"https:\/\/schema.org\",\"@graph\":[{\"@type\":\"Article\",\"@id\":\"https:\/\/www.mpppst.gob.ve\/mpppstweb\/index.php\/2017\/01\/11\/torrealba-llamamos-a-los-empresarios-a-producir-y-abandonar-el-golpismo\/#article\",\"isPartOf\":{\"@id\":\"https:\/\/www.mpppst.gob.ve\/mpppstweb\/index.php\/2017\/01\/11\/torrealba-llamamos-a-los-empresarios-a-producir-y-abandonar-el-golpismo\/\"},\"author\":{\"name\":\"MPPPST Prensa\",\"@id\":\"https:\/\/www.mpppst.gob.ve\/mpppstweb\/#\/schema\/person\/fc187ee8ead412bd4c9304b62f900ea4\"},\"headline\":\"Torrealba: Llamamos a los empresarios a producir y abandonar el golpismo\",\"datePublished\":\"2017-01-11T18:41:46+00:00\",\"dateModified\":\"2017-01-11T18:41:46+00:00\",\"mainEntityOfPage\":{\"@id\":\"https:\/\/www.mpppst.gob.ve\/mpppstweb\/index.php\/2017\/01\/11\/torrealba-llamamos-a-los-empresarios-a-producir-y-abandonar-el-golpismo\/\"},\"wordCount\":210,\"publisher\":{\"@id\":\"https:\/\/www.mpppst.gob.ve\/mpppstweb\/#organization\"},\"image\":{\"@id\":\"https:\/\/www.mpppst.gob.ve\/mpppstweb\/index.php\/2017\/01\/11\/torrealba-llamamos-a-los-empresarios-a-producir-y-abandonar-el-golpismo\/#primaryimage\"},\"thumbnailUrl\":\"https:\/\/www.mpppst.gob.ve\/mpppstweb\/wp-content\/uploads\/2017\/01\/torrealba-salidaan.jpg\",\"keywords\":[\"Fuerza Laboral\",\"MPPPST\",\"Proceso Social\"],\"articleSection\":[\"Noticias\",\"Vida Laboral y Sindical\"],\"inLanguage\":\"es\"},{\"@type\":\"WebPage\",\"@id\":\"https:\/\/www.mpppst.gob.ve\/mpppstweb\/index.php\/2017\/01\/11\/torrealba-llamamos-a-los-empresarios-a-producir-y-abandonar-el-golpismo\/\",\"url\":\"https:\/\/www.mpppst.gob.ve\/mpppstweb\/index.php\/2017\/01\/11\/torrealba-llamamos-a-los-empresarios-a-producir-y-abandonar-el-golpismo\/\",\"name\":\"Torrealba: Llamamos a los empresarios a producir y abandonar el golpismo - MPPPST\",\"isPartOf\":{\"@id\":\"https:\/\/www.mpppst.gob.ve\/mpppstweb\/#website\"},\"primaryImageOfPage\":{\"@id\":\"https:\/\/www.mpppst.gob.ve\/mpppstweb\/index.php\/2017\/01\/11\/torrealba-llamamos-a-los-empresarios-a-producir-y-abandonar-el-golpismo\/#primaryimage\"},\"image\":{\"@id\":\"https:\/\/www.mpppst.gob.ve\/mpppstweb\/index.php\/2017\/01\/11\/torrealba-llamamos-a-los-empresarios-a-producir-y-abandonar-el-golpismo\/#primaryimage\"},\"thumbnailUrl\":\"https:\/\/www.mpppst.gob.ve\/mpppstweb\/wp-content\/uploads\/2017\/01\/torrealba-salidaan.jpg\",\"datePublished\":\"2017-01-11T18:41:46+00:00\",\"dateModified\":\"2017-01-11T18:41:46+00:00\",\"breadcrumb\":{\"@id\":\"https:\/\/www.mpppst.gob.ve\/mpppstweb\/index.php\/2017\/01\/11\/torrealba-llamamos-a-los-empresarios-a-producir-y-abandonar-el-golpismo\/#breadcrumb\"},\"inLanguage\":\"es\",\"potentialAction\":[{\"@type\":\"ReadAction\",\"target\":[\"https:\/\/www.mpppst.gob.ve\/mpppstweb\/index.php\/2017\/01\/11\/torrealba-llamamos-a-los-empresarios-a-producir-y-abandonar-el-golpismo\/\"]}]},{\"@type\":\"ImageObject\",\"inLanguage\":\"es\",\"@id\":\"https:\/\/www.mpppst.gob.ve\/mpppstweb\/index.php\/2017\/01\/11\/torrealba-llamamos-a-los-empresarios-a-producir-y-abandonar-el-golpismo\/#primaryimage\",\"url\":\"https:\/\/www.mpppst.gob.ve\/mpppstweb\/wp-content\/uploads\/2017\/01\/torrealba-salidaan.jpg\",\"contentUrl\":\"https:\/\/www.mpppst.gob.ve\/mpppstweb\/wp-content\/uploads\/2017\/01\/torrealba-salidaan.jpg\",\"width\":801,\"height\":442},{\"@type\":\"BreadcrumbList\",\"@id\":\"https:\/\/www.mpppst.gob.ve\/mpppstweb\/index.php\/2017\/01\/11\/torrealba-llamamos-a-los-empresarios-a-producir-y-abandonar-el-golpismo\/#breadcrumb\",\"itemListElement\":[{\"@type\":\"ListItem\",\"position\":1,\"name\":\"Home\",\"item\":\"https:\/\/www.mpppst.gob.ve\/mpppstweb\/\"},{\"@type\":\"ListItem\",\"position\":2,\"name\":\"Torrealba: Llamamos a los empresarios a producir y abandonar el golpismo\"}]},{\"@type\":\"WebSite\",\"@id\":\"https:\/\/www.mpppst.gob.ve\/mpppstweb\/#website\",\"url\":\"https:\/\/www.mpppst.gob.ve\/mpppstweb\/\",\"name\":\"MPPPST\",\"description\":\"Ministerio del Poder Popular para el Proceso Social de Trabajo\",\"publisher\":{\"@id\":\"https:\/\/www.mpppst.gob.ve\/mpppstweb\/#organization\"},\"potentialAction\":[{\"@type\":\"SearchAction\",\"target\":{\"@type\":\"EntryPoint\",\"urlTemplate\":\"https:\/\/www.mpppst.gob.ve\/mpppstweb\/?s={search_term_string}\"},\"query-input\":\"required name=search_term_string\"}],\"inLanguage\":\"es\"},{\"@type\":\"Organization\",\"@id\":\"https:\/\/www.mpppst.gob.ve\/mpppstweb\/#organization\",\"name\":\"mpppst\",\"url\":\"https:\/\/www.mpppst.gob.ve\/mpppstweb\/\",\"logo\":{\"@type\":\"ImageObject\",\"inLanguage\":\"es\",\"@id\":\"https:\/\/www.mpppst.gob.ve\/mpppstweb\/#\/schema\/logo\/image\/\",\"url\":\"https:\/\/www.mpppst.gob.ve\/mpppstweb\/wp-content\/uploads\/2025\/07\/cropped-cropped-g910.png\",\"contentUrl\":\"https:\/\/www.mpppst.gob.ve\/mpppstweb\/wp-content\/uploads\/2025\/07\/cropped-cropped-g910.png\",\"width\":1080,\"height\":241,\"caption\":\"mpppst\"},\"image\":{\"@id\":\"https:\/\/www.mpppst.gob.ve\/mpppstweb\/#\/schema\/logo\/image\/\"}},{\"@type\":\"Person\",\"@id\":\"https:\/\/www.mpppst.gob.ve\/mpppstweb\/#\/schema\/person\/fc187ee8ead412bd4c9304b62f900ea4\",\"name\":\"MPPPST Prensa\",\"url\":\"https:\/\/www.mpppst.gob.ve\/mpppstweb\/index.php\/author\/prensa-mpppst\/\"}]}<\/script>\n<!-- \/ Yoast SEO plugin. -->","yoast_head_json":{"title":"Torrealba: Llamamos a los empresarios a producir y abandonar el golpismo - MPPPST","robots":{"index":"index","follow":"follow","max-snippet":"max-snippet:-1","max-image-preview":"max-image-preview:large","max-video-preview":"max-video-preview:-1"},"canonical":"https:\/\/www.mpppst.gob.ve\/mpppstweb\/index.php\/2017\/01\/11\/torrealba-llamamos-a-los-empresarios-a-producir-y-abandonar-el-golpismo\/","og_locale":"es_ES","og_type":"article","og_title":"Torrealba: Llamamos a los empresarios a producir y abandonar el golpismo - MPPPST","og_description":"El ministro del Poder Popular para el Proceso Social de Trabajo, Francisco Torrealba, dijo que los &hellip; Torrealba: Llamamos a los empresarios a producir y abandonar el golpismoRead more","og_url":"https:\/\/www.mpppst.gob.ve\/mpppstweb\/index.php\/2017\/01\/11\/torrealba-llamamos-a-los-empresarios-a-producir-y-abandonar-el-golpismo\/","og_site_name":"MPPPST","article_published_time":"2017-01-11T18:41:46+00:00","og_image":[{"width":801,"height":442,"url":"https:\/\/www.mpppst.gob.ve\/mpppstweb\/wp-content\/uploads\/2017\/01\/torrealba-salidaan.jpg","type":"image\/jpeg"}],"author":"MPPPST Prensa","twitter_card":"summary_large_image","twitter_misc":{"Escrito por":"MPPPST Prensa","Tiempo de lectura":"1 minuto"},"schema":{"@context":"https:\/\/schema.org","@graph":[{"@type":"Article","@id":"https:\/\/www.mpppst.gob.ve\/mpppstweb\/index.php\/2017\/01\/11\/torrealba-llamamos-a-los-empresarios-a-producir-y-abandonar-el-golpismo\/#article","isPartOf":{"@id":"https:\/\/www.mpppst.gob.ve\/mpppstweb\/index.php\/2017\/01\/11\/torrealba-llamamos-a-los-empresarios-a-producir-y-abandonar-el-golpismo\/"},"author":{"name":"MPPPST Prensa","@id":"https:\/\/www.mpppst.gob.ve\/mpppstweb\/#\/schema\/person\/fc187ee8ead412bd4c9304b62f900ea4"},"headline":"Torrealba: Llamamos a los empresarios a producir y abandonar el golpismo","datePublished":"2017-01-11T18:41:46+00:00","dateModified":"2017-01-11T18:41:46+00:00","mainEntityOfPage":{"@id":"https:\/\/www.mpppst.gob.ve\/mpppstweb\/index.php\/2017\/01\/11\/torrealba-llamamos-a-los-empresarios-a-producir-y-abandonar-el-golpismo\/"},"wordCount":210,"publisher":{"@id":"https:\/\/www.mpppst.gob.ve\/mpppstweb\/#organization"},"image":{"@id":"https:\/\/www.mpppst.gob.ve\/mpppstweb\/index.php\/2017\/01\/11\/torrealba-llamamos-a-los-empresarios-a-producir-y-abandonar-el-golpismo\/#primaryimage"},"thumbnailUrl":"https:\/\/www.mpppst.gob.ve\/mpppstweb\/wp-content\/uploads\/2017\/01\/torrealba-salidaan.jpg","keywords":["Fuerza Laboral","MPPPST","Proceso Social"],"articleSection":["Noticias","Vida Laboral y Sindical"],"inLanguage":"es"},{"@type":"WebPage","@id":"https:\/\/www.mpppst.gob.ve\/mpppstweb\/index.php\/2017\/01\/11\/torrealba-llamamos-a-los-empresarios-a-producir-y-abandonar-el-golpismo\/","url":"https:\/\/www.mpppst.gob.ve\/mpppstweb\/index.php\/2017\/01\/11\/torrealba-llamamos-a-los-empresarios-a-producir-y-abandonar-el-golpismo\/","name":"Torrealba: Llamamos a los empresarios a producir y abandonar el golpismo - MPPPST","isPartOf":{"@id":"https:\/\/www.mpppst.gob.ve\/mpppstweb\/#website"},"primaryImageOfPage":{"@id":"https:\/\/www.mpppst.gob.ve\/mpppstweb\/index.php\/2017\/01\/11\/torrealba-llamamos-a-los-empresarios-a-producir-y-abandonar-el-golpismo\/#primaryimage"},"image":{"@id":"https:\/\/www.mpppst.gob.ve\/mpppstweb\/index.php\/2017\/01\/11\/torrealba-llamamos-a-los-empresarios-a-producir-y-abandonar-el-golpismo\/#primaryimage"},"thumbnailUrl":"https:\/\/www.mpppst.gob.ve\/mpppstweb\/wp-content\/uploads\/2017\/01\/torrealba-salidaan.jpg","datePublished":"2017-01-11T18:41:46+00:00","dateModified":"2017-01-11T18:41:46+00:00","breadcrumb":{"@id":"https:\/\/www.mpppst.gob.ve\/mpppstweb\/index.php\/2017\/01\/11\/torrealba-llamamos-a-los-empresarios-a-producir-y-abandonar-el-golpismo\/#breadcrumb"},"inLanguage":"es","potentialAction":[{"@type":"ReadAction","target":["https:\/\/www.mpppst.gob.ve\/mpppstweb\/index.php\/2017\/01\/11\/torrealba-llamamos-a-los-empresarios-a-producir-y-abandonar-el-golpismo\/"]}]},{"@type":"ImageObject","inLanguage":"es","@id":"https:\/\/www.mpppst.gob.ve\/mpppstweb\/index.php\/2017\/01\/11\/torrealba-llamamos-a-los-empresarios-a-producir-y-abandonar-el-golpismo\/#primaryimage","url":"https:\/\/www.mpppst.gob.ve\/mpppstweb\/wp-content\/uploads\/2017\/01\/torrealba-salidaan.jpg","contentUrl":"https:\/\/www.mpppst.gob.ve\/mpppstweb\/wp-content\/uploads\/2017\/01\/torrealba-salidaan.jpg","width":801,"height":442},{"@type":"BreadcrumbList","@id":"https:\/\/www.mpppst.gob.ve\/mpppstweb\/index.php\/2017\/01\/11\/torrealba-llamamos-a-los-empresarios-a-producir-y-abandonar-el-golpismo\/#breadcrumb","itemListElement":[{"@type":"ListItem","position":1,"name":"Home","item":"https:\/\/www.mpppst.gob.ve\/mpppstweb\/"},{"@type":"ListItem","position":2,"name":"Torrealba: Llamamos a los empresarios a producir y abandonar el golpismo"}]},{"@type":"WebSite","@id":"https:\/\/www.mpppst.gob.ve\/mpppstweb\/#website","url":"https:\/\/www.mpppst.gob.ve\/mpppstweb\/","name":"MPPPST","description":"Ministerio del Poder Popular para el Proceso Social de Trabajo","publisher":{"@id":"https:\/\/www.mpppst.gob.ve\/mpppstweb\/#organization"},"potentialAction":[{"@type":"SearchAction","target":{"@type":"EntryPoint","urlTemplate":"https:\/\/www.mpppst.gob.ve\/mpppstweb\/?s={search_term_string}"},"query-input":"required name=search_term_string"}],"inLanguage":"es"},{"@type":"Organization","@id":"https:\/\/www.mpppst.gob.ve\/mpppstweb\/#organization","name":"mpppst","url":"https:\/\/www.mpppst.gob.ve\/mpppstweb\/","logo":{"@type":"ImageObject","inLanguage":"es","@id":"https:\/\/www.mpppst.gob.ve\/mpppstweb\/#\/schema\/logo\/image\/","url":"https:\/\/www.mpppst.gob.ve\/mpppstweb\/wp-content\/uploads\/2025\/07\/cropped-cropped-g910.png","contentUrl":"https:\/\/www.mpppst.gob.ve\/mpppstweb\/wp-content\/uploads\/2025\/07\/cropped-cropped-g910.png","width":1080,"height":241,"caption":"mpppst"},"image":{"@id":"https:\/\/www.mpppst.gob.ve\/mpppstweb\/#\/schema\/logo\/image\/"}},{"@type":"Person","@id":"https:\/\/www.mpppst.gob.ve\/mpppstweb\/#\/schema\/person\/fc187ee8ead412bd4c9304b62f900ea4","name":"MPPPST Prensa","url":"https:\/\/www.mpppst.gob.ve\/mpppstweb\/index.php\/author\/prensa-mpppst\/"}]}},"_links":{"self":[{"href":"https:\/\/www.mpppst.gob.ve\/mpppstweb\/index.php\/wp-json\/wp\/v2\/posts\/10064"}],"collection":[{"href":"https:\/\/www.mpppst.gob.ve\/mpppstweb\/index.php\/wp-json\/wp\/v2\/posts"}],"about":[{"href":"https:\/\/www.mpppst.gob.ve\/mpppstweb\/index.php\/wp-json\/wp\/v2\/types\/post"}],"author":[{"embeddable":true,"href":"https:\/\/www.mpppst.gob.ve\/mpppstweb\/index.php\/wp-json\/wp\/v2\/users\/25"}],"replies":[{"embeddable":true,"href":"https:\/\/www.mpppst.gob.ve\/mpppstweb\/index.php\/wp-json\/wp\/v2\/comments?post=10064"}],"version-history":[{"count":1,"href":"https:\/\/www.mpppst.gob.ve\/mpppstweb\/index.php\/wp-json\/wp\/v2\/posts\/10064\/revisions"}],"predecessor-version":[{"id":10066,"href":"https:\/\/www.mpppst.gob.ve\/mpppstweb\/index.php\/wp-json\/wp\/v2\/posts\/10064\/revisions\/10066"}],"wp:featuredmedia":[{"embeddable":true,"href":"https:\/\/www.mpppst.gob.ve\/mpppstweb\/index.php\/wp-json\/wp\/v2\/media\/10065"}],"wp:attachment":[{"href":"https:\/\/www.mpppst.gob.ve\/mpppstweb\/index.php\/wp-json\/wp\/v2\/media?parent=10064"}],"wp:term":[{"taxonomy":"category","embeddable":true,"href":"https:\/\/www.mpppst.gob.ve\/mpppstweb\/index.php\/wp-json\/wp\/v2\/categories?post=10064"},{"taxonomy":"post_tag","embeddable":true,"href":"https:\/\/www.mpppst.gob.ve\/mpppstweb\/index.php\/wp-json\/wp\/v2\/tags?post=10064"}],"curies":[{"name":"wp","href":"https:\/\/api.w.org\/{rel}","templated":true}]}}