{"id":10074,"date":"2017-01-11T20:17:07","date_gmt":"2017-01-11T20:17:07","guid":{"rendered":"http:\/\/www.mpppst.gob.ve\/mpppstweb\/?p=10074"},"modified":"2017-01-11T20:17:07","modified_gmt":"2017-01-11T20:17:07","slug":"la-paz-esta-consolidada-en-la-tierra-de-sandino-y-debe-afianzarse-en-el-mundo","status":"publish","type":"post","link":"https:\/\/www.mpppst.gob.ve\/mpppstweb\/index.php\/2017\/01\/11\/la-paz-esta-consolidada-en-la-tierra-de-sandino-y-debe-afianzarse-en-el-mundo\/","title":{"rendered":"La paz est\u00e1 consolidada en la tierra de Sandino y debe afianzarse en el mundo"},"content":{"rendered":"<p>La paz est\u00e1 consolidada en la tierra de Augusto C\u00e9sar Sandino, afirm\u00f3 el presidente de Nicaragua, Daniel Ortega, al rememorar lo dif\u00edcil que ha sido el camino transitado para poder concretarla, y al comprometerse a trabajar por la uni\u00f3n y la paz de los pueblos del mundo.<\/p>\n<p>Detall\u00f3 que los sucesos \u00a0estuvieron empa\u00f1ados por guerras, presiones y ciza\u00f1as internacionales para alimentar la confrontaci\u00f3n, el atraso y la pobreza, pero gracias a la sabidur\u00eda del pueblo, prevaleci\u00f3 la cordura y el di\u00e1logo, abriendo as\u00ed el camino a la paz tanto en Nicaragua como para Centroam\u00e9rica.<\/p>\n<p>Esta paz comenz\u00f3 a constituirse a partir del a\u00f1o 2007, afirm\u00f3 Daniel Ortega, durante el acto de su investidura como Presidente para per\u00edodo 2017-2022, en el cual participaron los presidentes de la Rep\u00fablica Bolivariana de Venezuela, Nicol\u00e1s Maduro; del Estado Plurinacional de Bolivia, Evo Morales; entre otros l\u00edderes de la regi\u00f3n y del mundo.<br \/>\nEste 10 de enero de 2017, \u201cse ha producido nuevamente el milagro de encontramos en esta Plaza de la Revoluci\u00f3n, de los sue\u00f1os de los nicarag\u00fcenses, de la paz, del progreso, del bienestar, de salud, de la educaci\u00f3n\u201d, dijo el presidente Ortega, al recordar que en este mismo lugar los sandinistas celebraron el 19 de julio de 1979, el derrocamiento de la dinast\u00eda de los Somoza que administr\u00f3 Nicaragua por 42 a\u00f1os.<\/p>\n<p>Por su parte, la vicepresidenta de Nicaragua, Rosario Murillo, agradeci\u00f3 al pueblo de Nicaragua y les reiter\u00f3 el llamado para seguir afianzado la paz y la justicia. \u201cCada d\u00eda es un d\u00eda de trabajo, cada d\u00eda es una inmensa responsabilidad para fortalecer la paz y la unidad que representa la prosperidad que Dios tiene para las familias de Nicaragua\u201d.<\/p>\n<p>\u201c\u00a1Qu\u00e9 linda es Nicaragua! y como sabe de lucha y de honor este pueblo nuestro, todos nosotros estamos dando gracias a Dios por este nuevo d\u00eda, por estos tiempos de victoria, con su gracia y de su mano hemos llegado hasta aqu\u00ed y de su gracia y de su mano vamos a ir m\u00e1s all\u00e1\u201d, expres\u00f3 la vicepresidenta Murillo. <strong>\u00a0<\/strong><\/p>\n","protected":false},"excerpt":{"rendered":"<p>La paz est\u00e1 consolidada en la tierra de Augusto C\u00e9sar Sandino, afirm\u00f3 el presidente de Nicaragua, &hellip; <a title=\"La paz est\u00e1 consolidada en la tierra de Sandino y debe afianzarse en el mundo\" class=\"hm-read-more\" href=\"https:\/\/www.mpppst.gob.ve\/mpppstweb\/index.php\/2017\/01\/11\/la-paz-esta-consolidada-en-la-tierra-de-sandino-y-debe-afianzarse-en-el-mundo\/\"><span class=\"screen-reader-text\">La paz est\u00e1 consolidada en la tierra de Sandino y debe afianzarse en el mundo<\/span>Read more<\/a><\/p>\n","protected":false},"author":25,"featured_media":10075,"comment_status":"closed","ping_status":"closed","sticky":false,"template":"","format":"standard","meta":{"footnotes":""},"categories":[82,8],"tags":[222,223,285],"yoast_head":"<!-- This site is optimized with the Yoast SEO plugin v22.5 - https:\/\/yoast.com\/wordpress\/plugins\/seo\/ -->\n<title>La paz est\u00e1 consolidada en la tierra de Sandino y debe afianzarse en el mundo - MPPPST<\/title>\n<meta name=\"robots\" content=\"index, follow, max-snippet:-1, max-image-preview:large, max-video-preview:-1\" \/>\n<link rel=\"canonical\" href=\"https:\/\/www.mpppst.gob.ve\/mpppstweb\/index.php\/2017\/01\/11\/la-paz-esta-consolidada-en-la-tierra-de-sandino-y-debe-afianzarse-en-el-mundo\/\" \/>\n<meta property=\"og:locale\" content=\"es_ES\" \/>\n<meta property=\"og:type\" content=\"article\" \/>\n<meta property=\"og:title\" content=\"La paz est\u00e1 consolidada en la tierra de Sandino y debe afianzarse en el mundo - MPPPST\" \/>\n<meta property=\"og:description\" content=\"La paz est\u00e1 consolidada en la tierra de Augusto C\u00e9sar Sandino, afirm\u00f3 el presidente de Nicaragua, &hellip; La paz est\u00e1 consolidada en la tierra de Sandino y debe afianzarse en el mundoRead more\" \/>\n<meta property=\"og:url\" content=\"https:\/\/www.mpppst.gob.ve\/mpppstweb\/index.php\/2017\/01\/11\/la-paz-esta-consolidada-en-la-tierra-de-sandino-y-debe-afianzarse-en-el-mundo\/\" \/>\n<meta property=\"og:site_name\" content=\"MPPPST\" \/>\n<meta property=\"article:published_time\" content=\"2017-01-11T20:17:07+00:00\" \/>\n<meta property=\"og:image\" content=\"https:\/\/www.mpppst.gob.ve\/mpppstweb\/wp-content\/uploads\/2017\/01\/maduro-nicaragua.jpg\" \/>\n\t<meta property=\"og:image:width\" content=\"800\" \/>\n\t<meta property=\"og:image:height\" content=\"440\" \/>\n\t<meta property=\"og:image:type\" content=\"image\/jpeg\" \/>\n<meta name=\"author\" content=\"MPPPST Prensa\" \/>\n<meta name=\"twitter:card\" content=\"summary_large_image\" \/>\n<meta name=\"twitter:label1\" content=\"Escrito por\" \/>\n\t<meta name=\"twitter:data1\" content=\"MPPPST Prensa\" \/>\n\t<meta name=\"twitter:label2\" content=\"Tiempo de lectura\" \/>\n\t<meta name=\"twitter:data2\" content=\"2 minutos\" \/>\n<script type=\"application\/ld+json\" class=\"yoast-schema-graph\">{\"@context\":\"https:\/\/schema.org\",\"@graph\":[{\"@type\":\"Article\",\"@id\":\"https:\/\/www.mpppst.gob.ve\/mpppstweb\/index.php\/2017\/01\/11\/la-paz-esta-consolidada-en-la-tierra-de-sandino-y-debe-afianzarse-en-el-mundo\/#article\",\"isPartOf\":{\"@id\":\"https:\/\/www.mpppst.gob.ve\/mpppstweb\/index.php\/2017\/01\/11\/la-paz-esta-consolidada-en-la-tierra-de-sandino-y-debe-afianzarse-en-el-mundo\/\"},\"author\":{\"name\":\"MPPPST Prensa\",\"@id\":\"https:\/\/www.mpppst.gob.ve\/mpppstweb\/#\/schema\/person\/fc187ee8ead412bd4c9304b62f900ea4\"},\"headline\":\"La paz est\u00e1 consolidada en la tierra de Sandino y debe afianzarse en el mundo\",\"datePublished\":\"2017-01-11T20:17:07+00:00\",\"dateModified\":\"2017-01-11T20:17:07+00:00\",\"mainEntityOfPage\":{\"@id\":\"https:\/\/www.mpppst.gob.ve\/mpppstweb\/index.php\/2017\/01\/11\/la-paz-esta-consolidada-en-la-tierra-de-sandino-y-debe-afianzarse-en-el-mundo\/\"},\"wordCount\":373,\"publisher\":{\"@id\":\"https:\/\/www.mpppst.gob.ve\/mpppstweb\/#organization\"},\"image\":{\"@id\":\"https:\/\/www.mpppst.gob.ve\/mpppstweb\/index.php\/2017\/01\/11\/la-paz-esta-consolidada-en-la-tierra-de-sandino-y-debe-afianzarse-en-el-mundo\/#primaryimage\"},\"thumbnailUrl\":\"https:\/\/www.mpppst.gob.ve\/mpppstweb\/wp-content\/uploads\/2017\/01\/maduro-nicaragua.jpg\",\"keywords\":[\"Gobierno Bolivariano\",\"MPPPST\",\"Presidente Maduro\"],\"articleSection\":[\"Gobierno Nacional\",\"Internacionales\"],\"inLanguage\":\"es\"},{\"@type\":\"WebPage\",\"@id\":\"https:\/\/www.mpppst.gob.ve\/mpppstweb\/index.php\/2017\/01\/11\/la-paz-esta-consolidada-en-la-tierra-de-sandino-y-debe-afianzarse-en-el-mundo\/\",\"url\":\"https:\/\/www.mpppst.gob.ve\/mpppstweb\/index.php\/2017\/01\/11\/la-paz-esta-consolidada-en-la-tierra-de-sandino-y-debe-afianzarse-en-el-mundo\/\",\"name\":\"La paz est\u00e1 consolidada en la tierra de Sandino y debe afianzarse en el mundo - MPPPST\",\"isPartOf\":{\"@id\":\"https:\/\/www.mpppst.gob.ve\/mpppstweb\/#website\"},\"primaryImageOfPage\":{\"@id\":\"https:\/\/www.mpppst.gob.ve\/mpppstweb\/index.php\/2017\/01\/11\/la-paz-esta-consolidada-en-la-tierra-de-sandino-y-debe-afianzarse-en-el-mundo\/#primaryimage\"},\"image\":{\"@id\":\"https:\/\/www.mpppst.gob.ve\/mpppstweb\/index.php\/2017\/01\/11\/la-paz-esta-consolidada-en-la-tierra-de-sandino-y-debe-afianzarse-en-el-mundo\/#primaryimage\"},\"thumbnailUrl\":\"https:\/\/www.mpppst.gob.ve\/mpppstweb\/wp-content\/uploads\/2017\/01\/maduro-nicaragua.jpg\",\"datePublished\":\"2017-01-11T20:17:07+00:00\",\"dateModified\":\"2017-01-11T20:17:07+00:00\",\"breadcrumb\":{\"@id\":\"https:\/\/www.mpppst.gob.ve\/mpppstweb\/index.php\/2017\/01\/11\/la-paz-esta-consolidada-en-la-tierra-de-sandino-y-debe-afianzarse-en-el-mundo\/#breadcrumb\"},\"inLanguage\":\"es\",\"potentialAction\":[{\"@type\":\"ReadAction\",\"target\":[\"https:\/\/www.mpppst.gob.ve\/mpppstweb\/index.php\/2017\/01\/11\/la-paz-esta-consolidada-en-la-tierra-de-sandino-y-debe-afianzarse-en-el-mundo\/\"]}]},{\"@type\":\"ImageObject\",\"inLanguage\":\"es\",\"@id\":\"https:\/\/www.mpppst.gob.ve\/mpppstweb\/index.php\/2017\/01\/11\/la-paz-esta-consolidada-en-la-tierra-de-sandino-y-debe-afianzarse-en-el-mundo\/#primaryimage\",\"url\":\"https:\/\/www.mpppst.gob.ve\/mpppstweb\/wp-content\/uploads\/2017\/01\/maduro-nicaragua.jpg\",\"contentUrl\":\"https:\/\/www.mpppst.gob.ve\/mpppstweb\/wp-content\/uploads\/2017\/01\/maduro-nicaragua.jpg\",\"width\":800,\"height\":440},{\"@type\":\"BreadcrumbList\",\"@id\":\"https:\/\/www.mpppst.gob.ve\/mpppstweb\/index.php\/2017\/01\/11\/la-paz-esta-consolidada-en-la-tierra-de-sandino-y-debe-afianzarse-en-el-mundo\/#breadcrumb\",\"itemListElement\":[{\"@type\":\"ListItem\",\"position\":1,\"name\":\"Home\",\"item\":\"https:\/\/www.mpppst.gob.ve\/mpppstweb\/\"},{\"@type\":\"ListItem\",\"position\":2,\"name\":\"La paz est\u00e1 consolidada en la tierra de Sandino y debe afianzarse en el mundo\"}]},{\"@type\":\"WebSite\",\"@id\":\"https:\/\/www.mpppst.gob.ve\/mpppstweb\/#website\",\"url\":\"https:\/\/www.mpppst.gob.ve\/mpppstweb\/\",\"name\":\"MPPPST\",\"description\":\"Ministerio del Poder Popular para el Proceso Social de Trabajo\",\"publisher\":{\"@id\":\"https:\/\/www.mpppst.gob.ve\/mpppstweb\/#organization\"},\"potentialAction\":[{\"@type\":\"SearchAction\",\"target\":{\"@type\":\"EntryPoint\",\"urlTemplate\":\"https:\/\/www.mpppst.gob.ve\/mpppstweb\/?s={search_term_string}\"},\"query-input\":\"required name=search_term_string\"}],\"inLanguage\":\"es\"},{\"@type\":\"Organization\",\"@id\":\"https:\/\/www.mpppst.gob.ve\/mpppstweb\/#organization\",\"name\":\"mpppst\",\"url\":\"https:\/\/www.mpppst.gob.ve\/mpppstweb\/\",\"logo\":{\"@type\":\"ImageObject\",\"inLanguage\":\"es\",\"@id\":\"https:\/\/www.mpppst.gob.ve\/mpppstweb\/#\/schema\/logo\/image\/\",\"url\":\"https:\/\/www.mpppst.gob.ve\/mpppstweb\/wp-content\/uploads\/2025\/07\/cropped-cropped-g910.png\",\"contentUrl\":\"https:\/\/www.mpppst.gob.ve\/mpppstweb\/wp-content\/uploads\/2025\/07\/cropped-cropped-g910.png\",\"width\":1080,\"height\":241,\"caption\":\"mpppst\"},\"image\":{\"@id\":\"https:\/\/www.mpppst.gob.ve\/mpppstweb\/#\/schema\/logo\/image\/\"}},{\"@type\":\"Person\",\"@id\":\"https:\/\/www.mpppst.gob.ve\/mpppstweb\/#\/schema\/person\/fc187ee8ead412bd4c9304b62f900ea4\",\"name\":\"MPPPST Prensa\",\"url\":\"https:\/\/www.mpppst.gob.ve\/mpppstweb\/index.php\/author\/prensa-mpppst\/\"}]}<\/script>\n<!-- \/ Yoast SEO plugin. -->","yoast_head_json":{"title":"La paz est\u00e1 consolidada en la tierra de Sandino y debe afianzarse en el mundo - MPPPST","robots":{"index":"index","follow":"follow","max-snippet":"max-snippet:-1","max-image-preview":"max-image-preview:large","max-video-preview":"max-video-preview:-1"},"canonical":"https:\/\/www.mpppst.gob.ve\/mpppstweb\/index.php\/2017\/01\/11\/la-paz-esta-consolidada-en-la-tierra-de-sandino-y-debe-afianzarse-en-el-mundo\/","og_locale":"es_ES","og_type":"article","og_title":"La paz est\u00e1 consolidada en la tierra de Sandino y debe afianzarse en el mundo - MPPPST","og_description":"La paz est\u00e1 consolidada en la tierra de Augusto C\u00e9sar Sandino, afirm\u00f3 el presidente de Nicaragua, &hellip; La paz est\u00e1 consolidada en la tierra de Sandino y debe afianzarse en el mundoRead more","og_url":"https:\/\/www.mpppst.gob.ve\/mpppstweb\/index.php\/2017\/01\/11\/la-paz-esta-consolidada-en-la-tierra-de-sandino-y-debe-afianzarse-en-el-mundo\/","og_site_name":"MPPPST","article_published_time":"2017-01-11T20:17:07+00:00","og_image":[{"width":800,"height":440,"url":"https:\/\/www.mpppst.gob.ve\/mpppstweb\/wp-content\/uploads\/2017\/01\/maduro-nicaragua.jpg","type":"image\/jpeg"}],"author":"MPPPST Prensa","twitter_card":"summary_large_image","twitter_misc":{"Escrito por":"MPPPST Prensa","Tiempo de lectura":"2 minutos"},"schema":{"@context":"https:\/\/schema.org","@graph":[{"@type":"Article","@id":"https:\/\/www.mpppst.gob.ve\/mpppstweb\/index.php\/2017\/01\/11\/la-paz-esta-consolidada-en-la-tierra-de-sandino-y-debe-afianzarse-en-el-mundo\/#article","isPartOf":{"@id":"https:\/\/www.mpppst.gob.ve\/mpppstweb\/index.php\/2017\/01\/11\/la-paz-esta-consolidada-en-la-tierra-de-sandino-y-debe-afianzarse-en-el-mundo\/"},"author":{"name":"MPPPST Prensa","@id":"https:\/\/www.mpppst.gob.ve\/mpppstweb\/#\/schema\/person\/fc187ee8ead412bd4c9304b62f900ea4"},"headline":"La paz est\u00e1 consolidada en la tierra de Sandino y debe afianzarse en el mundo","datePublished":"2017-01-11T20:17:07+00:00","dateModified":"2017-01-11T20:17:07+00:00","mainEntityOfPage":{"@id":"https:\/\/www.mpppst.gob.ve\/mpppstweb\/index.php\/2017\/01\/11\/la-paz-esta-consolidada-en-la-tierra-de-sandino-y-debe-afianzarse-en-el-mundo\/"},"wordCount":373,"publisher":{"@id":"https:\/\/www.mpppst.gob.ve\/mpppstweb\/#organization"},"image":{"@id":"https:\/\/www.mpppst.gob.ve\/mpppstweb\/index.php\/2017\/01\/11\/la-paz-esta-consolidada-en-la-tierra-de-sandino-y-debe-afianzarse-en-el-mundo\/#primaryimage"},"thumbnailUrl":"https:\/\/www.mpppst.gob.ve\/mpppstweb\/wp-content\/uploads\/2017\/01\/maduro-nicaragua.jpg","keywords":["Gobierno Bolivariano","MPPPST","Presidente Maduro"],"articleSection":["Gobierno Nacional","Internacionales"],"inLanguage":"es"},{"@type":"WebPage","@id":"https:\/\/www.mpppst.gob.ve\/mpppstweb\/index.php\/2017\/01\/11\/la-paz-esta-consolidada-en-la-tierra-de-sandino-y-debe-afianzarse-en-el-mundo\/","url":"https:\/\/www.mpppst.gob.ve\/mpppstweb\/index.php\/2017\/01\/11\/la-paz-esta-consolidada-en-la-tierra-de-sandino-y-debe-afianzarse-en-el-mundo\/","name":"La paz est\u00e1 consolidada en la tierra de Sandino y debe afianzarse en el mundo - MPPPST","isPartOf":{"@id":"https:\/\/www.mpppst.gob.ve\/mpppstweb\/#website"},"primaryImageOfPage":{"@id":"https:\/\/www.mpppst.gob.ve\/mpppstweb\/index.php\/2017\/01\/11\/la-paz-esta-consolidada-en-la-tierra-de-sandino-y-debe-afianzarse-en-el-mundo\/#primaryimage"},"image":{"@id":"https:\/\/www.mpppst.gob.ve\/mpppstweb\/index.php\/2017\/01\/11\/la-paz-esta-consolidada-en-la-tierra-de-sandino-y-debe-afianzarse-en-el-mundo\/#primaryimage"},"thumbnailUrl":"https:\/\/www.mpppst.gob.ve\/mpppstweb\/wp-content\/uploads\/2017\/01\/maduro-nicaragua.jpg","datePublished":"2017-01-11T20:17:07+00:00","dateModified":"2017-01-11T20:17:07+00:00","breadcrumb":{"@id":"https:\/\/www.mpppst.gob.ve\/mpppstweb\/index.php\/2017\/01\/11\/la-paz-esta-consolidada-en-la-tierra-de-sandino-y-debe-afianzarse-en-el-mundo\/#breadcrumb"},"inLanguage":"es","potentialAction":[{"@type":"ReadAction","target":["https:\/\/www.mpppst.gob.ve\/mpppstweb\/index.php\/2017\/01\/11\/la-paz-esta-consolidada-en-la-tierra-de-sandino-y-debe-afianzarse-en-el-mundo\/"]}]},{"@type":"ImageObject","inLanguage":"es","@id":"https:\/\/www.mpppst.gob.ve\/mpppstweb\/index.php\/2017\/01\/11\/la-paz-esta-consolidada-en-la-tierra-de-sandino-y-debe-afianzarse-en-el-mundo\/#primaryimage","url":"https:\/\/www.mpppst.gob.ve\/mpppstweb\/wp-content\/uploads\/2017\/01\/maduro-nicaragua.jpg","contentUrl":"https:\/\/www.mpppst.gob.ve\/mpppstweb\/wp-content\/uploads\/2017\/01\/maduro-nicaragua.jpg","width":800,"height":440},{"@type":"BreadcrumbList","@id":"https:\/\/www.mpppst.gob.ve\/mpppstweb\/index.php\/2017\/01\/11\/la-paz-esta-consolidada-en-la-tierra-de-sandino-y-debe-afianzarse-en-el-mundo\/#breadcrumb","itemListElement":[{"@type":"ListItem","position":1,"name":"Home","item":"https:\/\/www.mpppst.gob.ve\/mpppstweb\/"},{"@type":"ListItem","position":2,"name":"La paz est\u00e1 consolidada en la tierra de Sandino y debe afianzarse en el mundo"}]},{"@type":"WebSite","@id":"https:\/\/www.mpppst.gob.ve\/mpppstweb\/#website","url":"https:\/\/www.mpppst.gob.ve\/mpppstweb\/","name":"MPPPST","description":"Ministerio del Poder Popular para el Proceso Social de Trabajo","publisher":{"@id":"https:\/\/www.mpppst.gob.ve\/mpppstweb\/#organization"},"potentialAction":[{"@type":"SearchAction","target":{"@type":"EntryPoint","urlTemplate":"https:\/\/www.mpppst.gob.ve\/mpppstweb\/?s={search_term_string}"},"query-input":"required name=search_term_string"}],"inLanguage":"es"},{"@type":"Organization","@id":"https:\/\/www.mpppst.gob.ve\/mpppstweb\/#organization","name":"mpppst","url":"https:\/\/www.mpppst.gob.ve\/mpppstweb\/","logo":{"@type":"ImageObject","inLanguage":"es","@id":"https:\/\/www.mpppst.gob.ve\/mpppstweb\/#\/schema\/logo\/image\/","url":"https:\/\/www.mpppst.gob.ve\/mpppstweb\/wp-content\/uploads\/2025\/07\/cropped-cropped-g910.png","contentUrl":"https:\/\/www.mpppst.gob.ve\/mpppstweb\/wp-content\/uploads\/2025\/07\/cropped-cropped-g910.png","width":1080,"height":241,"caption":"mpppst"},"image":{"@id":"https:\/\/www.mpppst.gob.ve\/mpppstweb\/#\/schema\/logo\/image\/"}},{"@type":"Person","@id":"https:\/\/www.mpppst.gob.ve\/mpppstweb\/#\/schema\/person\/fc187ee8ead412bd4c9304b62f900ea4","name":"MPPPST Prensa","url":"https:\/\/www.mpppst.gob.ve\/mpppstweb\/index.php\/author\/prensa-mpppst\/"}]}},"_links":{"self":[{"href":"https:\/\/www.mpppst.gob.ve\/mpppstweb\/index.php\/wp-json\/wp\/v2\/posts\/10074"}],"collection":[{"href":"https:\/\/www.mpppst.gob.ve\/mpppstweb\/index.php\/wp-json\/wp\/v2\/posts"}],"about":[{"href":"https:\/\/www.mpppst.gob.ve\/mpppstweb\/index.php\/wp-json\/wp\/v2\/types\/post"}],"author":[{"embeddable":true,"href":"https:\/\/www.mpppst.gob.ve\/mpppstweb\/index.php\/wp-json\/wp\/v2\/users\/25"}],"replies":[{"embeddable":true,"href":"https:\/\/www.mpppst.gob.ve\/mpppstweb\/index.php\/wp-json\/wp\/v2\/comments?post=10074"}],"version-history":[{"count":1,"href":"https:\/\/www.mpppst.gob.ve\/mpppstweb\/index.php\/wp-json\/wp\/v2\/posts\/10074\/revisions"}],"predecessor-version":[{"id":10076,"href":"https:\/\/www.mpppst.gob.ve\/mpppstweb\/index.php\/wp-json\/wp\/v2\/posts\/10074\/revisions\/10076"}],"wp:featuredmedia":[{"embeddable":true,"href":"https:\/\/www.mpppst.gob.ve\/mpppstweb\/index.php\/wp-json\/wp\/v2\/media\/10075"}],"wp:attachment":[{"href":"https:\/\/www.mpppst.gob.ve\/mpppstweb\/index.php\/wp-json\/wp\/v2\/media?parent=10074"}],"wp:term":[{"taxonomy":"category","embeddable":true,"href":"https:\/\/www.mpppst.gob.ve\/mpppstweb\/index.php\/wp-json\/wp\/v2\/categories?post=10074"},{"taxonomy":"post_tag","embeddable":true,"href":"https:\/\/www.mpppst.gob.ve\/mpppstweb\/index.php\/wp-json\/wp\/v2\/tags?post=10074"}],"curies":[{"name":"wp","href":"https:\/\/api.w.org\/{rel}","templated":true}]}}