{"id":10082,"date":"2017-01-12T01:06:34","date_gmt":"2017-01-12T01:06:34","guid":{"rendered":"http:\/\/www.mpppst.gob.ve\/mpppstweb\/?p=10082"},"modified":"2017-01-12T01:10:12","modified_gmt":"2017-01-12T01:10:12","slug":"ministro-torrealba-invito-a-fedecamaras-a-construir-soluciones-para-trabajadores-del-sector-privado","status":"publish","type":"post","link":"https:\/\/www.mpppst.gob.ve\/mpppstweb\/index.php\/2017\/01\/12\/ministro-torrealba-invito-a-fedecamaras-a-construir-soluciones-para-trabajadores-del-sector-privado\/","title":{"rendered":"Ministro Torrealba invit\u00f3 a Fedec\u00e1maras a construir soluciones para trabajadores del sector privado"},"content":{"rendered":"<p>Prensa MPPPST.- El Ministro del Poder Popular para el Proceso Social de Trabajo, Francisco Torrealba, sostuvo una primera reuni\u00f3n con la representaci\u00f3n empresarial de Fedec\u00e1maras en la cual los empresarios transmitieron la disposici\u00f3n de activar al m\u00e1ximo nivel todas sus capacidades para que el pa\u00eds salga adelante. Y resolver los problemas que atraviesan los venezolanos y venezolanas en conjunto con el Gobierno Nacional.<\/p>\n<p>El ministro expres\u00f3 tambi\u00e9n que el Gobierno Nacional del presidente Nicol\u00e1s Maduro est\u00e1 haciendo un llamado a los empresarios del pa\u00eds debido a que existe la preocupaci\u00f3n por un fen\u00f3meno que ha venido ocurriendo en los \u00faltimos meses producto de los incrementos salariales. \u201cCon estos \u00faltimos incrementos del salario m\u00ednimo hubo un solapamiento de los trabajadores, b\u00e1sicamente del sector privado. Eso genera que gran cantidad de venezolanos y venezolanas se queden estancados en el salario m\u00ednimo, producto de que en el sector privado no existe una pol\u00edtica de ajuste progresivo hacia arriba despu\u00e9s del salario m\u00ednimo\u201d, subray\u00f3 el ministro Torrealba.<\/p>\n<p><strong>El salario m\u00ednimo no puede ser salario \u00fanico<\/strong><\/p>\n<p>Agreg\u00f3 que \u201ctenemos que hacer lo que ha planteado el presidente Maduro, que el salario m\u00ednimo no se convierta en el salario \u00fanico; y para que eso no ocurra estamos planteando construir una alternativa. Hemos pedido a la representaci\u00f3n de Fedec\u00e1maras que propongan unas ideas que permitan generar el equilibrio necesario en el sector privado para los trabajadores que tienen varios a\u00f1os de antig\u00fcedad, para los que se han formado en las universidades y los que han acumulado experiencias\u201d.<\/p>\n<p>El ministro Francisco Torrealba explic\u00f3 que \u201chay que poner esfuerzos en la construcci\u00f3n de soluciones, llamarlos a abandonar -si existiera- la agenda del golpismo, como la agenda del sabotaje, llamarlos a que se sumen a la construcci\u00f3n de soluciones, a la iniciativa del presidente Maduro que est\u00e1 inmersa en el plan de desarrollo y en las conversaciones que se vienen dando con todo el empresariado honesto de este pa\u00eds. Y por otra parte, a trabajar sobre los problemas que afectan a los trabajadores y trabajadoras del sector privado.<\/p>\n<p>De esta manera, el Ministerio del Poder Popular para el Proceso Social de Trabajo estar\u00e1 alerta ante la propuesta que presentar\u00e1 en un plazo corto el sector empresarial Fedec\u00e1maras con el fin de buscarle soluci\u00f3n a los problemas que han venido afectando a los trabajadores y trabajadoras del sector privado.<\/p>\n<p>&nbsp;<\/p>\n<p>Por Elio Garc\u00eda<\/p>\n","protected":false},"excerpt":{"rendered":"<p>Prensa MPPPST.- El Ministro del Poder Popular para el Proceso Social de Trabajo, Francisco Torrealba, sostuvo &hellip; <a title=\"Ministro Torrealba invit\u00f3 a Fedec\u00e1maras a construir soluciones para trabajadores del sector privado\" class=\"hm-read-more\" href=\"https:\/\/www.mpppst.gob.ve\/mpppstweb\/index.php\/2017\/01\/12\/ministro-torrealba-invito-a-fedecamaras-a-construir-soluciones-para-trabajadores-del-sector-privado\/\"><span class=\"screen-reader-text\">Ministro Torrealba invit\u00f3 a Fedec\u00e1maras a construir soluciones para trabajadores del sector privado<\/span>Read more<\/a><\/p>\n","protected":false},"author":25,"featured_media":10084,"comment_status":"closed","ping_status":"closed","sticky":false,"template":"","format":"standard","meta":{"footnotes":""},"categories":[83,188,279],"tags":[241,222,242,280],"yoast_head":"<!-- This site is optimized with the Yoast SEO plugin v22.5 - https:\/\/yoast.com\/wordpress\/plugins\/seo\/ -->\n<title>Ministro Torrealba invit\u00f3 a Fedec\u00e1maras a construir soluciones para trabajadores del sector privado - MPPPST<\/title>\n<meta name=\"robots\" content=\"index, follow, max-snippet:-1, max-image-preview:large, max-video-preview:-1\" \/>\n<link rel=\"canonical\" href=\"https:\/\/www.mpppst.gob.ve\/mpppstweb\/index.php\/2017\/01\/12\/ministro-torrealba-invito-a-fedecamaras-a-construir-soluciones-para-trabajadores-del-sector-privado\/\" \/>\n<meta property=\"og:locale\" content=\"es_ES\" \/>\n<meta property=\"og:type\" content=\"article\" \/>\n<meta property=\"og:title\" content=\"Ministro Torrealba invit\u00f3 a Fedec\u00e1maras a construir soluciones para trabajadores del sector privado - MPPPST\" \/>\n<meta property=\"og:description\" content=\"Prensa MPPPST.- El Ministro del Poder Popular para el Proceso Social de Trabajo, Francisco Torrealba, sostuvo &hellip; Ministro Torrealba invit\u00f3 a Fedec\u00e1maras a construir soluciones para trabajadores del sector privadoRead more\" \/>\n<meta property=\"og:url\" content=\"https:\/\/www.mpppst.gob.ve\/mpppstweb\/index.php\/2017\/01\/12\/ministro-torrealba-invito-a-fedecamaras-a-construir-soluciones-para-trabajadores-del-sector-privado\/\" \/>\n<meta property=\"og:site_name\" content=\"MPPPST\" \/>\n<meta property=\"article:published_time\" content=\"2017-01-12T01:06:34+00:00\" \/>\n<meta property=\"article:modified_time\" content=\"2017-01-12T01:10:12+00:00\" \/>\n<meta property=\"og:image\" content=\"https:\/\/www.mpppst.gob.ve\/mpppstweb\/wp-content\/uploads\/2017\/01\/FEDEC\u00c1MARAS.jpg\" \/>\n\t<meta property=\"og:image:width\" content=\"800\" \/>\n\t<meta property=\"og:image:height\" content=\"445\" \/>\n\t<meta property=\"og:image:type\" content=\"image\/jpeg\" \/>\n<meta name=\"author\" content=\"MPPPST Prensa\" \/>\n<meta name=\"twitter:card\" content=\"summary_large_image\" \/>\n<meta name=\"twitter:label1\" content=\"Escrito por\" \/>\n\t<meta name=\"twitter:data1\" content=\"MPPPST Prensa\" \/>\n\t<meta name=\"twitter:label2\" content=\"Tiempo de lectura\" \/>\n\t<meta name=\"twitter:data2\" content=\"2 minutos\" \/>\n<script type=\"application\/ld+json\" class=\"yoast-schema-graph\">{\"@context\":\"https:\/\/schema.org\",\"@graph\":[{\"@type\":\"Article\",\"@id\":\"https:\/\/www.mpppst.gob.ve\/mpppstweb\/index.php\/2017\/01\/12\/ministro-torrealba-invito-a-fedecamaras-a-construir-soluciones-para-trabajadores-del-sector-privado\/#article\",\"isPartOf\":{\"@id\":\"https:\/\/www.mpppst.gob.ve\/mpppstweb\/index.php\/2017\/01\/12\/ministro-torrealba-invito-a-fedecamaras-a-construir-soluciones-para-trabajadores-del-sector-privado\/\"},\"author\":{\"name\":\"MPPPST Prensa\",\"@id\":\"https:\/\/www.mpppst.gob.ve\/mpppstweb\/#\/schema\/person\/fc187ee8ead412bd4c9304b62f900ea4\"},\"headline\":\"Ministro Torrealba invit\u00f3 a Fedec\u00e1maras a construir soluciones para trabajadores del sector privado\",\"datePublished\":\"2017-01-12T01:06:34+00:00\",\"dateModified\":\"2017-01-12T01:10:12+00:00\",\"mainEntityOfPage\":{\"@id\":\"https:\/\/www.mpppst.gob.ve\/mpppstweb\/index.php\/2017\/01\/12\/ministro-torrealba-invito-a-fedecamaras-a-construir-soluciones-para-trabajadores-del-sector-privado\/\"},\"wordCount\":436,\"publisher\":{\"@id\":\"https:\/\/www.mpppst.gob.ve\/mpppstweb\/#organization\"},\"image\":{\"@id\":\"https:\/\/www.mpppst.gob.ve\/mpppstweb\/index.php\/2017\/01\/12\/ministro-torrealba-invito-a-fedecamaras-a-construir-soluciones-para-trabajadores-del-sector-privado\/#primaryimage\"},\"thumbnailUrl\":\"https:\/\/www.mpppst.gob.ve\/mpppstweb\/wp-content\/uploads\/2017\/01\/FEDEC\u00c1MARAS.jpg\",\"keywords\":[\"Cadenas productivas\",\"Gobierno Bolivariano\",\"Justa distribuci\u00f3n de la riqueza\",\"Sector Empresarial\"],\"articleSection\":[\"Ministerio\",\"Relaciones Laborales\",\"Sector Empresarial\"],\"inLanguage\":\"es\"},{\"@type\":\"WebPage\",\"@id\":\"https:\/\/www.mpppst.gob.ve\/mpppstweb\/index.php\/2017\/01\/12\/ministro-torrealba-invito-a-fedecamaras-a-construir-soluciones-para-trabajadores-del-sector-privado\/\",\"url\":\"https:\/\/www.mpppst.gob.ve\/mpppstweb\/index.php\/2017\/01\/12\/ministro-torrealba-invito-a-fedecamaras-a-construir-soluciones-para-trabajadores-del-sector-privado\/\",\"name\":\"Ministro Torrealba invit\u00f3 a Fedec\u00e1maras a construir soluciones para trabajadores del sector privado - MPPPST\",\"isPartOf\":{\"@id\":\"https:\/\/www.mpppst.gob.ve\/mpppstweb\/#website\"},\"primaryImageOfPage\":{\"@id\":\"https:\/\/www.mpppst.gob.ve\/mpppstweb\/index.php\/2017\/01\/12\/ministro-torrealba-invito-a-fedecamaras-a-construir-soluciones-para-trabajadores-del-sector-privado\/#primaryimage\"},\"image\":{\"@id\":\"https:\/\/www.mpppst.gob.ve\/mpppstweb\/index.php\/2017\/01\/12\/ministro-torrealba-invito-a-fedecamaras-a-construir-soluciones-para-trabajadores-del-sector-privado\/#primaryimage\"},\"thumbnailUrl\":\"https:\/\/www.mpppst.gob.ve\/mpppstweb\/wp-content\/uploads\/2017\/01\/FEDEC\u00c1MARAS.jpg\",\"datePublished\":\"2017-01-12T01:06:34+00:00\",\"dateModified\":\"2017-01-12T01:10:12+00:00\",\"breadcrumb\":{\"@id\":\"https:\/\/www.mpppst.gob.ve\/mpppstweb\/index.php\/2017\/01\/12\/ministro-torrealba-invito-a-fedecamaras-a-construir-soluciones-para-trabajadores-del-sector-privado\/#breadcrumb\"},\"inLanguage\":\"es\",\"potentialAction\":[{\"@type\":\"ReadAction\",\"target\":[\"https:\/\/www.mpppst.gob.ve\/mpppstweb\/index.php\/2017\/01\/12\/ministro-torrealba-invito-a-fedecamaras-a-construir-soluciones-para-trabajadores-del-sector-privado\/\"]}]},{\"@type\":\"ImageObject\",\"inLanguage\":\"es\",\"@id\":\"https:\/\/www.mpppst.gob.ve\/mpppstweb\/index.php\/2017\/01\/12\/ministro-torrealba-invito-a-fedecamaras-a-construir-soluciones-para-trabajadores-del-sector-privado\/#primaryimage\",\"url\":\"https:\/\/www.mpppst.gob.ve\/mpppstweb\/wp-content\/uploads\/2017\/01\/FEDEC\u00c1MARAS.jpg\",\"contentUrl\":\"https:\/\/www.mpppst.gob.ve\/mpppstweb\/wp-content\/uploads\/2017\/01\/FEDEC\u00c1MARAS.jpg\",\"width\":800,\"height\":445},{\"@type\":\"BreadcrumbList\",\"@id\":\"https:\/\/www.mpppst.gob.ve\/mpppstweb\/index.php\/2017\/01\/12\/ministro-torrealba-invito-a-fedecamaras-a-construir-soluciones-para-trabajadores-del-sector-privado\/#breadcrumb\",\"itemListElement\":[{\"@type\":\"ListItem\",\"position\":1,\"name\":\"Home\",\"item\":\"https:\/\/www.mpppst.gob.ve\/mpppstweb\/\"},{\"@type\":\"ListItem\",\"position\":2,\"name\":\"Ministro Torrealba invit\u00f3 a Fedec\u00e1maras a construir soluciones para trabajadores del sector privado\"}]},{\"@type\":\"WebSite\",\"@id\":\"https:\/\/www.mpppst.gob.ve\/mpppstweb\/#website\",\"url\":\"https:\/\/www.mpppst.gob.ve\/mpppstweb\/\",\"name\":\"MPPPST\",\"description\":\"Ministerio del Poder Popular para el Proceso Social de Trabajo\",\"publisher\":{\"@id\":\"https:\/\/www.mpppst.gob.ve\/mpppstweb\/#organization\"},\"potentialAction\":[{\"@type\":\"SearchAction\",\"target\":{\"@type\":\"EntryPoint\",\"urlTemplate\":\"https:\/\/www.mpppst.gob.ve\/mpppstweb\/?s={search_term_string}\"},\"query-input\":\"required name=search_term_string\"}],\"inLanguage\":\"es\"},{\"@type\":\"Organization\",\"@id\":\"https:\/\/www.mpppst.gob.ve\/mpppstweb\/#organization\",\"name\":\"mpppst\",\"url\":\"https:\/\/www.mpppst.gob.ve\/mpppstweb\/\",\"logo\":{\"@type\":\"ImageObject\",\"inLanguage\":\"es\",\"@id\":\"https:\/\/www.mpppst.gob.ve\/mpppstweb\/#\/schema\/logo\/image\/\",\"url\":\"https:\/\/www.mpppst.gob.ve\/mpppstweb\/wp-content\/uploads\/2025\/07\/cropped-cropped-g910.png\",\"contentUrl\":\"https:\/\/www.mpppst.gob.ve\/mpppstweb\/wp-content\/uploads\/2025\/07\/cropped-cropped-g910.png\",\"width\":1080,\"height\":241,\"caption\":\"mpppst\"},\"image\":{\"@id\":\"https:\/\/www.mpppst.gob.ve\/mpppstweb\/#\/schema\/logo\/image\/\"}},{\"@type\":\"Person\",\"@id\":\"https:\/\/www.mpppst.gob.ve\/mpppstweb\/#\/schema\/person\/fc187ee8ead412bd4c9304b62f900ea4\",\"name\":\"MPPPST Prensa\",\"url\":\"https:\/\/www.mpppst.gob.ve\/mpppstweb\/index.php\/author\/prensa-mpppst\/\"}]}<\/script>\n<!-- \/ Yoast SEO plugin. -->","yoast_head_json":{"title":"Ministro Torrealba invit\u00f3 a Fedec\u00e1maras a construir soluciones para trabajadores del sector privado - MPPPST","robots":{"index":"index","follow":"follow","max-snippet":"max-snippet:-1","max-image-preview":"max-image-preview:large","max-video-preview":"max-video-preview:-1"},"canonical":"https:\/\/www.mpppst.gob.ve\/mpppstweb\/index.php\/2017\/01\/12\/ministro-torrealba-invito-a-fedecamaras-a-construir-soluciones-para-trabajadores-del-sector-privado\/","og_locale":"es_ES","og_type":"article","og_title":"Ministro Torrealba invit\u00f3 a Fedec\u00e1maras a construir soluciones para trabajadores del sector privado - MPPPST","og_description":"Prensa MPPPST.- El Ministro del Poder Popular para el Proceso Social de Trabajo, Francisco Torrealba, sostuvo &hellip; Ministro Torrealba invit\u00f3 a Fedec\u00e1maras a construir soluciones para trabajadores del sector privadoRead more","og_url":"https:\/\/www.mpppst.gob.ve\/mpppstweb\/index.php\/2017\/01\/12\/ministro-torrealba-invito-a-fedecamaras-a-construir-soluciones-para-trabajadores-del-sector-privado\/","og_site_name":"MPPPST","article_published_time":"2017-01-12T01:06:34+00:00","article_modified_time":"2017-01-12T01:10:12+00:00","og_image":[{"width":800,"height":445,"url":"https:\/\/www.mpppst.gob.ve\/mpppstweb\/wp-content\/uploads\/2017\/01\/FEDEC\u00c1MARAS.jpg","type":"image\/jpeg"}],"author":"MPPPST Prensa","twitter_card":"summary_large_image","twitter_misc":{"Escrito por":"MPPPST Prensa","Tiempo de lectura":"2 minutos"},"schema":{"@context":"https:\/\/schema.org","@graph":[{"@type":"Article","@id":"https:\/\/www.mpppst.gob.ve\/mpppstweb\/index.php\/2017\/01\/12\/ministro-torrealba-invito-a-fedecamaras-a-construir-soluciones-para-trabajadores-del-sector-privado\/#article","isPartOf":{"@id":"https:\/\/www.mpppst.gob.ve\/mpppstweb\/index.php\/2017\/01\/12\/ministro-torrealba-invito-a-fedecamaras-a-construir-soluciones-para-trabajadores-del-sector-privado\/"},"author":{"name":"MPPPST Prensa","@id":"https:\/\/www.mpppst.gob.ve\/mpppstweb\/#\/schema\/person\/fc187ee8ead412bd4c9304b62f900ea4"},"headline":"Ministro Torrealba invit\u00f3 a Fedec\u00e1maras a construir soluciones para trabajadores del sector privado","datePublished":"2017-01-12T01:06:34+00:00","dateModified":"2017-01-12T01:10:12+00:00","mainEntityOfPage":{"@id":"https:\/\/www.mpppst.gob.ve\/mpppstweb\/index.php\/2017\/01\/12\/ministro-torrealba-invito-a-fedecamaras-a-construir-soluciones-para-trabajadores-del-sector-privado\/"},"wordCount":436,"publisher":{"@id":"https:\/\/www.mpppst.gob.ve\/mpppstweb\/#organization"},"image":{"@id":"https:\/\/www.mpppst.gob.ve\/mpppstweb\/index.php\/2017\/01\/12\/ministro-torrealba-invito-a-fedecamaras-a-construir-soluciones-para-trabajadores-del-sector-privado\/#primaryimage"},"thumbnailUrl":"https:\/\/www.mpppst.gob.ve\/mpppstweb\/wp-content\/uploads\/2017\/01\/FEDEC\u00c1MARAS.jpg","keywords":["Cadenas productivas","Gobierno Bolivariano","Justa distribuci\u00f3n de la riqueza","Sector Empresarial"],"articleSection":["Ministerio","Relaciones Laborales","Sector Empresarial"],"inLanguage":"es"},{"@type":"WebPage","@id":"https:\/\/www.mpppst.gob.ve\/mpppstweb\/index.php\/2017\/01\/12\/ministro-torrealba-invito-a-fedecamaras-a-construir-soluciones-para-trabajadores-del-sector-privado\/","url":"https:\/\/www.mpppst.gob.ve\/mpppstweb\/index.php\/2017\/01\/12\/ministro-torrealba-invito-a-fedecamaras-a-construir-soluciones-para-trabajadores-del-sector-privado\/","name":"Ministro Torrealba invit\u00f3 a Fedec\u00e1maras a construir soluciones para trabajadores del sector privado - MPPPST","isPartOf":{"@id":"https:\/\/www.mpppst.gob.ve\/mpppstweb\/#website"},"primaryImageOfPage":{"@id":"https:\/\/www.mpppst.gob.ve\/mpppstweb\/index.php\/2017\/01\/12\/ministro-torrealba-invito-a-fedecamaras-a-construir-soluciones-para-trabajadores-del-sector-privado\/#primaryimage"},"image":{"@id":"https:\/\/www.mpppst.gob.ve\/mpppstweb\/index.php\/2017\/01\/12\/ministro-torrealba-invito-a-fedecamaras-a-construir-soluciones-para-trabajadores-del-sector-privado\/#primaryimage"},"thumbnailUrl":"https:\/\/www.mpppst.gob.ve\/mpppstweb\/wp-content\/uploads\/2017\/01\/FEDEC\u00c1MARAS.jpg","datePublished":"2017-01-12T01:06:34+00:00","dateModified":"2017-01-12T01:10:12+00:00","breadcrumb":{"@id":"https:\/\/www.mpppst.gob.ve\/mpppstweb\/index.php\/2017\/01\/12\/ministro-torrealba-invito-a-fedecamaras-a-construir-soluciones-para-trabajadores-del-sector-privado\/#breadcrumb"},"inLanguage":"es","potentialAction":[{"@type":"ReadAction","target":["https:\/\/www.mpppst.gob.ve\/mpppstweb\/index.php\/2017\/01\/12\/ministro-torrealba-invito-a-fedecamaras-a-construir-soluciones-para-trabajadores-del-sector-privado\/"]}]},{"@type":"ImageObject","inLanguage":"es","@id":"https:\/\/www.mpppst.gob.ve\/mpppstweb\/index.php\/2017\/01\/12\/ministro-torrealba-invito-a-fedecamaras-a-construir-soluciones-para-trabajadores-del-sector-privado\/#primaryimage","url":"https:\/\/www.mpppst.gob.ve\/mpppstweb\/wp-content\/uploads\/2017\/01\/FEDEC\u00c1MARAS.jpg","contentUrl":"https:\/\/www.mpppst.gob.ve\/mpppstweb\/wp-content\/uploads\/2017\/01\/FEDEC\u00c1MARAS.jpg","width":800,"height":445},{"@type":"BreadcrumbList","@id":"https:\/\/www.mpppst.gob.ve\/mpppstweb\/index.php\/2017\/01\/12\/ministro-torrealba-invito-a-fedecamaras-a-construir-soluciones-para-trabajadores-del-sector-privado\/#breadcrumb","itemListElement":[{"@type":"ListItem","position":1,"name":"Home","item":"https:\/\/www.mpppst.gob.ve\/mpppstweb\/"},{"@type":"ListItem","position":2,"name":"Ministro Torrealba invit\u00f3 a Fedec\u00e1maras a construir soluciones para trabajadores del sector privado"}]},{"@type":"WebSite","@id":"https:\/\/www.mpppst.gob.ve\/mpppstweb\/#website","url":"https:\/\/www.mpppst.gob.ve\/mpppstweb\/","name":"MPPPST","description":"Ministerio del Poder Popular para el Proceso Social de Trabajo","publisher":{"@id":"https:\/\/www.mpppst.gob.ve\/mpppstweb\/#organization"},"potentialAction":[{"@type":"SearchAction","target":{"@type":"EntryPoint","urlTemplate":"https:\/\/www.mpppst.gob.ve\/mpppstweb\/?s={search_term_string}"},"query-input":"required name=search_term_string"}],"inLanguage":"es"},{"@type":"Organization","@id":"https:\/\/www.mpppst.gob.ve\/mpppstweb\/#organization","name":"mpppst","url":"https:\/\/www.mpppst.gob.ve\/mpppstweb\/","logo":{"@type":"ImageObject","inLanguage":"es","@id":"https:\/\/www.mpppst.gob.ve\/mpppstweb\/#\/schema\/logo\/image\/","url":"https:\/\/www.mpppst.gob.ve\/mpppstweb\/wp-content\/uploads\/2025\/07\/cropped-cropped-g910.png","contentUrl":"https:\/\/www.mpppst.gob.ve\/mpppstweb\/wp-content\/uploads\/2025\/07\/cropped-cropped-g910.png","width":1080,"height":241,"caption":"mpppst"},"image":{"@id":"https:\/\/www.mpppst.gob.ve\/mpppstweb\/#\/schema\/logo\/image\/"}},{"@type":"Person","@id":"https:\/\/www.mpppst.gob.ve\/mpppstweb\/#\/schema\/person\/fc187ee8ead412bd4c9304b62f900ea4","name":"MPPPST Prensa","url":"https:\/\/www.mpppst.gob.ve\/mpppstweb\/index.php\/author\/prensa-mpppst\/"}]}},"_links":{"self":[{"href":"https:\/\/www.mpppst.gob.ve\/mpppstweb\/index.php\/wp-json\/wp\/v2\/posts\/10082"}],"collection":[{"href":"https:\/\/www.mpppst.gob.ve\/mpppstweb\/index.php\/wp-json\/wp\/v2\/posts"}],"about":[{"href":"https:\/\/www.mpppst.gob.ve\/mpppstweb\/index.php\/wp-json\/wp\/v2\/types\/post"}],"author":[{"embeddable":true,"href":"https:\/\/www.mpppst.gob.ve\/mpppstweb\/index.php\/wp-json\/wp\/v2\/users\/25"}],"replies":[{"embeddable":true,"href":"https:\/\/www.mpppst.gob.ve\/mpppstweb\/index.php\/wp-json\/wp\/v2\/comments?post=10082"}],"version-history":[{"count":1,"href":"https:\/\/www.mpppst.gob.ve\/mpppstweb\/index.php\/wp-json\/wp\/v2\/posts\/10082\/revisions"}],"predecessor-version":[{"id":10085,"href":"https:\/\/www.mpppst.gob.ve\/mpppstweb\/index.php\/wp-json\/wp\/v2\/posts\/10082\/revisions\/10085"}],"wp:featuredmedia":[{"embeddable":true,"href":"https:\/\/www.mpppst.gob.ve\/mpppstweb\/index.php\/wp-json\/wp\/v2\/media\/10084"}],"wp:attachment":[{"href":"https:\/\/www.mpppst.gob.ve\/mpppstweb\/index.php\/wp-json\/wp\/v2\/media?parent=10082"}],"wp:term":[{"taxonomy":"category","embeddable":true,"href":"https:\/\/www.mpppst.gob.ve\/mpppstweb\/index.php\/wp-json\/wp\/v2\/categories?post=10082"},{"taxonomy":"post_tag","embeddable":true,"href":"https:\/\/www.mpppst.gob.ve\/mpppstweb\/index.php\/wp-json\/wp\/v2\/tags?post=10082"}],"curies":[{"name":"wp","href":"https:\/\/api.w.org\/{rel}","templated":true}]}}