{"id":10087,"date":"2017-01-12T13:53:19","date_gmt":"2017-01-12T13:53:19","guid":{"rendered":"http:\/\/www.mpppst.gob.ve\/mpppstweb\/?p=10087"},"modified":"2017-01-12T13:53:19","modified_gmt":"2017-01-12T13:53:19","slug":"presidente-maduro-presentara-memoria-y-cuenta-ante-el-tsj","status":"publish","type":"post","link":"https:\/\/www.mpppst.gob.ve\/mpppstweb\/index.php\/2017\/01\/12\/presidente-maduro-presentara-memoria-y-cuenta-ante-el-tsj\/","title":{"rendered":"Presidente Maduro presentar\u00e1 memoria y cuenta ante el TSJ"},"content":{"rendered":"<p>AVN.- La Sala Constitucional del Tribunal Supremo de Justicia (TSJ) orden\u00f3 al presidente de la Rep\u00fablica, Nicol\u00e1s Maduro, a presentar la memoria y cuenta ante el M\u00e1ximo Tribunal del pa\u00eds, ante la persistencia de desacato de la Asamblea Nacional (AN).<\/p>\n<p>\u00abEn vista de la imposibilidad para realizar actos v\u00e1lidos, se configura la omisi\u00f3n inconstitucional de la Asamblea Nacional, por lo cual el Presidente de la Rep\u00fablica en pleno ejercicio de sus funciones, ciudadano Nicol\u00e1s Maduro Moros, deber\u00e1 rendir su mensaje anual ante el TSJ, en el que dar\u00e1 cuenta de los aspectos pol\u00edticos, econ\u00f3micos, sociales y administrativos de su gesti\u00f3n durante el a\u00f1o inmediatamente anterior\u00bb, expresa el TSJ en nota de prensa.<\/p>\n<p>El Poder Legislativo, conformada en su mayor\u00eda por diputados de derecha, se encuentra en desacato desde el 2016 al juramentar los tres candidatos del estado Amazonas, cuya elecci\u00f3n el 06 de diciembre de 2015 fue impugnada debido a presuntas irregularidades durante el proceso electoral.<\/p>\n<p>Pese la orden del TSJ, que dej\u00f3 sin efecto la juramentaci\u00f3n de estos candidatos hasta tanto culminaran las investigaciones, la junta directiva de la AN se ha negado a anular el acto de incorporaci\u00f3n de los tres ciudadanos.<\/p>\n","protected":false},"excerpt":{"rendered":"<p>AVN.- La Sala Constitucional del Tribunal Supremo de Justicia (TSJ) orden\u00f3 al presidente de la Rep\u00fablica, &hellip; <a title=\"Presidente Maduro presentar\u00e1 memoria y cuenta ante el TSJ\" class=\"hm-read-more\" href=\"https:\/\/www.mpppst.gob.ve\/mpppstweb\/index.php\/2017\/01\/12\/presidente-maduro-presentara-memoria-y-cuenta-ante-el-tsj\/\"><span class=\"screen-reader-text\">Presidente Maduro presentar\u00e1 memoria y cuenta ante el TSJ<\/span>Read more<\/a><\/p>\n","protected":false},"author":25,"featured_media":10088,"comment_status":"closed","ping_status":"closed","sticky":false,"template":"","format":"standard","meta":{"footnotes":""},"categories":[82,163],"tags":[222,313],"yoast_head":"<!-- This site is optimized with the Yoast SEO plugin v22.5 - https:\/\/yoast.com\/wordpress\/plugins\/seo\/ -->\n<title>Presidente Maduro presentar\u00e1 memoria y cuenta ante el TSJ - MPPPST<\/title>\n<meta name=\"robots\" content=\"index, follow, max-snippet:-1, max-image-preview:large, max-video-preview:-1\" \/>\n<link rel=\"canonical\" href=\"https:\/\/www.mpppst.gob.ve\/mpppstweb\/index.php\/2017\/01\/12\/presidente-maduro-presentara-memoria-y-cuenta-ante-el-tsj\/\" \/>\n<meta property=\"og:locale\" content=\"es_ES\" \/>\n<meta property=\"og:type\" content=\"article\" \/>\n<meta property=\"og:title\" content=\"Presidente Maduro presentar\u00e1 memoria y cuenta ante el TSJ - MPPPST\" \/>\n<meta property=\"og:description\" content=\"AVN.- La Sala Constitucional del Tribunal Supremo de Justicia (TSJ) orden\u00f3 al presidente de la Rep\u00fablica, &hellip; Presidente Maduro presentar\u00e1 memoria y cuenta ante el TSJRead more\" \/>\n<meta property=\"og:url\" content=\"https:\/\/www.mpppst.gob.ve\/mpppstweb\/index.php\/2017\/01\/12\/presidente-maduro-presentara-memoria-y-cuenta-ante-el-tsj\/\" \/>\n<meta property=\"og:site_name\" content=\"MPPPST\" \/>\n<meta property=\"article:published_time\" content=\"2017-01-12T13:53:19+00:00\" \/>\n<meta property=\"og:image\" content=\"https:\/\/www.mpppst.gob.ve\/mpppstweb\/wp-content\/uploads\/2017\/01\/Tribunal-Supremo-de-Justicia_03.jpg\" \/>\n\t<meta property=\"og:image:width\" content=\"800\" \/>\n\t<meta property=\"og:image:height\" content=\"445\" \/>\n\t<meta property=\"og:image:type\" content=\"image\/jpeg\" \/>\n<meta name=\"author\" content=\"MPPPST Prensa\" \/>\n<meta name=\"twitter:card\" content=\"summary_large_image\" \/>\n<meta name=\"twitter:label1\" content=\"Escrito por\" \/>\n\t<meta name=\"twitter:data1\" content=\"MPPPST Prensa\" \/>\n\t<meta name=\"twitter:label2\" content=\"Tiempo de lectura\" \/>\n\t<meta name=\"twitter:data2\" content=\"1 minuto\" \/>\n<script type=\"application\/ld+json\" class=\"yoast-schema-graph\">{\"@context\":\"https:\/\/schema.org\",\"@graph\":[{\"@type\":\"Article\",\"@id\":\"https:\/\/www.mpppst.gob.ve\/mpppstweb\/index.php\/2017\/01\/12\/presidente-maduro-presentara-memoria-y-cuenta-ante-el-tsj\/#article\",\"isPartOf\":{\"@id\":\"https:\/\/www.mpppst.gob.ve\/mpppstweb\/index.php\/2017\/01\/12\/presidente-maduro-presentara-memoria-y-cuenta-ante-el-tsj\/\"},\"author\":{\"name\":\"MPPPST Prensa\",\"@id\":\"https:\/\/www.mpppst.gob.ve\/mpppstweb\/#\/schema\/person\/fc187ee8ead412bd4c9304b62f900ea4\"},\"headline\":\"Presidente Maduro presentar\u00e1 memoria y cuenta ante el TSJ\",\"datePublished\":\"2017-01-12T13:53:19+00:00\",\"dateModified\":\"2017-01-12T13:53:19+00:00\",\"mainEntityOfPage\":{\"@id\":\"https:\/\/www.mpppst.gob.ve\/mpppstweb\/index.php\/2017\/01\/12\/presidente-maduro-presentara-memoria-y-cuenta-ante-el-tsj\/\"},\"wordCount\":217,\"publisher\":{\"@id\":\"https:\/\/www.mpppst.gob.ve\/mpppstweb\/#organization\"},\"image\":{\"@id\":\"https:\/\/www.mpppst.gob.ve\/mpppstweb\/index.php\/2017\/01\/12\/presidente-maduro-presentara-memoria-y-cuenta-ante-el-tsj\/#primaryimage\"},\"thumbnailUrl\":\"https:\/\/www.mpppst.gob.ve\/mpppstweb\/wp-content\/uploads\/2017\/01\/Tribunal-Supremo-de-Justicia_03.jpg\",\"keywords\":[\"Gobierno Bolivariano\",\"TSJ\"],\"articleSection\":[\"Gobierno Nacional\",\"Noticias\"],\"inLanguage\":\"es\"},{\"@type\":\"WebPage\",\"@id\":\"https:\/\/www.mpppst.gob.ve\/mpppstweb\/index.php\/2017\/01\/12\/presidente-maduro-presentara-memoria-y-cuenta-ante-el-tsj\/\",\"url\":\"https:\/\/www.mpppst.gob.ve\/mpppstweb\/index.php\/2017\/01\/12\/presidente-maduro-presentara-memoria-y-cuenta-ante-el-tsj\/\",\"name\":\"Presidente Maduro presentar\u00e1 memoria y cuenta ante el TSJ - MPPPST\",\"isPartOf\":{\"@id\":\"https:\/\/www.mpppst.gob.ve\/mpppstweb\/#website\"},\"primaryImageOfPage\":{\"@id\":\"https:\/\/www.mpppst.gob.ve\/mpppstweb\/index.php\/2017\/01\/12\/presidente-maduro-presentara-memoria-y-cuenta-ante-el-tsj\/#primaryimage\"},\"image\":{\"@id\":\"https:\/\/www.mpppst.gob.ve\/mpppstweb\/index.php\/2017\/01\/12\/presidente-maduro-presentara-memoria-y-cuenta-ante-el-tsj\/#primaryimage\"},\"thumbnailUrl\":\"https:\/\/www.mpppst.gob.ve\/mpppstweb\/wp-content\/uploads\/2017\/01\/Tribunal-Supremo-de-Justicia_03.jpg\",\"datePublished\":\"2017-01-12T13:53:19+00:00\",\"dateModified\":\"2017-01-12T13:53:19+00:00\",\"breadcrumb\":{\"@id\":\"https:\/\/www.mpppst.gob.ve\/mpppstweb\/index.php\/2017\/01\/12\/presidente-maduro-presentara-memoria-y-cuenta-ante-el-tsj\/#breadcrumb\"},\"inLanguage\":\"es\",\"potentialAction\":[{\"@type\":\"ReadAction\",\"target\":[\"https:\/\/www.mpppst.gob.ve\/mpppstweb\/index.php\/2017\/01\/12\/presidente-maduro-presentara-memoria-y-cuenta-ante-el-tsj\/\"]}]},{\"@type\":\"ImageObject\",\"inLanguage\":\"es\",\"@id\":\"https:\/\/www.mpppst.gob.ve\/mpppstweb\/index.php\/2017\/01\/12\/presidente-maduro-presentara-memoria-y-cuenta-ante-el-tsj\/#primaryimage\",\"url\":\"https:\/\/www.mpppst.gob.ve\/mpppstweb\/wp-content\/uploads\/2017\/01\/Tribunal-Supremo-de-Justicia_03.jpg\",\"contentUrl\":\"https:\/\/www.mpppst.gob.ve\/mpppstweb\/wp-content\/uploads\/2017\/01\/Tribunal-Supremo-de-Justicia_03.jpg\",\"width\":800,\"height\":445},{\"@type\":\"BreadcrumbList\",\"@id\":\"https:\/\/www.mpppst.gob.ve\/mpppstweb\/index.php\/2017\/01\/12\/presidente-maduro-presentara-memoria-y-cuenta-ante-el-tsj\/#breadcrumb\",\"itemListElement\":[{\"@type\":\"ListItem\",\"position\":1,\"name\":\"Home\",\"item\":\"https:\/\/www.mpppst.gob.ve\/mpppstweb\/\"},{\"@type\":\"ListItem\",\"position\":2,\"name\":\"Presidente Maduro presentar\u00e1 memoria y cuenta ante el TSJ\"}]},{\"@type\":\"WebSite\",\"@id\":\"https:\/\/www.mpppst.gob.ve\/mpppstweb\/#website\",\"url\":\"https:\/\/www.mpppst.gob.ve\/mpppstweb\/\",\"name\":\"MPPPST\",\"description\":\"Ministerio del Poder Popular para el Proceso Social de Trabajo\",\"publisher\":{\"@id\":\"https:\/\/www.mpppst.gob.ve\/mpppstweb\/#organization\"},\"potentialAction\":[{\"@type\":\"SearchAction\",\"target\":{\"@type\":\"EntryPoint\",\"urlTemplate\":\"https:\/\/www.mpppst.gob.ve\/mpppstweb\/?s={search_term_string}\"},\"query-input\":\"required name=search_term_string\"}],\"inLanguage\":\"es\"},{\"@type\":\"Organization\",\"@id\":\"https:\/\/www.mpppst.gob.ve\/mpppstweb\/#organization\",\"name\":\"mpppst\",\"url\":\"https:\/\/www.mpppst.gob.ve\/mpppstweb\/\",\"logo\":{\"@type\":\"ImageObject\",\"inLanguage\":\"es\",\"@id\":\"https:\/\/www.mpppst.gob.ve\/mpppstweb\/#\/schema\/logo\/image\/\",\"url\":\"https:\/\/www.mpppst.gob.ve\/mpppstweb\/wp-content\/uploads\/2025\/07\/cropped-cropped-g910.png\",\"contentUrl\":\"https:\/\/www.mpppst.gob.ve\/mpppstweb\/wp-content\/uploads\/2025\/07\/cropped-cropped-g910.png\",\"width\":1080,\"height\":241,\"caption\":\"mpppst\"},\"image\":{\"@id\":\"https:\/\/www.mpppst.gob.ve\/mpppstweb\/#\/schema\/logo\/image\/\"}},{\"@type\":\"Person\",\"@id\":\"https:\/\/www.mpppst.gob.ve\/mpppstweb\/#\/schema\/person\/fc187ee8ead412bd4c9304b62f900ea4\",\"name\":\"MPPPST Prensa\",\"url\":\"https:\/\/www.mpppst.gob.ve\/mpppstweb\/index.php\/author\/prensa-mpppst\/\"}]}<\/script>\n<!-- \/ Yoast SEO plugin. -->","yoast_head_json":{"title":"Presidente Maduro presentar\u00e1 memoria y cuenta ante el TSJ - MPPPST","robots":{"index":"index","follow":"follow","max-snippet":"max-snippet:-1","max-image-preview":"max-image-preview:large","max-video-preview":"max-video-preview:-1"},"canonical":"https:\/\/www.mpppst.gob.ve\/mpppstweb\/index.php\/2017\/01\/12\/presidente-maduro-presentara-memoria-y-cuenta-ante-el-tsj\/","og_locale":"es_ES","og_type":"article","og_title":"Presidente Maduro presentar\u00e1 memoria y cuenta ante el TSJ - MPPPST","og_description":"AVN.- La Sala Constitucional del Tribunal Supremo de Justicia (TSJ) orden\u00f3 al presidente de la Rep\u00fablica, &hellip; Presidente Maduro presentar\u00e1 memoria y cuenta ante el TSJRead more","og_url":"https:\/\/www.mpppst.gob.ve\/mpppstweb\/index.php\/2017\/01\/12\/presidente-maduro-presentara-memoria-y-cuenta-ante-el-tsj\/","og_site_name":"MPPPST","article_published_time":"2017-01-12T13:53:19+00:00","og_image":[{"width":800,"height":445,"url":"https:\/\/www.mpppst.gob.ve\/mpppstweb\/wp-content\/uploads\/2017\/01\/Tribunal-Supremo-de-Justicia_03.jpg","type":"image\/jpeg"}],"author":"MPPPST Prensa","twitter_card":"summary_large_image","twitter_misc":{"Escrito por":"MPPPST Prensa","Tiempo de lectura":"1 minuto"},"schema":{"@context":"https:\/\/schema.org","@graph":[{"@type":"Article","@id":"https:\/\/www.mpppst.gob.ve\/mpppstweb\/index.php\/2017\/01\/12\/presidente-maduro-presentara-memoria-y-cuenta-ante-el-tsj\/#article","isPartOf":{"@id":"https:\/\/www.mpppst.gob.ve\/mpppstweb\/index.php\/2017\/01\/12\/presidente-maduro-presentara-memoria-y-cuenta-ante-el-tsj\/"},"author":{"name":"MPPPST Prensa","@id":"https:\/\/www.mpppst.gob.ve\/mpppstweb\/#\/schema\/person\/fc187ee8ead412bd4c9304b62f900ea4"},"headline":"Presidente Maduro presentar\u00e1 memoria y cuenta ante el TSJ","datePublished":"2017-01-12T13:53:19+00:00","dateModified":"2017-01-12T13:53:19+00:00","mainEntityOfPage":{"@id":"https:\/\/www.mpppst.gob.ve\/mpppstweb\/index.php\/2017\/01\/12\/presidente-maduro-presentara-memoria-y-cuenta-ante-el-tsj\/"},"wordCount":217,"publisher":{"@id":"https:\/\/www.mpppst.gob.ve\/mpppstweb\/#organization"},"image":{"@id":"https:\/\/www.mpppst.gob.ve\/mpppstweb\/index.php\/2017\/01\/12\/presidente-maduro-presentara-memoria-y-cuenta-ante-el-tsj\/#primaryimage"},"thumbnailUrl":"https:\/\/www.mpppst.gob.ve\/mpppstweb\/wp-content\/uploads\/2017\/01\/Tribunal-Supremo-de-Justicia_03.jpg","keywords":["Gobierno Bolivariano","TSJ"],"articleSection":["Gobierno Nacional","Noticias"],"inLanguage":"es"},{"@type":"WebPage","@id":"https:\/\/www.mpppst.gob.ve\/mpppstweb\/index.php\/2017\/01\/12\/presidente-maduro-presentara-memoria-y-cuenta-ante-el-tsj\/","url":"https:\/\/www.mpppst.gob.ve\/mpppstweb\/index.php\/2017\/01\/12\/presidente-maduro-presentara-memoria-y-cuenta-ante-el-tsj\/","name":"Presidente Maduro presentar\u00e1 memoria y cuenta ante el TSJ - MPPPST","isPartOf":{"@id":"https:\/\/www.mpppst.gob.ve\/mpppstweb\/#website"},"primaryImageOfPage":{"@id":"https:\/\/www.mpppst.gob.ve\/mpppstweb\/index.php\/2017\/01\/12\/presidente-maduro-presentara-memoria-y-cuenta-ante-el-tsj\/#primaryimage"},"image":{"@id":"https:\/\/www.mpppst.gob.ve\/mpppstweb\/index.php\/2017\/01\/12\/presidente-maduro-presentara-memoria-y-cuenta-ante-el-tsj\/#primaryimage"},"thumbnailUrl":"https:\/\/www.mpppst.gob.ve\/mpppstweb\/wp-content\/uploads\/2017\/01\/Tribunal-Supremo-de-Justicia_03.jpg","datePublished":"2017-01-12T13:53:19+00:00","dateModified":"2017-01-12T13:53:19+00:00","breadcrumb":{"@id":"https:\/\/www.mpppst.gob.ve\/mpppstweb\/index.php\/2017\/01\/12\/presidente-maduro-presentara-memoria-y-cuenta-ante-el-tsj\/#breadcrumb"},"inLanguage":"es","potentialAction":[{"@type":"ReadAction","target":["https:\/\/www.mpppst.gob.ve\/mpppstweb\/index.php\/2017\/01\/12\/presidente-maduro-presentara-memoria-y-cuenta-ante-el-tsj\/"]}]},{"@type":"ImageObject","inLanguage":"es","@id":"https:\/\/www.mpppst.gob.ve\/mpppstweb\/index.php\/2017\/01\/12\/presidente-maduro-presentara-memoria-y-cuenta-ante-el-tsj\/#primaryimage","url":"https:\/\/www.mpppst.gob.ve\/mpppstweb\/wp-content\/uploads\/2017\/01\/Tribunal-Supremo-de-Justicia_03.jpg","contentUrl":"https:\/\/www.mpppst.gob.ve\/mpppstweb\/wp-content\/uploads\/2017\/01\/Tribunal-Supremo-de-Justicia_03.jpg","width":800,"height":445},{"@type":"BreadcrumbList","@id":"https:\/\/www.mpppst.gob.ve\/mpppstweb\/index.php\/2017\/01\/12\/presidente-maduro-presentara-memoria-y-cuenta-ante-el-tsj\/#breadcrumb","itemListElement":[{"@type":"ListItem","position":1,"name":"Home","item":"https:\/\/www.mpppst.gob.ve\/mpppstweb\/"},{"@type":"ListItem","position":2,"name":"Presidente Maduro presentar\u00e1 memoria y cuenta ante el TSJ"}]},{"@type":"WebSite","@id":"https:\/\/www.mpppst.gob.ve\/mpppstweb\/#website","url":"https:\/\/www.mpppst.gob.ve\/mpppstweb\/","name":"MPPPST","description":"Ministerio del Poder Popular para el Proceso Social de Trabajo","publisher":{"@id":"https:\/\/www.mpppst.gob.ve\/mpppstweb\/#organization"},"potentialAction":[{"@type":"SearchAction","target":{"@type":"EntryPoint","urlTemplate":"https:\/\/www.mpppst.gob.ve\/mpppstweb\/?s={search_term_string}"},"query-input":"required name=search_term_string"}],"inLanguage":"es"},{"@type":"Organization","@id":"https:\/\/www.mpppst.gob.ve\/mpppstweb\/#organization","name":"mpppst","url":"https:\/\/www.mpppst.gob.ve\/mpppstweb\/","logo":{"@type":"ImageObject","inLanguage":"es","@id":"https:\/\/www.mpppst.gob.ve\/mpppstweb\/#\/schema\/logo\/image\/","url":"https:\/\/www.mpppst.gob.ve\/mpppstweb\/wp-content\/uploads\/2025\/07\/cropped-cropped-g910.png","contentUrl":"https:\/\/www.mpppst.gob.ve\/mpppstweb\/wp-content\/uploads\/2025\/07\/cropped-cropped-g910.png","width":1080,"height":241,"caption":"mpppst"},"image":{"@id":"https:\/\/www.mpppst.gob.ve\/mpppstweb\/#\/schema\/logo\/image\/"}},{"@type":"Person","@id":"https:\/\/www.mpppst.gob.ve\/mpppstweb\/#\/schema\/person\/fc187ee8ead412bd4c9304b62f900ea4","name":"MPPPST Prensa","url":"https:\/\/www.mpppst.gob.ve\/mpppstweb\/index.php\/author\/prensa-mpppst\/"}]}},"_links":{"self":[{"href":"https:\/\/www.mpppst.gob.ve\/mpppstweb\/index.php\/wp-json\/wp\/v2\/posts\/10087"}],"collection":[{"href":"https:\/\/www.mpppst.gob.ve\/mpppstweb\/index.php\/wp-json\/wp\/v2\/posts"}],"about":[{"href":"https:\/\/www.mpppst.gob.ve\/mpppstweb\/index.php\/wp-json\/wp\/v2\/types\/post"}],"author":[{"embeddable":true,"href":"https:\/\/www.mpppst.gob.ve\/mpppstweb\/index.php\/wp-json\/wp\/v2\/users\/25"}],"replies":[{"embeddable":true,"href":"https:\/\/www.mpppst.gob.ve\/mpppstweb\/index.php\/wp-json\/wp\/v2\/comments?post=10087"}],"version-history":[{"count":1,"href":"https:\/\/www.mpppst.gob.ve\/mpppstweb\/index.php\/wp-json\/wp\/v2\/posts\/10087\/revisions"}],"predecessor-version":[{"id":10089,"href":"https:\/\/www.mpppst.gob.ve\/mpppstweb\/index.php\/wp-json\/wp\/v2\/posts\/10087\/revisions\/10089"}],"wp:featuredmedia":[{"embeddable":true,"href":"https:\/\/www.mpppst.gob.ve\/mpppstweb\/index.php\/wp-json\/wp\/v2\/media\/10088"}],"wp:attachment":[{"href":"https:\/\/www.mpppst.gob.ve\/mpppstweb\/index.php\/wp-json\/wp\/v2\/media?parent=10087"}],"wp:term":[{"taxonomy":"category","embeddable":true,"href":"https:\/\/www.mpppst.gob.ve\/mpppstweb\/index.php\/wp-json\/wp\/v2\/categories?post=10087"},{"taxonomy":"post_tag","embeddable":true,"href":"https:\/\/www.mpppst.gob.ve\/mpppstweb\/index.php\/wp-json\/wp\/v2\/tags?post=10087"}],"curies":[{"name":"wp","href":"https:\/\/api.w.org\/{rel}","templated":true}]}}