{"id":10097,"date":"2017-01-12T19:12:03","date_gmt":"2017-01-12T19:12:03","guid":{"rendered":"http:\/\/www.mpppst.gob.ve\/mpppstweb\/?p=10097"},"modified":"2017-01-12T19:12:03","modified_gmt":"2017-01-12T19:12:03","slug":"ministro-torrealba-asiste-a-la-juramentacion-del-nuevo-presidente-de-pequiven","status":"publish","type":"post","link":"https:\/\/www.mpppst.gob.ve\/mpppstweb\/index.php\/2017\/01\/12\/ministro-torrealba-asiste-a-la-juramentacion-del-nuevo-presidente-de-pequiven\/","title":{"rendered":"Ministro Torrealba asiste a la juramentaci\u00f3n del nuevo presidente de Pequiven"},"content":{"rendered":"<p>Prensa MPPPST.- El Ministro del Poder Popular para el Proceso Social de Trabajo, Francisco Torrealba, asisti\u00f3 este jueves junto al Ministro del Poder Popular de Petr\u00f3leo, Nelson Mart\u00ednez, al acto de juramentaci\u00f3n del nuevo presidente de Petroqu\u00edmica de Venezuela, S. A (Pequiven), el Mayor General Rub\u00e9n \u00c1vila \u00c1vila.<\/p>\n<p>El mayor asume este cargo despu\u00e9s que el Vicepresidente de la Rep\u00fablica, Tareck El Aissami, anunciara la destituci\u00f3n del expresidente de la referida estatal, Juancarlos Depablos Contreras, quien se encuentra detenido por presuntos hechos de corrupci\u00f3n cometidos a lo largo de su gesti\u00f3n.<\/p>\n<p><strong>Gobernar sin excusas<\/strong><\/p>\n<p>Hace pocos d\u00edas el presidente Nicol\u00e1s Maduro durante la primera reuni\u00f3n del Consejo Nacional de Econom\u00eda Productiva (CNEP) resalt\u00f3 el caso de Pequiven, industrial petroqu\u00edmica estatal venezolana, por haber sido incapaz de solucionar en un a\u00f1o los problemas para abastecer a las industrias nacionales y orden\u00f3 citar al entonces presidente, Juancarlo Depablos Contreras.<\/p>\n<p>Del mismo modo, el mandatario hizo un llamado a gobernar sin excusas, \u201ctenemos que gobernar. No tenemos excusas. Hay temas en los que no tenemos ninguna excusa\u201d, se\u00f1al\u00f3. \u201cTenemos que asumir la culpa, porque se crean sistemas internos y mafias para negociar con los productos que le pertenecen a la Naci\u00f3n, \u00a1cuando la Naci\u00f3n est\u00e1 pariendo!\u201d, acot\u00f3.<\/p>\n<p><strong>A continuaci\u00f3n un breve perfil del nuevo m\u00e1ximo representante de Pequiven:<\/strong><\/p>\n<p>&#8211; Rub\u00e9n Alfredo \u00c1vila \u00c1vila naci\u00f3 en el estado M\u00e9rida<\/p>\n<p>&#8211; Es recordado, ante todo, por haber sido quien abri\u00f3 los accesos hacia el Palacio de Miraflores, a bordo de una tanqueta, el 4 de febrero de 1992. Para aquel entonces era teniente del Ej\u00e9rcito.<\/p>\n<p>&#8211; Egres\u00f3 de la Academia Militar en el a\u00f1o 1985. Era lo que el Comandante Hugo Ch\u00e1vez denominaba \u00abun centauro\u00bb.<\/p>\n<p>&#8211; Realiz\u00f3 estudios de Ingenier\u00eda Forestal en la Universidad de Los Andes (ULA).<\/p>\n<p>&#8211; Fue director de Planimara C.A., ubicada en el estado Zulia, y presidente de la Zona Franca Industrial de Paraguan\u00e1 C.A. (Zonfipca).<\/p>\n<p>&#8211; Fue militante de la Juventud Comunista y perteneci\u00f3 al Movimiento Bolivariano Revolucionario 200 (MBR-200).<\/p>\n<p>&nbsp;<\/p>\n<p>Por Elio Garc\u00eda<\/p>\n","protected":false},"excerpt":{"rendered":"<p>Prensa MPPPST.- El Ministro del Poder Popular para el Proceso Social de Trabajo, Francisco Torrealba, asisti\u00f3 &hellip; <a title=\"Ministro Torrealba asiste a la juramentaci\u00f3n del nuevo presidente de Pequiven\" class=\"hm-read-more\" href=\"https:\/\/www.mpppst.gob.ve\/mpppstweb\/index.php\/2017\/01\/12\/ministro-torrealba-asiste-a-la-juramentacion-del-nuevo-presidente-de-pequiven\/\"><span class=\"screen-reader-text\">Ministro Torrealba asiste a la juramentaci\u00f3n del nuevo presidente de Pequiven<\/span>Read more<\/a><\/p>\n","protected":false},"author":25,"featured_media":10098,"comment_status":"closed","ping_status":"closed","sticky":false,"template":"","format":"standard","meta":{"footnotes":""},"categories":[82,163],"tags":[229,222,223],"yoast_head":"<!-- This site is optimized with the Yoast SEO plugin v22.5 - https:\/\/yoast.com\/wordpress\/plugins\/seo\/ -->\n<title>Ministro Torrealba asiste a la juramentaci\u00f3n del nuevo presidente de Pequiven - MPPPST<\/title>\n<meta name=\"robots\" content=\"index, follow, max-snippet:-1, max-image-preview:large, max-video-preview:-1\" \/>\n<link rel=\"canonical\" href=\"https:\/\/www.mpppst.gob.ve\/mpppstweb\/index.php\/2017\/01\/12\/ministro-torrealba-asiste-a-la-juramentacion-del-nuevo-presidente-de-pequiven\/\" \/>\n<meta property=\"og:locale\" content=\"es_ES\" \/>\n<meta property=\"og:type\" content=\"article\" \/>\n<meta property=\"og:title\" content=\"Ministro Torrealba asiste a la juramentaci\u00f3n del nuevo presidente de Pequiven - MPPPST\" \/>\n<meta property=\"og:description\" content=\"Prensa MPPPST.- El Ministro del Poder Popular para el Proceso Social de Trabajo, Francisco Torrealba, asisti\u00f3 &hellip; Ministro Torrealba asiste a la juramentaci\u00f3n del nuevo presidente de PequivenRead more\" \/>\n<meta property=\"og:url\" content=\"https:\/\/www.mpppst.gob.ve\/mpppstweb\/index.php\/2017\/01\/12\/ministro-torrealba-asiste-a-la-juramentacion-del-nuevo-presidente-de-pequiven\/\" \/>\n<meta property=\"og:site_name\" content=\"MPPPST\" \/>\n<meta property=\"article:published_time\" content=\"2017-01-12T19:12:03+00:00\" \/>\n<meta property=\"og:image\" content=\"https:\/\/www.mpppst.gob.ve\/mpppstweb\/wp-content\/uploads\/2017\/01\/pequiven.jpg\" \/>\n\t<meta property=\"og:image:width\" content=\"800\" \/>\n\t<meta property=\"og:image:height\" content=\"443\" \/>\n\t<meta property=\"og:image:type\" content=\"image\/jpeg\" \/>\n<meta name=\"author\" content=\"MPPPST Prensa\" \/>\n<meta name=\"twitter:card\" content=\"summary_large_image\" \/>\n<meta name=\"twitter:label1\" content=\"Escrito por\" \/>\n\t<meta name=\"twitter:data1\" content=\"MPPPST Prensa\" \/>\n\t<meta name=\"twitter:label2\" content=\"Tiempo de lectura\" \/>\n\t<meta name=\"twitter:data2\" content=\"2 minutos\" \/>\n<script type=\"application\/ld+json\" class=\"yoast-schema-graph\">{\"@context\":\"https:\/\/schema.org\",\"@graph\":[{\"@type\":\"Article\",\"@id\":\"https:\/\/www.mpppst.gob.ve\/mpppstweb\/index.php\/2017\/01\/12\/ministro-torrealba-asiste-a-la-juramentacion-del-nuevo-presidente-de-pequiven\/#article\",\"isPartOf\":{\"@id\":\"https:\/\/www.mpppst.gob.ve\/mpppstweb\/index.php\/2017\/01\/12\/ministro-torrealba-asiste-a-la-juramentacion-del-nuevo-presidente-de-pequiven\/\"},\"author\":{\"name\":\"MPPPST Prensa\",\"@id\":\"https:\/\/www.mpppst.gob.ve\/mpppstweb\/#\/schema\/person\/fc187ee8ead412bd4c9304b62f900ea4\"},\"headline\":\"Ministro Torrealba asiste a la juramentaci\u00f3n del nuevo presidente de Pequiven\",\"datePublished\":\"2017-01-12T19:12:03+00:00\",\"dateModified\":\"2017-01-12T19:12:03+00:00\",\"mainEntityOfPage\":{\"@id\":\"https:\/\/www.mpppst.gob.ve\/mpppstweb\/index.php\/2017\/01\/12\/ministro-torrealba-asiste-a-la-juramentacion-del-nuevo-presidente-de-pequiven\/\"},\"wordCount\":373,\"publisher\":{\"@id\":\"https:\/\/www.mpppst.gob.ve\/mpppstweb\/#organization\"},\"image\":{\"@id\":\"https:\/\/www.mpppst.gob.ve\/mpppstweb\/index.php\/2017\/01\/12\/ministro-torrealba-asiste-a-la-juramentacion-del-nuevo-presidente-de-pequiven\/#primaryimage\"},\"thumbnailUrl\":\"https:\/\/www.mpppst.gob.ve\/mpppstweb\/wp-content\/uploads\/2017\/01\/pequiven.jpg\",\"keywords\":[\"Defensa Integral\",\"Gobierno Bolivariano\",\"MPPPST\"],\"articleSection\":[\"Gobierno Nacional\",\"Noticias\"],\"inLanguage\":\"es\"},{\"@type\":\"WebPage\",\"@id\":\"https:\/\/www.mpppst.gob.ve\/mpppstweb\/index.php\/2017\/01\/12\/ministro-torrealba-asiste-a-la-juramentacion-del-nuevo-presidente-de-pequiven\/\",\"url\":\"https:\/\/www.mpppst.gob.ve\/mpppstweb\/index.php\/2017\/01\/12\/ministro-torrealba-asiste-a-la-juramentacion-del-nuevo-presidente-de-pequiven\/\",\"name\":\"Ministro Torrealba asiste a la juramentaci\u00f3n del nuevo presidente de Pequiven - MPPPST\",\"isPartOf\":{\"@id\":\"https:\/\/www.mpppst.gob.ve\/mpppstweb\/#website\"},\"primaryImageOfPage\":{\"@id\":\"https:\/\/www.mpppst.gob.ve\/mpppstweb\/index.php\/2017\/01\/12\/ministro-torrealba-asiste-a-la-juramentacion-del-nuevo-presidente-de-pequiven\/#primaryimage\"},\"image\":{\"@id\":\"https:\/\/www.mpppst.gob.ve\/mpppstweb\/index.php\/2017\/01\/12\/ministro-torrealba-asiste-a-la-juramentacion-del-nuevo-presidente-de-pequiven\/#primaryimage\"},\"thumbnailUrl\":\"https:\/\/www.mpppst.gob.ve\/mpppstweb\/wp-content\/uploads\/2017\/01\/pequiven.jpg\",\"datePublished\":\"2017-01-12T19:12:03+00:00\",\"dateModified\":\"2017-01-12T19:12:03+00:00\",\"breadcrumb\":{\"@id\":\"https:\/\/www.mpppst.gob.ve\/mpppstweb\/index.php\/2017\/01\/12\/ministro-torrealba-asiste-a-la-juramentacion-del-nuevo-presidente-de-pequiven\/#breadcrumb\"},\"inLanguage\":\"es\",\"potentialAction\":[{\"@type\":\"ReadAction\",\"target\":[\"https:\/\/www.mpppst.gob.ve\/mpppstweb\/index.php\/2017\/01\/12\/ministro-torrealba-asiste-a-la-juramentacion-del-nuevo-presidente-de-pequiven\/\"]}]},{\"@type\":\"ImageObject\",\"inLanguage\":\"es\",\"@id\":\"https:\/\/www.mpppst.gob.ve\/mpppstweb\/index.php\/2017\/01\/12\/ministro-torrealba-asiste-a-la-juramentacion-del-nuevo-presidente-de-pequiven\/#primaryimage\",\"url\":\"https:\/\/www.mpppst.gob.ve\/mpppstweb\/wp-content\/uploads\/2017\/01\/pequiven.jpg\",\"contentUrl\":\"https:\/\/www.mpppst.gob.ve\/mpppstweb\/wp-content\/uploads\/2017\/01\/pequiven.jpg\",\"width\":800,\"height\":443},{\"@type\":\"BreadcrumbList\",\"@id\":\"https:\/\/www.mpppst.gob.ve\/mpppstweb\/index.php\/2017\/01\/12\/ministro-torrealba-asiste-a-la-juramentacion-del-nuevo-presidente-de-pequiven\/#breadcrumb\",\"itemListElement\":[{\"@type\":\"ListItem\",\"position\":1,\"name\":\"Home\",\"item\":\"https:\/\/www.mpppst.gob.ve\/mpppstweb\/\"},{\"@type\":\"ListItem\",\"position\":2,\"name\":\"Ministro Torrealba asiste a la juramentaci\u00f3n del nuevo presidente de Pequiven\"}]},{\"@type\":\"WebSite\",\"@id\":\"https:\/\/www.mpppst.gob.ve\/mpppstweb\/#website\",\"url\":\"https:\/\/www.mpppst.gob.ve\/mpppstweb\/\",\"name\":\"MPPPST\",\"description\":\"Ministerio del Poder Popular para el Proceso Social de Trabajo\",\"publisher\":{\"@id\":\"https:\/\/www.mpppst.gob.ve\/mpppstweb\/#organization\"},\"potentialAction\":[{\"@type\":\"SearchAction\",\"target\":{\"@type\":\"EntryPoint\",\"urlTemplate\":\"https:\/\/www.mpppst.gob.ve\/mpppstweb\/?s={search_term_string}\"},\"query-input\":\"required name=search_term_string\"}],\"inLanguage\":\"es\"},{\"@type\":\"Organization\",\"@id\":\"https:\/\/www.mpppst.gob.ve\/mpppstweb\/#organization\",\"name\":\"mpppst\",\"url\":\"https:\/\/www.mpppst.gob.ve\/mpppstweb\/\",\"logo\":{\"@type\":\"ImageObject\",\"inLanguage\":\"es\",\"@id\":\"https:\/\/www.mpppst.gob.ve\/mpppstweb\/#\/schema\/logo\/image\/\",\"url\":\"https:\/\/www.mpppst.gob.ve\/mpppstweb\/wp-content\/uploads\/2025\/07\/cropped-cropped-g910.png\",\"contentUrl\":\"https:\/\/www.mpppst.gob.ve\/mpppstweb\/wp-content\/uploads\/2025\/07\/cropped-cropped-g910.png\",\"width\":1080,\"height\":241,\"caption\":\"mpppst\"},\"image\":{\"@id\":\"https:\/\/www.mpppst.gob.ve\/mpppstweb\/#\/schema\/logo\/image\/\"}},{\"@type\":\"Person\",\"@id\":\"https:\/\/www.mpppst.gob.ve\/mpppstweb\/#\/schema\/person\/fc187ee8ead412bd4c9304b62f900ea4\",\"name\":\"MPPPST Prensa\",\"url\":\"https:\/\/www.mpppst.gob.ve\/mpppstweb\/index.php\/author\/prensa-mpppst\/\"}]}<\/script>\n<!-- \/ Yoast SEO plugin. -->","yoast_head_json":{"title":"Ministro Torrealba asiste a la juramentaci\u00f3n del nuevo presidente de Pequiven - MPPPST","robots":{"index":"index","follow":"follow","max-snippet":"max-snippet:-1","max-image-preview":"max-image-preview:large","max-video-preview":"max-video-preview:-1"},"canonical":"https:\/\/www.mpppst.gob.ve\/mpppstweb\/index.php\/2017\/01\/12\/ministro-torrealba-asiste-a-la-juramentacion-del-nuevo-presidente-de-pequiven\/","og_locale":"es_ES","og_type":"article","og_title":"Ministro Torrealba asiste a la juramentaci\u00f3n del nuevo presidente de Pequiven - MPPPST","og_description":"Prensa MPPPST.- El Ministro del Poder Popular para el Proceso Social de Trabajo, Francisco Torrealba, asisti\u00f3 &hellip; Ministro Torrealba asiste a la juramentaci\u00f3n del nuevo presidente de PequivenRead more","og_url":"https:\/\/www.mpppst.gob.ve\/mpppstweb\/index.php\/2017\/01\/12\/ministro-torrealba-asiste-a-la-juramentacion-del-nuevo-presidente-de-pequiven\/","og_site_name":"MPPPST","article_published_time":"2017-01-12T19:12:03+00:00","og_image":[{"width":800,"height":443,"url":"https:\/\/www.mpppst.gob.ve\/mpppstweb\/wp-content\/uploads\/2017\/01\/pequiven.jpg","type":"image\/jpeg"}],"author":"MPPPST Prensa","twitter_card":"summary_large_image","twitter_misc":{"Escrito por":"MPPPST Prensa","Tiempo de lectura":"2 minutos"},"schema":{"@context":"https:\/\/schema.org","@graph":[{"@type":"Article","@id":"https:\/\/www.mpppst.gob.ve\/mpppstweb\/index.php\/2017\/01\/12\/ministro-torrealba-asiste-a-la-juramentacion-del-nuevo-presidente-de-pequiven\/#article","isPartOf":{"@id":"https:\/\/www.mpppst.gob.ve\/mpppstweb\/index.php\/2017\/01\/12\/ministro-torrealba-asiste-a-la-juramentacion-del-nuevo-presidente-de-pequiven\/"},"author":{"name":"MPPPST Prensa","@id":"https:\/\/www.mpppst.gob.ve\/mpppstweb\/#\/schema\/person\/fc187ee8ead412bd4c9304b62f900ea4"},"headline":"Ministro Torrealba asiste a la juramentaci\u00f3n del nuevo presidente de Pequiven","datePublished":"2017-01-12T19:12:03+00:00","dateModified":"2017-01-12T19:12:03+00:00","mainEntityOfPage":{"@id":"https:\/\/www.mpppst.gob.ve\/mpppstweb\/index.php\/2017\/01\/12\/ministro-torrealba-asiste-a-la-juramentacion-del-nuevo-presidente-de-pequiven\/"},"wordCount":373,"publisher":{"@id":"https:\/\/www.mpppst.gob.ve\/mpppstweb\/#organization"},"image":{"@id":"https:\/\/www.mpppst.gob.ve\/mpppstweb\/index.php\/2017\/01\/12\/ministro-torrealba-asiste-a-la-juramentacion-del-nuevo-presidente-de-pequiven\/#primaryimage"},"thumbnailUrl":"https:\/\/www.mpppst.gob.ve\/mpppstweb\/wp-content\/uploads\/2017\/01\/pequiven.jpg","keywords":["Defensa Integral","Gobierno Bolivariano","MPPPST"],"articleSection":["Gobierno Nacional","Noticias"],"inLanguage":"es"},{"@type":"WebPage","@id":"https:\/\/www.mpppst.gob.ve\/mpppstweb\/index.php\/2017\/01\/12\/ministro-torrealba-asiste-a-la-juramentacion-del-nuevo-presidente-de-pequiven\/","url":"https:\/\/www.mpppst.gob.ve\/mpppstweb\/index.php\/2017\/01\/12\/ministro-torrealba-asiste-a-la-juramentacion-del-nuevo-presidente-de-pequiven\/","name":"Ministro Torrealba asiste a la juramentaci\u00f3n del nuevo presidente de Pequiven - MPPPST","isPartOf":{"@id":"https:\/\/www.mpppst.gob.ve\/mpppstweb\/#website"},"primaryImageOfPage":{"@id":"https:\/\/www.mpppst.gob.ve\/mpppstweb\/index.php\/2017\/01\/12\/ministro-torrealba-asiste-a-la-juramentacion-del-nuevo-presidente-de-pequiven\/#primaryimage"},"image":{"@id":"https:\/\/www.mpppst.gob.ve\/mpppstweb\/index.php\/2017\/01\/12\/ministro-torrealba-asiste-a-la-juramentacion-del-nuevo-presidente-de-pequiven\/#primaryimage"},"thumbnailUrl":"https:\/\/www.mpppst.gob.ve\/mpppstweb\/wp-content\/uploads\/2017\/01\/pequiven.jpg","datePublished":"2017-01-12T19:12:03+00:00","dateModified":"2017-01-12T19:12:03+00:00","breadcrumb":{"@id":"https:\/\/www.mpppst.gob.ve\/mpppstweb\/index.php\/2017\/01\/12\/ministro-torrealba-asiste-a-la-juramentacion-del-nuevo-presidente-de-pequiven\/#breadcrumb"},"inLanguage":"es","potentialAction":[{"@type":"ReadAction","target":["https:\/\/www.mpppst.gob.ve\/mpppstweb\/index.php\/2017\/01\/12\/ministro-torrealba-asiste-a-la-juramentacion-del-nuevo-presidente-de-pequiven\/"]}]},{"@type":"ImageObject","inLanguage":"es","@id":"https:\/\/www.mpppst.gob.ve\/mpppstweb\/index.php\/2017\/01\/12\/ministro-torrealba-asiste-a-la-juramentacion-del-nuevo-presidente-de-pequiven\/#primaryimage","url":"https:\/\/www.mpppst.gob.ve\/mpppstweb\/wp-content\/uploads\/2017\/01\/pequiven.jpg","contentUrl":"https:\/\/www.mpppst.gob.ve\/mpppstweb\/wp-content\/uploads\/2017\/01\/pequiven.jpg","width":800,"height":443},{"@type":"BreadcrumbList","@id":"https:\/\/www.mpppst.gob.ve\/mpppstweb\/index.php\/2017\/01\/12\/ministro-torrealba-asiste-a-la-juramentacion-del-nuevo-presidente-de-pequiven\/#breadcrumb","itemListElement":[{"@type":"ListItem","position":1,"name":"Home","item":"https:\/\/www.mpppst.gob.ve\/mpppstweb\/"},{"@type":"ListItem","position":2,"name":"Ministro Torrealba asiste a la juramentaci\u00f3n del nuevo presidente de Pequiven"}]},{"@type":"WebSite","@id":"https:\/\/www.mpppst.gob.ve\/mpppstweb\/#website","url":"https:\/\/www.mpppst.gob.ve\/mpppstweb\/","name":"MPPPST","description":"Ministerio del Poder Popular para el Proceso Social de Trabajo","publisher":{"@id":"https:\/\/www.mpppst.gob.ve\/mpppstweb\/#organization"},"potentialAction":[{"@type":"SearchAction","target":{"@type":"EntryPoint","urlTemplate":"https:\/\/www.mpppst.gob.ve\/mpppstweb\/?s={search_term_string}"},"query-input":"required name=search_term_string"}],"inLanguage":"es"},{"@type":"Organization","@id":"https:\/\/www.mpppst.gob.ve\/mpppstweb\/#organization","name":"mpppst","url":"https:\/\/www.mpppst.gob.ve\/mpppstweb\/","logo":{"@type":"ImageObject","inLanguage":"es","@id":"https:\/\/www.mpppst.gob.ve\/mpppstweb\/#\/schema\/logo\/image\/","url":"https:\/\/www.mpppst.gob.ve\/mpppstweb\/wp-content\/uploads\/2025\/07\/cropped-cropped-g910.png","contentUrl":"https:\/\/www.mpppst.gob.ve\/mpppstweb\/wp-content\/uploads\/2025\/07\/cropped-cropped-g910.png","width":1080,"height":241,"caption":"mpppst"},"image":{"@id":"https:\/\/www.mpppst.gob.ve\/mpppstweb\/#\/schema\/logo\/image\/"}},{"@type":"Person","@id":"https:\/\/www.mpppst.gob.ve\/mpppstweb\/#\/schema\/person\/fc187ee8ead412bd4c9304b62f900ea4","name":"MPPPST Prensa","url":"https:\/\/www.mpppst.gob.ve\/mpppstweb\/index.php\/author\/prensa-mpppst\/"}]}},"_links":{"self":[{"href":"https:\/\/www.mpppst.gob.ve\/mpppstweb\/index.php\/wp-json\/wp\/v2\/posts\/10097"}],"collection":[{"href":"https:\/\/www.mpppst.gob.ve\/mpppstweb\/index.php\/wp-json\/wp\/v2\/posts"}],"about":[{"href":"https:\/\/www.mpppst.gob.ve\/mpppstweb\/index.php\/wp-json\/wp\/v2\/types\/post"}],"author":[{"embeddable":true,"href":"https:\/\/www.mpppst.gob.ve\/mpppstweb\/index.php\/wp-json\/wp\/v2\/users\/25"}],"replies":[{"embeddable":true,"href":"https:\/\/www.mpppst.gob.ve\/mpppstweb\/index.php\/wp-json\/wp\/v2\/comments?post=10097"}],"version-history":[{"count":1,"href":"https:\/\/www.mpppst.gob.ve\/mpppstweb\/index.php\/wp-json\/wp\/v2\/posts\/10097\/revisions"}],"predecessor-version":[{"id":10099,"href":"https:\/\/www.mpppst.gob.ve\/mpppstweb\/index.php\/wp-json\/wp\/v2\/posts\/10097\/revisions\/10099"}],"wp:featuredmedia":[{"embeddable":true,"href":"https:\/\/www.mpppst.gob.ve\/mpppstweb\/index.php\/wp-json\/wp\/v2\/media\/10098"}],"wp:attachment":[{"href":"https:\/\/www.mpppst.gob.ve\/mpppstweb\/index.php\/wp-json\/wp\/v2\/media?parent=10097"}],"wp:term":[{"taxonomy":"category","embeddable":true,"href":"https:\/\/www.mpppst.gob.ve\/mpppstweb\/index.php\/wp-json\/wp\/v2\/categories?post=10097"},{"taxonomy":"post_tag","embeddable":true,"href":"https:\/\/www.mpppst.gob.ve\/mpppstweb\/index.php\/wp-json\/wp\/v2\/tags?post=10097"}],"curies":[{"name":"wp","href":"https:\/\/api.w.org\/{rel}","templated":true}]}}