{"id":10100,"date":"2017-01-12T19:50:45","date_gmt":"2017-01-12T19:50:45","guid":{"rendered":"http:\/\/www.mpppst.gob.ve\/mpppstweb\/?p=10100"},"modified":"2017-01-12T19:50:45","modified_gmt":"2017-01-12T19:50:45","slug":"celac-debatira-sobre-fortalezas-para-la-gestion-publica-en-nuestra-america","status":"publish","type":"post","link":"https:\/\/www.mpppst.gob.ve\/mpppstweb\/index.php\/2017\/01\/12\/celac-debatira-sobre-fortalezas-para-la-gestion-publica-en-nuestra-america\/","title":{"rendered":"Celac debatir\u00e1 sobre fortalezas para la gesti\u00f3n p\u00fablica en Nuestra Am\u00e9rica"},"content":{"rendered":"<p><strong>Celac debate en Santo Domingo pol\u00edtica de cooperaci\u00f3n internacional<\/strong><\/p>\n<p>Caracas, 12 de enero de 2017 (AVN).- El grupo de trabajo de Cooperaci\u00f3n Internacional de la Comunidad de Estados Latinoamericanos y Caribe\u00f1os (Celac) se reunir\u00e1 este jueves y viernes en Santo Domingo, Rep\u00fablica Dominicana, para debatir sobre la pol\u00edtica de cooperaci\u00f3n que desarrollar\u00e1 el organismo de integraci\u00f3n.<\/p>\n<p>Esta reuni\u00f3n precede a la V Cumbre de Jefes de Estado y de Gobierno, que se realizar\u00e1 el 25 de enero en B\u00e1varo, en la que Rep\u00fablica Dominicana entregar\u00e1 la presidencia pro t\u00e9mpore de Celac a El Salvador.<\/p>\n<p>En el encuentro de este jueves 12 y viernes 13 de enero, el grupo de cooperaci\u00f3n evaluar\u00e1 el dise\u00f1o de una plataforma que sistematice las capacidades y fortalezas de gesti\u00f3n p\u00fablica de los estados parte que puedan ser \u00fatiles para la cooperaci\u00f3n Sur-Sur.<\/p>\n<p>Tambi\u00e9n se debatir\u00e1 sobre la financiaci\u00f3n para el desarrollo y se revisar\u00e1n las prioridades de cooperaci\u00f3n con Hait\u00ed, inform\u00f3 el viceministro de Cooperaci\u00f3n Internacional, Inocencio Garc\u00eda Javier, en una rueda de prensa rese\u00f1ada por Diario Digital.<\/p>\n<p>La agenda Celac incluye para este principio de a\u00f1o la XXI reuni\u00f3n de coordinadores nacionales que tendr\u00e1 lugar los d\u00edas 21, 22 y 23 de enero de 2017.<\/p>\n<p>A esta le sigue la XIII reuni\u00f3n de cancilleres, el 24 de enero, y la cumbre presidencial del 25, como lo establece el cronograma de actividades establecido por Rep\u00fablica Dominicana en el ejercicio de la presidencia pro t\u00e9mpore.<\/p>\n<p>La Celac est\u00e1 integrada por 33 pa\u00edses y tiene como objetivo profundizar la integraci\u00f3n pol\u00edtica, econ\u00f3mica, social y cultural de los m\u00e1s de 600 millones de personas que habitan en Am\u00e9rica Latina y El Caribe, con respeto de su diversidad, democracia y derechos humanos.<\/p>\n<p>Los pa\u00edses que integran la comunidad son: Antigua y Barbuda, Argentina, Bahamas, Barbados, Belice, Bolivia, Brasil, Chile, Colombia, Costa Rica, Cuba, Rep\u00fablica Dominicana, Dominica, Ecuador, El Salvador, Granada, Guatemala, Guayana, Hait\u00ed, Honduras y Jamaica.<\/p>\n<p>Asimismo, por M\u00e9xico, Nicaragua, Panam\u00e1, Paraguay, Per\u00fa, Santa Luc\u00eda, San Crist\u00f3bal y Nieves, San Vicente y las Granadinas, Surinam, Trinidad y Tobago, Uruguay y Venezuela.<\/p>\n<p>Fue constituida en el marco de la celebraci\u00f3n de la Cumbre de la Unidad de Am\u00e9rica Latina y el Caribe (CALC) en Playa del Carmen, M\u00e9xico, el 23 de febrero de 2010, y puesta en funcionamiento desde el 3 de diciembre de 2011 en la Cumbre Fundacional de Caracas.<\/p>\n<p>AVN &#8211; 12\/01\/2017 &#8211; 11:09 am<\/p>\n","protected":false},"excerpt":{"rendered":"<p>Celac debate en Santo Domingo pol\u00edtica de cooperaci\u00f3n internacional Caracas, 12 de enero de 2017 (AVN).- &hellip; <a title=\"Celac debatir\u00e1 sobre fortalezas para la gesti\u00f3n p\u00fablica en Nuestra Am\u00e9rica\" class=\"hm-read-more\" href=\"https:\/\/www.mpppst.gob.ve\/mpppstweb\/index.php\/2017\/01\/12\/celac-debatira-sobre-fortalezas-para-la-gestion-publica-en-nuestra-america\/\"><span class=\"screen-reader-text\">Celac debatir\u00e1 sobre fortalezas para la gesti\u00f3n p\u00fablica en Nuestra Am\u00e9rica<\/span>Read more<\/a><\/p>\n","protected":false},"author":25,"featured_media":10101,"comment_status":"closed","ping_status":"closed","sticky":false,"template":"","format":"standard","meta":{"footnotes":""},"categories":[8,237],"tags":[314,317,316,315],"yoast_head":"<!-- This site is optimized with the Yoast SEO plugin v22.5 - https:\/\/yoast.com\/wordpress\/plugins\/seo\/ -->\n<title>Celac debatir\u00e1 sobre fortalezas para la gesti\u00f3n p\u00fablica en Nuestra Am\u00e9rica - MPPPST<\/title>\n<meta name=\"robots\" content=\"index, follow, max-snippet:-1, max-image-preview:large, max-video-preview:-1\" \/>\n<link rel=\"canonical\" href=\"https:\/\/www.mpppst.gob.ve\/mpppstweb\/index.php\/2017\/01\/12\/celac-debatira-sobre-fortalezas-para-la-gestion-publica-en-nuestra-america\/\" \/>\n<meta property=\"og:locale\" content=\"es_ES\" \/>\n<meta property=\"og:type\" content=\"article\" \/>\n<meta property=\"og:title\" content=\"Celac debatir\u00e1 sobre fortalezas para la gesti\u00f3n p\u00fablica en Nuestra Am\u00e9rica - MPPPST\" \/>\n<meta property=\"og:description\" content=\"Celac debate en Santo Domingo pol\u00edtica de cooperaci\u00f3n internacional Caracas, 12 de enero de 2017 (AVN).- &hellip; Celac debatir\u00e1 sobre fortalezas para la gesti\u00f3n p\u00fablica en Nuestra Am\u00e9ricaRead more\" \/>\n<meta property=\"og:url\" content=\"https:\/\/www.mpppst.gob.ve\/mpppstweb\/index.php\/2017\/01\/12\/celac-debatira-sobre-fortalezas-para-la-gestion-publica-en-nuestra-america\/\" \/>\n<meta property=\"og:site_name\" content=\"MPPPST\" \/>\n<meta property=\"article:published_time\" content=\"2017-01-12T19:50:45+00:00\" \/>\n<meta property=\"og:image\" content=\"https:\/\/www.mpppst.gob.ve\/mpppstweb\/wp-content\/uploads\/2017\/01\/20170112-CelacStoDomingo.jpg\" \/>\n\t<meta property=\"og:image:width\" content=\"640\" \/>\n\t<meta property=\"og:image:height\" content=\"322\" \/>\n\t<meta property=\"og:image:type\" content=\"image\/jpeg\" \/>\n<meta name=\"author\" content=\"MPPPST Prensa\" \/>\n<meta name=\"twitter:card\" content=\"summary_large_image\" \/>\n<meta name=\"twitter:label1\" content=\"Escrito por\" \/>\n\t<meta name=\"twitter:data1\" content=\"MPPPST Prensa\" \/>\n\t<meta name=\"twitter:label2\" content=\"Tiempo de lectura\" \/>\n\t<meta name=\"twitter:data2\" content=\"2 minutos\" \/>\n<script type=\"application\/ld+json\" class=\"yoast-schema-graph\">{\"@context\":\"https:\/\/schema.org\",\"@graph\":[{\"@type\":\"Article\",\"@id\":\"https:\/\/www.mpppst.gob.ve\/mpppstweb\/index.php\/2017\/01\/12\/celac-debatira-sobre-fortalezas-para-la-gestion-publica-en-nuestra-america\/#article\",\"isPartOf\":{\"@id\":\"https:\/\/www.mpppst.gob.ve\/mpppstweb\/index.php\/2017\/01\/12\/celac-debatira-sobre-fortalezas-para-la-gestion-publica-en-nuestra-america\/\"},\"author\":{\"name\":\"MPPPST Prensa\",\"@id\":\"https:\/\/www.mpppst.gob.ve\/mpppstweb\/#\/schema\/person\/fc187ee8ead412bd4c9304b62f900ea4\"},\"headline\":\"Celac debatir\u00e1 sobre fortalezas para la gesti\u00f3n p\u00fablica en Nuestra Am\u00e9rica\",\"datePublished\":\"2017-01-12T19:50:45+00:00\",\"dateModified\":\"2017-01-12T19:50:45+00:00\",\"mainEntityOfPage\":{\"@id\":\"https:\/\/www.mpppst.gob.ve\/mpppstweb\/index.php\/2017\/01\/12\/celac-debatira-sobre-fortalezas-para-la-gestion-publica-en-nuestra-america\/\"},\"wordCount\":437,\"publisher\":{\"@id\":\"https:\/\/www.mpppst.gob.ve\/mpppstweb\/#organization\"},\"image\":{\"@id\":\"https:\/\/www.mpppst.gob.ve\/mpppstweb\/index.php\/2017\/01\/12\/celac-debatira-sobre-fortalezas-para-la-gestion-publica-en-nuestra-america\/#primaryimage\"},\"thumbnailUrl\":\"https:\/\/www.mpppst.gob.ve\/mpppstweb\/wp-content\/uploads\/2017\/01\/20170112-CelacStoDomingo.jpg\",\"keywords\":[\"CELAC\",\"Derecho Internacional\",\"Gesti\u00f3n P\u00fablica\",\"Integraci\u00f3n\"],\"articleSection\":[\"Internacionales\",\"Procesos y organismo internacionales\"],\"inLanguage\":\"es\"},{\"@type\":\"WebPage\",\"@id\":\"https:\/\/www.mpppst.gob.ve\/mpppstweb\/index.php\/2017\/01\/12\/celac-debatira-sobre-fortalezas-para-la-gestion-publica-en-nuestra-america\/\",\"url\":\"https:\/\/www.mpppst.gob.ve\/mpppstweb\/index.php\/2017\/01\/12\/celac-debatira-sobre-fortalezas-para-la-gestion-publica-en-nuestra-america\/\",\"name\":\"Celac debatir\u00e1 sobre fortalezas para la gesti\u00f3n p\u00fablica en Nuestra Am\u00e9rica - MPPPST\",\"isPartOf\":{\"@id\":\"https:\/\/www.mpppst.gob.ve\/mpppstweb\/#website\"},\"primaryImageOfPage\":{\"@id\":\"https:\/\/www.mpppst.gob.ve\/mpppstweb\/index.php\/2017\/01\/12\/celac-debatira-sobre-fortalezas-para-la-gestion-publica-en-nuestra-america\/#primaryimage\"},\"image\":{\"@id\":\"https:\/\/www.mpppst.gob.ve\/mpppstweb\/index.php\/2017\/01\/12\/celac-debatira-sobre-fortalezas-para-la-gestion-publica-en-nuestra-america\/#primaryimage\"},\"thumbnailUrl\":\"https:\/\/www.mpppst.gob.ve\/mpppstweb\/wp-content\/uploads\/2017\/01\/20170112-CelacStoDomingo.jpg\",\"datePublished\":\"2017-01-12T19:50:45+00:00\",\"dateModified\":\"2017-01-12T19:50:45+00:00\",\"breadcrumb\":{\"@id\":\"https:\/\/www.mpppst.gob.ve\/mpppstweb\/index.php\/2017\/01\/12\/celac-debatira-sobre-fortalezas-para-la-gestion-publica-en-nuestra-america\/#breadcrumb\"},\"inLanguage\":\"es\",\"potentialAction\":[{\"@type\":\"ReadAction\",\"target\":[\"https:\/\/www.mpppst.gob.ve\/mpppstweb\/index.php\/2017\/01\/12\/celac-debatira-sobre-fortalezas-para-la-gestion-publica-en-nuestra-america\/\"]}]},{\"@type\":\"ImageObject\",\"inLanguage\":\"es\",\"@id\":\"https:\/\/www.mpppst.gob.ve\/mpppstweb\/index.php\/2017\/01\/12\/celac-debatira-sobre-fortalezas-para-la-gestion-publica-en-nuestra-america\/#primaryimage\",\"url\":\"https:\/\/www.mpppst.gob.ve\/mpppstweb\/wp-content\/uploads\/2017\/01\/20170112-CelacStoDomingo.jpg\",\"contentUrl\":\"https:\/\/www.mpppst.gob.ve\/mpppstweb\/wp-content\/uploads\/2017\/01\/20170112-CelacStoDomingo.jpg\",\"width\":640,\"height\":322},{\"@type\":\"BreadcrumbList\",\"@id\":\"https:\/\/www.mpppst.gob.ve\/mpppstweb\/index.php\/2017\/01\/12\/celac-debatira-sobre-fortalezas-para-la-gestion-publica-en-nuestra-america\/#breadcrumb\",\"itemListElement\":[{\"@type\":\"ListItem\",\"position\":1,\"name\":\"Home\",\"item\":\"https:\/\/www.mpppst.gob.ve\/mpppstweb\/\"},{\"@type\":\"ListItem\",\"position\":2,\"name\":\"Celac debatir\u00e1 sobre fortalezas para la gesti\u00f3n p\u00fablica en Nuestra Am\u00e9rica\"}]},{\"@type\":\"WebSite\",\"@id\":\"https:\/\/www.mpppst.gob.ve\/mpppstweb\/#website\",\"url\":\"https:\/\/www.mpppst.gob.ve\/mpppstweb\/\",\"name\":\"MPPPST\",\"description\":\"Ministerio del Poder Popular para el Proceso Social de Trabajo\",\"publisher\":{\"@id\":\"https:\/\/www.mpppst.gob.ve\/mpppstweb\/#organization\"},\"potentialAction\":[{\"@type\":\"SearchAction\",\"target\":{\"@type\":\"EntryPoint\",\"urlTemplate\":\"https:\/\/www.mpppst.gob.ve\/mpppstweb\/?s={search_term_string}\"},\"query-input\":\"required name=search_term_string\"}],\"inLanguage\":\"es\"},{\"@type\":\"Organization\",\"@id\":\"https:\/\/www.mpppst.gob.ve\/mpppstweb\/#organization\",\"name\":\"mpppst\",\"url\":\"https:\/\/www.mpppst.gob.ve\/mpppstweb\/\",\"logo\":{\"@type\":\"ImageObject\",\"inLanguage\":\"es\",\"@id\":\"https:\/\/www.mpppst.gob.ve\/mpppstweb\/#\/schema\/logo\/image\/\",\"url\":\"https:\/\/www.mpppst.gob.ve\/mpppstweb\/wp-content\/uploads\/2025\/07\/cropped-cropped-g910.png\",\"contentUrl\":\"https:\/\/www.mpppst.gob.ve\/mpppstweb\/wp-content\/uploads\/2025\/07\/cropped-cropped-g910.png\",\"width\":1080,\"height\":241,\"caption\":\"mpppst\"},\"image\":{\"@id\":\"https:\/\/www.mpppst.gob.ve\/mpppstweb\/#\/schema\/logo\/image\/\"}},{\"@type\":\"Person\",\"@id\":\"https:\/\/www.mpppst.gob.ve\/mpppstweb\/#\/schema\/person\/fc187ee8ead412bd4c9304b62f900ea4\",\"name\":\"MPPPST Prensa\",\"url\":\"https:\/\/www.mpppst.gob.ve\/mpppstweb\/index.php\/author\/prensa-mpppst\/\"}]}<\/script>\n<!-- \/ Yoast SEO plugin. -->","yoast_head_json":{"title":"Celac debatir\u00e1 sobre fortalezas para la gesti\u00f3n p\u00fablica en Nuestra Am\u00e9rica - MPPPST","robots":{"index":"index","follow":"follow","max-snippet":"max-snippet:-1","max-image-preview":"max-image-preview:large","max-video-preview":"max-video-preview:-1"},"canonical":"https:\/\/www.mpppst.gob.ve\/mpppstweb\/index.php\/2017\/01\/12\/celac-debatira-sobre-fortalezas-para-la-gestion-publica-en-nuestra-america\/","og_locale":"es_ES","og_type":"article","og_title":"Celac debatir\u00e1 sobre fortalezas para la gesti\u00f3n p\u00fablica en Nuestra Am\u00e9rica - MPPPST","og_description":"Celac debate en Santo Domingo pol\u00edtica de cooperaci\u00f3n internacional Caracas, 12 de enero de 2017 (AVN).- &hellip; Celac debatir\u00e1 sobre fortalezas para la gesti\u00f3n p\u00fablica en Nuestra Am\u00e9ricaRead more","og_url":"https:\/\/www.mpppst.gob.ve\/mpppstweb\/index.php\/2017\/01\/12\/celac-debatira-sobre-fortalezas-para-la-gestion-publica-en-nuestra-america\/","og_site_name":"MPPPST","article_published_time":"2017-01-12T19:50:45+00:00","og_image":[{"width":640,"height":322,"url":"https:\/\/www.mpppst.gob.ve\/mpppstweb\/wp-content\/uploads\/2017\/01\/20170112-CelacStoDomingo.jpg","type":"image\/jpeg"}],"author":"MPPPST Prensa","twitter_card":"summary_large_image","twitter_misc":{"Escrito por":"MPPPST Prensa","Tiempo de lectura":"2 minutos"},"schema":{"@context":"https:\/\/schema.org","@graph":[{"@type":"Article","@id":"https:\/\/www.mpppst.gob.ve\/mpppstweb\/index.php\/2017\/01\/12\/celac-debatira-sobre-fortalezas-para-la-gestion-publica-en-nuestra-america\/#article","isPartOf":{"@id":"https:\/\/www.mpppst.gob.ve\/mpppstweb\/index.php\/2017\/01\/12\/celac-debatira-sobre-fortalezas-para-la-gestion-publica-en-nuestra-america\/"},"author":{"name":"MPPPST Prensa","@id":"https:\/\/www.mpppst.gob.ve\/mpppstweb\/#\/schema\/person\/fc187ee8ead412bd4c9304b62f900ea4"},"headline":"Celac debatir\u00e1 sobre fortalezas para la gesti\u00f3n p\u00fablica en Nuestra Am\u00e9rica","datePublished":"2017-01-12T19:50:45+00:00","dateModified":"2017-01-12T19:50:45+00:00","mainEntityOfPage":{"@id":"https:\/\/www.mpppst.gob.ve\/mpppstweb\/index.php\/2017\/01\/12\/celac-debatira-sobre-fortalezas-para-la-gestion-publica-en-nuestra-america\/"},"wordCount":437,"publisher":{"@id":"https:\/\/www.mpppst.gob.ve\/mpppstweb\/#organization"},"image":{"@id":"https:\/\/www.mpppst.gob.ve\/mpppstweb\/index.php\/2017\/01\/12\/celac-debatira-sobre-fortalezas-para-la-gestion-publica-en-nuestra-america\/#primaryimage"},"thumbnailUrl":"https:\/\/www.mpppst.gob.ve\/mpppstweb\/wp-content\/uploads\/2017\/01\/20170112-CelacStoDomingo.jpg","keywords":["CELAC","Derecho Internacional","Gesti\u00f3n P\u00fablica","Integraci\u00f3n"],"articleSection":["Internacionales","Procesos y organismo internacionales"],"inLanguage":"es"},{"@type":"WebPage","@id":"https:\/\/www.mpppst.gob.ve\/mpppstweb\/index.php\/2017\/01\/12\/celac-debatira-sobre-fortalezas-para-la-gestion-publica-en-nuestra-america\/","url":"https:\/\/www.mpppst.gob.ve\/mpppstweb\/index.php\/2017\/01\/12\/celac-debatira-sobre-fortalezas-para-la-gestion-publica-en-nuestra-america\/","name":"Celac debatir\u00e1 sobre fortalezas para la gesti\u00f3n p\u00fablica en Nuestra Am\u00e9rica - MPPPST","isPartOf":{"@id":"https:\/\/www.mpppst.gob.ve\/mpppstweb\/#website"},"primaryImageOfPage":{"@id":"https:\/\/www.mpppst.gob.ve\/mpppstweb\/index.php\/2017\/01\/12\/celac-debatira-sobre-fortalezas-para-la-gestion-publica-en-nuestra-america\/#primaryimage"},"image":{"@id":"https:\/\/www.mpppst.gob.ve\/mpppstweb\/index.php\/2017\/01\/12\/celac-debatira-sobre-fortalezas-para-la-gestion-publica-en-nuestra-america\/#primaryimage"},"thumbnailUrl":"https:\/\/www.mpppst.gob.ve\/mpppstweb\/wp-content\/uploads\/2017\/01\/20170112-CelacStoDomingo.jpg","datePublished":"2017-01-12T19:50:45+00:00","dateModified":"2017-01-12T19:50:45+00:00","breadcrumb":{"@id":"https:\/\/www.mpppst.gob.ve\/mpppstweb\/index.php\/2017\/01\/12\/celac-debatira-sobre-fortalezas-para-la-gestion-publica-en-nuestra-america\/#breadcrumb"},"inLanguage":"es","potentialAction":[{"@type":"ReadAction","target":["https:\/\/www.mpppst.gob.ve\/mpppstweb\/index.php\/2017\/01\/12\/celac-debatira-sobre-fortalezas-para-la-gestion-publica-en-nuestra-america\/"]}]},{"@type":"ImageObject","inLanguage":"es","@id":"https:\/\/www.mpppst.gob.ve\/mpppstweb\/index.php\/2017\/01\/12\/celac-debatira-sobre-fortalezas-para-la-gestion-publica-en-nuestra-america\/#primaryimage","url":"https:\/\/www.mpppst.gob.ve\/mpppstweb\/wp-content\/uploads\/2017\/01\/20170112-CelacStoDomingo.jpg","contentUrl":"https:\/\/www.mpppst.gob.ve\/mpppstweb\/wp-content\/uploads\/2017\/01\/20170112-CelacStoDomingo.jpg","width":640,"height":322},{"@type":"BreadcrumbList","@id":"https:\/\/www.mpppst.gob.ve\/mpppstweb\/index.php\/2017\/01\/12\/celac-debatira-sobre-fortalezas-para-la-gestion-publica-en-nuestra-america\/#breadcrumb","itemListElement":[{"@type":"ListItem","position":1,"name":"Home","item":"https:\/\/www.mpppst.gob.ve\/mpppstweb\/"},{"@type":"ListItem","position":2,"name":"Celac debatir\u00e1 sobre fortalezas para la gesti\u00f3n p\u00fablica en Nuestra Am\u00e9rica"}]},{"@type":"WebSite","@id":"https:\/\/www.mpppst.gob.ve\/mpppstweb\/#website","url":"https:\/\/www.mpppst.gob.ve\/mpppstweb\/","name":"MPPPST","description":"Ministerio del Poder Popular para el Proceso Social de Trabajo","publisher":{"@id":"https:\/\/www.mpppst.gob.ve\/mpppstweb\/#organization"},"potentialAction":[{"@type":"SearchAction","target":{"@type":"EntryPoint","urlTemplate":"https:\/\/www.mpppst.gob.ve\/mpppstweb\/?s={search_term_string}"},"query-input":"required name=search_term_string"}],"inLanguage":"es"},{"@type":"Organization","@id":"https:\/\/www.mpppst.gob.ve\/mpppstweb\/#organization","name":"mpppst","url":"https:\/\/www.mpppst.gob.ve\/mpppstweb\/","logo":{"@type":"ImageObject","inLanguage":"es","@id":"https:\/\/www.mpppst.gob.ve\/mpppstweb\/#\/schema\/logo\/image\/","url":"https:\/\/www.mpppst.gob.ve\/mpppstweb\/wp-content\/uploads\/2025\/07\/cropped-cropped-g910.png","contentUrl":"https:\/\/www.mpppst.gob.ve\/mpppstweb\/wp-content\/uploads\/2025\/07\/cropped-cropped-g910.png","width":1080,"height":241,"caption":"mpppst"},"image":{"@id":"https:\/\/www.mpppst.gob.ve\/mpppstweb\/#\/schema\/logo\/image\/"}},{"@type":"Person","@id":"https:\/\/www.mpppst.gob.ve\/mpppstweb\/#\/schema\/person\/fc187ee8ead412bd4c9304b62f900ea4","name":"MPPPST Prensa","url":"https:\/\/www.mpppst.gob.ve\/mpppstweb\/index.php\/author\/prensa-mpppst\/"}]}},"_links":{"self":[{"href":"https:\/\/www.mpppst.gob.ve\/mpppstweb\/index.php\/wp-json\/wp\/v2\/posts\/10100"}],"collection":[{"href":"https:\/\/www.mpppst.gob.ve\/mpppstweb\/index.php\/wp-json\/wp\/v2\/posts"}],"about":[{"href":"https:\/\/www.mpppst.gob.ve\/mpppstweb\/index.php\/wp-json\/wp\/v2\/types\/post"}],"author":[{"embeddable":true,"href":"https:\/\/www.mpppst.gob.ve\/mpppstweb\/index.php\/wp-json\/wp\/v2\/users\/25"}],"replies":[{"embeddable":true,"href":"https:\/\/www.mpppst.gob.ve\/mpppstweb\/index.php\/wp-json\/wp\/v2\/comments?post=10100"}],"version-history":[{"count":1,"href":"https:\/\/www.mpppst.gob.ve\/mpppstweb\/index.php\/wp-json\/wp\/v2\/posts\/10100\/revisions"}],"predecessor-version":[{"id":10102,"href":"https:\/\/www.mpppst.gob.ve\/mpppstweb\/index.php\/wp-json\/wp\/v2\/posts\/10100\/revisions\/10102"}],"wp:featuredmedia":[{"embeddable":true,"href":"https:\/\/www.mpppst.gob.ve\/mpppstweb\/index.php\/wp-json\/wp\/v2\/media\/10101"}],"wp:attachment":[{"href":"https:\/\/www.mpppst.gob.ve\/mpppstweb\/index.php\/wp-json\/wp\/v2\/media?parent=10100"}],"wp:term":[{"taxonomy":"category","embeddable":true,"href":"https:\/\/www.mpppst.gob.ve\/mpppstweb\/index.php\/wp-json\/wp\/v2\/categories?post=10100"},{"taxonomy":"post_tag","embeddable":true,"href":"https:\/\/www.mpppst.gob.ve\/mpppstweb\/index.php\/wp-json\/wp\/v2\/tags?post=10100"}],"curies":[{"name":"wp","href":"https:\/\/api.w.org\/{rel}","templated":true}]}}