{"id":10103,"date":"2017-01-13T15:16:54","date_gmt":"2017-01-13T15:16:54","guid":{"rendered":"http:\/\/www.mpppst.gob.ve\/mpppstweb\/?p=10103"},"modified":"2017-01-13T15:16:54","modified_gmt":"2017-01-13T15:16:54","slug":"ministro-torrealba-se-reune-con-presidentes-del-inces-y-ivss-para-abordar-retos-del-2017","status":"publish","type":"post","link":"https:\/\/www.mpppst.gob.ve\/mpppstweb\/index.php\/2017\/01\/13\/ministro-torrealba-se-reune-con-presidentes-del-inces-y-ivss-para-abordar-retos-del-2017\/","title":{"rendered":"Ministro Torrealba se re\u00fane con presidentes del INCES y IVSS para abordar retos del 2017"},"content":{"rendered":"<p>Caracas, 12 de enero. Prensa (MPPPST). El Ministro del Poder Popular para el Proceso Social de Trabajo, Francisco Torrealba, sostuvo sendas reuniones con los presidentes de los entes adscritos al ministerio, INCES e IVSS, a fin de debatir sobre los retos a enfrentar en el 2017 y planear acciones acordes con los lineamientos trazados y grandes tareas sociales y productivas fijadas por el Presidente Nicol\u00e1s Maduro Moros.<\/p>\n<p>En la reuni\u00f3n con el presidente del Instituto Nacional de Capacitaci\u00f3n y Educaci\u00f3n Socialista (INCES) Wuikelman Angel, se trat\u00f3 el tema de la gesti\u00f3n de esta instituci\u00f3n en el marco de lo formativo y los logros alcanzados en esa amplia materia.<\/p>\n<p>Durante el 2016 el Inces form\u00f3 a 52.068 participantes que luego fueron ubicados en puestos de trabajo de empresas p\u00fablicas y privadas, socializando as\u00ed sus conocimientos, seg\u00fan lo Inform\u00f3 el presidente de esa instituci\u00f3n a finales del a\u00f1o pasado.<\/p>\n<p>Un total de siete programas desarroll\u00f3 el INCES para lograr la meta del a\u00f1o con la formaci\u00f3n productiva que incluy\u00f3 a 349.813 participantes. El programa \u201cLuisa C\u00e1ceres Arismendi\u201d permiti\u00f3 la educaci\u00f3n de 18.392 venezolanos en los centros penitenciarios; \u201cInces Militar\u201d con 31.514 participantes; 45.581 aprendices del \u201cPrograma Nacional de Aprendices\u201d; 31.244 en unidades educativas y 23.813 acreditados por el programa de conocimientos \u201cexperiencia en ejercicio\u201d.<\/p>\n<p>Para este 2017 Wuikelman Angel traz\u00f3 la meta de duplicar la cantidad de participantes. Para lograrlo, se intensificar\u00e1 el control y exigencias para que las empresas cumplan con el tributo legal que es fuente de ingresos del Inces.<\/p>\n<p>El Ministro Francisco Torrealba tambi\u00e9n sostuvo una reuni\u00f3n con el Presidente de Instituto Venezolano de los Seguros Sociales (IVSS) Carlos Rotondaro, para revisar los resultados de la gesti\u00f3n realizada de esta instituci\u00f3n en particular, las pensiones de la Misi\u00f3n en Amor Mayor y de los nuevos retos para el 2017 en la creaci\u00f3n de las 80 mil nuevas pensiones anunciadas por el presidente Nicol\u00e1s Maduro.<\/p>\n<p>&nbsp;<\/p>\n<p>Report\u00f3: Carlos Palacios<\/p>\n","protected":false},"excerpt":{"rendered":"<p>Caracas, 12 de enero. Prensa (MPPPST). El Ministro del Poder Popular para el Proceso Social de &hellip; <a title=\"Ministro Torrealba se re\u00fane con presidentes del INCES y IVSS para abordar retos del 2017\" class=\"hm-read-more\" href=\"https:\/\/www.mpppst.gob.ve\/mpppstweb\/index.php\/2017\/01\/13\/ministro-torrealba-se-reune-con-presidentes-del-inces-y-ivss-para-abordar-retos-del-2017\/\"><span class=\"screen-reader-text\">Ministro Torrealba se re\u00fane con presidentes del INCES y IVSS para abordar retos del 2017<\/span>Read more<\/a><\/p>\n","protected":false},"author":25,"featured_media":10104,"comment_status":"closed","ping_status":"closed","sticky":false,"template":"","format":"standard","meta":{"footnotes":""},"categories":[239,82,83],"tags":[243,247,318,223],"yoast_head":"<!-- This site is optimized with the Yoast SEO plugin v22.5 - https:\/\/yoast.com\/wordpress\/plugins\/seo\/ -->\n<title>Ministro Torrealba se re\u00fane con presidentes del INCES y IVSS para abordar retos del 2017 - MPPPST<\/title>\n<meta name=\"robots\" content=\"index, follow, max-snippet:-1, max-image-preview:large, max-video-preview:-1\" \/>\n<link rel=\"canonical\" href=\"https:\/\/www.mpppst.gob.ve\/mpppstweb\/index.php\/2017\/01\/13\/ministro-torrealba-se-reune-con-presidentes-del-inces-y-ivss-para-abordar-retos-del-2017\/\" \/>\n<meta property=\"og:locale\" content=\"es_ES\" \/>\n<meta property=\"og:type\" content=\"article\" \/>\n<meta property=\"og:title\" content=\"Ministro Torrealba se re\u00fane con presidentes del INCES y IVSS para abordar retos del 2017 - MPPPST\" \/>\n<meta property=\"og:description\" content=\"Caracas, 12 de enero. Prensa (MPPPST). El Ministro del Poder Popular para el Proceso Social de &hellip; Ministro Torrealba se re\u00fane con presidentes del INCES y IVSS para abordar retos del 2017Read more\" \/>\n<meta property=\"og:url\" content=\"https:\/\/www.mpppst.gob.ve\/mpppstweb\/index.php\/2017\/01\/13\/ministro-torrealba-se-reune-con-presidentes-del-inces-y-ivss-para-abordar-retos-del-2017\/\" \/>\n<meta property=\"og:site_name\" content=\"MPPPST\" \/>\n<meta property=\"article:published_time\" content=\"2017-01-13T15:16:54+00:00\" \/>\n<meta property=\"og:image\" content=\"https:\/\/www.mpppst.gob.ve\/mpppstweb\/wp-content\/uploads\/2017\/01\/ConWuikelman.jpg\" \/>\n\t<meta property=\"og:image:width\" content=\"1200\" \/>\n\t<meta property=\"og:image:height\" content=\"720\" \/>\n\t<meta property=\"og:image:type\" content=\"image\/jpeg\" \/>\n<meta name=\"author\" content=\"MPPPST Prensa\" \/>\n<meta name=\"twitter:card\" content=\"summary_large_image\" \/>\n<meta name=\"twitter:label1\" content=\"Escrito por\" \/>\n\t<meta name=\"twitter:data1\" content=\"MPPPST Prensa\" \/>\n\t<meta name=\"twitter:label2\" content=\"Tiempo de lectura\" \/>\n\t<meta name=\"twitter:data2\" content=\"2 minutos\" \/>\n<script type=\"application\/ld+json\" class=\"yoast-schema-graph\">{\"@context\":\"https:\/\/schema.org\",\"@graph\":[{\"@type\":\"Article\",\"@id\":\"https:\/\/www.mpppst.gob.ve\/mpppstweb\/index.php\/2017\/01\/13\/ministro-torrealba-se-reune-con-presidentes-del-inces-y-ivss-para-abordar-retos-del-2017\/#article\",\"isPartOf\":{\"@id\":\"https:\/\/www.mpppst.gob.ve\/mpppstweb\/index.php\/2017\/01\/13\/ministro-torrealba-se-reune-con-presidentes-del-inces-y-ivss-para-abordar-retos-del-2017\/\"},\"author\":{\"name\":\"MPPPST Prensa\",\"@id\":\"https:\/\/www.mpppst.gob.ve\/mpppstweb\/#\/schema\/person\/fc187ee8ead412bd4c9304b62f900ea4\"},\"headline\":\"Ministro Torrealba se re\u00fane con presidentes del INCES y IVSS para abordar retos del 2017\",\"datePublished\":\"2017-01-13T15:16:54+00:00\",\"dateModified\":\"2017-01-13T15:16:54+00:00\",\"mainEntityOfPage\":{\"@id\":\"https:\/\/www.mpppst.gob.ve\/mpppstweb\/index.php\/2017\/01\/13\/ministro-torrealba-se-reune-con-presidentes-del-inces-y-ivss-para-abordar-retos-del-2017\/\"},\"wordCount\":342,\"publisher\":{\"@id\":\"https:\/\/www.mpppst.gob.ve\/mpppstweb\/#organization\"},\"image\":{\"@id\":\"https:\/\/www.mpppst.gob.ve\/mpppstweb\/index.php\/2017\/01\/13\/ministro-torrealba-se-reune-con-presidentes-del-inces-y-ivss-para-abordar-retos-del-2017\/#primaryimage\"},\"thumbnailUrl\":\"https:\/\/www.mpppst.gob.ve\/mpppstweb\/wp-content\/uploads\/2017\/01\/ConWuikelman.jpg\",\"keywords\":[\"INCES\",\"IVSS\",\"Ministro Torrealba\",\"MPPPST\"],\"articleSection\":[\"Entes adscritos\",\"Gobierno Nacional\",\"Ministerio\"],\"inLanguage\":\"es\"},{\"@type\":\"WebPage\",\"@id\":\"https:\/\/www.mpppst.gob.ve\/mpppstweb\/index.php\/2017\/01\/13\/ministro-torrealba-se-reune-con-presidentes-del-inces-y-ivss-para-abordar-retos-del-2017\/\",\"url\":\"https:\/\/www.mpppst.gob.ve\/mpppstweb\/index.php\/2017\/01\/13\/ministro-torrealba-se-reune-con-presidentes-del-inces-y-ivss-para-abordar-retos-del-2017\/\",\"name\":\"Ministro Torrealba se re\u00fane con presidentes del INCES y IVSS para abordar retos del 2017 - MPPPST\",\"isPartOf\":{\"@id\":\"https:\/\/www.mpppst.gob.ve\/mpppstweb\/#website\"},\"primaryImageOfPage\":{\"@id\":\"https:\/\/www.mpppst.gob.ve\/mpppstweb\/index.php\/2017\/01\/13\/ministro-torrealba-se-reune-con-presidentes-del-inces-y-ivss-para-abordar-retos-del-2017\/#primaryimage\"},\"image\":{\"@id\":\"https:\/\/www.mpppst.gob.ve\/mpppstweb\/index.php\/2017\/01\/13\/ministro-torrealba-se-reune-con-presidentes-del-inces-y-ivss-para-abordar-retos-del-2017\/#primaryimage\"},\"thumbnailUrl\":\"https:\/\/www.mpppst.gob.ve\/mpppstweb\/wp-content\/uploads\/2017\/01\/ConWuikelman.jpg\",\"datePublished\":\"2017-01-13T15:16:54+00:00\",\"dateModified\":\"2017-01-13T15:16:54+00:00\",\"breadcrumb\":{\"@id\":\"https:\/\/www.mpppst.gob.ve\/mpppstweb\/index.php\/2017\/01\/13\/ministro-torrealba-se-reune-con-presidentes-del-inces-y-ivss-para-abordar-retos-del-2017\/#breadcrumb\"},\"inLanguage\":\"es\",\"potentialAction\":[{\"@type\":\"ReadAction\",\"target\":[\"https:\/\/www.mpppst.gob.ve\/mpppstweb\/index.php\/2017\/01\/13\/ministro-torrealba-se-reune-con-presidentes-del-inces-y-ivss-para-abordar-retos-del-2017\/\"]}]},{\"@type\":\"ImageObject\",\"inLanguage\":\"es\",\"@id\":\"https:\/\/www.mpppst.gob.ve\/mpppstweb\/index.php\/2017\/01\/13\/ministro-torrealba-se-reune-con-presidentes-del-inces-y-ivss-para-abordar-retos-del-2017\/#primaryimage\",\"url\":\"https:\/\/www.mpppst.gob.ve\/mpppstweb\/wp-content\/uploads\/2017\/01\/ConWuikelman.jpg\",\"contentUrl\":\"https:\/\/www.mpppst.gob.ve\/mpppstweb\/wp-content\/uploads\/2017\/01\/ConWuikelman.jpg\",\"width\":1200,\"height\":720},{\"@type\":\"BreadcrumbList\",\"@id\":\"https:\/\/www.mpppst.gob.ve\/mpppstweb\/index.php\/2017\/01\/13\/ministro-torrealba-se-reune-con-presidentes-del-inces-y-ivss-para-abordar-retos-del-2017\/#breadcrumb\",\"itemListElement\":[{\"@type\":\"ListItem\",\"position\":1,\"name\":\"Home\",\"item\":\"https:\/\/www.mpppst.gob.ve\/mpppstweb\/\"},{\"@type\":\"ListItem\",\"position\":2,\"name\":\"Ministro Torrealba se re\u00fane con presidentes del INCES y IVSS para abordar retos del 2017\"}]},{\"@type\":\"WebSite\",\"@id\":\"https:\/\/www.mpppst.gob.ve\/mpppstweb\/#website\",\"url\":\"https:\/\/www.mpppst.gob.ve\/mpppstweb\/\",\"name\":\"MPPPST\",\"description\":\"Ministerio del Poder Popular para el Proceso Social de Trabajo\",\"publisher\":{\"@id\":\"https:\/\/www.mpppst.gob.ve\/mpppstweb\/#organization\"},\"potentialAction\":[{\"@type\":\"SearchAction\",\"target\":{\"@type\":\"EntryPoint\",\"urlTemplate\":\"https:\/\/www.mpppst.gob.ve\/mpppstweb\/?s={search_term_string}\"},\"query-input\":\"required name=search_term_string\"}],\"inLanguage\":\"es\"},{\"@type\":\"Organization\",\"@id\":\"https:\/\/www.mpppst.gob.ve\/mpppstweb\/#organization\",\"name\":\"mpppst\",\"url\":\"https:\/\/www.mpppst.gob.ve\/mpppstweb\/\",\"logo\":{\"@type\":\"ImageObject\",\"inLanguage\":\"es\",\"@id\":\"https:\/\/www.mpppst.gob.ve\/mpppstweb\/#\/schema\/logo\/image\/\",\"url\":\"https:\/\/www.mpppst.gob.ve\/mpppstweb\/wp-content\/uploads\/2025\/07\/cropped-cropped-g910.png\",\"contentUrl\":\"https:\/\/www.mpppst.gob.ve\/mpppstweb\/wp-content\/uploads\/2025\/07\/cropped-cropped-g910.png\",\"width\":1080,\"height\":241,\"caption\":\"mpppst\"},\"image\":{\"@id\":\"https:\/\/www.mpppst.gob.ve\/mpppstweb\/#\/schema\/logo\/image\/\"}},{\"@type\":\"Person\",\"@id\":\"https:\/\/www.mpppst.gob.ve\/mpppstweb\/#\/schema\/person\/fc187ee8ead412bd4c9304b62f900ea4\",\"name\":\"MPPPST Prensa\",\"url\":\"https:\/\/www.mpppst.gob.ve\/mpppstweb\/index.php\/author\/prensa-mpppst\/\"}]}<\/script>\n<!-- \/ Yoast SEO plugin. -->","yoast_head_json":{"title":"Ministro Torrealba se re\u00fane con presidentes del INCES y IVSS para abordar retos del 2017 - MPPPST","robots":{"index":"index","follow":"follow","max-snippet":"max-snippet:-1","max-image-preview":"max-image-preview:large","max-video-preview":"max-video-preview:-1"},"canonical":"https:\/\/www.mpppst.gob.ve\/mpppstweb\/index.php\/2017\/01\/13\/ministro-torrealba-se-reune-con-presidentes-del-inces-y-ivss-para-abordar-retos-del-2017\/","og_locale":"es_ES","og_type":"article","og_title":"Ministro Torrealba se re\u00fane con presidentes del INCES y IVSS para abordar retos del 2017 - MPPPST","og_description":"Caracas, 12 de enero. Prensa (MPPPST). El Ministro del Poder Popular para el Proceso Social de &hellip; Ministro Torrealba se re\u00fane con presidentes del INCES y IVSS para abordar retos del 2017Read more","og_url":"https:\/\/www.mpppst.gob.ve\/mpppstweb\/index.php\/2017\/01\/13\/ministro-torrealba-se-reune-con-presidentes-del-inces-y-ivss-para-abordar-retos-del-2017\/","og_site_name":"MPPPST","article_published_time":"2017-01-13T15:16:54+00:00","og_image":[{"width":1200,"height":720,"url":"https:\/\/www.mpppst.gob.ve\/mpppstweb\/wp-content\/uploads\/2017\/01\/ConWuikelman.jpg","type":"image\/jpeg"}],"author":"MPPPST Prensa","twitter_card":"summary_large_image","twitter_misc":{"Escrito por":"MPPPST Prensa","Tiempo de lectura":"2 minutos"},"schema":{"@context":"https:\/\/schema.org","@graph":[{"@type":"Article","@id":"https:\/\/www.mpppst.gob.ve\/mpppstweb\/index.php\/2017\/01\/13\/ministro-torrealba-se-reune-con-presidentes-del-inces-y-ivss-para-abordar-retos-del-2017\/#article","isPartOf":{"@id":"https:\/\/www.mpppst.gob.ve\/mpppstweb\/index.php\/2017\/01\/13\/ministro-torrealba-se-reune-con-presidentes-del-inces-y-ivss-para-abordar-retos-del-2017\/"},"author":{"name":"MPPPST Prensa","@id":"https:\/\/www.mpppst.gob.ve\/mpppstweb\/#\/schema\/person\/fc187ee8ead412bd4c9304b62f900ea4"},"headline":"Ministro Torrealba se re\u00fane con presidentes del INCES y IVSS para abordar retos del 2017","datePublished":"2017-01-13T15:16:54+00:00","dateModified":"2017-01-13T15:16:54+00:00","mainEntityOfPage":{"@id":"https:\/\/www.mpppst.gob.ve\/mpppstweb\/index.php\/2017\/01\/13\/ministro-torrealba-se-reune-con-presidentes-del-inces-y-ivss-para-abordar-retos-del-2017\/"},"wordCount":342,"publisher":{"@id":"https:\/\/www.mpppst.gob.ve\/mpppstweb\/#organization"},"image":{"@id":"https:\/\/www.mpppst.gob.ve\/mpppstweb\/index.php\/2017\/01\/13\/ministro-torrealba-se-reune-con-presidentes-del-inces-y-ivss-para-abordar-retos-del-2017\/#primaryimage"},"thumbnailUrl":"https:\/\/www.mpppst.gob.ve\/mpppstweb\/wp-content\/uploads\/2017\/01\/ConWuikelman.jpg","keywords":["INCES","IVSS","Ministro Torrealba","MPPPST"],"articleSection":["Entes adscritos","Gobierno Nacional","Ministerio"],"inLanguage":"es"},{"@type":"WebPage","@id":"https:\/\/www.mpppst.gob.ve\/mpppstweb\/index.php\/2017\/01\/13\/ministro-torrealba-se-reune-con-presidentes-del-inces-y-ivss-para-abordar-retos-del-2017\/","url":"https:\/\/www.mpppst.gob.ve\/mpppstweb\/index.php\/2017\/01\/13\/ministro-torrealba-se-reune-con-presidentes-del-inces-y-ivss-para-abordar-retos-del-2017\/","name":"Ministro Torrealba se re\u00fane con presidentes del INCES y IVSS para abordar retos del 2017 - MPPPST","isPartOf":{"@id":"https:\/\/www.mpppst.gob.ve\/mpppstweb\/#website"},"primaryImageOfPage":{"@id":"https:\/\/www.mpppst.gob.ve\/mpppstweb\/index.php\/2017\/01\/13\/ministro-torrealba-se-reune-con-presidentes-del-inces-y-ivss-para-abordar-retos-del-2017\/#primaryimage"},"image":{"@id":"https:\/\/www.mpppst.gob.ve\/mpppstweb\/index.php\/2017\/01\/13\/ministro-torrealba-se-reune-con-presidentes-del-inces-y-ivss-para-abordar-retos-del-2017\/#primaryimage"},"thumbnailUrl":"https:\/\/www.mpppst.gob.ve\/mpppstweb\/wp-content\/uploads\/2017\/01\/ConWuikelman.jpg","datePublished":"2017-01-13T15:16:54+00:00","dateModified":"2017-01-13T15:16:54+00:00","breadcrumb":{"@id":"https:\/\/www.mpppst.gob.ve\/mpppstweb\/index.php\/2017\/01\/13\/ministro-torrealba-se-reune-con-presidentes-del-inces-y-ivss-para-abordar-retos-del-2017\/#breadcrumb"},"inLanguage":"es","potentialAction":[{"@type":"ReadAction","target":["https:\/\/www.mpppst.gob.ve\/mpppstweb\/index.php\/2017\/01\/13\/ministro-torrealba-se-reune-con-presidentes-del-inces-y-ivss-para-abordar-retos-del-2017\/"]}]},{"@type":"ImageObject","inLanguage":"es","@id":"https:\/\/www.mpppst.gob.ve\/mpppstweb\/index.php\/2017\/01\/13\/ministro-torrealba-se-reune-con-presidentes-del-inces-y-ivss-para-abordar-retos-del-2017\/#primaryimage","url":"https:\/\/www.mpppst.gob.ve\/mpppstweb\/wp-content\/uploads\/2017\/01\/ConWuikelman.jpg","contentUrl":"https:\/\/www.mpppst.gob.ve\/mpppstweb\/wp-content\/uploads\/2017\/01\/ConWuikelman.jpg","width":1200,"height":720},{"@type":"BreadcrumbList","@id":"https:\/\/www.mpppst.gob.ve\/mpppstweb\/index.php\/2017\/01\/13\/ministro-torrealba-se-reune-con-presidentes-del-inces-y-ivss-para-abordar-retos-del-2017\/#breadcrumb","itemListElement":[{"@type":"ListItem","position":1,"name":"Home","item":"https:\/\/www.mpppst.gob.ve\/mpppstweb\/"},{"@type":"ListItem","position":2,"name":"Ministro Torrealba se re\u00fane con presidentes del INCES y IVSS para abordar retos del 2017"}]},{"@type":"WebSite","@id":"https:\/\/www.mpppst.gob.ve\/mpppstweb\/#website","url":"https:\/\/www.mpppst.gob.ve\/mpppstweb\/","name":"MPPPST","description":"Ministerio del Poder Popular para el Proceso Social de Trabajo","publisher":{"@id":"https:\/\/www.mpppst.gob.ve\/mpppstweb\/#organization"},"potentialAction":[{"@type":"SearchAction","target":{"@type":"EntryPoint","urlTemplate":"https:\/\/www.mpppst.gob.ve\/mpppstweb\/?s={search_term_string}"},"query-input":"required name=search_term_string"}],"inLanguage":"es"},{"@type":"Organization","@id":"https:\/\/www.mpppst.gob.ve\/mpppstweb\/#organization","name":"mpppst","url":"https:\/\/www.mpppst.gob.ve\/mpppstweb\/","logo":{"@type":"ImageObject","inLanguage":"es","@id":"https:\/\/www.mpppst.gob.ve\/mpppstweb\/#\/schema\/logo\/image\/","url":"https:\/\/www.mpppst.gob.ve\/mpppstweb\/wp-content\/uploads\/2025\/07\/cropped-cropped-g910.png","contentUrl":"https:\/\/www.mpppst.gob.ve\/mpppstweb\/wp-content\/uploads\/2025\/07\/cropped-cropped-g910.png","width":1080,"height":241,"caption":"mpppst"},"image":{"@id":"https:\/\/www.mpppst.gob.ve\/mpppstweb\/#\/schema\/logo\/image\/"}},{"@type":"Person","@id":"https:\/\/www.mpppst.gob.ve\/mpppstweb\/#\/schema\/person\/fc187ee8ead412bd4c9304b62f900ea4","name":"MPPPST Prensa","url":"https:\/\/www.mpppst.gob.ve\/mpppstweb\/index.php\/author\/prensa-mpppst\/"}]}},"_links":{"self":[{"href":"https:\/\/www.mpppst.gob.ve\/mpppstweb\/index.php\/wp-json\/wp\/v2\/posts\/10103"}],"collection":[{"href":"https:\/\/www.mpppst.gob.ve\/mpppstweb\/index.php\/wp-json\/wp\/v2\/posts"}],"about":[{"href":"https:\/\/www.mpppst.gob.ve\/mpppstweb\/index.php\/wp-json\/wp\/v2\/types\/post"}],"author":[{"embeddable":true,"href":"https:\/\/www.mpppst.gob.ve\/mpppstweb\/index.php\/wp-json\/wp\/v2\/users\/25"}],"replies":[{"embeddable":true,"href":"https:\/\/www.mpppst.gob.ve\/mpppstweb\/index.php\/wp-json\/wp\/v2\/comments?post=10103"}],"version-history":[{"count":1,"href":"https:\/\/www.mpppst.gob.ve\/mpppstweb\/index.php\/wp-json\/wp\/v2\/posts\/10103\/revisions"}],"predecessor-version":[{"id":10105,"href":"https:\/\/www.mpppst.gob.ve\/mpppstweb\/index.php\/wp-json\/wp\/v2\/posts\/10103\/revisions\/10105"}],"wp:featuredmedia":[{"embeddable":true,"href":"https:\/\/www.mpppst.gob.ve\/mpppstweb\/index.php\/wp-json\/wp\/v2\/media\/10104"}],"wp:attachment":[{"href":"https:\/\/www.mpppst.gob.ve\/mpppstweb\/index.php\/wp-json\/wp\/v2\/media?parent=10103"}],"wp:term":[{"taxonomy":"category","embeddable":true,"href":"https:\/\/www.mpppst.gob.ve\/mpppstweb\/index.php\/wp-json\/wp\/v2\/categories?post=10103"},{"taxonomy":"post_tag","embeddable":true,"href":"https:\/\/www.mpppst.gob.ve\/mpppstweb\/index.php\/wp-json\/wp\/v2\/tags?post=10103"}],"curies":[{"name":"wp","href":"https:\/\/api.w.org\/{rel}","templated":true}]}}