{"id":10144,"date":"2017-01-14T19:59:31","date_gmt":"2017-01-14T19:59:31","guid":{"rendered":"http:\/\/www.mpppst.gob.ve\/mpppstweb\/?p=10144"},"modified":"2017-01-14T19:59:31","modified_gmt":"2017-01-14T19:59:31","slug":"pueblo-revolucionario-se-moviliza-en-caracas-en-apoyo-a-ejercicio-zamora-200","status":"publish","type":"post","link":"https:\/\/www.mpppst.gob.ve\/mpppstweb\/index.php\/2017\/01\/14\/pueblo-revolucionario-se-moviliza-en-caracas-en-apoyo-a-ejercicio-zamora-200\/","title":{"rendered":"Pueblo revolucionario se moviliza en Caracas en apoyo a ejercicio Zamora 200"},"content":{"rendered":"<p>AVN.- Miembros de movimientos sociales, campesinos, j\u00f3venes, trabajadores, hombres y mujeres revolucionarias de Caracas, as\u00ed como del estado Miranda, entre otras entidades, participan en una caminata en la capital hacia La Rinconada, en apoyo al Ejercicio de Acci\u00f3n Integral Antiimperialista Zamora 200, que se realiza en el pa\u00eds con el prop\u00f3sito fortalecer el despliegue nacional de la uni\u00f3n c\u00edvico militar para la defensa integral de la naci\u00f3n.<\/p>\n<p>La movilizaci\u00f3n se inici\u00f3 en el Patio de Honor de la Academia Militar Bolivariana, en Fuerte de Tiuna,\u00a0 para emprender el recorrido al Poliedro de Caracas, en La Rinconada, donde se efectuar\u00e1 el acto central con motivo del ejercicio c\u00edvico militar.<\/p>\n<p>En un contacto con Venezolana de Televisi\u00f3n, los revolucionarios expresaron distintas impresiones como: \u201cVenezuela es un pa\u00eds de paz, de amor y tenemos que seguir luchando por la Revoluci\u00f3n Bolivariana, ahora con el presidente Nicol\u00e1s Maduro a la vanguardia luchando contra el imperialismo\u00bb, \u00abPedimos respeto por nuestra naci\u00f3n\u201d, \u201cSomos revolucionarios y seguimos en pie de lucha\u201d.<\/p>\n<p>Antes del inicio de esta movilizaci\u00f3n, el primer vicepresidente del Partido Socialista Unido de Venezuela (Psuv), Diosdado Cabello, desde el\u00a0 patio de honor de la Academia Militar, recalc\u00f3 que la uni\u00f3n c\u00edvico militar es la premisa y el legado del comandante Hugo Ch\u00e1vez para defender la paz y la soberan\u00eda del pa\u00eds.<\/p>\n<p>\u00abCumplamos la orden que nos dio el comandante Ch\u00e1vez el 8 de diciembre (de 2012), porque no es una orden: &#8216;unidad, lucha, batalla y victoria&#8217;. Uni\u00f3n de toda la fuerza revolucionaria, unidad del pueblo organizado, unidad de nuestra querida Fuerza Armada Nacional Bolivariana. Nadie podr\u00e1 contra eso, somos invencibles. Somos indestructibles mientras estemos unidos\u00bb, asever\u00f3.<\/p>\n","protected":false},"excerpt":{"rendered":"<p>AVN.- Miembros de movimientos sociales, campesinos, j\u00f3venes, trabajadores, hombres y mujeres revolucionarias de Caracas, as\u00ed como &hellip; <a title=\"Pueblo revolucionario se moviliza en Caracas en apoyo a ejercicio Zamora 200\" class=\"hm-read-more\" href=\"https:\/\/www.mpppst.gob.ve\/mpppstweb\/index.php\/2017\/01\/14\/pueblo-revolucionario-se-moviliza-en-caracas-en-apoyo-a-ejercicio-zamora-200\/\"><span class=\"screen-reader-text\">Pueblo revolucionario se moviliza en Caracas en apoyo a ejercicio Zamora 200<\/span>Read more<\/a><\/p>\n","protected":false},"author":25,"featured_media":10145,"comment_status":"closed","ping_status":"closed","sticky":false,"template":"","format":"standard","meta":{"footnotes":""},"categories":[82,163],"tags":[229,222,240],"yoast_head":"<!-- This site is optimized with the Yoast SEO plugin v22.5 - https:\/\/yoast.com\/wordpress\/plugins\/seo\/ -->\n<title>Pueblo revolucionario se moviliza en Caracas en apoyo a ejercicio Zamora 200 - MPPPST<\/title>\n<meta name=\"robots\" content=\"index, follow, max-snippet:-1, max-image-preview:large, max-video-preview:-1\" \/>\n<link rel=\"canonical\" href=\"https:\/\/www.mpppst.gob.ve\/mpppstweb\/index.php\/2017\/01\/14\/pueblo-revolucionario-se-moviliza-en-caracas-en-apoyo-a-ejercicio-zamora-200\/\" \/>\n<meta property=\"og:locale\" content=\"es_ES\" \/>\n<meta property=\"og:type\" content=\"article\" \/>\n<meta property=\"og:title\" content=\"Pueblo revolucionario se moviliza en Caracas en apoyo a ejercicio Zamora 200 - MPPPST\" \/>\n<meta property=\"og:description\" content=\"AVN.- Miembros de movimientos sociales, campesinos, j\u00f3venes, trabajadores, hombres y mujeres revolucionarias de Caracas, as\u00ed como &hellip; Pueblo revolucionario se moviliza en Caracas en apoyo a ejercicio Zamora 200Read more\" \/>\n<meta property=\"og:url\" content=\"https:\/\/www.mpppst.gob.ve\/mpppstweb\/index.php\/2017\/01\/14\/pueblo-revolucionario-se-moviliza-en-caracas-en-apoyo-a-ejercicio-zamora-200\/\" \/>\n<meta property=\"og:site_name\" content=\"MPPPST\" \/>\n<meta property=\"article:published_time\" content=\"2017-01-14T19:59:31+00:00\" \/>\n<meta property=\"og:image\" content=\"https:\/\/www.mpppst.gob.ve\/mpppstweb\/wp-content\/uploads\/2017\/01\/Sin-t\u00edtulo.jpg\" \/>\n\t<meta property=\"og:image:width\" content=\"801\" \/>\n\t<meta property=\"og:image:height\" content=\"450\" \/>\n\t<meta property=\"og:image:type\" content=\"image\/jpeg\" \/>\n<meta name=\"author\" content=\"MPPPST Prensa\" \/>\n<meta name=\"twitter:card\" content=\"summary_large_image\" \/>\n<meta name=\"twitter:label1\" content=\"Escrito por\" \/>\n\t<meta name=\"twitter:data1\" content=\"MPPPST Prensa\" \/>\n\t<meta name=\"twitter:label2\" content=\"Tiempo de lectura\" \/>\n\t<meta name=\"twitter:data2\" content=\"1 minuto\" \/>\n<script type=\"application\/ld+json\" class=\"yoast-schema-graph\">{\"@context\":\"https:\/\/schema.org\",\"@graph\":[{\"@type\":\"Article\",\"@id\":\"https:\/\/www.mpppst.gob.ve\/mpppstweb\/index.php\/2017\/01\/14\/pueblo-revolucionario-se-moviliza-en-caracas-en-apoyo-a-ejercicio-zamora-200\/#article\",\"isPartOf\":{\"@id\":\"https:\/\/www.mpppst.gob.ve\/mpppstweb\/index.php\/2017\/01\/14\/pueblo-revolucionario-se-moviliza-en-caracas-en-apoyo-a-ejercicio-zamora-200\/\"},\"author\":{\"name\":\"MPPPST Prensa\",\"@id\":\"https:\/\/www.mpppst.gob.ve\/mpppstweb\/#\/schema\/person\/fc187ee8ead412bd4c9304b62f900ea4\"},\"headline\":\"Pueblo revolucionario se moviliza en Caracas en apoyo a ejercicio Zamora 200\",\"datePublished\":\"2017-01-14T19:59:31+00:00\",\"dateModified\":\"2017-01-14T19:59:31+00:00\",\"mainEntityOfPage\":{\"@id\":\"https:\/\/www.mpppst.gob.ve\/mpppstweb\/index.php\/2017\/01\/14\/pueblo-revolucionario-se-moviliza-en-caracas-en-apoyo-a-ejercicio-zamora-200\/\"},\"wordCount\":302,\"publisher\":{\"@id\":\"https:\/\/www.mpppst.gob.ve\/mpppstweb\/#organization\"},\"image\":{\"@id\":\"https:\/\/www.mpppst.gob.ve\/mpppstweb\/index.php\/2017\/01\/14\/pueblo-revolucionario-se-moviliza-en-caracas-en-apoyo-a-ejercicio-zamora-200\/#primaryimage\"},\"thumbnailUrl\":\"https:\/\/www.mpppst.gob.ve\/mpppstweb\/wp-content\/uploads\/2017\/01\/Sin-t\u00edtulo.jpg\",\"keywords\":[\"Defensa Integral\",\"Gobierno Bolivariano\",\"Participaci\u00f3n popular y protag\u00f3nica\"],\"articleSection\":[\"Gobierno Nacional\",\"Noticias\"],\"inLanguage\":\"es\"},{\"@type\":\"WebPage\",\"@id\":\"https:\/\/www.mpppst.gob.ve\/mpppstweb\/index.php\/2017\/01\/14\/pueblo-revolucionario-se-moviliza-en-caracas-en-apoyo-a-ejercicio-zamora-200\/\",\"url\":\"https:\/\/www.mpppst.gob.ve\/mpppstweb\/index.php\/2017\/01\/14\/pueblo-revolucionario-se-moviliza-en-caracas-en-apoyo-a-ejercicio-zamora-200\/\",\"name\":\"Pueblo revolucionario se moviliza en Caracas en apoyo a ejercicio Zamora 200 - MPPPST\",\"isPartOf\":{\"@id\":\"https:\/\/www.mpppst.gob.ve\/mpppstweb\/#website\"},\"primaryImageOfPage\":{\"@id\":\"https:\/\/www.mpppst.gob.ve\/mpppstweb\/index.php\/2017\/01\/14\/pueblo-revolucionario-se-moviliza-en-caracas-en-apoyo-a-ejercicio-zamora-200\/#primaryimage\"},\"image\":{\"@id\":\"https:\/\/www.mpppst.gob.ve\/mpppstweb\/index.php\/2017\/01\/14\/pueblo-revolucionario-se-moviliza-en-caracas-en-apoyo-a-ejercicio-zamora-200\/#primaryimage\"},\"thumbnailUrl\":\"https:\/\/www.mpppst.gob.ve\/mpppstweb\/wp-content\/uploads\/2017\/01\/Sin-t\u00edtulo.jpg\",\"datePublished\":\"2017-01-14T19:59:31+00:00\",\"dateModified\":\"2017-01-14T19:59:31+00:00\",\"breadcrumb\":{\"@id\":\"https:\/\/www.mpppst.gob.ve\/mpppstweb\/index.php\/2017\/01\/14\/pueblo-revolucionario-se-moviliza-en-caracas-en-apoyo-a-ejercicio-zamora-200\/#breadcrumb\"},\"inLanguage\":\"es\",\"potentialAction\":[{\"@type\":\"ReadAction\",\"target\":[\"https:\/\/www.mpppst.gob.ve\/mpppstweb\/index.php\/2017\/01\/14\/pueblo-revolucionario-se-moviliza-en-caracas-en-apoyo-a-ejercicio-zamora-200\/\"]}]},{\"@type\":\"ImageObject\",\"inLanguage\":\"es\",\"@id\":\"https:\/\/www.mpppst.gob.ve\/mpppstweb\/index.php\/2017\/01\/14\/pueblo-revolucionario-se-moviliza-en-caracas-en-apoyo-a-ejercicio-zamora-200\/#primaryimage\",\"url\":\"https:\/\/www.mpppst.gob.ve\/mpppstweb\/wp-content\/uploads\/2017\/01\/Sin-t\u00edtulo.jpg\",\"contentUrl\":\"https:\/\/www.mpppst.gob.ve\/mpppstweb\/wp-content\/uploads\/2017\/01\/Sin-t\u00edtulo.jpg\",\"width\":801,\"height\":450},{\"@type\":\"BreadcrumbList\",\"@id\":\"https:\/\/www.mpppst.gob.ve\/mpppstweb\/index.php\/2017\/01\/14\/pueblo-revolucionario-se-moviliza-en-caracas-en-apoyo-a-ejercicio-zamora-200\/#breadcrumb\",\"itemListElement\":[{\"@type\":\"ListItem\",\"position\":1,\"name\":\"Home\",\"item\":\"https:\/\/www.mpppst.gob.ve\/mpppstweb\/\"},{\"@type\":\"ListItem\",\"position\":2,\"name\":\"Pueblo revolucionario se moviliza en Caracas en apoyo a ejercicio Zamora 200\"}]},{\"@type\":\"WebSite\",\"@id\":\"https:\/\/www.mpppst.gob.ve\/mpppstweb\/#website\",\"url\":\"https:\/\/www.mpppst.gob.ve\/mpppstweb\/\",\"name\":\"MPPPST\",\"description\":\"Ministerio del Poder Popular para el Proceso Social de Trabajo\",\"publisher\":{\"@id\":\"https:\/\/www.mpppst.gob.ve\/mpppstweb\/#organization\"},\"potentialAction\":[{\"@type\":\"SearchAction\",\"target\":{\"@type\":\"EntryPoint\",\"urlTemplate\":\"https:\/\/www.mpppst.gob.ve\/mpppstweb\/?s={search_term_string}\"},\"query-input\":\"required name=search_term_string\"}],\"inLanguage\":\"es\"},{\"@type\":\"Organization\",\"@id\":\"https:\/\/www.mpppst.gob.ve\/mpppstweb\/#organization\",\"name\":\"mpppst\",\"url\":\"https:\/\/www.mpppst.gob.ve\/mpppstweb\/\",\"logo\":{\"@type\":\"ImageObject\",\"inLanguage\":\"es\",\"@id\":\"https:\/\/www.mpppst.gob.ve\/mpppstweb\/#\/schema\/logo\/image\/\",\"url\":\"https:\/\/www.mpppst.gob.ve\/mpppstweb\/wp-content\/uploads\/2025\/07\/cropped-cropped-g910.png\",\"contentUrl\":\"https:\/\/www.mpppst.gob.ve\/mpppstweb\/wp-content\/uploads\/2025\/07\/cropped-cropped-g910.png\",\"width\":1080,\"height\":241,\"caption\":\"mpppst\"},\"image\":{\"@id\":\"https:\/\/www.mpppst.gob.ve\/mpppstweb\/#\/schema\/logo\/image\/\"}},{\"@type\":\"Person\",\"@id\":\"https:\/\/www.mpppst.gob.ve\/mpppstweb\/#\/schema\/person\/fc187ee8ead412bd4c9304b62f900ea4\",\"name\":\"MPPPST Prensa\",\"url\":\"https:\/\/www.mpppst.gob.ve\/mpppstweb\/index.php\/author\/prensa-mpppst\/\"}]}<\/script>\n<!-- \/ Yoast SEO plugin. -->","yoast_head_json":{"title":"Pueblo revolucionario se moviliza en Caracas en apoyo a ejercicio Zamora 200 - MPPPST","robots":{"index":"index","follow":"follow","max-snippet":"max-snippet:-1","max-image-preview":"max-image-preview:large","max-video-preview":"max-video-preview:-1"},"canonical":"https:\/\/www.mpppst.gob.ve\/mpppstweb\/index.php\/2017\/01\/14\/pueblo-revolucionario-se-moviliza-en-caracas-en-apoyo-a-ejercicio-zamora-200\/","og_locale":"es_ES","og_type":"article","og_title":"Pueblo revolucionario se moviliza en Caracas en apoyo a ejercicio Zamora 200 - MPPPST","og_description":"AVN.- Miembros de movimientos sociales, campesinos, j\u00f3venes, trabajadores, hombres y mujeres revolucionarias de Caracas, as\u00ed como &hellip; Pueblo revolucionario se moviliza en Caracas en apoyo a ejercicio Zamora 200Read more","og_url":"https:\/\/www.mpppst.gob.ve\/mpppstweb\/index.php\/2017\/01\/14\/pueblo-revolucionario-se-moviliza-en-caracas-en-apoyo-a-ejercicio-zamora-200\/","og_site_name":"MPPPST","article_published_time":"2017-01-14T19:59:31+00:00","og_image":[{"width":801,"height":450,"url":"https:\/\/www.mpppst.gob.ve\/mpppstweb\/wp-content\/uploads\/2017\/01\/Sin-t\u00edtulo.jpg","type":"image\/jpeg"}],"author":"MPPPST Prensa","twitter_card":"summary_large_image","twitter_misc":{"Escrito por":"MPPPST Prensa","Tiempo de lectura":"1 minuto"},"schema":{"@context":"https:\/\/schema.org","@graph":[{"@type":"Article","@id":"https:\/\/www.mpppst.gob.ve\/mpppstweb\/index.php\/2017\/01\/14\/pueblo-revolucionario-se-moviliza-en-caracas-en-apoyo-a-ejercicio-zamora-200\/#article","isPartOf":{"@id":"https:\/\/www.mpppst.gob.ve\/mpppstweb\/index.php\/2017\/01\/14\/pueblo-revolucionario-se-moviliza-en-caracas-en-apoyo-a-ejercicio-zamora-200\/"},"author":{"name":"MPPPST Prensa","@id":"https:\/\/www.mpppst.gob.ve\/mpppstweb\/#\/schema\/person\/fc187ee8ead412bd4c9304b62f900ea4"},"headline":"Pueblo revolucionario se moviliza en Caracas en apoyo a ejercicio Zamora 200","datePublished":"2017-01-14T19:59:31+00:00","dateModified":"2017-01-14T19:59:31+00:00","mainEntityOfPage":{"@id":"https:\/\/www.mpppst.gob.ve\/mpppstweb\/index.php\/2017\/01\/14\/pueblo-revolucionario-se-moviliza-en-caracas-en-apoyo-a-ejercicio-zamora-200\/"},"wordCount":302,"publisher":{"@id":"https:\/\/www.mpppst.gob.ve\/mpppstweb\/#organization"},"image":{"@id":"https:\/\/www.mpppst.gob.ve\/mpppstweb\/index.php\/2017\/01\/14\/pueblo-revolucionario-se-moviliza-en-caracas-en-apoyo-a-ejercicio-zamora-200\/#primaryimage"},"thumbnailUrl":"https:\/\/www.mpppst.gob.ve\/mpppstweb\/wp-content\/uploads\/2017\/01\/Sin-t\u00edtulo.jpg","keywords":["Defensa Integral","Gobierno Bolivariano","Participaci\u00f3n popular y protag\u00f3nica"],"articleSection":["Gobierno Nacional","Noticias"],"inLanguage":"es"},{"@type":"WebPage","@id":"https:\/\/www.mpppst.gob.ve\/mpppstweb\/index.php\/2017\/01\/14\/pueblo-revolucionario-se-moviliza-en-caracas-en-apoyo-a-ejercicio-zamora-200\/","url":"https:\/\/www.mpppst.gob.ve\/mpppstweb\/index.php\/2017\/01\/14\/pueblo-revolucionario-se-moviliza-en-caracas-en-apoyo-a-ejercicio-zamora-200\/","name":"Pueblo revolucionario se moviliza en Caracas en apoyo a ejercicio Zamora 200 - MPPPST","isPartOf":{"@id":"https:\/\/www.mpppst.gob.ve\/mpppstweb\/#website"},"primaryImageOfPage":{"@id":"https:\/\/www.mpppst.gob.ve\/mpppstweb\/index.php\/2017\/01\/14\/pueblo-revolucionario-se-moviliza-en-caracas-en-apoyo-a-ejercicio-zamora-200\/#primaryimage"},"image":{"@id":"https:\/\/www.mpppst.gob.ve\/mpppstweb\/index.php\/2017\/01\/14\/pueblo-revolucionario-se-moviliza-en-caracas-en-apoyo-a-ejercicio-zamora-200\/#primaryimage"},"thumbnailUrl":"https:\/\/www.mpppst.gob.ve\/mpppstweb\/wp-content\/uploads\/2017\/01\/Sin-t\u00edtulo.jpg","datePublished":"2017-01-14T19:59:31+00:00","dateModified":"2017-01-14T19:59:31+00:00","breadcrumb":{"@id":"https:\/\/www.mpppst.gob.ve\/mpppstweb\/index.php\/2017\/01\/14\/pueblo-revolucionario-se-moviliza-en-caracas-en-apoyo-a-ejercicio-zamora-200\/#breadcrumb"},"inLanguage":"es","potentialAction":[{"@type":"ReadAction","target":["https:\/\/www.mpppst.gob.ve\/mpppstweb\/index.php\/2017\/01\/14\/pueblo-revolucionario-se-moviliza-en-caracas-en-apoyo-a-ejercicio-zamora-200\/"]}]},{"@type":"ImageObject","inLanguage":"es","@id":"https:\/\/www.mpppst.gob.ve\/mpppstweb\/index.php\/2017\/01\/14\/pueblo-revolucionario-se-moviliza-en-caracas-en-apoyo-a-ejercicio-zamora-200\/#primaryimage","url":"https:\/\/www.mpppst.gob.ve\/mpppstweb\/wp-content\/uploads\/2017\/01\/Sin-t\u00edtulo.jpg","contentUrl":"https:\/\/www.mpppst.gob.ve\/mpppstweb\/wp-content\/uploads\/2017\/01\/Sin-t\u00edtulo.jpg","width":801,"height":450},{"@type":"BreadcrumbList","@id":"https:\/\/www.mpppst.gob.ve\/mpppstweb\/index.php\/2017\/01\/14\/pueblo-revolucionario-se-moviliza-en-caracas-en-apoyo-a-ejercicio-zamora-200\/#breadcrumb","itemListElement":[{"@type":"ListItem","position":1,"name":"Home","item":"https:\/\/www.mpppst.gob.ve\/mpppstweb\/"},{"@type":"ListItem","position":2,"name":"Pueblo revolucionario se moviliza en Caracas en apoyo a ejercicio Zamora 200"}]},{"@type":"WebSite","@id":"https:\/\/www.mpppst.gob.ve\/mpppstweb\/#website","url":"https:\/\/www.mpppst.gob.ve\/mpppstweb\/","name":"MPPPST","description":"Ministerio del Poder Popular para el Proceso Social de Trabajo","publisher":{"@id":"https:\/\/www.mpppst.gob.ve\/mpppstweb\/#organization"},"potentialAction":[{"@type":"SearchAction","target":{"@type":"EntryPoint","urlTemplate":"https:\/\/www.mpppst.gob.ve\/mpppstweb\/?s={search_term_string}"},"query-input":"required name=search_term_string"}],"inLanguage":"es"},{"@type":"Organization","@id":"https:\/\/www.mpppst.gob.ve\/mpppstweb\/#organization","name":"mpppst","url":"https:\/\/www.mpppst.gob.ve\/mpppstweb\/","logo":{"@type":"ImageObject","inLanguage":"es","@id":"https:\/\/www.mpppst.gob.ve\/mpppstweb\/#\/schema\/logo\/image\/","url":"https:\/\/www.mpppst.gob.ve\/mpppstweb\/wp-content\/uploads\/2025\/07\/cropped-cropped-g910.png","contentUrl":"https:\/\/www.mpppst.gob.ve\/mpppstweb\/wp-content\/uploads\/2025\/07\/cropped-cropped-g910.png","width":1080,"height":241,"caption":"mpppst"},"image":{"@id":"https:\/\/www.mpppst.gob.ve\/mpppstweb\/#\/schema\/logo\/image\/"}},{"@type":"Person","@id":"https:\/\/www.mpppst.gob.ve\/mpppstweb\/#\/schema\/person\/fc187ee8ead412bd4c9304b62f900ea4","name":"MPPPST Prensa","url":"https:\/\/www.mpppst.gob.ve\/mpppstweb\/index.php\/author\/prensa-mpppst\/"}]}},"_links":{"self":[{"href":"https:\/\/www.mpppst.gob.ve\/mpppstweb\/index.php\/wp-json\/wp\/v2\/posts\/10144"}],"collection":[{"href":"https:\/\/www.mpppst.gob.ve\/mpppstweb\/index.php\/wp-json\/wp\/v2\/posts"}],"about":[{"href":"https:\/\/www.mpppst.gob.ve\/mpppstweb\/index.php\/wp-json\/wp\/v2\/types\/post"}],"author":[{"embeddable":true,"href":"https:\/\/www.mpppst.gob.ve\/mpppstweb\/index.php\/wp-json\/wp\/v2\/users\/25"}],"replies":[{"embeddable":true,"href":"https:\/\/www.mpppst.gob.ve\/mpppstweb\/index.php\/wp-json\/wp\/v2\/comments?post=10144"}],"version-history":[{"count":1,"href":"https:\/\/www.mpppst.gob.ve\/mpppstweb\/index.php\/wp-json\/wp\/v2\/posts\/10144\/revisions"}],"predecessor-version":[{"id":10146,"href":"https:\/\/www.mpppst.gob.ve\/mpppstweb\/index.php\/wp-json\/wp\/v2\/posts\/10144\/revisions\/10146"}],"wp:featuredmedia":[{"embeddable":true,"href":"https:\/\/www.mpppst.gob.ve\/mpppstweb\/index.php\/wp-json\/wp\/v2\/media\/10145"}],"wp:attachment":[{"href":"https:\/\/www.mpppst.gob.ve\/mpppstweb\/index.php\/wp-json\/wp\/v2\/media?parent=10144"}],"wp:term":[{"taxonomy":"category","embeddable":true,"href":"https:\/\/www.mpppst.gob.ve\/mpppstweb\/index.php\/wp-json\/wp\/v2\/categories?post=10144"},{"taxonomy":"post_tag","embeddable":true,"href":"https:\/\/www.mpppst.gob.ve\/mpppstweb\/index.php\/wp-json\/wp\/v2\/tags?post=10144"}],"curies":[{"name":"wp","href":"https:\/\/api.w.org\/{rel}","templated":true}]}}