{"id":10150,"date":"2017-01-14T23:16:30","date_gmt":"2017-01-14T23:16:30","guid":{"rendered":"http:\/\/www.mpppst.gob.ve\/mpppstweb\/?p=10150"},"modified":"2017-01-14T23:16:30","modified_gmt":"2017-01-14T23:16:30","slug":"venezuela-exige-a-eeuu-respeto-a-la-paz-e-independencia-nacional","status":"publish","type":"post","link":"https:\/\/www.mpppst.gob.ve\/mpppstweb\/index.php\/2017\/01\/14\/venezuela-exige-a-eeuu-respeto-a-la-paz-e-independencia-nacional\/","title":{"rendered":"Venezuela exige a EEUU respeto a la paz e independencia nacional"},"content":{"rendered":"<p>El presidente de la Rep\u00fablica, Nicol\u00e1s Maduro Moros, exigi\u00f3 al gobierno de Estados Unidos respeto a la paz e independencia nacional, luego que este viernes el saliente mandatario norteamericano, Barack Obama, reincidi\u00f3 en violar el derecho internacional al renovar la orden ejecutiva que declara a Venezuela como una \u00abamenaza inusual y extraordinaria a la seguridad\u00bb de ese pa\u00eds del norte.<\/p>\n<p>\u00abExijo respeto a la dignidad, a la paz e independencia de Venezuela\u00bb, enfatiz\u00f3 Maduro desde el Fuerte Guaicaipuro, en Miranda, donde supervis\u00f3 el Ejercicio de Acci\u00f3n Integral Antiimperialista Zamora 200 realizado entre viernes y s\u00e1bado en todo el pa\u00eds.<\/p>\n<p>En el 2015 Obama firm\u00f3 el decreto, y aunque luego reconoci\u00f3 en un discurso p\u00fablico que no Venezuela no representaba una amenaza, rubric\u00f3 de nuevo la orden injerencista contra la independencia y soberan\u00eda nacional.<\/p>\n<p>El Presidente ratific\u00f3 que Venezuela, como su historia lo demuestra, es un pueblo de paz pero con capacidad para defender su independencia nacional. \u00abSi Venezuela fuera alg\u00fan d\u00eda agredida, nosotros tendr\u00edamos el derecho hist\u00f3rico de pasar de la defensiva a la ofensiva, tendr\u00edamos el derecho hist\u00f3rico de combatir en todo el territorio americano por la libertad de nuestro pueblo\u00bb, enfatiz\u00f3.<\/p>\n<p>Tras llamar a los pueblos de Am\u00e9rica Latina y el Caribe a fortalecer los lazos de unidad latinoamericana, Maduro destac\u00f3 el papel del Venezuela como garant\u00eda de estabilidad en la regi\u00f3n.<\/p>\n<p>\u00abVenezuela es una poderosa base de estabilidad para Am\u00e9rica Latina y el Caribe, energ\u00e9tica, econ\u00f3mica y pol\u00edtica que es vanguardia en la soberan\u00eda del continente\u00bb dijo.<\/p>\n<p>El Presidente ofreci\u00f3 estas declaraciones durante el ejercicio c\u00edvico-militar Antiimperialista Zamora 200, efectuado entre este viernes y s\u00e1bado en todo pa\u00eds para fortalecer las acciones de capacidad operativa del pa\u00eds en defensa de la soberan\u00eda nacional.<\/p>\n<p>AVN<\/p>\n<p>&nbsp;<\/p>\n<p>&nbsp;<\/p>\n","protected":false},"excerpt":{"rendered":"<p>El presidente de la Rep\u00fablica, Nicol\u00e1s Maduro Moros, exigi\u00f3 al gobierno de Estados Unidos respeto a &hellip; <a title=\"Venezuela exige a EEUU respeto a la paz e independencia nacional\" class=\"hm-read-more\" href=\"https:\/\/www.mpppst.gob.ve\/mpppstweb\/index.php\/2017\/01\/14\/venezuela-exige-a-eeuu-respeto-a-la-paz-e-independencia-nacional\/\"><span class=\"screen-reader-text\">Venezuela exige a EEUU respeto a la paz e independencia nacional<\/span>Read more<\/a><\/p>\n","protected":false},"author":25,"featured_media":10152,"comment_status":"closed","ping_status":"closed","sticky":false,"template":"","format":"standard","meta":{"footnotes":""},"categories":[167,82],"tags":[229,222],"yoast_head":"<!-- This site is optimized with the Yoast SEO plugin v22.5 - https:\/\/yoast.com\/wordpress\/plugins\/seo\/ -->\n<title>Venezuela exige a EEUU respeto a la paz e independencia nacional - MPPPST<\/title>\n<meta name=\"robots\" content=\"index, follow, max-snippet:-1, max-image-preview:large, max-video-preview:-1\" \/>\n<link rel=\"canonical\" href=\"https:\/\/www.mpppst.gob.ve\/mpppstweb\/index.php\/2017\/01\/14\/venezuela-exige-a-eeuu-respeto-a-la-paz-e-independencia-nacional\/\" \/>\n<meta property=\"og:locale\" content=\"es_ES\" \/>\n<meta property=\"og:type\" content=\"article\" \/>\n<meta property=\"og:title\" content=\"Venezuela exige a EEUU respeto a la paz e independencia nacional - MPPPST\" \/>\n<meta property=\"og:description\" content=\"El presidente de la Rep\u00fablica, Nicol\u00e1s Maduro Moros, exigi\u00f3 al gobierno de Estados Unidos respeto a &hellip; Venezuela exige a EEUU respeto a la paz e independencia nacionalRead more\" \/>\n<meta property=\"og:url\" content=\"https:\/\/www.mpppst.gob.ve\/mpppstweb\/index.php\/2017\/01\/14\/venezuela-exige-a-eeuu-respeto-a-la-paz-e-independencia-nacional\/\" \/>\n<meta property=\"og:site_name\" content=\"MPPPST\" \/>\n<meta property=\"article:published_time\" content=\"2017-01-14T23:16:30+00:00\" \/>\n<meta property=\"og:image\" content=\"https:\/\/www.mpppst.gob.ve\/mpppstweb\/wp-content\/uploads\/2017\/01\/zamora-200-1.jpg\" \/>\n\t<meta property=\"og:image:width\" content=\"800\" \/>\n\t<meta property=\"og:image:height\" content=\"445\" \/>\n\t<meta property=\"og:image:type\" content=\"image\/jpeg\" \/>\n<meta name=\"author\" content=\"MPPPST Prensa\" \/>\n<meta name=\"twitter:card\" content=\"summary_large_image\" \/>\n<meta name=\"twitter:label1\" content=\"Escrito por\" \/>\n\t<meta name=\"twitter:data1\" content=\"MPPPST Prensa\" \/>\n\t<meta name=\"twitter:label2\" content=\"Tiempo de lectura\" \/>\n\t<meta name=\"twitter:data2\" content=\"2 minutos\" \/>\n<script type=\"application\/ld+json\" class=\"yoast-schema-graph\">{\"@context\":\"https:\/\/schema.org\",\"@graph\":[{\"@type\":\"Article\",\"@id\":\"https:\/\/www.mpppst.gob.ve\/mpppstweb\/index.php\/2017\/01\/14\/venezuela-exige-a-eeuu-respeto-a-la-paz-e-independencia-nacional\/#article\",\"isPartOf\":{\"@id\":\"https:\/\/www.mpppst.gob.ve\/mpppstweb\/index.php\/2017\/01\/14\/venezuela-exige-a-eeuu-respeto-a-la-paz-e-independencia-nacional\/\"},\"author\":{\"name\":\"MPPPST Prensa\",\"@id\":\"https:\/\/www.mpppst.gob.ve\/mpppstweb\/#\/schema\/person\/fc187ee8ead412bd4c9304b62f900ea4\"},\"headline\":\"Venezuela exige a EEUU respeto a la paz e independencia nacional\",\"datePublished\":\"2017-01-14T23:16:30+00:00\",\"dateModified\":\"2017-01-14T23:16:30+00:00\",\"mainEntityOfPage\":{\"@id\":\"https:\/\/www.mpppst.gob.ve\/mpppstweb\/index.php\/2017\/01\/14\/venezuela-exige-a-eeuu-respeto-a-la-paz-e-independencia-nacional\/\"},\"wordCount\":324,\"publisher\":{\"@id\":\"https:\/\/www.mpppst.gob.ve\/mpppstweb\/#organization\"},\"image\":{\"@id\":\"https:\/\/www.mpppst.gob.ve\/mpppstweb\/index.php\/2017\/01\/14\/venezuela-exige-a-eeuu-respeto-a-la-paz-e-independencia-nacional\/#primaryimage\"},\"thumbnailUrl\":\"https:\/\/www.mpppst.gob.ve\/mpppstweb\/wp-content\/uploads\/2017\/01\/zamora-200-1.jpg\",\"keywords\":[\"Defensa Integral\",\"Gobierno Bolivariano\"],\"articleSection\":[\"Defensa Integral\",\"Gobierno Nacional\"],\"inLanguage\":\"es\"},{\"@type\":\"WebPage\",\"@id\":\"https:\/\/www.mpppst.gob.ve\/mpppstweb\/index.php\/2017\/01\/14\/venezuela-exige-a-eeuu-respeto-a-la-paz-e-independencia-nacional\/\",\"url\":\"https:\/\/www.mpppst.gob.ve\/mpppstweb\/index.php\/2017\/01\/14\/venezuela-exige-a-eeuu-respeto-a-la-paz-e-independencia-nacional\/\",\"name\":\"Venezuela exige a EEUU respeto a la paz e independencia nacional - MPPPST\",\"isPartOf\":{\"@id\":\"https:\/\/www.mpppst.gob.ve\/mpppstweb\/#website\"},\"primaryImageOfPage\":{\"@id\":\"https:\/\/www.mpppst.gob.ve\/mpppstweb\/index.php\/2017\/01\/14\/venezuela-exige-a-eeuu-respeto-a-la-paz-e-independencia-nacional\/#primaryimage\"},\"image\":{\"@id\":\"https:\/\/www.mpppst.gob.ve\/mpppstweb\/index.php\/2017\/01\/14\/venezuela-exige-a-eeuu-respeto-a-la-paz-e-independencia-nacional\/#primaryimage\"},\"thumbnailUrl\":\"https:\/\/www.mpppst.gob.ve\/mpppstweb\/wp-content\/uploads\/2017\/01\/zamora-200-1.jpg\",\"datePublished\":\"2017-01-14T23:16:30+00:00\",\"dateModified\":\"2017-01-14T23:16:30+00:00\",\"breadcrumb\":{\"@id\":\"https:\/\/www.mpppst.gob.ve\/mpppstweb\/index.php\/2017\/01\/14\/venezuela-exige-a-eeuu-respeto-a-la-paz-e-independencia-nacional\/#breadcrumb\"},\"inLanguage\":\"es\",\"potentialAction\":[{\"@type\":\"ReadAction\",\"target\":[\"https:\/\/www.mpppst.gob.ve\/mpppstweb\/index.php\/2017\/01\/14\/venezuela-exige-a-eeuu-respeto-a-la-paz-e-independencia-nacional\/\"]}]},{\"@type\":\"ImageObject\",\"inLanguage\":\"es\",\"@id\":\"https:\/\/www.mpppst.gob.ve\/mpppstweb\/index.php\/2017\/01\/14\/venezuela-exige-a-eeuu-respeto-a-la-paz-e-independencia-nacional\/#primaryimage\",\"url\":\"https:\/\/www.mpppst.gob.ve\/mpppstweb\/wp-content\/uploads\/2017\/01\/zamora-200-1.jpg\",\"contentUrl\":\"https:\/\/www.mpppst.gob.ve\/mpppstweb\/wp-content\/uploads\/2017\/01\/zamora-200-1.jpg\",\"width\":800,\"height\":445},{\"@type\":\"BreadcrumbList\",\"@id\":\"https:\/\/www.mpppst.gob.ve\/mpppstweb\/index.php\/2017\/01\/14\/venezuela-exige-a-eeuu-respeto-a-la-paz-e-independencia-nacional\/#breadcrumb\",\"itemListElement\":[{\"@type\":\"ListItem\",\"position\":1,\"name\":\"Home\",\"item\":\"https:\/\/www.mpppst.gob.ve\/mpppstweb\/\"},{\"@type\":\"ListItem\",\"position\":2,\"name\":\"Venezuela exige a EEUU respeto a la paz e independencia nacional\"}]},{\"@type\":\"WebSite\",\"@id\":\"https:\/\/www.mpppst.gob.ve\/mpppstweb\/#website\",\"url\":\"https:\/\/www.mpppst.gob.ve\/mpppstweb\/\",\"name\":\"MPPPST\",\"description\":\"Ministerio del Poder Popular para el Proceso Social de Trabajo\",\"publisher\":{\"@id\":\"https:\/\/www.mpppst.gob.ve\/mpppstweb\/#organization\"},\"potentialAction\":[{\"@type\":\"SearchAction\",\"target\":{\"@type\":\"EntryPoint\",\"urlTemplate\":\"https:\/\/www.mpppst.gob.ve\/mpppstweb\/?s={search_term_string}\"},\"query-input\":\"required name=search_term_string\"}],\"inLanguage\":\"es\"},{\"@type\":\"Organization\",\"@id\":\"https:\/\/www.mpppst.gob.ve\/mpppstweb\/#organization\",\"name\":\"mpppst\",\"url\":\"https:\/\/www.mpppst.gob.ve\/mpppstweb\/\",\"logo\":{\"@type\":\"ImageObject\",\"inLanguage\":\"es\",\"@id\":\"https:\/\/www.mpppst.gob.ve\/mpppstweb\/#\/schema\/logo\/image\/\",\"url\":\"https:\/\/www.mpppst.gob.ve\/mpppstweb\/wp-content\/uploads\/2025\/07\/cropped-cropped-g910.png\",\"contentUrl\":\"https:\/\/www.mpppst.gob.ve\/mpppstweb\/wp-content\/uploads\/2025\/07\/cropped-cropped-g910.png\",\"width\":1080,\"height\":241,\"caption\":\"mpppst\"},\"image\":{\"@id\":\"https:\/\/www.mpppst.gob.ve\/mpppstweb\/#\/schema\/logo\/image\/\"}},{\"@type\":\"Person\",\"@id\":\"https:\/\/www.mpppst.gob.ve\/mpppstweb\/#\/schema\/person\/fc187ee8ead412bd4c9304b62f900ea4\",\"name\":\"MPPPST Prensa\",\"url\":\"https:\/\/www.mpppst.gob.ve\/mpppstweb\/index.php\/author\/prensa-mpppst\/\"}]}<\/script>\n<!-- \/ Yoast SEO plugin. -->","yoast_head_json":{"title":"Venezuela exige a EEUU respeto a la paz e independencia nacional - MPPPST","robots":{"index":"index","follow":"follow","max-snippet":"max-snippet:-1","max-image-preview":"max-image-preview:large","max-video-preview":"max-video-preview:-1"},"canonical":"https:\/\/www.mpppst.gob.ve\/mpppstweb\/index.php\/2017\/01\/14\/venezuela-exige-a-eeuu-respeto-a-la-paz-e-independencia-nacional\/","og_locale":"es_ES","og_type":"article","og_title":"Venezuela exige a EEUU respeto a la paz e independencia nacional - MPPPST","og_description":"El presidente de la Rep\u00fablica, Nicol\u00e1s Maduro Moros, exigi\u00f3 al gobierno de Estados Unidos respeto a &hellip; Venezuela exige a EEUU respeto a la paz e independencia nacionalRead more","og_url":"https:\/\/www.mpppst.gob.ve\/mpppstweb\/index.php\/2017\/01\/14\/venezuela-exige-a-eeuu-respeto-a-la-paz-e-independencia-nacional\/","og_site_name":"MPPPST","article_published_time":"2017-01-14T23:16:30+00:00","og_image":[{"width":800,"height":445,"url":"https:\/\/www.mpppst.gob.ve\/mpppstweb\/wp-content\/uploads\/2017\/01\/zamora-200-1.jpg","type":"image\/jpeg"}],"author":"MPPPST Prensa","twitter_card":"summary_large_image","twitter_misc":{"Escrito por":"MPPPST Prensa","Tiempo de lectura":"2 minutos"},"schema":{"@context":"https:\/\/schema.org","@graph":[{"@type":"Article","@id":"https:\/\/www.mpppst.gob.ve\/mpppstweb\/index.php\/2017\/01\/14\/venezuela-exige-a-eeuu-respeto-a-la-paz-e-independencia-nacional\/#article","isPartOf":{"@id":"https:\/\/www.mpppst.gob.ve\/mpppstweb\/index.php\/2017\/01\/14\/venezuela-exige-a-eeuu-respeto-a-la-paz-e-independencia-nacional\/"},"author":{"name":"MPPPST Prensa","@id":"https:\/\/www.mpppst.gob.ve\/mpppstweb\/#\/schema\/person\/fc187ee8ead412bd4c9304b62f900ea4"},"headline":"Venezuela exige a EEUU respeto a la paz e independencia nacional","datePublished":"2017-01-14T23:16:30+00:00","dateModified":"2017-01-14T23:16:30+00:00","mainEntityOfPage":{"@id":"https:\/\/www.mpppst.gob.ve\/mpppstweb\/index.php\/2017\/01\/14\/venezuela-exige-a-eeuu-respeto-a-la-paz-e-independencia-nacional\/"},"wordCount":324,"publisher":{"@id":"https:\/\/www.mpppst.gob.ve\/mpppstweb\/#organization"},"image":{"@id":"https:\/\/www.mpppst.gob.ve\/mpppstweb\/index.php\/2017\/01\/14\/venezuela-exige-a-eeuu-respeto-a-la-paz-e-independencia-nacional\/#primaryimage"},"thumbnailUrl":"https:\/\/www.mpppst.gob.ve\/mpppstweb\/wp-content\/uploads\/2017\/01\/zamora-200-1.jpg","keywords":["Defensa Integral","Gobierno Bolivariano"],"articleSection":["Defensa Integral","Gobierno Nacional"],"inLanguage":"es"},{"@type":"WebPage","@id":"https:\/\/www.mpppst.gob.ve\/mpppstweb\/index.php\/2017\/01\/14\/venezuela-exige-a-eeuu-respeto-a-la-paz-e-independencia-nacional\/","url":"https:\/\/www.mpppst.gob.ve\/mpppstweb\/index.php\/2017\/01\/14\/venezuela-exige-a-eeuu-respeto-a-la-paz-e-independencia-nacional\/","name":"Venezuela exige a EEUU respeto a la paz e independencia nacional - MPPPST","isPartOf":{"@id":"https:\/\/www.mpppst.gob.ve\/mpppstweb\/#website"},"primaryImageOfPage":{"@id":"https:\/\/www.mpppst.gob.ve\/mpppstweb\/index.php\/2017\/01\/14\/venezuela-exige-a-eeuu-respeto-a-la-paz-e-independencia-nacional\/#primaryimage"},"image":{"@id":"https:\/\/www.mpppst.gob.ve\/mpppstweb\/index.php\/2017\/01\/14\/venezuela-exige-a-eeuu-respeto-a-la-paz-e-independencia-nacional\/#primaryimage"},"thumbnailUrl":"https:\/\/www.mpppst.gob.ve\/mpppstweb\/wp-content\/uploads\/2017\/01\/zamora-200-1.jpg","datePublished":"2017-01-14T23:16:30+00:00","dateModified":"2017-01-14T23:16:30+00:00","breadcrumb":{"@id":"https:\/\/www.mpppst.gob.ve\/mpppstweb\/index.php\/2017\/01\/14\/venezuela-exige-a-eeuu-respeto-a-la-paz-e-independencia-nacional\/#breadcrumb"},"inLanguage":"es","potentialAction":[{"@type":"ReadAction","target":["https:\/\/www.mpppst.gob.ve\/mpppstweb\/index.php\/2017\/01\/14\/venezuela-exige-a-eeuu-respeto-a-la-paz-e-independencia-nacional\/"]}]},{"@type":"ImageObject","inLanguage":"es","@id":"https:\/\/www.mpppst.gob.ve\/mpppstweb\/index.php\/2017\/01\/14\/venezuela-exige-a-eeuu-respeto-a-la-paz-e-independencia-nacional\/#primaryimage","url":"https:\/\/www.mpppst.gob.ve\/mpppstweb\/wp-content\/uploads\/2017\/01\/zamora-200-1.jpg","contentUrl":"https:\/\/www.mpppst.gob.ve\/mpppstweb\/wp-content\/uploads\/2017\/01\/zamora-200-1.jpg","width":800,"height":445},{"@type":"BreadcrumbList","@id":"https:\/\/www.mpppst.gob.ve\/mpppstweb\/index.php\/2017\/01\/14\/venezuela-exige-a-eeuu-respeto-a-la-paz-e-independencia-nacional\/#breadcrumb","itemListElement":[{"@type":"ListItem","position":1,"name":"Home","item":"https:\/\/www.mpppst.gob.ve\/mpppstweb\/"},{"@type":"ListItem","position":2,"name":"Venezuela exige a EEUU respeto a la paz e independencia nacional"}]},{"@type":"WebSite","@id":"https:\/\/www.mpppst.gob.ve\/mpppstweb\/#website","url":"https:\/\/www.mpppst.gob.ve\/mpppstweb\/","name":"MPPPST","description":"Ministerio del Poder Popular para el Proceso Social de Trabajo","publisher":{"@id":"https:\/\/www.mpppst.gob.ve\/mpppstweb\/#organization"},"potentialAction":[{"@type":"SearchAction","target":{"@type":"EntryPoint","urlTemplate":"https:\/\/www.mpppst.gob.ve\/mpppstweb\/?s={search_term_string}"},"query-input":"required name=search_term_string"}],"inLanguage":"es"},{"@type":"Organization","@id":"https:\/\/www.mpppst.gob.ve\/mpppstweb\/#organization","name":"mpppst","url":"https:\/\/www.mpppst.gob.ve\/mpppstweb\/","logo":{"@type":"ImageObject","inLanguage":"es","@id":"https:\/\/www.mpppst.gob.ve\/mpppstweb\/#\/schema\/logo\/image\/","url":"https:\/\/www.mpppst.gob.ve\/mpppstweb\/wp-content\/uploads\/2025\/07\/cropped-cropped-g910.png","contentUrl":"https:\/\/www.mpppst.gob.ve\/mpppstweb\/wp-content\/uploads\/2025\/07\/cropped-cropped-g910.png","width":1080,"height":241,"caption":"mpppst"},"image":{"@id":"https:\/\/www.mpppst.gob.ve\/mpppstweb\/#\/schema\/logo\/image\/"}},{"@type":"Person","@id":"https:\/\/www.mpppst.gob.ve\/mpppstweb\/#\/schema\/person\/fc187ee8ead412bd4c9304b62f900ea4","name":"MPPPST Prensa","url":"https:\/\/www.mpppst.gob.ve\/mpppstweb\/index.php\/author\/prensa-mpppst\/"}]}},"_links":{"self":[{"href":"https:\/\/www.mpppst.gob.ve\/mpppstweb\/index.php\/wp-json\/wp\/v2\/posts\/10150"}],"collection":[{"href":"https:\/\/www.mpppst.gob.ve\/mpppstweb\/index.php\/wp-json\/wp\/v2\/posts"}],"about":[{"href":"https:\/\/www.mpppst.gob.ve\/mpppstweb\/index.php\/wp-json\/wp\/v2\/types\/post"}],"author":[{"embeddable":true,"href":"https:\/\/www.mpppst.gob.ve\/mpppstweb\/index.php\/wp-json\/wp\/v2\/users\/25"}],"replies":[{"embeddable":true,"href":"https:\/\/www.mpppst.gob.ve\/mpppstweb\/index.php\/wp-json\/wp\/v2\/comments?post=10150"}],"version-history":[{"count":1,"href":"https:\/\/www.mpppst.gob.ve\/mpppstweb\/index.php\/wp-json\/wp\/v2\/posts\/10150\/revisions"}],"predecessor-version":[{"id":10153,"href":"https:\/\/www.mpppst.gob.ve\/mpppstweb\/index.php\/wp-json\/wp\/v2\/posts\/10150\/revisions\/10153"}],"wp:featuredmedia":[{"embeddable":true,"href":"https:\/\/www.mpppst.gob.ve\/mpppstweb\/index.php\/wp-json\/wp\/v2\/media\/10152"}],"wp:attachment":[{"href":"https:\/\/www.mpppst.gob.ve\/mpppstweb\/index.php\/wp-json\/wp\/v2\/media?parent=10150"}],"wp:term":[{"taxonomy":"category","embeddable":true,"href":"https:\/\/www.mpppst.gob.ve\/mpppstweb\/index.php\/wp-json\/wp\/v2\/categories?post=10150"},{"taxonomy":"post_tag","embeddable":true,"href":"https:\/\/www.mpppst.gob.ve\/mpppstweb\/index.php\/wp-json\/wp\/v2\/tags?post=10150"}],"curies":[{"name":"wp","href":"https:\/\/api.w.org\/{rel}","templated":true}]}}