{"id":10216,"date":"2017-01-19T15:43:08","date_gmt":"2017-01-19T15:43:08","guid":{"rendered":"http:\/\/www.mpppst.gob.ve\/mpppstweb\/?p=10216"},"modified":"2017-01-19T15:43:08","modified_gmt":"2017-01-19T15:43:08","slug":"ministro-torrealba-exhorta-a-la-clase-obrera-a-participar-en-el-registro-del-carnet-de-la-patria","status":"publish","type":"post","link":"https:\/\/www.mpppst.gob.ve\/mpppstweb\/index.php\/2017\/01\/19\/ministro-torrealba-exhorta-a-la-clase-obrera-a-participar-en-el-registro-del-carnet-de-la-patria\/","title":{"rendered":"Ministro Torrealba exhorta a la clase obrera a participar en el registro del Carnet de la Patria"},"content":{"rendered":"<p>Prensa MPPPST.- El ministro del Poder Popular para el Proceso Social de Trabajo, Francisco Torrealba invita a la clase obrera a que participe en el registro del Carnet de la Patria que comenzar\u00e1 este viernes 20 de enero y que se llevar\u00e1 a cabo en todas las plazas del territorio nacional.<\/p>\n<p>\u201cInvito a todos los Trabajadores y Trabajadoras, Obreros y Obreras, Pensionados y Pensionadas, Jubilados y Jubiladas, a que participen en la jornada de registro de Mi Carnet de la Patria, que tambi\u00e9n es tu carnet, nuestro carnet, porque lo \u00fanico indispensable eres t\u00fa\u201d, dijo el ministro desde su despacho en el Centro Sim\u00f3n Bol\u00edvar.<\/p>\n<p>Adem\u00e1s en esta jornada podr\u00e1n incorporarse integrantes del Congreso de la Patria en todas sus columnas, de las Unidades de Batalla Bol\u00edvar-Ch\u00e1vez (UBCH), de la Comunas, de los Consejos Comunales y de las misiones y grandes misiones a nivel nacional.<\/p>\n<p>El Presidente Nicol\u00e1s Maduro Moros, en d\u00edas pasados hab\u00eda expresado que invitaba a toda Venezuela a prepararse para construir el sistema del Carnet de la Patria, \u201cuna nueva etapa de la organizaci\u00f3n de la Revoluci\u00f3n, de las Misiones para la felicidad del pueblo\u00bb.<\/p>\n<p>\u00abEl sistema de carnet de la Patria es un sistema de organizaci\u00f3n superior. En los meses que est\u00e1n por venir nosotros vamos a ver milagros que van a surgir de la nueva organizaci\u00f3n\u00bb, agreg\u00f3.<\/p>\n<p><strong>Censo en las principales plazas del pa\u00eds<\/strong><\/p>\n<p>El censo para la emisi\u00f3n del Carnet de la Patria que se realizar\u00e1 en todo el pa\u00eds del 20 al 22 de enero, el Gobierno Nacional obtendr\u00e1 datos necesarios para gestionar las pol\u00edticas sociales dirigidas a proteger derechos fundamentales del pueblo.<\/p>\n<p>Si bien el censo se llevar\u00e1 a cabo en las principales plazas del territorio nacional ser\u00e1n priorizadas las m\u00e1s de mil Bases de Misiones Socialistas, los 250 corredores de Barrio Nuevo, Barrio Tricolor y los 1.105 urbanismos de la Gran Misi\u00f3n Vivienda Venezuela (GMVV).<\/p>\n<p>La meta es llegar a 15 millones de venezolanos carnetizados. Asimismo, durante los d\u00edas 20, 21 y 22 de enero habr\u00e1 unidades m\u00f3viles en plazas del pa\u00eds y, luego, se colocar\u00e1n 72 unidades fijas en instituciones del Estado, alcald\u00edas y gobernaciones.<\/p>\n<p>&nbsp;<\/p>\n<p>Elio Garc\u00eda<\/p>\n","protected":false},"excerpt":{"rendered":"<p>Prensa MPPPST.- El ministro del Poder Popular para el Proceso Social de Trabajo, Francisco Torrealba invita &hellip; <a title=\"Ministro Torrealba exhorta a la clase obrera a participar en el registro del Carnet de la Patria\" class=\"hm-read-more\" href=\"https:\/\/www.mpppst.gob.ve\/mpppstweb\/index.php\/2017\/01\/19\/ministro-torrealba-exhorta-a-la-clase-obrera-a-participar-en-el-registro-del-carnet-de-la-patria\/\"><span class=\"screen-reader-text\">Ministro Torrealba exhorta a la clase obrera a participar en el registro del Carnet de la Patria<\/span>Read more<\/a><\/p>\n","protected":false},"author":25,"featured_media":10217,"comment_status":"closed","ping_status":"closed","sticky":false,"template":"","format":"standard","meta":{"footnotes":""},"categories":[163,84],"tags":[229,222,240,296],"yoast_head":"<!-- This site is optimized with the Yoast SEO plugin v22.5 - https:\/\/yoast.com\/wordpress\/plugins\/seo\/ -->\n<title>Ministro Torrealba exhorta a la clase obrera a participar en el registro del Carnet de la Patria - MPPPST<\/title>\n<meta name=\"robots\" content=\"index, follow, max-snippet:-1, max-image-preview:large, max-video-preview:-1\" \/>\n<link rel=\"canonical\" href=\"https:\/\/www.mpppst.gob.ve\/mpppstweb\/index.php\/2017\/01\/19\/ministro-torrealba-exhorta-a-la-clase-obrera-a-participar-en-el-registro-del-carnet-de-la-patria\/\" \/>\n<meta property=\"og:locale\" content=\"es_ES\" \/>\n<meta property=\"og:type\" content=\"article\" \/>\n<meta property=\"og:title\" content=\"Ministro Torrealba exhorta a la clase obrera a participar en el registro del Carnet de la Patria - MPPPST\" \/>\n<meta property=\"og:description\" content=\"Prensa MPPPST.- El ministro del Poder Popular para el Proceso Social de Trabajo, Francisco Torrealba invita &hellip; Ministro Torrealba exhorta a la clase obrera a participar en el registro del Carnet de la PatriaRead more\" \/>\n<meta property=\"og:url\" content=\"https:\/\/www.mpppst.gob.ve\/mpppstweb\/index.php\/2017\/01\/19\/ministro-torrealba-exhorta-a-la-clase-obrera-a-participar-en-el-registro-del-carnet-de-la-patria\/\" \/>\n<meta property=\"og:site_name\" content=\"MPPPST\" \/>\n<meta property=\"article:published_time\" content=\"2017-01-19T15:43:08+00:00\" \/>\n<meta property=\"og:image\" content=\"https:\/\/www.mpppst.gob.ve\/mpppstweb\/wp-content\/uploads\/2017\/01\/Ministro-TORREALBA.jpg\" \/>\n\t<meta property=\"og:image:width\" content=\"800\" \/>\n\t<meta property=\"og:image:height\" content=\"445\" \/>\n\t<meta property=\"og:image:type\" content=\"image\/jpeg\" \/>\n<meta name=\"author\" content=\"MPPPST Prensa\" \/>\n<meta name=\"twitter:card\" content=\"summary_large_image\" \/>\n<meta name=\"twitter:label1\" content=\"Escrito por\" \/>\n\t<meta name=\"twitter:data1\" content=\"MPPPST Prensa\" \/>\n\t<meta name=\"twitter:label2\" content=\"Tiempo de lectura\" \/>\n\t<meta name=\"twitter:data2\" content=\"2 minutos\" \/>\n<script type=\"application\/ld+json\" class=\"yoast-schema-graph\">{\"@context\":\"https:\/\/schema.org\",\"@graph\":[{\"@type\":\"Article\",\"@id\":\"https:\/\/www.mpppst.gob.ve\/mpppstweb\/index.php\/2017\/01\/19\/ministro-torrealba-exhorta-a-la-clase-obrera-a-participar-en-el-registro-del-carnet-de-la-patria\/#article\",\"isPartOf\":{\"@id\":\"https:\/\/www.mpppst.gob.ve\/mpppstweb\/index.php\/2017\/01\/19\/ministro-torrealba-exhorta-a-la-clase-obrera-a-participar-en-el-registro-del-carnet-de-la-patria\/\"},\"author\":{\"name\":\"MPPPST Prensa\",\"@id\":\"https:\/\/www.mpppst.gob.ve\/mpppstweb\/#\/schema\/person\/fc187ee8ead412bd4c9304b62f900ea4\"},\"headline\":\"Ministro Torrealba exhorta a la clase obrera a participar en el registro del Carnet de la Patria\",\"datePublished\":\"2017-01-19T15:43:08+00:00\",\"dateModified\":\"2017-01-19T15:43:08+00:00\",\"mainEntityOfPage\":{\"@id\":\"https:\/\/www.mpppst.gob.ve\/mpppstweb\/index.php\/2017\/01\/19\/ministro-torrealba-exhorta-a-la-clase-obrera-a-participar-en-el-registro-del-carnet-de-la-patria\/\"},\"wordCount\":394,\"publisher\":{\"@id\":\"https:\/\/www.mpppst.gob.ve\/mpppstweb\/#organization\"},\"image\":{\"@id\":\"https:\/\/www.mpppst.gob.ve\/mpppstweb\/index.php\/2017\/01\/19\/ministro-torrealba-exhorta-a-la-clase-obrera-a-participar-en-el-registro-del-carnet-de-la-patria\/#primaryimage\"},\"thumbnailUrl\":\"https:\/\/www.mpppst.gob.ve\/mpppstweb\/wp-content\/uploads\/2017\/01\/Ministro-TORREALBA.jpg\",\"keywords\":[\"Defensa Integral\",\"Gobierno Bolivariano\",\"Participaci\u00f3n popular y protag\u00f3nica\",\"Torrealba\"],\"articleSection\":[\"Noticias\",\"Vida Laboral y Sindical\"],\"inLanguage\":\"es\"},{\"@type\":\"WebPage\",\"@id\":\"https:\/\/www.mpppst.gob.ve\/mpppstweb\/index.php\/2017\/01\/19\/ministro-torrealba-exhorta-a-la-clase-obrera-a-participar-en-el-registro-del-carnet-de-la-patria\/\",\"url\":\"https:\/\/www.mpppst.gob.ve\/mpppstweb\/index.php\/2017\/01\/19\/ministro-torrealba-exhorta-a-la-clase-obrera-a-participar-en-el-registro-del-carnet-de-la-patria\/\",\"name\":\"Ministro Torrealba exhorta a la clase obrera a participar en el registro del Carnet de la Patria - MPPPST\",\"isPartOf\":{\"@id\":\"https:\/\/www.mpppst.gob.ve\/mpppstweb\/#website\"},\"primaryImageOfPage\":{\"@id\":\"https:\/\/www.mpppst.gob.ve\/mpppstweb\/index.php\/2017\/01\/19\/ministro-torrealba-exhorta-a-la-clase-obrera-a-participar-en-el-registro-del-carnet-de-la-patria\/#primaryimage\"},\"image\":{\"@id\":\"https:\/\/www.mpppst.gob.ve\/mpppstweb\/index.php\/2017\/01\/19\/ministro-torrealba-exhorta-a-la-clase-obrera-a-participar-en-el-registro-del-carnet-de-la-patria\/#primaryimage\"},\"thumbnailUrl\":\"https:\/\/www.mpppst.gob.ve\/mpppstweb\/wp-content\/uploads\/2017\/01\/Ministro-TORREALBA.jpg\",\"datePublished\":\"2017-01-19T15:43:08+00:00\",\"dateModified\":\"2017-01-19T15:43:08+00:00\",\"breadcrumb\":{\"@id\":\"https:\/\/www.mpppst.gob.ve\/mpppstweb\/index.php\/2017\/01\/19\/ministro-torrealba-exhorta-a-la-clase-obrera-a-participar-en-el-registro-del-carnet-de-la-patria\/#breadcrumb\"},\"inLanguage\":\"es\",\"potentialAction\":[{\"@type\":\"ReadAction\",\"target\":[\"https:\/\/www.mpppst.gob.ve\/mpppstweb\/index.php\/2017\/01\/19\/ministro-torrealba-exhorta-a-la-clase-obrera-a-participar-en-el-registro-del-carnet-de-la-patria\/\"]}]},{\"@type\":\"ImageObject\",\"inLanguage\":\"es\",\"@id\":\"https:\/\/www.mpppst.gob.ve\/mpppstweb\/index.php\/2017\/01\/19\/ministro-torrealba-exhorta-a-la-clase-obrera-a-participar-en-el-registro-del-carnet-de-la-patria\/#primaryimage\",\"url\":\"https:\/\/www.mpppst.gob.ve\/mpppstweb\/wp-content\/uploads\/2017\/01\/Ministro-TORREALBA.jpg\",\"contentUrl\":\"https:\/\/www.mpppst.gob.ve\/mpppstweb\/wp-content\/uploads\/2017\/01\/Ministro-TORREALBA.jpg\",\"width\":800,\"height\":445},{\"@type\":\"BreadcrumbList\",\"@id\":\"https:\/\/www.mpppst.gob.ve\/mpppstweb\/index.php\/2017\/01\/19\/ministro-torrealba-exhorta-a-la-clase-obrera-a-participar-en-el-registro-del-carnet-de-la-patria\/#breadcrumb\",\"itemListElement\":[{\"@type\":\"ListItem\",\"position\":1,\"name\":\"Home\",\"item\":\"https:\/\/www.mpppst.gob.ve\/mpppstweb\/\"},{\"@type\":\"ListItem\",\"position\":2,\"name\":\"Ministro Torrealba exhorta a la clase obrera a participar en el registro del Carnet de la Patria\"}]},{\"@type\":\"WebSite\",\"@id\":\"https:\/\/www.mpppst.gob.ve\/mpppstweb\/#website\",\"url\":\"https:\/\/www.mpppst.gob.ve\/mpppstweb\/\",\"name\":\"MPPPST\",\"description\":\"Ministerio del Poder Popular para el Proceso Social de Trabajo\",\"publisher\":{\"@id\":\"https:\/\/www.mpppst.gob.ve\/mpppstweb\/#organization\"},\"potentialAction\":[{\"@type\":\"SearchAction\",\"target\":{\"@type\":\"EntryPoint\",\"urlTemplate\":\"https:\/\/www.mpppst.gob.ve\/mpppstweb\/?s={search_term_string}\"},\"query-input\":\"required name=search_term_string\"}],\"inLanguage\":\"es\"},{\"@type\":\"Organization\",\"@id\":\"https:\/\/www.mpppst.gob.ve\/mpppstweb\/#organization\",\"name\":\"mpppst\",\"url\":\"https:\/\/www.mpppst.gob.ve\/mpppstweb\/\",\"logo\":{\"@type\":\"ImageObject\",\"inLanguage\":\"es\",\"@id\":\"https:\/\/www.mpppst.gob.ve\/mpppstweb\/#\/schema\/logo\/image\/\",\"url\":\"https:\/\/www.mpppst.gob.ve\/mpppstweb\/wp-content\/uploads\/2025\/07\/cropped-cropped-g910.png\",\"contentUrl\":\"https:\/\/www.mpppst.gob.ve\/mpppstweb\/wp-content\/uploads\/2025\/07\/cropped-cropped-g910.png\",\"width\":1080,\"height\":241,\"caption\":\"mpppst\"},\"image\":{\"@id\":\"https:\/\/www.mpppst.gob.ve\/mpppstweb\/#\/schema\/logo\/image\/\"}},{\"@type\":\"Person\",\"@id\":\"https:\/\/www.mpppst.gob.ve\/mpppstweb\/#\/schema\/person\/fc187ee8ead412bd4c9304b62f900ea4\",\"name\":\"MPPPST Prensa\",\"url\":\"https:\/\/www.mpppst.gob.ve\/mpppstweb\/index.php\/author\/prensa-mpppst\/\"}]}<\/script>\n<!-- \/ Yoast SEO plugin. -->","yoast_head_json":{"title":"Ministro Torrealba exhorta a la clase obrera a participar en el registro del Carnet de la Patria - MPPPST","robots":{"index":"index","follow":"follow","max-snippet":"max-snippet:-1","max-image-preview":"max-image-preview:large","max-video-preview":"max-video-preview:-1"},"canonical":"https:\/\/www.mpppst.gob.ve\/mpppstweb\/index.php\/2017\/01\/19\/ministro-torrealba-exhorta-a-la-clase-obrera-a-participar-en-el-registro-del-carnet-de-la-patria\/","og_locale":"es_ES","og_type":"article","og_title":"Ministro Torrealba exhorta a la clase obrera a participar en el registro del Carnet de la Patria - MPPPST","og_description":"Prensa MPPPST.- El ministro del Poder Popular para el Proceso Social de Trabajo, Francisco Torrealba invita &hellip; Ministro Torrealba exhorta a la clase obrera a participar en el registro del Carnet de la PatriaRead more","og_url":"https:\/\/www.mpppst.gob.ve\/mpppstweb\/index.php\/2017\/01\/19\/ministro-torrealba-exhorta-a-la-clase-obrera-a-participar-en-el-registro-del-carnet-de-la-patria\/","og_site_name":"MPPPST","article_published_time":"2017-01-19T15:43:08+00:00","og_image":[{"width":800,"height":445,"url":"https:\/\/www.mpppst.gob.ve\/mpppstweb\/wp-content\/uploads\/2017\/01\/Ministro-TORREALBA.jpg","type":"image\/jpeg"}],"author":"MPPPST Prensa","twitter_card":"summary_large_image","twitter_misc":{"Escrito por":"MPPPST Prensa","Tiempo de lectura":"2 minutos"},"schema":{"@context":"https:\/\/schema.org","@graph":[{"@type":"Article","@id":"https:\/\/www.mpppst.gob.ve\/mpppstweb\/index.php\/2017\/01\/19\/ministro-torrealba-exhorta-a-la-clase-obrera-a-participar-en-el-registro-del-carnet-de-la-patria\/#article","isPartOf":{"@id":"https:\/\/www.mpppst.gob.ve\/mpppstweb\/index.php\/2017\/01\/19\/ministro-torrealba-exhorta-a-la-clase-obrera-a-participar-en-el-registro-del-carnet-de-la-patria\/"},"author":{"name":"MPPPST Prensa","@id":"https:\/\/www.mpppst.gob.ve\/mpppstweb\/#\/schema\/person\/fc187ee8ead412bd4c9304b62f900ea4"},"headline":"Ministro Torrealba exhorta a la clase obrera a participar en el registro del Carnet de la Patria","datePublished":"2017-01-19T15:43:08+00:00","dateModified":"2017-01-19T15:43:08+00:00","mainEntityOfPage":{"@id":"https:\/\/www.mpppst.gob.ve\/mpppstweb\/index.php\/2017\/01\/19\/ministro-torrealba-exhorta-a-la-clase-obrera-a-participar-en-el-registro-del-carnet-de-la-patria\/"},"wordCount":394,"publisher":{"@id":"https:\/\/www.mpppst.gob.ve\/mpppstweb\/#organization"},"image":{"@id":"https:\/\/www.mpppst.gob.ve\/mpppstweb\/index.php\/2017\/01\/19\/ministro-torrealba-exhorta-a-la-clase-obrera-a-participar-en-el-registro-del-carnet-de-la-patria\/#primaryimage"},"thumbnailUrl":"https:\/\/www.mpppst.gob.ve\/mpppstweb\/wp-content\/uploads\/2017\/01\/Ministro-TORREALBA.jpg","keywords":["Defensa Integral","Gobierno Bolivariano","Participaci\u00f3n popular y protag\u00f3nica","Torrealba"],"articleSection":["Noticias","Vida Laboral y Sindical"],"inLanguage":"es"},{"@type":"WebPage","@id":"https:\/\/www.mpppst.gob.ve\/mpppstweb\/index.php\/2017\/01\/19\/ministro-torrealba-exhorta-a-la-clase-obrera-a-participar-en-el-registro-del-carnet-de-la-patria\/","url":"https:\/\/www.mpppst.gob.ve\/mpppstweb\/index.php\/2017\/01\/19\/ministro-torrealba-exhorta-a-la-clase-obrera-a-participar-en-el-registro-del-carnet-de-la-patria\/","name":"Ministro Torrealba exhorta a la clase obrera a participar en el registro del Carnet de la Patria - MPPPST","isPartOf":{"@id":"https:\/\/www.mpppst.gob.ve\/mpppstweb\/#website"},"primaryImageOfPage":{"@id":"https:\/\/www.mpppst.gob.ve\/mpppstweb\/index.php\/2017\/01\/19\/ministro-torrealba-exhorta-a-la-clase-obrera-a-participar-en-el-registro-del-carnet-de-la-patria\/#primaryimage"},"image":{"@id":"https:\/\/www.mpppst.gob.ve\/mpppstweb\/index.php\/2017\/01\/19\/ministro-torrealba-exhorta-a-la-clase-obrera-a-participar-en-el-registro-del-carnet-de-la-patria\/#primaryimage"},"thumbnailUrl":"https:\/\/www.mpppst.gob.ve\/mpppstweb\/wp-content\/uploads\/2017\/01\/Ministro-TORREALBA.jpg","datePublished":"2017-01-19T15:43:08+00:00","dateModified":"2017-01-19T15:43:08+00:00","breadcrumb":{"@id":"https:\/\/www.mpppst.gob.ve\/mpppstweb\/index.php\/2017\/01\/19\/ministro-torrealba-exhorta-a-la-clase-obrera-a-participar-en-el-registro-del-carnet-de-la-patria\/#breadcrumb"},"inLanguage":"es","potentialAction":[{"@type":"ReadAction","target":["https:\/\/www.mpppst.gob.ve\/mpppstweb\/index.php\/2017\/01\/19\/ministro-torrealba-exhorta-a-la-clase-obrera-a-participar-en-el-registro-del-carnet-de-la-patria\/"]}]},{"@type":"ImageObject","inLanguage":"es","@id":"https:\/\/www.mpppst.gob.ve\/mpppstweb\/index.php\/2017\/01\/19\/ministro-torrealba-exhorta-a-la-clase-obrera-a-participar-en-el-registro-del-carnet-de-la-patria\/#primaryimage","url":"https:\/\/www.mpppst.gob.ve\/mpppstweb\/wp-content\/uploads\/2017\/01\/Ministro-TORREALBA.jpg","contentUrl":"https:\/\/www.mpppst.gob.ve\/mpppstweb\/wp-content\/uploads\/2017\/01\/Ministro-TORREALBA.jpg","width":800,"height":445},{"@type":"BreadcrumbList","@id":"https:\/\/www.mpppst.gob.ve\/mpppstweb\/index.php\/2017\/01\/19\/ministro-torrealba-exhorta-a-la-clase-obrera-a-participar-en-el-registro-del-carnet-de-la-patria\/#breadcrumb","itemListElement":[{"@type":"ListItem","position":1,"name":"Home","item":"https:\/\/www.mpppst.gob.ve\/mpppstweb\/"},{"@type":"ListItem","position":2,"name":"Ministro Torrealba exhorta a la clase obrera a participar en el registro del Carnet de la Patria"}]},{"@type":"WebSite","@id":"https:\/\/www.mpppst.gob.ve\/mpppstweb\/#website","url":"https:\/\/www.mpppst.gob.ve\/mpppstweb\/","name":"MPPPST","description":"Ministerio del Poder Popular para el Proceso Social de Trabajo","publisher":{"@id":"https:\/\/www.mpppst.gob.ve\/mpppstweb\/#organization"},"potentialAction":[{"@type":"SearchAction","target":{"@type":"EntryPoint","urlTemplate":"https:\/\/www.mpppst.gob.ve\/mpppstweb\/?s={search_term_string}"},"query-input":"required name=search_term_string"}],"inLanguage":"es"},{"@type":"Organization","@id":"https:\/\/www.mpppst.gob.ve\/mpppstweb\/#organization","name":"mpppst","url":"https:\/\/www.mpppst.gob.ve\/mpppstweb\/","logo":{"@type":"ImageObject","inLanguage":"es","@id":"https:\/\/www.mpppst.gob.ve\/mpppstweb\/#\/schema\/logo\/image\/","url":"https:\/\/www.mpppst.gob.ve\/mpppstweb\/wp-content\/uploads\/2025\/07\/cropped-cropped-g910.png","contentUrl":"https:\/\/www.mpppst.gob.ve\/mpppstweb\/wp-content\/uploads\/2025\/07\/cropped-cropped-g910.png","width":1080,"height":241,"caption":"mpppst"},"image":{"@id":"https:\/\/www.mpppst.gob.ve\/mpppstweb\/#\/schema\/logo\/image\/"}},{"@type":"Person","@id":"https:\/\/www.mpppst.gob.ve\/mpppstweb\/#\/schema\/person\/fc187ee8ead412bd4c9304b62f900ea4","name":"MPPPST Prensa","url":"https:\/\/www.mpppst.gob.ve\/mpppstweb\/index.php\/author\/prensa-mpppst\/"}]}},"_links":{"self":[{"href":"https:\/\/www.mpppst.gob.ve\/mpppstweb\/index.php\/wp-json\/wp\/v2\/posts\/10216"}],"collection":[{"href":"https:\/\/www.mpppst.gob.ve\/mpppstweb\/index.php\/wp-json\/wp\/v2\/posts"}],"about":[{"href":"https:\/\/www.mpppst.gob.ve\/mpppstweb\/index.php\/wp-json\/wp\/v2\/types\/post"}],"author":[{"embeddable":true,"href":"https:\/\/www.mpppst.gob.ve\/mpppstweb\/index.php\/wp-json\/wp\/v2\/users\/25"}],"replies":[{"embeddable":true,"href":"https:\/\/www.mpppst.gob.ve\/mpppstweb\/index.php\/wp-json\/wp\/v2\/comments?post=10216"}],"version-history":[{"count":1,"href":"https:\/\/www.mpppst.gob.ve\/mpppstweb\/index.php\/wp-json\/wp\/v2\/posts\/10216\/revisions"}],"predecessor-version":[{"id":10219,"href":"https:\/\/www.mpppst.gob.ve\/mpppstweb\/index.php\/wp-json\/wp\/v2\/posts\/10216\/revisions\/10219"}],"wp:featuredmedia":[{"embeddable":true,"href":"https:\/\/www.mpppst.gob.ve\/mpppstweb\/index.php\/wp-json\/wp\/v2\/media\/10217"}],"wp:attachment":[{"href":"https:\/\/www.mpppst.gob.ve\/mpppstweb\/index.php\/wp-json\/wp\/v2\/media?parent=10216"}],"wp:term":[{"taxonomy":"category","embeddable":true,"href":"https:\/\/www.mpppst.gob.ve\/mpppstweb\/index.php\/wp-json\/wp\/v2\/categories?post=10216"},{"taxonomy":"post_tag","embeddable":true,"href":"https:\/\/www.mpppst.gob.ve\/mpppstweb\/index.php\/wp-json\/wp\/v2\/tags?post=10216"}],"curies":[{"name":"wp","href":"https:\/\/api.w.org\/{rel}","templated":true}]}}