{"id":10270,"date":"2017-01-21T17:56:15","date_gmt":"2017-01-21T17:56:15","guid":{"rendered":"http:\/\/www.mpppst.gob.ve\/mpppstweb\/?p=10270"},"modified":"2017-01-21T17:56:15","modified_gmt":"2017-01-21T17:56:15","slug":"trabajadores-de-las-empresas-basicas-de-guayana-ratificaron-su-compromiso-con-la-revolucion-bolivariana","status":"publish","type":"post","link":"https:\/\/www.mpppst.gob.ve\/mpppstweb\/index.php\/2017\/01\/21\/trabajadores-de-las-empresas-basicas-de-guayana-ratificaron-su-compromiso-con-la-revolucion-bolivariana\/","title":{"rendered":"Trabajadores de las Empresas B\u00e1sicas de Guayana ratificaron su compromiso con la Revoluci\u00f3n Bolivariana"},"content":{"rendered":"<p>Prensa (MPPPST). Este 19 de enero se llev\u00f3 a cabo en Puerto Ordaz, estado Bol\u00edvar el Congreso de la Patria de la Clase Obrera, Cap\u00edtulo Cinco Columnas,\u00a0 evento en el cual los Trabajadores de las empresas b\u00e1sicas de los sectores Hierro y Aluminio ratificaron su compromiso con la Revoluci\u00f3n Bolivariana y el Presidente Obrero Nicol\u00e1s Maduro Moros.<\/p>\n<p>La actividad estuvo presidida por el Ministro del Poder Popular para el Proceso Social del Trabajo, Francisco Torrealba, el Diputado y Jefe del Bloque de la Patria, H\u00e9ctor Rodr\u00edguez, el Ministro para Industrias B\u00e1sicas, Estrat\u00e9gicas y Nacionalizadas Juan Arias, as\u00ed como \u00c1ngel Marcano Presidente de Alcasa.<\/p>\n<p>El Ministro del Trabajo Francisco Torrealba durante su exposici\u00f3n destac\u00f3 el papel importante del Movimiento de los Trabajadores y Trabajadoras para vencer la guerra econ\u00f3mica que ha querido imponer la derecha nacional.<\/p>\n<p>\u201cS\u00e9 que de los 29 movimientos que tiene el Congreso de la Patria, uno de los principales, sino el principal, es el movimiento de los Trabajadores y Trabajadoras, y dentro de \u00e9l las columnas de Guayana que volver\u00e1n a ser como siempre vanguardia en la lucha emancipadora, vanguardia en la lucha libertaria que nos va a llevar a derrotar a la derecha una vez m\u00e1s\u201d.<\/p>\n<p>Torrealba destac\u00f3 que uno de los elementos fundamentales para vencer la guerra econ\u00f3mica son los Comit\u00e9s Locales de Abastecimiento y Producci\u00f3n (CLAP), que cada vez m\u00e1s permitir\u00e1 que los alimentos lleguen a m\u00e1s familias venezolanas.<\/p>\n<p>\u201cCon la Gran Misi\u00f3n Abastecimiento Soberano que dirige el General en Jefe Vladimir Padrino L\u00f3pez iremos progresando y cada vez llegando a m\u00e1s hogares, la meta es llegar a los 6 millones de hogares atendidos por la Gran Misi\u00f3n Abastecimiento Soberano, con la incorporaci\u00f3n de los CLAP y los CPT\u201d.<\/p>\n<p>Por su parte el Ministro para Industrias B\u00e1sicas, Estrat\u00e9gicas y Nacionalizadas, Juan Arias destac\u00f3 la importancia de los trabajadores para la consolidaci\u00f3n del Proceso Revolucionario, liderado por el Presidente Obrero Nicol\u00e1s Maduro Moros. \u00abHay un Gobierno revolucionario gracias a que tenemos una clase obrera chavista\u00bb, puntualiz\u00f3 Arias.<\/p>\n<p>En este encuentro del Congreso de la Patria de la Clase Obrera, Cap\u00edtulo Cinco Columnas, \u00a0trabajadores junto con autoridades del Gobierno Nacional definieron las l\u00edneas de acci\u00f3n para defender al sector productivo ante los intentos desestabilizadores de la derecha nacional e internacional.<\/p>\n<p>Por Carlos Palacios<\/p>\n","protected":false},"excerpt":{"rendered":"<p>Prensa (MPPPST). Este 19 de enero se llev\u00f3 a cabo en Puerto Ordaz, estado Bol\u00edvar el &hellip; <a title=\"Trabajadores de las Empresas B\u00e1sicas de Guayana ratificaron su compromiso con la Revoluci\u00f3n Bolivariana\" class=\"hm-read-more\" href=\"https:\/\/www.mpppst.gob.ve\/mpppstweb\/index.php\/2017\/01\/21\/trabajadores-de-las-empresas-basicas-de-guayana-ratificaron-su-compromiso-con-la-revolucion-bolivariana\/\"><span class=\"screen-reader-text\">Trabajadores de las Empresas B\u00e1sicas de Guayana ratificaron su compromiso con la Revoluci\u00f3n Bolivariana<\/span>Read more<\/a><\/p>\n","protected":false},"author":25,"featured_media":10271,"comment_status":"closed","ping_status":"closed","sticky":false,"template":"","format":"standard","meta":{"footnotes":""},"categories":[167,83,163,84],"tags":[222,223,296],"yoast_head":"<!-- This site is optimized with the Yoast SEO plugin v22.5 - https:\/\/yoast.com\/wordpress\/plugins\/seo\/ -->\n<title>Trabajadores de las Empresas B\u00e1sicas de Guayana ratificaron su compromiso con la Revoluci\u00f3n Bolivariana - MPPPST<\/title>\n<meta name=\"robots\" content=\"index, follow, max-snippet:-1, max-image-preview:large, max-video-preview:-1\" \/>\n<link rel=\"canonical\" href=\"https:\/\/www.mpppst.gob.ve\/mpppstweb\/index.php\/2017\/01\/21\/trabajadores-de-las-empresas-basicas-de-guayana-ratificaron-su-compromiso-con-la-revolucion-bolivariana\/\" \/>\n<meta property=\"og:locale\" content=\"es_ES\" \/>\n<meta property=\"og:type\" content=\"article\" \/>\n<meta property=\"og:title\" content=\"Trabajadores de las Empresas B\u00e1sicas de Guayana ratificaron su compromiso con la Revoluci\u00f3n Bolivariana - MPPPST\" \/>\n<meta property=\"og:description\" content=\"Prensa (MPPPST). Este 19 de enero se llev\u00f3 a cabo en Puerto Ordaz, estado Bol\u00edvar el &hellip; Trabajadores de las Empresas B\u00e1sicas de Guayana ratificaron su compromiso con la Revoluci\u00f3n BolivarianaRead more\" \/>\n<meta property=\"og:url\" content=\"https:\/\/www.mpppst.gob.ve\/mpppstweb\/index.php\/2017\/01\/21\/trabajadores-de-las-empresas-basicas-de-guayana-ratificaron-su-compromiso-con-la-revolucion-bolivariana\/\" \/>\n<meta property=\"og:site_name\" content=\"MPPPST\" \/>\n<meta property=\"article:published_time\" content=\"2017-01-21T17:56:15+00:00\" \/>\n<meta property=\"og:image\" content=\"https:\/\/www.mpppst.gob.ve\/mpppstweb\/wp-content\/uploads\/2017\/01\/IMG_20170119_162648-1.jpg\" \/>\n\t<meta property=\"og:image:width\" content=\"1024\" \/>\n\t<meta property=\"og:image:height\" content=\"768\" \/>\n\t<meta property=\"og:image:type\" content=\"image\/jpeg\" \/>\n<meta name=\"author\" content=\"MPPPST Prensa\" \/>\n<meta name=\"twitter:card\" content=\"summary_large_image\" \/>\n<meta name=\"twitter:label1\" content=\"Escrito por\" \/>\n\t<meta name=\"twitter:data1\" content=\"MPPPST Prensa\" \/>\n\t<meta name=\"twitter:label2\" content=\"Tiempo de lectura\" \/>\n\t<meta name=\"twitter:data2\" content=\"2 minutos\" \/>\n<script type=\"application\/ld+json\" class=\"yoast-schema-graph\">{\"@context\":\"https:\/\/schema.org\",\"@graph\":[{\"@type\":\"Article\",\"@id\":\"https:\/\/www.mpppst.gob.ve\/mpppstweb\/index.php\/2017\/01\/21\/trabajadores-de-las-empresas-basicas-de-guayana-ratificaron-su-compromiso-con-la-revolucion-bolivariana\/#article\",\"isPartOf\":{\"@id\":\"https:\/\/www.mpppst.gob.ve\/mpppstweb\/index.php\/2017\/01\/21\/trabajadores-de-las-empresas-basicas-de-guayana-ratificaron-su-compromiso-con-la-revolucion-bolivariana\/\"},\"author\":{\"name\":\"MPPPST Prensa\",\"@id\":\"https:\/\/www.mpppst.gob.ve\/mpppstweb\/#\/schema\/person\/fc187ee8ead412bd4c9304b62f900ea4\"},\"headline\":\"Trabajadores de las Empresas B\u00e1sicas de Guayana ratificaron su compromiso con la Revoluci\u00f3n Bolivariana\",\"datePublished\":\"2017-01-21T17:56:15+00:00\",\"dateModified\":\"2017-01-21T17:56:15+00:00\",\"mainEntityOfPage\":{\"@id\":\"https:\/\/www.mpppst.gob.ve\/mpppstweb\/index.php\/2017\/01\/21\/trabajadores-de-las-empresas-basicas-de-guayana-ratificaron-su-compromiso-con-la-revolucion-bolivariana\/\"},\"wordCount\":420,\"publisher\":{\"@id\":\"https:\/\/www.mpppst.gob.ve\/mpppstweb\/#organization\"},\"image\":{\"@id\":\"https:\/\/www.mpppst.gob.ve\/mpppstweb\/index.php\/2017\/01\/21\/trabajadores-de-las-empresas-basicas-de-guayana-ratificaron-su-compromiso-con-la-revolucion-bolivariana\/#primaryimage\"},\"thumbnailUrl\":\"https:\/\/www.mpppst.gob.ve\/mpppstweb\/wp-content\/uploads\/2017\/01\/IMG_20170119_162648-1.jpg\",\"keywords\":[\"Gobierno Bolivariano\",\"MPPPST\",\"Torrealba\"],\"articleSection\":[\"Defensa Integral\",\"Ministerio\",\"Noticias\",\"Vida Laboral y Sindical\"],\"inLanguage\":\"es\"},{\"@type\":\"WebPage\",\"@id\":\"https:\/\/www.mpppst.gob.ve\/mpppstweb\/index.php\/2017\/01\/21\/trabajadores-de-las-empresas-basicas-de-guayana-ratificaron-su-compromiso-con-la-revolucion-bolivariana\/\",\"url\":\"https:\/\/www.mpppst.gob.ve\/mpppstweb\/index.php\/2017\/01\/21\/trabajadores-de-las-empresas-basicas-de-guayana-ratificaron-su-compromiso-con-la-revolucion-bolivariana\/\",\"name\":\"Trabajadores de las Empresas B\u00e1sicas de Guayana ratificaron su compromiso con la Revoluci\u00f3n Bolivariana - MPPPST\",\"isPartOf\":{\"@id\":\"https:\/\/www.mpppst.gob.ve\/mpppstweb\/#website\"},\"primaryImageOfPage\":{\"@id\":\"https:\/\/www.mpppst.gob.ve\/mpppstweb\/index.php\/2017\/01\/21\/trabajadores-de-las-empresas-basicas-de-guayana-ratificaron-su-compromiso-con-la-revolucion-bolivariana\/#primaryimage\"},\"image\":{\"@id\":\"https:\/\/www.mpppst.gob.ve\/mpppstweb\/index.php\/2017\/01\/21\/trabajadores-de-las-empresas-basicas-de-guayana-ratificaron-su-compromiso-con-la-revolucion-bolivariana\/#primaryimage\"},\"thumbnailUrl\":\"https:\/\/www.mpppst.gob.ve\/mpppstweb\/wp-content\/uploads\/2017\/01\/IMG_20170119_162648-1.jpg\",\"datePublished\":\"2017-01-21T17:56:15+00:00\",\"dateModified\":\"2017-01-21T17:56:15+00:00\",\"breadcrumb\":{\"@id\":\"https:\/\/www.mpppst.gob.ve\/mpppstweb\/index.php\/2017\/01\/21\/trabajadores-de-las-empresas-basicas-de-guayana-ratificaron-su-compromiso-con-la-revolucion-bolivariana\/#breadcrumb\"},\"inLanguage\":\"es\",\"potentialAction\":[{\"@type\":\"ReadAction\",\"target\":[\"https:\/\/www.mpppst.gob.ve\/mpppstweb\/index.php\/2017\/01\/21\/trabajadores-de-las-empresas-basicas-de-guayana-ratificaron-su-compromiso-con-la-revolucion-bolivariana\/\"]}]},{\"@type\":\"ImageObject\",\"inLanguage\":\"es\",\"@id\":\"https:\/\/www.mpppst.gob.ve\/mpppstweb\/index.php\/2017\/01\/21\/trabajadores-de-las-empresas-basicas-de-guayana-ratificaron-su-compromiso-con-la-revolucion-bolivariana\/#primaryimage\",\"url\":\"https:\/\/www.mpppst.gob.ve\/mpppstweb\/wp-content\/uploads\/2017\/01\/IMG_20170119_162648-1.jpg\",\"contentUrl\":\"https:\/\/www.mpppst.gob.ve\/mpppstweb\/wp-content\/uploads\/2017\/01\/IMG_20170119_162648-1.jpg\",\"width\":1024,\"height\":768},{\"@type\":\"BreadcrumbList\",\"@id\":\"https:\/\/www.mpppst.gob.ve\/mpppstweb\/index.php\/2017\/01\/21\/trabajadores-de-las-empresas-basicas-de-guayana-ratificaron-su-compromiso-con-la-revolucion-bolivariana\/#breadcrumb\",\"itemListElement\":[{\"@type\":\"ListItem\",\"position\":1,\"name\":\"Home\",\"item\":\"https:\/\/www.mpppst.gob.ve\/mpppstweb\/\"},{\"@type\":\"ListItem\",\"position\":2,\"name\":\"Trabajadores de las Empresas B\u00e1sicas de Guayana ratificaron su compromiso con la Revoluci\u00f3n Bolivariana\"}]},{\"@type\":\"WebSite\",\"@id\":\"https:\/\/www.mpppst.gob.ve\/mpppstweb\/#website\",\"url\":\"https:\/\/www.mpppst.gob.ve\/mpppstweb\/\",\"name\":\"MPPPST\",\"description\":\"Ministerio del Poder Popular para el Proceso Social de Trabajo\",\"publisher\":{\"@id\":\"https:\/\/www.mpppst.gob.ve\/mpppstweb\/#organization\"},\"potentialAction\":[{\"@type\":\"SearchAction\",\"target\":{\"@type\":\"EntryPoint\",\"urlTemplate\":\"https:\/\/www.mpppst.gob.ve\/mpppstweb\/?s={search_term_string}\"},\"query-input\":\"required name=search_term_string\"}],\"inLanguage\":\"es\"},{\"@type\":\"Organization\",\"@id\":\"https:\/\/www.mpppst.gob.ve\/mpppstweb\/#organization\",\"name\":\"mpppst\",\"url\":\"https:\/\/www.mpppst.gob.ve\/mpppstweb\/\",\"logo\":{\"@type\":\"ImageObject\",\"inLanguage\":\"es\",\"@id\":\"https:\/\/www.mpppst.gob.ve\/mpppstweb\/#\/schema\/logo\/image\/\",\"url\":\"https:\/\/www.mpppst.gob.ve\/mpppstweb\/wp-content\/uploads\/2025\/07\/cropped-cropped-g910.png\",\"contentUrl\":\"https:\/\/www.mpppst.gob.ve\/mpppstweb\/wp-content\/uploads\/2025\/07\/cropped-cropped-g910.png\",\"width\":1080,\"height\":241,\"caption\":\"mpppst\"},\"image\":{\"@id\":\"https:\/\/www.mpppst.gob.ve\/mpppstweb\/#\/schema\/logo\/image\/\"}},{\"@type\":\"Person\",\"@id\":\"https:\/\/www.mpppst.gob.ve\/mpppstweb\/#\/schema\/person\/fc187ee8ead412bd4c9304b62f900ea4\",\"name\":\"MPPPST Prensa\",\"url\":\"https:\/\/www.mpppst.gob.ve\/mpppstweb\/index.php\/author\/prensa-mpppst\/\"}]}<\/script>\n<!-- \/ Yoast SEO plugin. -->","yoast_head_json":{"title":"Trabajadores de las Empresas B\u00e1sicas de Guayana ratificaron su compromiso con la Revoluci\u00f3n Bolivariana - MPPPST","robots":{"index":"index","follow":"follow","max-snippet":"max-snippet:-1","max-image-preview":"max-image-preview:large","max-video-preview":"max-video-preview:-1"},"canonical":"https:\/\/www.mpppst.gob.ve\/mpppstweb\/index.php\/2017\/01\/21\/trabajadores-de-las-empresas-basicas-de-guayana-ratificaron-su-compromiso-con-la-revolucion-bolivariana\/","og_locale":"es_ES","og_type":"article","og_title":"Trabajadores de las Empresas B\u00e1sicas de Guayana ratificaron su compromiso con la Revoluci\u00f3n Bolivariana - MPPPST","og_description":"Prensa (MPPPST). Este 19 de enero se llev\u00f3 a cabo en Puerto Ordaz, estado Bol\u00edvar el &hellip; Trabajadores de las Empresas B\u00e1sicas de Guayana ratificaron su compromiso con la Revoluci\u00f3n BolivarianaRead more","og_url":"https:\/\/www.mpppst.gob.ve\/mpppstweb\/index.php\/2017\/01\/21\/trabajadores-de-las-empresas-basicas-de-guayana-ratificaron-su-compromiso-con-la-revolucion-bolivariana\/","og_site_name":"MPPPST","article_published_time":"2017-01-21T17:56:15+00:00","og_image":[{"width":1024,"height":768,"url":"https:\/\/www.mpppst.gob.ve\/mpppstweb\/wp-content\/uploads\/2017\/01\/IMG_20170119_162648-1.jpg","type":"image\/jpeg"}],"author":"MPPPST Prensa","twitter_card":"summary_large_image","twitter_misc":{"Escrito por":"MPPPST Prensa","Tiempo de lectura":"2 minutos"},"schema":{"@context":"https:\/\/schema.org","@graph":[{"@type":"Article","@id":"https:\/\/www.mpppst.gob.ve\/mpppstweb\/index.php\/2017\/01\/21\/trabajadores-de-las-empresas-basicas-de-guayana-ratificaron-su-compromiso-con-la-revolucion-bolivariana\/#article","isPartOf":{"@id":"https:\/\/www.mpppst.gob.ve\/mpppstweb\/index.php\/2017\/01\/21\/trabajadores-de-las-empresas-basicas-de-guayana-ratificaron-su-compromiso-con-la-revolucion-bolivariana\/"},"author":{"name":"MPPPST Prensa","@id":"https:\/\/www.mpppst.gob.ve\/mpppstweb\/#\/schema\/person\/fc187ee8ead412bd4c9304b62f900ea4"},"headline":"Trabajadores de las Empresas B\u00e1sicas de Guayana ratificaron su compromiso con la Revoluci\u00f3n Bolivariana","datePublished":"2017-01-21T17:56:15+00:00","dateModified":"2017-01-21T17:56:15+00:00","mainEntityOfPage":{"@id":"https:\/\/www.mpppst.gob.ve\/mpppstweb\/index.php\/2017\/01\/21\/trabajadores-de-las-empresas-basicas-de-guayana-ratificaron-su-compromiso-con-la-revolucion-bolivariana\/"},"wordCount":420,"publisher":{"@id":"https:\/\/www.mpppst.gob.ve\/mpppstweb\/#organization"},"image":{"@id":"https:\/\/www.mpppst.gob.ve\/mpppstweb\/index.php\/2017\/01\/21\/trabajadores-de-las-empresas-basicas-de-guayana-ratificaron-su-compromiso-con-la-revolucion-bolivariana\/#primaryimage"},"thumbnailUrl":"https:\/\/www.mpppst.gob.ve\/mpppstweb\/wp-content\/uploads\/2017\/01\/IMG_20170119_162648-1.jpg","keywords":["Gobierno Bolivariano","MPPPST","Torrealba"],"articleSection":["Defensa Integral","Ministerio","Noticias","Vida Laboral y Sindical"],"inLanguage":"es"},{"@type":"WebPage","@id":"https:\/\/www.mpppst.gob.ve\/mpppstweb\/index.php\/2017\/01\/21\/trabajadores-de-las-empresas-basicas-de-guayana-ratificaron-su-compromiso-con-la-revolucion-bolivariana\/","url":"https:\/\/www.mpppst.gob.ve\/mpppstweb\/index.php\/2017\/01\/21\/trabajadores-de-las-empresas-basicas-de-guayana-ratificaron-su-compromiso-con-la-revolucion-bolivariana\/","name":"Trabajadores de las Empresas B\u00e1sicas de Guayana ratificaron su compromiso con la Revoluci\u00f3n Bolivariana - MPPPST","isPartOf":{"@id":"https:\/\/www.mpppst.gob.ve\/mpppstweb\/#website"},"primaryImageOfPage":{"@id":"https:\/\/www.mpppst.gob.ve\/mpppstweb\/index.php\/2017\/01\/21\/trabajadores-de-las-empresas-basicas-de-guayana-ratificaron-su-compromiso-con-la-revolucion-bolivariana\/#primaryimage"},"image":{"@id":"https:\/\/www.mpppst.gob.ve\/mpppstweb\/index.php\/2017\/01\/21\/trabajadores-de-las-empresas-basicas-de-guayana-ratificaron-su-compromiso-con-la-revolucion-bolivariana\/#primaryimage"},"thumbnailUrl":"https:\/\/www.mpppst.gob.ve\/mpppstweb\/wp-content\/uploads\/2017\/01\/IMG_20170119_162648-1.jpg","datePublished":"2017-01-21T17:56:15+00:00","dateModified":"2017-01-21T17:56:15+00:00","breadcrumb":{"@id":"https:\/\/www.mpppst.gob.ve\/mpppstweb\/index.php\/2017\/01\/21\/trabajadores-de-las-empresas-basicas-de-guayana-ratificaron-su-compromiso-con-la-revolucion-bolivariana\/#breadcrumb"},"inLanguage":"es","potentialAction":[{"@type":"ReadAction","target":["https:\/\/www.mpppst.gob.ve\/mpppstweb\/index.php\/2017\/01\/21\/trabajadores-de-las-empresas-basicas-de-guayana-ratificaron-su-compromiso-con-la-revolucion-bolivariana\/"]}]},{"@type":"ImageObject","inLanguage":"es","@id":"https:\/\/www.mpppst.gob.ve\/mpppstweb\/index.php\/2017\/01\/21\/trabajadores-de-las-empresas-basicas-de-guayana-ratificaron-su-compromiso-con-la-revolucion-bolivariana\/#primaryimage","url":"https:\/\/www.mpppst.gob.ve\/mpppstweb\/wp-content\/uploads\/2017\/01\/IMG_20170119_162648-1.jpg","contentUrl":"https:\/\/www.mpppst.gob.ve\/mpppstweb\/wp-content\/uploads\/2017\/01\/IMG_20170119_162648-1.jpg","width":1024,"height":768},{"@type":"BreadcrumbList","@id":"https:\/\/www.mpppst.gob.ve\/mpppstweb\/index.php\/2017\/01\/21\/trabajadores-de-las-empresas-basicas-de-guayana-ratificaron-su-compromiso-con-la-revolucion-bolivariana\/#breadcrumb","itemListElement":[{"@type":"ListItem","position":1,"name":"Home","item":"https:\/\/www.mpppst.gob.ve\/mpppstweb\/"},{"@type":"ListItem","position":2,"name":"Trabajadores de las Empresas B\u00e1sicas de Guayana ratificaron su compromiso con la Revoluci\u00f3n Bolivariana"}]},{"@type":"WebSite","@id":"https:\/\/www.mpppst.gob.ve\/mpppstweb\/#website","url":"https:\/\/www.mpppst.gob.ve\/mpppstweb\/","name":"MPPPST","description":"Ministerio del Poder Popular para el Proceso Social de Trabajo","publisher":{"@id":"https:\/\/www.mpppst.gob.ve\/mpppstweb\/#organization"},"potentialAction":[{"@type":"SearchAction","target":{"@type":"EntryPoint","urlTemplate":"https:\/\/www.mpppst.gob.ve\/mpppstweb\/?s={search_term_string}"},"query-input":"required name=search_term_string"}],"inLanguage":"es"},{"@type":"Organization","@id":"https:\/\/www.mpppst.gob.ve\/mpppstweb\/#organization","name":"mpppst","url":"https:\/\/www.mpppst.gob.ve\/mpppstweb\/","logo":{"@type":"ImageObject","inLanguage":"es","@id":"https:\/\/www.mpppst.gob.ve\/mpppstweb\/#\/schema\/logo\/image\/","url":"https:\/\/www.mpppst.gob.ve\/mpppstweb\/wp-content\/uploads\/2025\/07\/cropped-cropped-g910.png","contentUrl":"https:\/\/www.mpppst.gob.ve\/mpppstweb\/wp-content\/uploads\/2025\/07\/cropped-cropped-g910.png","width":1080,"height":241,"caption":"mpppst"},"image":{"@id":"https:\/\/www.mpppst.gob.ve\/mpppstweb\/#\/schema\/logo\/image\/"}},{"@type":"Person","@id":"https:\/\/www.mpppst.gob.ve\/mpppstweb\/#\/schema\/person\/fc187ee8ead412bd4c9304b62f900ea4","name":"MPPPST Prensa","url":"https:\/\/www.mpppst.gob.ve\/mpppstweb\/index.php\/author\/prensa-mpppst\/"}]}},"_links":{"self":[{"href":"https:\/\/www.mpppst.gob.ve\/mpppstweb\/index.php\/wp-json\/wp\/v2\/posts\/10270"}],"collection":[{"href":"https:\/\/www.mpppst.gob.ve\/mpppstweb\/index.php\/wp-json\/wp\/v2\/posts"}],"about":[{"href":"https:\/\/www.mpppst.gob.ve\/mpppstweb\/index.php\/wp-json\/wp\/v2\/types\/post"}],"author":[{"embeddable":true,"href":"https:\/\/www.mpppst.gob.ve\/mpppstweb\/index.php\/wp-json\/wp\/v2\/users\/25"}],"replies":[{"embeddable":true,"href":"https:\/\/www.mpppst.gob.ve\/mpppstweb\/index.php\/wp-json\/wp\/v2\/comments?post=10270"}],"version-history":[{"count":1,"href":"https:\/\/www.mpppst.gob.ve\/mpppstweb\/index.php\/wp-json\/wp\/v2\/posts\/10270\/revisions"}],"predecessor-version":[{"id":10272,"href":"https:\/\/www.mpppst.gob.ve\/mpppstweb\/index.php\/wp-json\/wp\/v2\/posts\/10270\/revisions\/10272"}],"wp:featuredmedia":[{"embeddable":true,"href":"https:\/\/www.mpppst.gob.ve\/mpppstweb\/index.php\/wp-json\/wp\/v2\/media\/10271"}],"wp:attachment":[{"href":"https:\/\/www.mpppst.gob.ve\/mpppstweb\/index.php\/wp-json\/wp\/v2\/media?parent=10270"}],"wp:term":[{"taxonomy":"category","embeddable":true,"href":"https:\/\/www.mpppst.gob.ve\/mpppstweb\/index.php\/wp-json\/wp\/v2\/categories?post=10270"},{"taxonomy":"post_tag","embeddable":true,"href":"https:\/\/www.mpppst.gob.ve\/mpppstweb\/index.php\/wp-json\/wp\/v2\/tags?post=10270"}],"curies":[{"name":"wp","href":"https:\/\/api.w.org\/{rel}","templated":true}]}}