{"id":10325,"date":"2017-01-23T18:55:36","date_gmt":"2017-01-23T18:55:36","guid":{"rendered":"http:\/\/www.mpppst.gob.ve\/mpppstweb\/?p=10325"},"modified":"2017-01-23T18:55:36","modified_gmt":"2017-01-23T18:55:36","slug":"pueblo-venezolano-rinde-homenaje-al-lider-revolucionario-fabricio-ojeda","status":"publish","type":"post","link":"https:\/\/www.mpppst.gob.ve\/mpppstweb\/index.php\/2017\/01\/23\/pueblo-venezolano-rinde-homenaje-al-lider-revolucionario-fabricio-ojeda\/","title":{"rendered":"Pueblo Venezolano rinde homenaje al l\u00edder revolucionario Fabricio Ojeda"},"content":{"rendered":"<p>Prensa (MPPPST). El Pueblo Revolucionario se concentr\u00f3 desde tempranas horas de la ma\u00f1ana en los alrededores del Cementerio General del Sur, en la Avenida Lecuna y en las Fuerzas Armadas para rendir homenaje a Fabricio Ojeda, l\u00edder revolucionario, art\u00edfice del movimiento popular del 23 de enero que pondr\u00eda fin a la dictadura en el a\u00f1o de 1958.<\/p>\n<p>La movilizaci\u00f3n popular lleg\u00f3 el Pante\u00f3n Nacional, a donde fueron trasladados los restos del insigne activista y luchador revolucionario por decreto presidencial para conmemorar los 59 a\u00f1os de la ca\u00edda de la dictadura de P\u00e9rez Jim\u00e9nez.<\/p>\n<p>En transmisi\u00f3n de Venezolana de Televisi\u00f3n (VTV), Luis Urdaneta, trabajador del Consejo Municipal de Caracas, expres\u00f3 que Fabricio Ojeda es ejemplo para los J\u00f3venes revolucionarios. \u201cFabricio Ojeda es un ejemplo no solo para las j\u00f3venes venezolanos, sino del mundo. Su lucha siempre ser\u00e1 recordada, es y ser\u00e1 un ejemplo a seguir<strong>\u201d.<\/strong><\/p>\n<p>Por su parte, Jos\u00e9 Hern\u00e1ndez coordinador de la UBCH en Carabobo, destac\u00f3 que Fabricio Ojeda es digno de estar al lado de grandes pr\u00f3ceres en el Pante\u00f3n Nacional por la lucha que llev\u00f3 a cabo en \u00a0Venezuela.<\/p>\n<p>\u201c\u00c9l fue un l\u00edder que luch\u00f3 contra la dictadura de Marcos P\u00e9rez Jim\u00e9nez. Por eso hoy rendimos este merecido homenaje a alguien que alz\u00f3 su voz para defender al pueblo venezolano. \u00c9l es digno de estar en el Pante\u00f3n Nacional junto con otros grandes pr\u00f3ceres venezolanos\u201d<\/p>\n<p><strong>Ejemplo para la juventud revolucionaria<\/strong><\/p>\n<p>Durante un acto que se realiz\u00f3 en el Cementerio General del Sur, antes de trasladar sus restos, la hija de este l\u00edder revolucionario, Thais Ojeda, inst\u00f3 a la juventud revolucionaria a continuar los pasos de su padre para consolidar sus ideales.<\/p>\n<p>\u201cInvito a la juventud venezolana a seguir los pasos del l\u00edder juvenil Fabricio Ojeda. Los j\u00f3venes deben de seguir la premisa de mi padre que es \u201cla l\u00ednea justa es luchar hasta vencer\u201d.<\/p>\n<p>Thais Ojeda resalt\u00f3 la presencia y la importancia de la Fuerza Armada Nacional Bolivariana (FANB),\u00a0quien en la actualidad se encuentra acompa\u00f1ando al pueblo, eliminando las pol\u00edticas opresoras que se manejaban hace 50 a\u00f1os.<\/p>\n<p>\u201cSolo con la consciente unidad c\u00edvico- militar lograremos consolidar nuestros sue\u00f1os de libertad, justicia y soberan\u00eda\u201d, puntualiz\u00f3 la hija de Fabricio Ojeda.<\/p>\n<p><strong>Ideales m\u00e1s vigentes que nunca <\/strong><\/p>\n<p>Por su parte, el defensor del pueblo, Tarek William Saab, destac\u00f3 que a muchos a\u00f1os de la muerte de Fabricio Ojeda su lucha e ideales siguen m\u00e1s vigentes que nunca reflejado en el pueblo venezolano.<\/p>\n<p>\u201cFabricio fue un dirigente juvenil que lleg\u00f3 a ser profesor, periodista, diputado y una figura \u00e9pica del pa\u00eds. Quisieron enterrar su nombre, pero su lucha e ideales siguen en su pueblo\u201d.<\/p>\n<p>William Saab, sostuvo que Fabricio Ojeda pasar\u00e1 de ser una leyenda del pueblo a un personaje \u00e9pico en la historia latinoamericana,\u00a0 adem\u00e1s inst\u00f3 a la juventud a indagar m\u00e1s de su vida para realizar documentales e incluso una pel\u00edcula para resaltar su legado.<\/p>\n<p>Por Carlos Palacios<\/p>\n","protected":false},"excerpt":{"rendered":"<p>Prensa (MPPPST). El Pueblo Revolucionario se concentr\u00f3 desde tempranas horas de la ma\u00f1ana en los alrededores &hellip; <a title=\"Pueblo Venezolano rinde homenaje al l\u00edder revolucionario Fabricio Ojeda\" class=\"hm-read-more\" href=\"https:\/\/www.mpppst.gob.ve\/mpppstweb\/index.php\/2017\/01\/23\/pueblo-venezolano-rinde-homenaje-al-lider-revolucionario-fabricio-ojeda\/\"><span class=\"screen-reader-text\">Pueblo Venezolano rinde homenaje al l\u00edder revolucionario Fabricio Ojeda<\/span>Read more<\/a><\/p>\n","protected":false},"author":25,"featured_media":10326,"comment_status":"closed","ping_status":"closed","sticky":false,"template":"","format":"standard","meta":{"footnotes":""},"categories":[82,83,163],"tags":[346,222,282],"yoast_head":"<!-- This site is optimized with the Yoast SEO plugin v22.5 - https:\/\/yoast.com\/wordpress\/plugins\/seo\/ -->\n<title>Pueblo Venezolano rinde homenaje al l\u00edder revolucionario Fabricio Ojeda - MPPPST<\/title>\n<meta name=\"robots\" content=\"index, follow, max-snippet:-1, max-image-preview:large, max-video-preview:-1\" \/>\n<link rel=\"canonical\" href=\"https:\/\/www.mpppst.gob.ve\/mpppstweb\/index.php\/2017\/01\/23\/pueblo-venezolano-rinde-homenaje-al-lider-revolucionario-fabricio-ojeda\/\" \/>\n<meta property=\"og:locale\" content=\"es_ES\" \/>\n<meta property=\"og:type\" content=\"article\" \/>\n<meta property=\"og:title\" content=\"Pueblo Venezolano rinde homenaje al l\u00edder revolucionario Fabricio Ojeda - MPPPST\" \/>\n<meta property=\"og:description\" content=\"Prensa (MPPPST). El Pueblo Revolucionario se concentr\u00f3 desde tempranas horas de la ma\u00f1ana en los alrededores &hellip; Pueblo Venezolano rinde homenaje al l\u00edder revolucionario Fabricio OjedaRead more\" \/>\n<meta property=\"og:url\" content=\"https:\/\/www.mpppst.gob.ve\/mpppstweb\/index.php\/2017\/01\/23\/pueblo-venezolano-rinde-homenaje-al-lider-revolucionario-fabricio-ojeda\/\" \/>\n<meta property=\"og:site_name\" content=\"MPPPST\" \/>\n<meta property=\"article:published_time\" content=\"2017-01-23T18:55:36+00:00\" \/>\n<meta property=\"og:image\" content=\"https:\/\/www.mpppst.gob.ve\/mpppstweb\/wp-content\/uploads\/2017\/01\/Homenaje.jpg\" \/>\n\t<meta property=\"og:image:width\" content=\"800\" \/>\n\t<meta property=\"og:image:height\" content=\"445\" \/>\n\t<meta property=\"og:image:type\" content=\"image\/jpeg\" \/>\n<meta name=\"author\" content=\"MPPPST Prensa\" \/>\n<meta name=\"twitter:card\" content=\"summary_large_image\" \/>\n<meta name=\"twitter:label1\" content=\"Escrito por\" \/>\n\t<meta name=\"twitter:data1\" content=\"MPPPST Prensa\" \/>\n\t<meta name=\"twitter:label2\" content=\"Tiempo de lectura\" \/>\n\t<meta name=\"twitter:data2\" content=\"3 minutos\" \/>\n<script type=\"application\/ld+json\" class=\"yoast-schema-graph\">{\"@context\":\"https:\/\/schema.org\",\"@graph\":[{\"@type\":\"Article\",\"@id\":\"https:\/\/www.mpppst.gob.ve\/mpppstweb\/index.php\/2017\/01\/23\/pueblo-venezolano-rinde-homenaje-al-lider-revolucionario-fabricio-ojeda\/#article\",\"isPartOf\":{\"@id\":\"https:\/\/www.mpppst.gob.ve\/mpppstweb\/index.php\/2017\/01\/23\/pueblo-venezolano-rinde-homenaje-al-lider-revolucionario-fabricio-ojeda\/\"},\"author\":{\"name\":\"MPPPST Prensa\",\"@id\":\"https:\/\/www.mpppst.gob.ve\/mpppstweb\/#\/schema\/person\/fc187ee8ead412bd4c9304b62f900ea4\"},\"headline\":\"Pueblo Venezolano rinde homenaje al l\u00edder revolucionario Fabricio Ojeda\",\"datePublished\":\"2017-01-23T18:55:36+00:00\",\"dateModified\":\"2017-01-23T18:55:36+00:00\",\"mainEntityOfPage\":{\"@id\":\"https:\/\/www.mpppst.gob.ve\/mpppstweb\/index.php\/2017\/01\/23\/pueblo-venezolano-rinde-homenaje-al-lider-revolucionario-fabricio-ojeda\/\"},\"wordCount\":525,\"publisher\":{\"@id\":\"https:\/\/www.mpppst.gob.ve\/mpppstweb\/#organization\"},\"image\":{\"@id\":\"https:\/\/www.mpppst.gob.ve\/mpppstweb\/index.php\/2017\/01\/23\/pueblo-venezolano-rinde-homenaje-al-lider-revolucionario-fabricio-ojeda\/#primaryimage\"},\"thumbnailUrl\":\"https:\/\/www.mpppst.gob.ve\/mpppstweb\/wp-content\/uploads\/2017\/01\/Homenaje.jpg\",\"keywords\":[\"Fabricio Ojeda\",\"Gobierno Bolivariano\",\"Revoluci\u00f3n\"],\"articleSection\":[\"Gobierno Nacional\",\"Ministerio\",\"Noticias\"],\"inLanguage\":\"es\"},{\"@type\":\"WebPage\",\"@id\":\"https:\/\/www.mpppst.gob.ve\/mpppstweb\/index.php\/2017\/01\/23\/pueblo-venezolano-rinde-homenaje-al-lider-revolucionario-fabricio-ojeda\/\",\"url\":\"https:\/\/www.mpppst.gob.ve\/mpppstweb\/index.php\/2017\/01\/23\/pueblo-venezolano-rinde-homenaje-al-lider-revolucionario-fabricio-ojeda\/\",\"name\":\"Pueblo Venezolano rinde homenaje al l\u00edder revolucionario Fabricio Ojeda - MPPPST\",\"isPartOf\":{\"@id\":\"https:\/\/www.mpppst.gob.ve\/mpppstweb\/#website\"},\"primaryImageOfPage\":{\"@id\":\"https:\/\/www.mpppst.gob.ve\/mpppstweb\/index.php\/2017\/01\/23\/pueblo-venezolano-rinde-homenaje-al-lider-revolucionario-fabricio-ojeda\/#primaryimage\"},\"image\":{\"@id\":\"https:\/\/www.mpppst.gob.ve\/mpppstweb\/index.php\/2017\/01\/23\/pueblo-venezolano-rinde-homenaje-al-lider-revolucionario-fabricio-ojeda\/#primaryimage\"},\"thumbnailUrl\":\"https:\/\/www.mpppst.gob.ve\/mpppstweb\/wp-content\/uploads\/2017\/01\/Homenaje.jpg\",\"datePublished\":\"2017-01-23T18:55:36+00:00\",\"dateModified\":\"2017-01-23T18:55:36+00:00\",\"breadcrumb\":{\"@id\":\"https:\/\/www.mpppst.gob.ve\/mpppstweb\/index.php\/2017\/01\/23\/pueblo-venezolano-rinde-homenaje-al-lider-revolucionario-fabricio-ojeda\/#breadcrumb\"},\"inLanguage\":\"es\",\"potentialAction\":[{\"@type\":\"ReadAction\",\"target\":[\"https:\/\/www.mpppst.gob.ve\/mpppstweb\/index.php\/2017\/01\/23\/pueblo-venezolano-rinde-homenaje-al-lider-revolucionario-fabricio-ojeda\/\"]}]},{\"@type\":\"ImageObject\",\"inLanguage\":\"es\",\"@id\":\"https:\/\/www.mpppst.gob.ve\/mpppstweb\/index.php\/2017\/01\/23\/pueblo-venezolano-rinde-homenaje-al-lider-revolucionario-fabricio-ojeda\/#primaryimage\",\"url\":\"https:\/\/www.mpppst.gob.ve\/mpppstweb\/wp-content\/uploads\/2017\/01\/Homenaje.jpg\",\"contentUrl\":\"https:\/\/www.mpppst.gob.ve\/mpppstweb\/wp-content\/uploads\/2017\/01\/Homenaje.jpg\",\"width\":800,\"height\":445},{\"@type\":\"BreadcrumbList\",\"@id\":\"https:\/\/www.mpppst.gob.ve\/mpppstweb\/index.php\/2017\/01\/23\/pueblo-venezolano-rinde-homenaje-al-lider-revolucionario-fabricio-ojeda\/#breadcrumb\",\"itemListElement\":[{\"@type\":\"ListItem\",\"position\":1,\"name\":\"Home\",\"item\":\"https:\/\/www.mpppst.gob.ve\/mpppstweb\/\"},{\"@type\":\"ListItem\",\"position\":2,\"name\":\"Pueblo Venezolano rinde homenaje al l\u00edder revolucionario Fabricio Ojeda\"}]},{\"@type\":\"WebSite\",\"@id\":\"https:\/\/www.mpppst.gob.ve\/mpppstweb\/#website\",\"url\":\"https:\/\/www.mpppst.gob.ve\/mpppstweb\/\",\"name\":\"MPPPST\",\"description\":\"Ministerio del Poder Popular para el Proceso Social de Trabajo\",\"publisher\":{\"@id\":\"https:\/\/www.mpppst.gob.ve\/mpppstweb\/#organization\"},\"potentialAction\":[{\"@type\":\"SearchAction\",\"target\":{\"@type\":\"EntryPoint\",\"urlTemplate\":\"https:\/\/www.mpppst.gob.ve\/mpppstweb\/?s={search_term_string}\"},\"query-input\":\"required name=search_term_string\"}],\"inLanguage\":\"es\"},{\"@type\":\"Organization\",\"@id\":\"https:\/\/www.mpppst.gob.ve\/mpppstweb\/#organization\",\"name\":\"mpppst\",\"url\":\"https:\/\/www.mpppst.gob.ve\/mpppstweb\/\",\"logo\":{\"@type\":\"ImageObject\",\"inLanguage\":\"es\",\"@id\":\"https:\/\/www.mpppst.gob.ve\/mpppstweb\/#\/schema\/logo\/image\/\",\"url\":\"https:\/\/www.mpppst.gob.ve\/mpppstweb\/wp-content\/uploads\/2025\/07\/cropped-cropped-g910.png\",\"contentUrl\":\"https:\/\/www.mpppst.gob.ve\/mpppstweb\/wp-content\/uploads\/2025\/07\/cropped-cropped-g910.png\",\"width\":1080,\"height\":241,\"caption\":\"mpppst\"},\"image\":{\"@id\":\"https:\/\/www.mpppst.gob.ve\/mpppstweb\/#\/schema\/logo\/image\/\"}},{\"@type\":\"Person\",\"@id\":\"https:\/\/www.mpppst.gob.ve\/mpppstweb\/#\/schema\/person\/fc187ee8ead412bd4c9304b62f900ea4\",\"name\":\"MPPPST Prensa\",\"url\":\"https:\/\/www.mpppst.gob.ve\/mpppstweb\/index.php\/author\/prensa-mpppst\/\"}]}<\/script>\n<!-- \/ Yoast SEO plugin. -->","yoast_head_json":{"title":"Pueblo Venezolano rinde homenaje al l\u00edder revolucionario Fabricio Ojeda - MPPPST","robots":{"index":"index","follow":"follow","max-snippet":"max-snippet:-1","max-image-preview":"max-image-preview:large","max-video-preview":"max-video-preview:-1"},"canonical":"https:\/\/www.mpppst.gob.ve\/mpppstweb\/index.php\/2017\/01\/23\/pueblo-venezolano-rinde-homenaje-al-lider-revolucionario-fabricio-ojeda\/","og_locale":"es_ES","og_type":"article","og_title":"Pueblo Venezolano rinde homenaje al l\u00edder revolucionario Fabricio Ojeda - MPPPST","og_description":"Prensa (MPPPST). El Pueblo Revolucionario se concentr\u00f3 desde tempranas horas de la ma\u00f1ana en los alrededores &hellip; Pueblo Venezolano rinde homenaje al l\u00edder revolucionario Fabricio OjedaRead more","og_url":"https:\/\/www.mpppst.gob.ve\/mpppstweb\/index.php\/2017\/01\/23\/pueblo-venezolano-rinde-homenaje-al-lider-revolucionario-fabricio-ojeda\/","og_site_name":"MPPPST","article_published_time":"2017-01-23T18:55:36+00:00","og_image":[{"width":800,"height":445,"url":"https:\/\/www.mpppst.gob.ve\/mpppstweb\/wp-content\/uploads\/2017\/01\/Homenaje.jpg","type":"image\/jpeg"}],"author":"MPPPST Prensa","twitter_card":"summary_large_image","twitter_misc":{"Escrito por":"MPPPST Prensa","Tiempo de lectura":"3 minutos"},"schema":{"@context":"https:\/\/schema.org","@graph":[{"@type":"Article","@id":"https:\/\/www.mpppst.gob.ve\/mpppstweb\/index.php\/2017\/01\/23\/pueblo-venezolano-rinde-homenaje-al-lider-revolucionario-fabricio-ojeda\/#article","isPartOf":{"@id":"https:\/\/www.mpppst.gob.ve\/mpppstweb\/index.php\/2017\/01\/23\/pueblo-venezolano-rinde-homenaje-al-lider-revolucionario-fabricio-ojeda\/"},"author":{"name":"MPPPST Prensa","@id":"https:\/\/www.mpppst.gob.ve\/mpppstweb\/#\/schema\/person\/fc187ee8ead412bd4c9304b62f900ea4"},"headline":"Pueblo Venezolano rinde homenaje al l\u00edder revolucionario Fabricio Ojeda","datePublished":"2017-01-23T18:55:36+00:00","dateModified":"2017-01-23T18:55:36+00:00","mainEntityOfPage":{"@id":"https:\/\/www.mpppst.gob.ve\/mpppstweb\/index.php\/2017\/01\/23\/pueblo-venezolano-rinde-homenaje-al-lider-revolucionario-fabricio-ojeda\/"},"wordCount":525,"publisher":{"@id":"https:\/\/www.mpppst.gob.ve\/mpppstweb\/#organization"},"image":{"@id":"https:\/\/www.mpppst.gob.ve\/mpppstweb\/index.php\/2017\/01\/23\/pueblo-venezolano-rinde-homenaje-al-lider-revolucionario-fabricio-ojeda\/#primaryimage"},"thumbnailUrl":"https:\/\/www.mpppst.gob.ve\/mpppstweb\/wp-content\/uploads\/2017\/01\/Homenaje.jpg","keywords":["Fabricio Ojeda","Gobierno Bolivariano","Revoluci\u00f3n"],"articleSection":["Gobierno Nacional","Ministerio","Noticias"],"inLanguage":"es"},{"@type":"WebPage","@id":"https:\/\/www.mpppst.gob.ve\/mpppstweb\/index.php\/2017\/01\/23\/pueblo-venezolano-rinde-homenaje-al-lider-revolucionario-fabricio-ojeda\/","url":"https:\/\/www.mpppst.gob.ve\/mpppstweb\/index.php\/2017\/01\/23\/pueblo-venezolano-rinde-homenaje-al-lider-revolucionario-fabricio-ojeda\/","name":"Pueblo Venezolano rinde homenaje al l\u00edder revolucionario Fabricio Ojeda - MPPPST","isPartOf":{"@id":"https:\/\/www.mpppst.gob.ve\/mpppstweb\/#website"},"primaryImageOfPage":{"@id":"https:\/\/www.mpppst.gob.ve\/mpppstweb\/index.php\/2017\/01\/23\/pueblo-venezolano-rinde-homenaje-al-lider-revolucionario-fabricio-ojeda\/#primaryimage"},"image":{"@id":"https:\/\/www.mpppst.gob.ve\/mpppstweb\/index.php\/2017\/01\/23\/pueblo-venezolano-rinde-homenaje-al-lider-revolucionario-fabricio-ojeda\/#primaryimage"},"thumbnailUrl":"https:\/\/www.mpppst.gob.ve\/mpppstweb\/wp-content\/uploads\/2017\/01\/Homenaje.jpg","datePublished":"2017-01-23T18:55:36+00:00","dateModified":"2017-01-23T18:55:36+00:00","breadcrumb":{"@id":"https:\/\/www.mpppst.gob.ve\/mpppstweb\/index.php\/2017\/01\/23\/pueblo-venezolano-rinde-homenaje-al-lider-revolucionario-fabricio-ojeda\/#breadcrumb"},"inLanguage":"es","potentialAction":[{"@type":"ReadAction","target":["https:\/\/www.mpppst.gob.ve\/mpppstweb\/index.php\/2017\/01\/23\/pueblo-venezolano-rinde-homenaje-al-lider-revolucionario-fabricio-ojeda\/"]}]},{"@type":"ImageObject","inLanguage":"es","@id":"https:\/\/www.mpppst.gob.ve\/mpppstweb\/index.php\/2017\/01\/23\/pueblo-venezolano-rinde-homenaje-al-lider-revolucionario-fabricio-ojeda\/#primaryimage","url":"https:\/\/www.mpppst.gob.ve\/mpppstweb\/wp-content\/uploads\/2017\/01\/Homenaje.jpg","contentUrl":"https:\/\/www.mpppst.gob.ve\/mpppstweb\/wp-content\/uploads\/2017\/01\/Homenaje.jpg","width":800,"height":445},{"@type":"BreadcrumbList","@id":"https:\/\/www.mpppst.gob.ve\/mpppstweb\/index.php\/2017\/01\/23\/pueblo-venezolano-rinde-homenaje-al-lider-revolucionario-fabricio-ojeda\/#breadcrumb","itemListElement":[{"@type":"ListItem","position":1,"name":"Home","item":"https:\/\/www.mpppst.gob.ve\/mpppstweb\/"},{"@type":"ListItem","position":2,"name":"Pueblo Venezolano rinde homenaje al l\u00edder revolucionario Fabricio Ojeda"}]},{"@type":"WebSite","@id":"https:\/\/www.mpppst.gob.ve\/mpppstweb\/#website","url":"https:\/\/www.mpppst.gob.ve\/mpppstweb\/","name":"MPPPST","description":"Ministerio del Poder Popular para el Proceso Social de Trabajo","publisher":{"@id":"https:\/\/www.mpppst.gob.ve\/mpppstweb\/#organization"},"potentialAction":[{"@type":"SearchAction","target":{"@type":"EntryPoint","urlTemplate":"https:\/\/www.mpppst.gob.ve\/mpppstweb\/?s={search_term_string}"},"query-input":"required name=search_term_string"}],"inLanguage":"es"},{"@type":"Organization","@id":"https:\/\/www.mpppst.gob.ve\/mpppstweb\/#organization","name":"mpppst","url":"https:\/\/www.mpppst.gob.ve\/mpppstweb\/","logo":{"@type":"ImageObject","inLanguage":"es","@id":"https:\/\/www.mpppst.gob.ve\/mpppstweb\/#\/schema\/logo\/image\/","url":"https:\/\/www.mpppst.gob.ve\/mpppstweb\/wp-content\/uploads\/2025\/07\/cropped-cropped-g910.png","contentUrl":"https:\/\/www.mpppst.gob.ve\/mpppstweb\/wp-content\/uploads\/2025\/07\/cropped-cropped-g910.png","width":1080,"height":241,"caption":"mpppst"},"image":{"@id":"https:\/\/www.mpppst.gob.ve\/mpppstweb\/#\/schema\/logo\/image\/"}},{"@type":"Person","@id":"https:\/\/www.mpppst.gob.ve\/mpppstweb\/#\/schema\/person\/fc187ee8ead412bd4c9304b62f900ea4","name":"MPPPST Prensa","url":"https:\/\/www.mpppst.gob.ve\/mpppstweb\/index.php\/author\/prensa-mpppst\/"}]}},"_links":{"self":[{"href":"https:\/\/www.mpppst.gob.ve\/mpppstweb\/index.php\/wp-json\/wp\/v2\/posts\/10325"}],"collection":[{"href":"https:\/\/www.mpppst.gob.ve\/mpppstweb\/index.php\/wp-json\/wp\/v2\/posts"}],"about":[{"href":"https:\/\/www.mpppst.gob.ve\/mpppstweb\/index.php\/wp-json\/wp\/v2\/types\/post"}],"author":[{"embeddable":true,"href":"https:\/\/www.mpppst.gob.ve\/mpppstweb\/index.php\/wp-json\/wp\/v2\/users\/25"}],"replies":[{"embeddable":true,"href":"https:\/\/www.mpppst.gob.ve\/mpppstweb\/index.php\/wp-json\/wp\/v2\/comments?post=10325"}],"version-history":[{"count":1,"href":"https:\/\/www.mpppst.gob.ve\/mpppstweb\/index.php\/wp-json\/wp\/v2\/posts\/10325\/revisions"}],"predecessor-version":[{"id":10327,"href":"https:\/\/www.mpppst.gob.ve\/mpppstweb\/index.php\/wp-json\/wp\/v2\/posts\/10325\/revisions\/10327"}],"wp:featuredmedia":[{"embeddable":true,"href":"https:\/\/www.mpppst.gob.ve\/mpppstweb\/index.php\/wp-json\/wp\/v2\/media\/10326"}],"wp:attachment":[{"href":"https:\/\/www.mpppst.gob.ve\/mpppstweb\/index.php\/wp-json\/wp\/v2\/media?parent=10325"}],"wp:term":[{"taxonomy":"category","embeddable":true,"href":"https:\/\/www.mpppst.gob.ve\/mpppstweb\/index.php\/wp-json\/wp\/v2\/categories?post=10325"},{"taxonomy":"post_tag","embeddable":true,"href":"https:\/\/www.mpppst.gob.ve\/mpppstweb\/index.php\/wp-json\/wp\/v2\/tags?post=10325"}],"curies":[{"name":"wp","href":"https:\/\/api.w.org\/{rel}","templated":true}]}}