{"id":10328,"date":"2017-01-23T22:23:18","date_gmt":"2017-01-23T22:23:18","guid":{"rendered":"http:\/\/www.mpppst.gob.ve\/mpppstweb\/?p=10328"},"modified":"2017-01-23T22:23:18","modified_gmt":"2017-01-23T22:23:18","slug":"trabajadores-y-trabajadoras-acompanaron-caravana-que-traslado-los-restos-de-fabricio-ojeda-al-panteon","status":"publish","type":"post","link":"https:\/\/www.mpppst.gob.ve\/mpppstweb\/index.php\/2017\/01\/23\/trabajadores-y-trabajadoras-acompanaron-caravana-que-traslado-los-restos-de-fabricio-ojeda-al-panteon\/","title":{"rendered":"Trabajadores y Trabajadoras acompa\u00f1aron caravana que traslad\u00f3 los restos de Fabricio Ojeda al Pante\u00f3n"},"content":{"rendered":"<p>Prensa MPPPST.- Trabajadores y Trabajadoras del Ministerio del Poder Popular para el Proceso Social de Trabajo (MPPPST) y sus entes adscritos marcharon este lunes desde las adyacencias del Cementerio General del Sur hasta el Pante\u00f3n Nacional, como parte del recorrido del traslado de los restos del l\u00edder revolucionario Fabricio Ojeda, como s\u00edmbolo de la reivindicaci\u00f3n por las luchas sociales.<\/p>\n<p>El Instituto Venezolano de los Seguros Sociales (IVSS), el Instituto Nacional de Capacitaci\u00f3n y Recreaci\u00f3n de los Trabajadores y Trabajadoras (Incret), la Tesorer\u00eda de la Seguridad Social (TSS), el Instituto Nacional de Capacitaci\u00f3n y Educaci\u00f3n Socialista (Inces) y el Instituto Nacional de Prevenci\u00f3n, Salud y Seguridad Laborales (Inpsasel) marcaron el paso en bloques para acompa\u00f1ar a los Viceministros adscritos al MPPPST.<\/p>\n<p><strong>Honor a quien honor merece <\/strong><\/p>\n<p>Omaira Zambrano, trabajadora adscrita al Viceministerio de Educaci\u00f3n y el Trabajo para la Liberaci\u00f3n, expres\u00f3 que junto a sus compa\u00f1eros marchan para hacerle justicia a un ex diputado, \u201cun h\u00e9roe de la patria que abandon\u00f3 su curul para asumir la lucha frente al pueblo, como deben hacer hoy en d\u00eda todos los diputados, unirse al pueblo. Fabricio es un ejemplo de lucha, hoy vive y vivir\u00e1 para siempre con su consigna <em>Luchar hasta vencer<\/em>. Fabricio hoy en d\u00eda es ejemplo de combate. Es ejemplo para todos los diputados y los j\u00f3venes que dejaron su vida en esta lucha por la Revoluci\u00f3n. Considero que hoy es un d\u00eda importante porque reivindicamos una vez m\u00e1s la lucha de un hombre revolucionario que no morir\u00e1 jam\u00e1s, y como lo dijo Fabricio: otros vendr\u00e1n, recoger\u00e1n mi f\u00fasil y nos acompa\u00f1ar\u00e1n en la lucha. Hoy nosotras y nosotros, los hijos de Ch\u00e1vez, los hijos de Bol\u00edvar estamos recogiendo el fusil y defendiendo esta Revoluci\u00f3n\u201d.<\/p>\n<p>Wuikelman \u00c1ngel Paredes, presidente del Inces, dijo que si un pol\u00edtico, un luchador merece estar en el Pante\u00f3n Nacional es Fabricio Ojeda, quien estuvo en las luchas para derrocar la dictadura, y \u201cuna vez cumplido el sue\u00f1o de miles de trabajadores que inclusive iban a dar sus vidas, dej\u00f3 de un lado su envestidura como diputado, dej\u00f3 de un lado tal condici\u00f3n para se\u00f1alar esa traici\u00f3n: que la democracia se convertir\u00eda en un acuerdo de C\u00fapulas\u201d, record\u00f3.<\/p>\n<p>Adem\u00e1s subray\u00f3 que la presencia de Fabricio Ojeda en el Pante\u00f3n Nacional \u201cnos debe recordar al pueblo venezolano, la lucha que ha sostenido durante todo un siglo para abocarse al sistema popular democr\u00e1tico que es el Socialismo. La lucha por se\u00f1alar que el modelo realmente democr\u00e1tico, el camino para avanzar con los derechos de los trabajadores, los derechos de la clase obrera es el Socialismo. Por eso es importante que hoy la Revoluci\u00f3n Bolivariana reconozca a Fabricio\u201d.<\/p>\n<p>Por su parte, Odalis Mar\u00edn Mait\u00e1n, Directora Estadal del MPPPST en el estado Vargas, record\u00f3 que hoy est\u00e1 el pueblo en la calle d\u00e1ndole un respaldo contundente al liderazgo del Presidente Obrero Nicol\u00e1s Maduro y acompa\u00f1ando este traslado de los restos de ese l\u00edder pol\u00edtico, revolucionario, ex diputado, periodista, Fabricio Ojeda, al Pante\u00f3n Nacional.<\/p>\n<p>&nbsp;<\/p>\n<p>Por Elio Garc\u00eda<\/p>\n","protected":false},"excerpt":{"rendered":"<p>Prensa MPPPST.- Trabajadores y Trabajadoras del Ministerio del Poder Popular para el Proceso Social de Trabajo &hellip; <a title=\"Trabajadores y Trabajadoras acompa\u00f1aron caravana que traslad\u00f3 los restos de Fabricio Ojeda al Pante\u00f3n\" class=\"hm-read-more\" href=\"https:\/\/www.mpppst.gob.ve\/mpppstweb\/index.php\/2017\/01\/23\/trabajadores-y-trabajadoras-acompanaron-caravana-que-traslado-los-restos-de-fabricio-ojeda-al-panteon\/\"><span class=\"screen-reader-text\">Trabajadores y Trabajadoras acompa\u00f1aron caravana que traslad\u00f3 los restos de Fabricio Ojeda al Pante\u00f3n<\/span>Read more<\/a><\/p>\n","protected":false},"author":25,"featured_media":10329,"comment_status":"closed","ping_status":"closed","sticky":false,"template":"","format":"standard","meta":{"footnotes":""},"categories":[163,84],"tags":[229,225,222,243,347,250,247,223,240,227,282,274],"yoast_head":"<!-- This site is optimized with the Yoast SEO plugin v22.5 - https:\/\/yoast.com\/wordpress\/plugins\/seo\/ -->\n<title>Trabajadores y Trabajadoras acompa\u00f1aron caravana que traslad\u00f3 los restos de Fabricio Ojeda al Pante\u00f3n - MPPPST<\/title>\n<meta name=\"robots\" content=\"index, follow, max-snippet:-1, max-image-preview:large, max-video-preview:-1\" \/>\n<link rel=\"canonical\" href=\"https:\/\/www.mpppst.gob.ve\/mpppstweb\/index.php\/2017\/01\/23\/trabajadores-y-trabajadoras-acompanaron-caravana-que-traslado-los-restos-de-fabricio-ojeda-al-panteon\/\" \/>\n<meta property=\"og:locale\" content=\"es_ES\" \/>\n<meta property=\"og:type\" content=\"article\" \/>\n<meta property=\"og:title\" content=\"Trabajadores y Trabajadoras acompa\u00f1aron caravana que traslad\u00f3 los restos de Fabricio Ojeda al Pante\u00f3n - MPPPST\" \/>\n<meta property=\"og:description\" content=\"Prensa MPPPST.- Trabajadores y Trabajadoras del Ministerio del Poder Popular para el Proceso Social de Trabajo &hellip; Trabajadores y Trabajadoras acompa\u00f1aron caravana que traslad\u00f3 los restos de Fabricio Ojeda al Pante\u00f3nRead more\" \/>\n<meta property=\"og:url\" content=\"https:\/\/www.mpppst.gob.ve\/mpppstweb\/index.php\/2017\/01\/23\/trabajadores-y-trabajadoras-acompanaron-caravana-que-traslado-los-restos-de-fabricio-ojeda-al-panteon\/\" \/>\n<meta property=\"og:site_name\" content=\"MPPPST\" \/>\n<meta property=\"article:published_time\" content=\"2017-01-23T22:23:18+00:00\" \/>\n<meta property=\"og:image\" content=\"https:\/\/www.mpppst.gob.ve\/mpppstweb\/wp-content\/uploads\/2017\/01\/marcha.jpg\" \/>\n\t<meta property=\"og:image:width\" content=\"800\" \/>\n\t<meta property=\"og:image:height\" content=\"445\" \/>\n\t<meta property=\"og:image:type\" content=\"image\/jpeg\" \/>\n<meta name=\"author\" content=\"MPPPST Prensa\" \/>\n<meta name=\"twitter:card\" content=\"summary_large_image\" \/>\n<meta name=\"twitter:label1\" content=\"Escrito por\" \/>\n\t<meta name=\"twitter:data1\" content=\"MPPPST Prensa\" \/>\n\t<meta name=\"twitter:label2\" content=\"Tiempo de lectura\" \/>\n\t<meta name=\"twitter:data2\" content=\"3 minutos\" \/>\n<script type=\"application\/ld+json\" class=\"yoast-schema-graph\">{\"@context\":\"https:\/\/schema.org\",\"@graph\":[{\"@type\":\"Article\",\"@id\":\"https:\/\/www.mpppst.gob.ve\/mpppstweb\/index.php\/2017\/01\/23\/trabajadores-y-trabajadoras-acompanaron-caravana-que-traslado-los-restos-de-fabricio-ojeda-al-panteon\/#article\",\"isPartOf\":{\"@id\":\"https:\/\/www.mpppst.gob.ve\/mpppstweb\/index.php\/2017\/01\/23\/trabajadores-y-trabajadoras-acompanaron-caravana-que-traslado-los-restos-de-fabricio-ojeda-al-panteon\/\"},\"author\":{\"name\":\"MPPPST Prensa\",\"@id\":\"https:\/\/www.mpppst.gob.ve\/mpppstweb\/#\/schema\/person\/fc187ee8ead412bd4c9304b62f900ea4\"},\"headline\":\"Trabajadores y Trabajadoras acompa\u00f1aron caravana que traslad\u00f3 los restos de Fabricio Ojeda al Pante\u00f3n\",\"datePublished\":\"2017-01-23T22:23:18+00:00\",\"dateModified\":\"2017-01-23T22:23:18+00:00\",\"mainEntityOfPage\":{\"@id\":\"https:\/\/www.mpppst.gob.ve\/mpppstweb\/index.php\/2017\/01\/23\/trabajadores-y-trabajadoras-acompanaron-caravana-que-traslado-los-restos-de-fabricio-ojeda-al-panteon\/\"},\"wordCount\":566,\"publisher\":{\"@id\":\"https:\/\/www.mpppst.gob.ve\/mpppstweb\/#organization\"},\"image\":{\"@id\":\"https:\/\/www.mpppst.gob.ve\/mpppstweb\/index.php\/2017\/01\/23\/trabajadores-y-trabajadoras-acompanaron-caravana-que-traslado-los-restos-de-fabricio-ojeda-al-panteon\/#primaryimage\"},\"thumbnailUrl\":\"https:\/\/www.mpppst.gob.ve\/mpppstweb\/wp-content\/uploads\/2017\/01\/marcha.jpg\",\"keywords\":[\"Defensa Integral\",\"Fuerza Laboral\",\"Gobierno Bolivariano\",\"INCES\",\"INCRET\",\"Inpsasel\",\"IVSS\",\"MPPPST\",\"Participaci\u00f3n popular y protag\u00f3nica\",\"Proceso Social\",\"Revoluci\u00f3n\",\"TSS\"],\"articleSection\":[\"Noticias\",\"Vida Laboral y Sindical\"],\"inLanguage\":\"es\"},{\"@type\":\"WebPage\",\"@id\":\"https:\/\/www.mpppst.gob.ve\/mpppstweb\/index.php\/2017\/01\/23\/trabajadores-y-trabajadoras-acompanaron-caravana-que-traslado-los-restos-de-fabricio-ojeda-al-panteon\/\",\"url\":\"https:\/\/www.mpppst.gob.ve\/mpppstweb\/index.php\/2017\/01\/23\/trabajadores-y-trabajadoras-acompanaron-caravana-que-traslado-los-restos-de-fabricio-ojeda-al-panteon\/\",\"name\":\"Trabajadores y Trabajadoras acompa\u00f1aron caravana que traslad\u00f3 los restos de Fabricio Ojeda al Pante\u00f3n - MPPPST\",\"isPartOf\":{\"@id\":\"https:\/\/www.mpppst.gob.ve\/mpppstweb\/#website\"},\"primaryImageOfPage\":{\"@id\":\"https:\/\/www.mpppst.gob.ve\/mpppstweb\/index.php\/2017\/01\/23\/trabajadores-y-trabajadoras-acompanaron-caravana-que-traslado-los-restos-de-fabricio-ojeda-al-panteon\/#primaryimage\"},\"image\":{\"@id\":\"https:\/\/www.mpppst.gob.ve\/mpppstweb\/index.php\/2017\/01\/23\/trabajadores-y-trabajadoras-acompanaron-caravana-que-traslado-los-restos-de-fabricio-ojeda-al-panteon\/#primaryimage\"},\"thumbnailUrl\":\"https:\/\/www.mpppst.gob.ve\/mpppstweb\/wp-content\/uploads\/2017\/01\/marcha.jpg\",\"datePublished\":\"2017-01-23T22:23:18+00:00\",\"dateModified\":\"2017-01-23T22:23:18+00:00\",\"breadcrumb\":{\"@id\":\"https:\/\/www.mpppst.gob.ve\/mpppstweb\/index.php\/2017\/01\/23\/trabajadores-y-trabajadoras-acompanaron-caravana-que-traslado-los-restos-de-fabricio-ojeda-al-panteon\/#breadcrumb\"},\"inLanguage\":\"es\",\"potentialAction\":[{\"@type\":\"ReadAction\",\"target\":[\"https:\/\/www.mpppst.gob.ve\/mpppstweb\/index.php\/2017\/01\/23\/trabajadores-y-trabajadoras-acompanaron-caravana-que-traslado-los-restos-de-fabricio-ojeda-al-panteon\/\"]}]},{\"@type\":\"ImageObject\",\"inLanguage\":\"es\",\"@id\":\"https:\/\/www.mpppst.gob.ve\/mpppstweb\/index.php\/2017\/01\/23\/trabajadores-y-trabajadoras-acompanaron-caravana-que-traslado-los-restos-de-fabricio-ojeda-al-panteon\/#primaryimage\",\"url\":\"https:\/\/www.mpppst.gob.ve\/mpppstweb\/wp-content\/uploads\/2017\/01\/marcha.jpg\",\"contentUrl\":\"https:\/\/www.mpppst.gob.ve\/mpppstweb\/wp-content\/uploads\/2017\/01\/marcha.jpg\",\"width\":800,\"height\":445},{\"@type\":\"BreadcrumbList\",\"@id\":\"https:\/\/www.mpppst.gob.ve\/mpppstweb\/index.php\/2017\/01\/23\/trabajadores-y-trabajadoras-acompanaron-caravana-que-traslado-los-restos-de-fabricio-ojeda-al-panteon\/#breadcrumb\",\"itemListElement\":[{\"@type\":\"ListItem\",\"position\":1,\"name\":\"Home\",\"item\":\"https:\/\/www.mpppst.gob.ve\/mpppstweb\/\"},{\"@type\":\"ListItem\",\"position\":2,\"name\":\"Trabajadores y Trabajadoras acompa\u00f1aron caravana que traslad\u00f3 los restos de Fabricio Ojeda al Pante\u00f3n\"}]},{\"@type\":\"WebSite\",\"@id\":\"https:\/\/www.mpppst.gob.ve\/mpppstweb\/#website\",\"url\":\"https:\/\/www.mpppst.gob.ve\/mpppstweb\/\",\"name\":\"MPPPST\",\"description\":\"Ministerio del Poder Popular para el Proceso Social de Trabajo\",\"publisher\":{\"@id\":\"https:\/\/www.mpppst.gob.ve\/mpppstweb\/#organization\"},\"potentialAction\":[{\"@type\":\"SearchAction\",\"target\":{\"@type\":\"EntryPoint\",\"urlTemplate\":\"https:\/\/www.mpppst.gob.ve\/mpppstweb\/?s={search_term_string}\"},\"query-input\":\"required name=search_term_string\"}],\"inLanguage\":\"es\"},{\"@type\":\"Organization\",\"@id\":\"https:\/\/www.mpppst.gob.ve\/mpppstweb\/#organization\",\"name\":\"mpppst\",\"url\":\"https:\/\/www.mpppst.gob.ve\/mpppstweb\/\",\"logo\":{\"@type\":\"ImageObject\",\"inLanguage\":\"es\",\"@id\":\"https:\/\/www.mpppst.gob.ve\/mpppstweb\/#\/schema\/logo\/image\/\",\"url\":\"https:\/\/www.mpppst.gob.ve\/mpppstweb\/wp-content\/uploads\/2025\/07\/cropped-cropped-g910.png\",\"contentUrl\":\"https:\/\/www.mpppst.gob.ve\/mpppstweb\/wp-content\/uploads\/2025\/07\/cropped-cropped-g910.png\",\"width\":1080,\"height\":241,\"caption\":\"mpppst\"},\"image\":{\"@id\":\"https:\/\/www.mpppst.gob.ve\/mpppstweb\/#\/schema\/logo\/image\/\"}},{\"@type\":\"Person\",\"@id\":\"https:\/\/www.mpppst.gob.ve\/mpppstweb\/#\/schema\/person\/fc187ee8ead412bd4c9304b62f900ea4\",\"name\":\"MPPPST Prensa\",\"url\":\"https:\/\/www.mpppst.gob.ve\/mpppstweb\/index.php\/author\/prensa-mpppst\/\"}]}<\/script>\n<!-- \/ Yoast SEO plugin. -->","yoast_head_json":{"title":"Trabajadores y Trabajadoras acompa\u00f1aron caravana que traslad\u00f3 los restos de Fabricio Ojeda al Pante\u00f3n - MPPPST","robots":{"index":"index","follow":"follow","max-snippet":"max-snippet:-1","max-image-preview":"max-image-preview:large","max-video-preview":"max-video-preview:-1"},"canonical":"https:\/\/www.mpppst.gob.ve\/mpppstweb\/index.php\/2017\/01\/23\/trabajadores-y-trabajadoras-acompanaron-caravana-que-traslado-los-restos-de-fabricio-ojeda-al-panteon\/","og_locale":"es_ES","og_type":"article","og_title":"Trabajadores y Trabajadoras acompa\u00f1aron caravana que traslad\u00f3 los restos de Fabricio Ojeda al Pante\u00f3n - MPPPST","og_description":"Prensa MPPPST.- Trabajadores y Trabajadoras del Ministerio del Poder Popular para el Proceso Social de Trabajo &hellip; Trabajadores y Trabajadoras acompa\u00f1aron caravana que traslad\u00f3 los restos de Fabricio Ojeda al Pante\u00f3nRead more","og_url":"https:\/\/www.mpppst.gob.ve\/mpppstweb\/index.php\/2017\/01\/23\/trabajadores-y-trabajadoras-acompanaron-caravana-que-traslado-los-restos-de-fabricio-ojeda-al-panteon\/","og_site_name":"MPPPST","article_published_time":"2017-01-23T22:23:18+00:00","og_image":[{"width":800,"height":445,"url":"https:\/\/www.mpppst.gob.ve\/mpppstweb\/wp-content\/uploads\/2017\/01\/marcha.jpg","type":"image\/jpeg"}],"author":"MPPPST Prensa","twitter_card":"summary_large_image","twitter_misc":{"Escrito por":"MPPPST Prensa","Tiempo de lectura":"3 minutos"},"schema":{"@context":"https:\/\/schema.org","@graph":[{"@type":"Article","@id":"https:\/\/www.mpppst.gob.ve\/mpppstweb\/index.php\/2017\/01\/23\/trabajadores-y-trabajadoras-acompanaron-caravana-que-traslado-los-restos-de-fabricio-ojeda-al-panteon\/#article","isPartOf":{"@id":"https:\/\/www.mpppst.gob.ve\/mpppstweb\/index.php\/2017\/01\/23\/trabajadores-y-trabajadoras-acompanaron-caravana-que-traslado-los-restos-de-fabricio-ojeda-al-panteon\/"},"author":{"name":"MPPPST Prensa","@id":"https:\/\/www.mpppst.gob.ve\/mpppstweb\/#\/schema\/person\/fc187ee8ead412bd4c9304b62f900ea4"},"headline":"Trabajadores y Trabajadoras acompa\u00f1aron caravana que traslad\u00f3 los restos de Fabricio Ojeda al Pante\u00f3n","datePublished":"2017-01-23T22:23:18+00:00","dateModified":"2017-01-23T22:23:18+00:00","mainEntityOfPage":{"@id":"https:\/\/www.mpppst.gob.ve\/mpppstweb\/index.php\/2017\/01\/23\/trabajadores-y-trabajadoras-acompanaron-caravana-que-traslado-los-restos-de-fabricio-ojeda-al-panteon\/"},"wordCount":566,"publisher":{"@id":"https:\/\/www.mpppst.gob.ve\/mpppstweb\/#organization"},"image":{"@id":"https:\/\/www.mpppst.gob.ve\/mpppstweb\/index.php\/2017\/01\/23\/trabajadores-y-trabajadoras-acompanaron-caravana-que-traslado-los-restos-de-fabricio-ojeda-al-panteon\/#primaryimage"},"thumbnailUrl":"https:\/\/www.mpppst.gob.ve\/mpppstweb\/wp-content\/uploads\/2017\/01\/marcha.jpg","keywords":["Defensa Integral","Fuerza Laboral","Gobierno Bolivariano","INCES","INCRET","Inpsasel","IVSS","MPPPST","Participaci\u00f3n popular y protag\u00f3nica","Proceso Social","Revoluci\u00f3n","TSS"],"articleSection":["Noticias","Vida Laboral y Sindical"],"inLanguage":"es"},{"@type":"WebPage","@id":"https:\/\/www.mpppst.gob.ve\/mpppstweb\/index.php\/2017\/01\/23\/trabajadores-y-trabajadoras-acompanaron-caravana-que-traslado-los-restos-de-fabricio-ojeda-al-panteon\/","url":"https:\/\/www.mpppst.gob.ve\/mpppstweb\/index.php\/2017\/01\/23\/trabajadores-y-trabajadoras-acompanaron-caravana-que-traslado-los-restos-de-fabricio-ojeda-al-panteon\/","name":"Trabajadores y Trabajadoras acompa\u00f1aron caravana que traslad\u00f3 los restos de Fabricio Ojeda al Pante\u00f3n - MPPPST","isPartOf":{"@id":"https:\/\/www.mpppst.gob.ve\/mpppstweb\/#website"},"primaryImageOfPage":{"@id":"https:\/\/www.mpppst.gob.ve\/mpppstweb\/index.php\/2017\/01\/23\/trabajadores-y-trabajadoras-acompanaron-caravana-que-traslado-los-restos-de-fabricio-ojeda-al-panteon\/#primaryimage"},"image":{"@id":"https:\/\/www.mpppst.gob.ve\/mpppstweb\/index.php\/2017\/01\/23\/trabajadores-y-trabajadoras-acompanaron-caravana-que-traslado-los-restos-de-fabricio-ojeda-al-panteon\/#primaryimage"},"thumbnailUrl":"https:\/\/www.mpppst.gob.ve\/mpppstweb\/wp-content\/uploads\/2017\/01\/marcha.jpg","datePublished":"2017-01-23T22:23:18+00:00","dateModified":"2017-01-23T22:23:18+00:00","breadcrumb":{"@id":"https:\/\/www.mpppst.gob.ve\/mpppstweb\/index.php\/2017\/01\/23\/trabajadores-y-trabajadoras-acompanaron-caravana-que-traslado-los-restos-de-fabricio-ojeda-al-panteon\/#breadcrumb"},"inLanguage":"es","potentialAction":[{"@type":"ReadAction","target":["https:\/\/www.mpppst.gob.ve\/mpppstweb\/index.php\/2017\/01\/23\/trabajadores-y-trabajadoras-acompanaron-caravana-que-traslado-los-restos-de-fabricio-ojeda-al-panteon\/"]}]},{"@type":"ImageObject","inLanguage":"es","@id":"https:\/\/www.mpppst.gob.ve\/mpppstweb\/index.php\/2017\/01\/23\/trabajadores-y-trabajadoras-acompanaron-caravana-que-traslado-los-restos-de-fabricio-ojeda-al-panteon\/#primaryimage","url":"https:\/\/www.mpppst.gob.ve\/mpppstweb\/wp-content\/uploads\/2017\/01\/marcha.jpg","contentUrl":"https:\/\/www.mpppst.gob.ve\/mpppstweb\/wp-content\/uploads\/2017\/01\/marcha.jpg","width":800,"height":445},{"@type":"BreadcrumbList","@id":"https:\/\/www.mpppst.gob.ve\/mpppstweb\/index.php\/2017\/01\/23\/trabajadores-y-trabajadoras-acompanaron-caravana-que-traslado-los-restos-de-fabricio-ojeda-al-panteon\/#breadcrumb","itemListElement":[{"@type":"ListItem","position":1,"name":"Home","item":"https:\/\/www.mpppst.gob.ve\/mpppstweb\/"},{"@type":"ListItem","position":2,"name":"Trabajadores y Trabajadoras acompa\u00f1aron caravana que traslad\u00f3 los restos de Fabricio Ojeda al Pante\u00f3n"}]},{"@type":"WebSite","@id":"https:\/\/www.mpppst.gob.ve\/mpppstweb\/#website","url":"https:\/\/www.mpppst.gob.ve\/mpppstweb\/","name":"MPPPST","description":"Ministerio del Poder Popular para el Proceso Social de Trabajo","publisher":{"@id":"https:\/\/www.mpppst.gob.ve\/mpppstweb\/#organization"},"potentialAction":[{"@type":"SearchAction","target":{"@type":"EntryPoint","urlTemplate":"https:\/\/www.mpppst.gob.ve\/mpppstweb\/?s={search_term_string}"},"query-input":"required name=search_term_string"}],"inLanguage":"es"},{"@type":"Organization","@id":"https:\/\/www.mpppst.gob.ve\/mpppstweb\/#organization","name":"mpppst","url":"https:\/\/www.mpppst.gob.ve\/mpppstweb\/","logo":{"@type":"ImageObject","inLanguage":"es","@id":"https:\/\/www.mpppst.gob.ve\/mpppstweb\/#\/schema\/logo\/image\/","url":"https:\/\/www.mpppst.gob.ve\/mpppstweb\/wp-content\/uploads\/2025\/07\/cropped-cropped-g910.png","contentUrl":"https:\/\/www.mpppst.gob.ve\/mpppstweb\/wp-content\/uploads\/2025\/07\/cropped-cropped-g910.png","width":1080,"height":241,"caption":"mpppst"},"image":{"@id":"https:\/\/www.mpppst.gob.ve\/mpppstweb\/#\/schema\/logo\/image\/"}},{"@type":"Person","@id":"https:\/\/www.mpppst.gob.ve\/mpppstweb\/#\/schema\/person\/fc187ee8ead412bd4c9304b62f900ea4","name":"MPPPST Prensa","url":"https:\/\/www.mpppst.gob.ve\/mpppstweb\/index.php\/author\/prensa-mpppst\/"}]}},"_links":{"self":[{"href":"https:\/\/www.mpppst.gob.ve\/mpppstweb\/index.php\/wp-json\/wp\/v2\/posts\/10328"}],"collection":[{"href":"https:\/\/www.mpppst.gob.ve\/mpppstweb\/index.php\/wp-json\/wp\/v2\/posts"}],"about":[{"href":"https:\/\/www.mpppst.gob.ve\/mpppstweb\/index.php\/wp-json\/wp\/v2\/types\/post"}],"author":[{"embeddable":true,"href":"https:\/\/www.mpppst.gob.ve\/mpppstweb\/index.php\/wp-json\/wp\/v2\/users\/25"}],"replies":[{"embeddable":true,"href":"https:\/\/www.mpppst.gob.ve\/mpppstweb\/index.php\/wp-json\/wp\/v2\/comments?post=10328"}],"version-history":[{"count":1,"href":"https:\/\/www.mpppst.gob.ve\/mpppstweb\/index.php\/wp-json\/wp\/v2\/posts\/10328\/revisions"}],"predecessor-version":[{"id":10330,"href":"https:\/\/www.mpppst.gob.ve\/mpppstweb\/index.php\/wp-json\/wp\/v2\/posts\/10328\/revisions\/10330"}],"wp:featuredmedia":[{"embeddable":true,"href":"https:\/\/www.mpppst.gob.ve\/mpppstweb\/index.php\/wp-json\/wp\/v2\/media\/10329"}],"wp:attachment":[{"href":"https:\/\/www.mpppst.gob.ve\/mpppstweb\/index.php\/wp-json\/wp\/v2\/media?parent=10328"}],"wp:term":[{"taxonomy":"category","embeddable":true,"href":"https:\/\/www.mpppst.gob.ve\/mpppstweb\/index.php\/wp-json\/wp\/v2\/categories?post=10328"},{"taxonomy":"post_tag","embeddable":true,"href":"https:\/\/www.mpppst.gob.ve\/mpppstweb\/index.php\/wp-json\/wp\/v2\/tags?post=10328"}],"curies":[{"name":"wp","href":"https:\/\/api.w.org\/{rel}","templated":true}]}}