{"id":10340,"date":"2017-01-24T15:35:36","date_gmt":"2017-01-24T15:35:36","guid":{"rendered":"http:\/\/www.mpppst.gob.ve\/mpppstweb\/?p=10340"},"modified":"2017-01-24T16:18:49","modified_gmt":"2017-01-24T16:18:49","slug":"jornadas-de-carnetizacion-de-la-patria-se-realizaran-en-instituciones-publicas-y-en-bases-de-misiones","status":"publish","type":"post","link":"https:\/\/www.mpppst.gob.ve\/mpppstweb\/index.php\/2017\/01\/24\/jornadas-de-carnetizacion-de-la-patria-se-realizaran-en-instituciones-publicas-y-en-bases-de-misiones\/","title":{"rendered":"Jornadas de Carnetizaci\u00f3n de la Patria se realizar\u00e1n en Instituciones P\u00fablicas y en Bases de Misiones"},"content":{"rendered":"<p>Prensa (MPPPST). Las jornadas de carnetizaci\u00f3n de la Patria han tenido una masiva participaci\u00f3n del pueblo venezolano. Es por tal raz\u00f3n que se han activado varios puntos para atender a todas las personas que est\u00e9n interesadas en ingresar a este nuevo sistema implementado por el Presidente Obrero Nicol\u00e1s Maduro Moros<\/p>\n<p>De martes a jueves las jornadas se realizar\u00e1n en Urbanismos, Bases de Misiones, Corredores y los Servidores P\u00fablicos desde las Instituciones. Los d\u00edas viernes, s\u00e1bado y domingo desde las Plazas Bol\u00edvar del pa\u00eds.<\/p>\n<p>En todo el territorio nacional est\u00e1n habilitados 1.876 puntos fijos y m\u00f3viles, distribuidos en la capital y en los 23 estados del pa\u00eds. Este proceso se extender\u00e1 hasta el 5 de febrero, y cuenta con el apoyo de m\u00e1s de 12.000 j\u00f3venes militantes de la Jpsuv, Frente Francisco de Miranda (FFM) y de las Brigadas Robert Serra.<\/p>\n<p><strong>Inclusi\u00f3n para todos<\/strong><\/p>\n<p>Los pueblos ind\u00edgenas de la subregi\u00f3n Guajira, en el estado Zulia, iniciaron el proceso de registro del Carnet de la Patria, seg\u00fan inform\u00f3 Lisandro M\u00e1rquez, legislador way\u00fau en una entrevista concedida a Radio Nacional de Venezuela (RNV).<\/p>\n<p>Destac\u00f3 que el pueblo way\u00fau y a\u00f1\u00fa acudi\u00f3 al llamado del Presidente Obrero, Nicol\u00e1s Maduro. M\u00e1rquez puntualiz\u00f3 adem\u00e1s que estas jornadas de registro del Carnet de la Patria permitir\u00e1n resultados positivos para los pueblos y comunidades originarias que existen en el pa\u00eds.<\/p>\n<p>Por su parte, el Vicepresidente para el Socialismo Territorial, Arist\u00f3bulo Ist\u00fariz, invit\u00f3 a toda la poblaci\u00f3n mayor de 15 a\u00f1os a sumarse a las jornadas de carnetizaci\u00f3n que se mantendr\u00e1n hasta el 5 de febrero. \u00abLe hacemos un llamado a sacar el carnet y aspiramos a que sean unos 15 millones que obtengan su carnet\u00bb.<\/p>\n<p>Esta nueva pol\u00edtica de protecci\u00f3n integral al pueblo venezolano permitir\u00e1 reorganizar a la ciudadan\u00eda con el objetivo de optimizar el desarrollo de las misiones y grandes misiones, y mejorar las pol\u00edticas de atenci\u00f3n al pueblo venezolano.<\/p>\n<p>&nbsp;<\/p>\n<p>https:\/\/www.youtube.com\/watch?v=ugIzctzuEN8<\/p>\n<p>&nbsp;<\/p>\n<p>Por Carlos Palacios<\/p>\n","protected":false},"excerpt":{"rendered":"<p>Prensa (MPPPST). Las jornadas de carnetizaci\u00f3n de la Patria han tenido una masiva participaci\u00f3n del pueblo &hellip; <a title=\"Jornadas de Carnetizaci\u00f3n de la Patria se realizar\u00e1n en Instituciones P\u00fablicas y en Bases de Misiones\" class=\"hm-read-more\" href=\"https:\/\/www.mpppst.gob.ve\/mpppstweb\/index.php\/2017\/01\/24\/jornadas-de-carnetizacion-de-la-patria-se-realizaran-en-instituciones-publicas-y-en-bases-de-misiones\/\"><span class=\"screen-reader-text\">Jornadas de Carnetizaci\u00f3n de la Patria se realizar\u00e1n en Instituciones P\u00fablicas y en Bases de Misiones<\/span>Read more<\/a><\/p>\n","protected":false},"author":25,"featured_media":10341,"comment_status":"closed","ping_status":"closed","sticky":false,"template":"","format":"standard","meta":{"footnotes":""},"categories":[167,82,163],"tags":[348,222,349],"yoast_head":"<!-- This site is optimized with the Yoast SEO plugin v22.5 - https:\/\/yoast.com\/wordpress\/plugins\/seo\/ -->\n<title>Jornadas de Carnetizaci\u00f3n de la Patria se realizar\u00e1n en Instituciones P\u00fablicas y en Bases de Misiones - MPPPST<\/title>\n<meta name=\"robots\" content=\"index, follow, max-snippet:-1, max-image-preview:large, max-video-preview:-1\" \/>\n<link rel=\"canonical\" href=\"https:\/\/www.mpppst.gob.ve\/mpppstweb\/index.php\/2017\/01\/24\/jornadas-de-carnetizacion-de-la-patria-se-realizaran-en-instituciones-publicas-y-en-bases-de-misiones\/\" \/>\n<meta property=\"og:locale\" content=\"es_ES\" \/>\n<meta property=\"og:type\" content=\"article\" \/>\n<meta property=\"og:title\" content=\"Jornadas de Carnetizaci\u00f3n de la Patria se realizar\u00e1n en Instituciones P\u00fablicas y en Bases de Misiones - MPPPST\" \/>\n<meta property=\"og:description\" content=\"Prensa (MPPPST). Las jornadas de carnetizaci\u00f3n de la Patria han tenido una masiva participaci\u00f3n del pueblo &hellip; Jornadas de Carnetizaci\u00f3n de la Patria se realizar\u00e1n en Instituciones P\u00fablicas y en Bases de MisionesRead more\" \/>\n<meta property=\"og:url\" content=\"https:\/\/www.mpppst.gob.ve\/mpppstweb\/index.php\/2017\/01\/24\/jornadas-de-carnetizacion-de-la-patria-se-realizaran-en-instituciones-publicas-y-en-bases-de-misiones\/\" \/>\n<meta property=\"og:site_name\" content=\"MPPPST\" \/>\n<meta property=\"article:published_time\" content=\"2017-01-24T15:35:36+00:00\" \/>\n<meta property=\"article:modified_time\" content=\"2017-01-24T16:18:49+00:00\" \/>\n<meta property=\"og:image\" content=\"https:\/\/www.mpppst.gob.ve\/mpppstweb\/wp-content\/uploads\/2017\/01\/Carnet-de-la-patria.jpg\" \/>\n\t<meta property=\"og:image:width\" content=\"800\" \/>\n\t<meta property=\"og:image:height\" content=\"445\" \/>\n\t<meta property=\"og:image:type\" content=\"image\/jpeg\" \/>\n<meta name=\"author\" content=\"MPPPST Prensa\" \/>\n<meta name=\"twitter:card\" content=\"summary_large_image\" \/>\n<meta name=\"twitter:label1\" content=\"Escrito por\" \/>\n\t<meta name=\"twitter:data1\" content=\"MPPPST Prensa\" \/>\n\t<meta name=\"twitter:label2\" content=\"Tiempo de lectura\" \/>\n\t<meta name=\"twitter:data2\" content=\"2 minutos\" \/>\n<script type=\"application\/ld+json\" class=\"yoast-schema-graph\">{\"@context\":\"https:\/\/schema.org\",\"@graph\":[{\"@type\":\"Article\",\"@id\":\"https:\/\/www.mpppst.gob.ve\/mpppstweb\/index.php\/2017\/01\/24\/jornadas-de-carnetizacion-de-la-patria-se-realizaran-en-instituciones-publicas-y-en-bases-de-misiones\/#article\",\"isPartOf\":{\"@id\":\"https:\/\/www.mpppst.gob.ve\/mpppstweb\/index.php\/2017\/01\/24\/jornadas-de-carnetizacion-de-la-patria-se-realizaran-en-instituciones-publicas-y-en-bases-de-misiones\/\"},\"author\":{\"name\":\"MPPPST Prensa\",\"@id\":\"https:\/\/www.mpppst.gob.ve\/mpppstweb\/#\/schema\/person\/fc187ee8ead412bd4c9304b62f900ea4\"},\"headline\":\"Jornadas de Carnetizaci\u00f3n de la Patria se realizar\u00e1n en Instituciones P\u00fablicas y en Bases de Misiones\",\"datePublished\":\"2017-01-24T15:35:36+00:00\",\"dateModified\":\"2017-01-24T16:18:49+00:00\",\"mainEntityOfPage\":{\"@id\":\"https:\/\/www.mpppst.gob.ve\/mpppstweb\/index.php\/2017\/01\/24\/jornadas-de-carnetizacion-de-la-patria-se-realizaran-en-instituciones-publicas-y-en-bases-de-misiones\/\"},\"wordCount\":376,\"publisher\":{\"@id\":\"https:\/\/www.mpppst.gob.ve\/mpppstweb\/#organization\"},\"image\":{\"@id\":\"https:\/\/www.mpppst.gob.ve\/mpppstweb\/index.php\/2017\/01\/24\/jornadas-de-carnetizacion-de-la-patria-se-realizaran-en-instituciones-publicas-y-en-bases-de-misiones\/#primaryimage\"},\"thumbnailUrl\":\"https:\/\/www.mpppst.gob.ve\/mpppstweb\/wp-content\/uploads\/2017\/01\/Carnet-de-la-patria.jpg\",\"keywords\":[\"Carnet de la Patria\",\"Gobierno Bolivariano\",\"Inclusi\u00f3n\"],\"articleSection\":[\"Defensa Integral\",\"Gobierno Nacional\",\"Noticias\"],\"inLanguage\":\"es\"},{\"@type\":\"WebPage\",\"@id\":\"https:\/\/www.mpppst.gob.ve\/mpppstweb\/index.php\/2017\/01\/24\/jornadas-de-carnetizacion-de-la-patria-se-realizaran-en-instituciones-publicas-y-en-bases-de-misiones\/\",\"url\":\"https:\/\/www.mpppst.gob.ve\/mpppstweb\/index.php\/2017\/01\/24\/jornadas-de-carnetizacion-de-la-patria-se-realizaran-en-instituciones-publicas-y-en-bases-de-misiones\/\",\"name\":\"Jornadas de Carnetizaci\u00f3n de la Patria se realizar\u00e1n en Instituciones P\u00fablicas y en Bases de Misiones - MPPPST\",\"isPartOf\":{\"@id\":\"https:\/\/www.mpppst.gob.ve\/mpppstweb\/#website\"},\"primaryImageOfPage\":{\"@id\":\"https:\/\/www.mpppst.gob.ve\/mpppstweb\/index.php\/2017\/01\/24\/jornadas-de-carnetizacion-de-la-patria-se-realizaran-en-instituciones-publicas-y-en-bases-de-misiones\/#primaryimage\"},\"image\":{\"@id\":\"https:\/\/www.mpppst.gob.ve\/mpppstweb\/index.php\/2017\/01\/24\/jornadas-de-carnetizacion-de-la-patria-se-realizaran-en-instituciones-publicas-y-en-bases-de-misiones\/#primaryimage\"},\"thumbnailUrl\":\"https:\/\/www.mpppst.gob.ve\/mpppstweb\/wp-content\/uploads\/2017\/01\/Carnet-de-la-patria.jpg\",\"datePublished\":\"2017-01-24T15:35:36+00:00\",\"dateModified\":\"2017-01-24T16:18:49+00:00\",\"breadcrumb\":{\"@id\":\"https:\/\/www.mpppst.gob.ve\/mpppstweb\/index.php\/2017\/01\/24\/jornadas-de-carnetizacion-de-la-patria-se-realizaran-en-instituciones-publicas-y-en-bases-de-misiones\/#breadcrumb\"},\"inLanguage\":\"es\",\"potentialAction\":[{\"@type\":\"ReadAction\",\"target\":[\"https:\/\/www.mpppst.gob.ve\/mpppstweb\/index.php\/2017\/01\/24\/jornadas-de-carnetizacion-de-la-patria-se-realizaran-en-instituciones-publicas-y-en-bases-de-misiones\/\"]}]},{\"@type\":\"ImageObject\",\"inLanguage\":\"es\",\"@id\":\"https:\/\/www.mpppst.gob.ve\/mpppstweb\/index.php\/2017\/01\/24\/jornadas-de-carnetizacion-de-la-patria-se-realizaran-en-instituciones-publicas-y-en-bases-de-misiones\/#primaryimage\",\"url\":\"https:\/\/www.mpppst.gob.ve\/mpppstweb\/wp-content\/uploads\/2017\/01\/Carnet-de-la-patria.jpg\",\"contentUrl\":\"https:\/\/www.mpppst.gob.ve\/mpppstweb\/wp-content\/uploads\/2017\/01\/Carnet-de-la-patria.jpg\",\"width\":800,\"height\":445},{\"@type\":\"BreadcrumbList\",\"@id\":\"https:\/\/www.mpppst.gob.ve\/mpppstweb\/index.php\/2017\/01\/24\/jornadas-de-carnetizacion-de-la-patria-se-realizaran-en-instituciones-publicas-y-en-bases-de-misiones\/#breadcrumb\",\"itemListElement\":[{\"@type\":\"ListItem\",\"position\":1,\"name\":\"Home\",\"item\":\"https:\/\/www.mpppst.gob.ve\/mpppstweb\/\"},{\"@type\":\"ListItem\",\"position\":2,\"name\":\"Jornadas de Carnetizaci\u00f3n de la Patria se realizar\u00e1n en Instituciones P\u00fablicas y en Bases de Misiones\"}]},{\"@type\":\"WebSite\",\"@id\":\"https:\/\/www.mpppst.gob.ve\/mpppstweb\/#website\",\"url\":\"https:\/\/www.mpppst.gob.ve\/mpppstweb\/\",\"name\":\"MPPPST\",\"description\":\"Ministerio del Poder Popular para el Proceso Social de Trabajo\",\"publisher\":{\"@id\":\"https:\/\/www.mpppst.gob.ve\/mpppstweb\/#organization\"},\"potentialAction\":[{\"@type\":\"SearchAction\",\"target\":{\"@type\":\"EntryPoint\",\"urlTemplate\":\"https:\/\/www.mpppst.gob.ve\/mpppstweb\/?s={search_term_string}\"},\"query-input\":\"required name=search_term_string\"}],\"inLanguage\":\"es\"},{\"@type\":\"Organization\",\"@id\":\"https:\/\/www.mpppst.gob.ve\/mpppstweb\/#organization\",\"name\":\"mpppst\",\"url\":\"https:\/\/www.mpppst.gob.ve\/mpppstweb\/\",\"logo\":{\"@type\":\"ImageObject\",\"inLanguage\":\"es\",\"@id\":\"https:\/\/www.mpppst.gob.ve\/mpppstweb\/#\/schema\/logo\/image\/\",\"url\":\"https:\/\/www.mpppst.gob.ve\/mpppstweb\/wp-content\/uploads\/2025\/07\/cropped-cropped-g910.png\",\"contentUrl\":\"https:\/\/www.mpppst.gob.ve\/mpppstweb\/wp-content\/uploads\/2025\/07\/cropped-cropped-g910.png\",\"width\":1080,\"height\":241,\"caption\":\"mpppst\"},\"image\":{\"@id\":\"https:\/\/www.mpppst.gob.ve\/mpppstweb\/#\/schema\/logo\/image\/\"}},{\"@type\":\"Person\",\"@id\":\"https:\/\/www.mpppst.gob.ve\/mpppstweb\/#\/schema\/person\/fc187ee8ead412bd4c9304b62f900ea4\",\"name\":\"MPPPST Prensa\",\"url\":\"https:\/\/www.mpppst.gob.ve\/mpppstweb\/index.php\/author\/prensa-mpppst\/\"}]}<\/script>\n<!-- \/ Yoast SEO plugin. -->","yoast_head_json":{"title":"Jornadas de Carnetizaci\u00f3n de la Patria se realizar\u00e1n en Instituciones P\u00fablicas y en Bases de Misiones - MPPPST","robots":{"index":"index","follow":"follow","max-snippet":"max-snippet:-1","max-image-preview":"max-image-preview:large","max-video-preview":"max-video-preview:-1"},"canonical":"https:\/\/www.mpppst.gob.ve\/mpppstweb\/index.php\/2017\/01\/24\/jornadas-de-carnetizacion-de-la-patria-se-realizaran-en-instituciones-publicas-y-en-bases-de-misiones\/","og_locale":"es_ES","og_type":"article","og_title":"Jornadas de Carnetizaci\u00f3n de la Patria se realizar\u00e1n en Instituciones P\u00fablicas y en Bases de Misiones - MPPPST","og_description":"Prensa (MPPPST). Las jornadas de carnetizaci\u00f3n de la Patria han tenido una masiva participaci\u00f3n del pueblo &hellip; Jornadas de Carnetizaci\u00f3n de la Patria se realizar\u00e1n en Instituciones P\u00fablicas y en Bases de MisionesRead more","og_url":"https:\/\/www.mpppst.gob.ve\/mpppstweb\/index.php\/2017\/01\/24\/jornadas-de-carnetizacion-de-la-patria-se-realizaran-en-instituciones-publicas-y-en-bases-de-misiones\/","og_site_name":"MPPPST","article_published_time":"2017-01-24T15:35:36+00:00","article_modified_time":"2017-01-24T16:18:49+00:00","og_image":[{"width":800,"height":445,"url":"https:\/\/www.mpppst.gob.ve\/mpppstweb\/wp-content\/uploads\/2017\/01\/Carnet-de-la-patria.jpg","type":"image\/jpeg"}],"author":"MPPPST Prensa","twitter_card":"summary_large_image","twitter_misc":{"Escrito por":"MPPPST Prensa","Tiempo de lectura":"2 minutos"},"schema":{"@context":"https:\/\/schema.org","@graph":[{"@type":"Article","@id":"https:\/\/www.mpppst.gob.ve\/mpppstweb\/index.php\/2017\/01\/24\/jornadas-de-carnetizacion-de-la-patria-se-realizaran-en-instituciones-publicas-y-en-bases-de-misiones\/#article","isPartOf":{"@id":"https:\/\/www.mpppst.gob.ve\/mpppstweb\/index.php\/2017\/01\/24\/jornadas-de-carnetizacion-de-la-patria-se-realizaran-en-instituciones-publicas-y-en-bases-de-misiones\/"},"author":{"name":"MPPPST Prensa","@id":"https:\/\/www.mpppst.gob.ve\/mpppstweb\/#\/schema\/person\/fc187ee8ead412bd4c9304b62f900ea4"},"headline":"Jornadas de Carnetizaci\u00f3n de la Patria se realizar\u00e1n en Instituciones P\u00fablicas y en Bases de Misiones","datePublished":"2017-01-24T15:35:36+00:00","dateModified":"2017-01-24T16:18:49+00:00","mainEntityOfPage":{"@id":"https:\/\/www.mpppst.gob.ve\/mpppstweb\/index.php\/2017\/01\/24\/jornadas-de-carnetizacion-de-la-patria-se-realizaran-en-instituciones-publicas-y-en-bases-de-misiones\/"},"wordCount":376,"publisher":{"@id":"https:\/\/www.mpppst.gob.ve\/mpppstweb\/#organization"},"image":{"@id":"https:\/\/www.mpppst.gob.ve\/mpppstweb\/index.php\/2017\/01\/24\/jornadas-de-carnetizacion-de-la-patria-se-realizaran-en-instituciones-publicas-y-en-bases-de-misiones\/#primaryimage"},"thumbnailUrl":"https:\/\/www.mpppst.gob.ve\/mpppstweb\/wp-content\/uploads\/2017\/01\/Carnet-de-la-patria.jpg","keywords":["Carnet de la Patria","Gobierno Bolivariano","Inclusi\u00f3n"],"articleSection":["Defensa Integral","Gobierno Nacional","Noticias"],"inLanguage":"es"},{"@type":"WebPage","@id":"https:\/\/www.mpppst.gob.ve\/mpppstweb\/index.php\/2017\/01\/24\/jornadas-de-carnetizacion-de-la-patria-se-realizaran-en-instituciones-publicas-y-en-bases-de-misiones\/","url":"https:\/\/www.mpppst.gob.ve\/mpppstweb\/index.php\/2017\/01\/24\/jornadas-de-carnetizacion-de-la-patria-se-realizaran-en-instituciones-publicas-y-en-bases-de-misiones\/","name":"Jornadas de Carnetizaci\u00f3n de la Patria se realizar\u00e1n en Instituciones P\u00fablicas y en Bases de Misiones - MPPPST","isPartOf":{"@id":"https:\/\/www.mpppst.gob.ve\/mpppstweb\/#website"},"primaryImageOfPage":{"@id":"https:\/\/www.mpppst.gob.ve\/mpppstweb\/index.php\/2017\/01\/24\/jornadas-de-carnetizacion-de-la-patria-se-realizaran-en-instituciones-publicas-y-en-bases-de-misiones\/#primaryimage"},"image":{"@id":"https:\/\/www.mpppst.gob.ve\/mpppstweb\/index.php\/2017\/01\/24\/jornadas-de-carnetizacion-de-la-patria-se-realizaran-en-instituciones-publicas-y-en-bases-de-misiones\/#primaryimage"},"thumbnailUrl":"https:\/\/www.mpppst.gob.ve\/mpppstweb\/wp-content\/uploads\/2017\/01\/Carnet-de-la-patria.jpg","datePublished":"2017-01-24T15:35:36+00:00","dateModified":"2017-01-24T16:18:49+00:00","breadcrumb":{"@id":"https:\/\/www.mpppst.gob.ve\/mpppstweb\/index.php\/2017\/01\/24\/jornadas-de-carnetizacion-de-la-patria-se-realizaran-en-instituciones-publicas-y-en-bases-de-misiones\/#breadcrumb"},"inLanguage":"es","potentialAction":[{"@type":"ReadAction","target":["https:\/\/www.mpppst.gob.ve\/mpppstweb\/index.php\/2017\/01\/24\/jornadas-de-carnetizacion-de-la-patria-se-realizaran-en-instituciones-publicas-y-en-bases-de-misiones\/"]}]},{"@type":"ImageObject","inLanguage":"es","@id":"https:\/\/www.mpppst.gob.ve\/mpppstweb\/index.php\/2017\/01\/24\/jornadas-de-carnetizacion-de-la-patria-se-realizaran-en-instituciones-publicas-y-en-bases-de-misiones\/#primaryimage","url":"https:\/\/www.mpppst.gob.ve\/mpppstweb\/wp-content\/uploads\/2017\/01\/Carnet-de-la-patria.jpg","contentUrl":"https:\/\/www.mpppst.gob.ve\/mpppstweb\/wp-content\/uploads\/2017\/01\/Carnet-de-la-patria.jpg","width":800,"height":445},{"@type":"BreadcrumbList","@id":"https:\/\/www.mpppst.gob.ve\/mpppstweb\/index.php\/2017\/01\/24\/jornadas-de-carnetizacion-de-la-patria-se-realizaran-en-instituciones-publicas-y-en-bases-de-misiones\/#breadcrumb","itemListElement":[{"@type":"ListItem","position":1,"name":"Home","item":"https:\/\/www.mpppst.gob.ve\/mpppstweb\/"},{"@type":"ListItem","position":2,"name":"Jornadas de Carnetizaci\u00f3n de la Patria se realizar\u00e1n en Instituciones P\u00fablicas y en Bases de Misiones"}]},{"@type":"WebSite","@id":"https:\/\/www.mpppst.gob.ve\/mpppstweb\/#website","url":"https:\/\/www.mpppst.gob.ve\/mpppstweb\/","name":"MPPPST","description":"Ministerio del Poder Popular para el Proceso Social de Trabajo","publisher":{"@id":"https:\/\/www.mpppst.gob.ve\/mpppstweb\/#organization"},"potentialAction":[{"@type":"SearchAction","target":{"@type":"EntryPoint","urlTemplate":"https:\/\/www.mpppst.gob.ve\/mpppstweb\/?s={search_term_string}"},"query-input":"required name=search_term_string"}],"inLanguage":"es"},{"@type":"Organization","@id":"https:\/\/www.mpppst.gob.ve\/mpppstweb\/#organization","name":"mpppst","url":"https:\/\/www.mpppst.gob.ve\/mpppstweb\/","logo":{"@type":"ImageObject","inLanguage":"es","@id":"https:\/\/www.mpppst.gob.ve\/mpppstweb\/#\/schema\/logo\/image\/","url":"https:\/\/www.mpppst.gob.ve\/mpppstweb\/wp-content\/uploads\/2025\/07\/cropped-cropped-g910.png","contentUrl":"https:\/\/www.mpppst.gob.ve\/mpppstweb\/wp-content\/uploads\/2025\/07\/cropped-cropped-g910.png","width":1080,"height":241,"caption":"mpppst"},"image":{"@id":"https:\/\/www.mpppst.gob.ve\/mpppstweb\/#\/schema\/logo\/image\/"}},{"@type":"Person","@id":"https:\/\/www.mpppst.gob.ve\/mpppstweb\/#\/schema\/person\/fc187ee8ead412bd4c9304b62f900ea4","name":"MPPPST Prensa","url":"https:\/\/www.mpppst.gob.ve\/mpppstweb\/index.php\/author\/prensa-mpppst\/"}]}},"_links":{"self":[{"href":"https:\/\/www.mpppst.gob.ve\/mpppstweb\/index.php\/wp-json\/wp\/v2\/posts\/10340"}],"collection":[{"href":"https:\/\/www.mpppst.gob.ve\/mpppstweb\/index.php\/wp-json\/wp\/v2\/posts"}],"about":[{"href":"https:\/\/www.mpppst.gob.ve\/mpppstweb\/index.php\/wp-json\/wp\/v2\/types\/post"}],"author":[{"embeddable":true,"href":"https:\/\/www.mpppst.gob.ve\/mpppstweb\/index.php\/wp-json\/wp\/v2\/users\/25"}],"replies":[{"embeddable":true,"href":"https:\/\/www.mpppst.gob.ve\/mpppstweb\/index.php\/wp-json\/wp\/v2\/comments?post=10340"}],"version-history":[{"count":3,"href":"https:\/\/www.mpppst.gob.ve\/mpppstweb\/index.php\/wp-json\/wp\/v2\/posts\/10340\/revisions"}],"predecessor-version":[{"id":10344,"href":"https:\/\/www.mpppst.gob.ve\/mpppstweb\/index.php\/wp-json\/wp\/v2\/posts\/10340\/revisions\/10344"}],"wp:featuredmedia":[{"embeddable":true,"href":"https:\/\/www.mpppst.gob.ve\/mpppstweb\/index.php\/wp-json\/wp\/v2\/media\/10341"}],"wp:attachment":[{"href":"https:\/\/www.mpppst.gob.ve\/mpppstweb\/index.php\/wp-json\/wp\/v2\/media?parent=10340"}],"wp:term":[{"taxonomy":"category","embeddable":true,"href":"https:\/\/www.mpppst.gob.ve\/mpppstweb\/index.php\/wp-json\/wp\/v2\/categories?post=10340"},{"taxonomy":"post_tag","embeddable":true,"href":"https:\/\/www.mpppst.gob.ve\/mpppstweb\/index.php\/wp-json\/wp\/v2\/tags?post=10340"}],"curies":[{"name":"wp","href":"https:\/\/api.w.org\/{rel}","templated":true}]}}