{"id":10353,"date":"2017-01-25T13:24:42","date_gmt":"2017-01-25T13:24:42","guid":{"rendered":"http:\/\/www.mpppst.gob.ve\/mpppstweb\/?p=10353"},"modified":"2017-01-25T13:26:14","modified_gmt":"2017-01-25T13:26:14","slug":"consejo-de-ministros-definio-estrategias-para-la-produccion-y-distribucion-de-clap","status":"publish","type":"post","link":"https:\/\/www.mpppst.gob.ve\/mpppstweb\/index.php\/2017\/01\/25\/consejo-de-ministros-definio-estrategias-para-la-produccion-y-distribucion-de-clap\/","title":{"rendered":"Consejo de Ministros defini\u00f3 estrategias para la producci\u00f3n y distribuci\u00f3n de CLAP"},"content":{"rendered":"<p>Prensa (MPPPST). Este 24 de enero se llev\u00f3 a cabo en el Palacio de Miraflores en Caracas una jornada de Trabajo del Consejo de Ministros con el objetivo de definir estrategias para expandir los Comit\u00e9s Locales de Abastecimiento y Producci\u00f3n (CLAP) en el pa\u00eds.<\/p>\n<p>La reuni\u00f3n estuvo presidida por el Vicepresidente Ejecutivo de la Rep\u00fablica Tareck El Aissami, quien destac\u00f3 que cumpliendo con la instrucci\u00f3n dada por el Presidente Obrero Nicol\u00e1s Maduro, se realiz\u00f3 una videoconferencia nacional con el Estado Mayor de los CLAP, donde participaron todos los gobernadores, alcaldes y dirigentes de todas las parroquias del pa\u00eds, para garantizar que la distribuci\u00f3n de los alimentos llegue a 6 millones de hogares.<\/p>\n<p>Otro anuncio realizado por el Vicepresidente El Aissami fue que durante la reuni\u00f3n se aprob\u00f3 un total de 5.354 millones 791.518 de bol\u00edvares para cubrir el subsidio del pasaje preferencial estudiantil.<\/p>\n<p>\u201c\u201cEl pasaje preferencial estudiantil est\u00e1 garantizado por el Gobierno Revolucionario, estas son pol\u00edticas de impacto directo en los sectores que hemos defendido por siempre\u201d.<\/p>\n<p>El vicepresidente destac\u00f3 que la Revoluci\u00f3n Bolivariana siempre ha defendiendo los derechos de todos los venezolanos, pese a la guerra econ\u00f3mica y la ca\u00edda de los ingresos petroleros, \u00a0se ha mantenido la inversi\u00f3n social, como pol\u00edtica fundamental.<\/p>\n<p><strong>Creaci\u00f3n de Neum\u00e1ticos Alba<\/strong><\/p>\n<p>El Aissami, inform\u00f3 la creaci\u00f3n de la Empresa Socialista Neum\u00e1ticos de la Alianza Bolivariana para los Pueblos de Nuestra Am\u00e9rica (Alba), que estar\u00e1 suscrita al Ministerio del Poder Popular para la Defensa.<\/p>\n<p>\u00abHa sido aprobada la creaci\u00f3n de esta empresa, Neum\u00e1ticos del Alba para producir con nuestras manos, para producir con nuestro talento y con nuestro trabajo, producir los neum\u00e1ticos para abastecer el mercado y sustituir importaciones\u00bb<\/p>\n<p>El vicepresidente destac\u00f3 el papel importante de la Fuerza Armada Nacional Bolivariana en esta nueva etapa de la Revoluci\u00f3n Bolivariana. \u201cLa Fuerza Armada Nacional Bolivariana, dentro de la Agenda Econ\u00f3mica Bolivariana, est\u00e1 empujando el desarrollo del pa\u00eds\u201d.<\/p>\n<p>En la jornada participaron el Ministro del Poder Popular para el Proceso Social de Trabajo Francisco Torrealba, la Ministra para la Mujer e Igualdad de G\u00e9nero, Blanca Eekhout; El ministro de Alimentaci\u00f3n, Rodolfo Marco Torres; el vicepresidente para el Socialismo Territorial y ministro para las Comunas, Arist\u00f3bulo Ist\u00fariz, entre otros representantes gubernamentales.<\/p>\n<p>Por Carlos Palacios<\/p>\n","protected":false},"excerpt":{"rendered":"<p>Prensa (MPPPST). Este 24 de enero se llev\u00f3 a cabo en el Palacio de Miraflores en &hellip; <a title=\"Consejo de Ministros defini\u00f3 estrategias para la producci\u00f3n y distribuci\u00f3n de CLAP\" class=\"hm-read-more\" href=\"https:\/\/www.mpppst.gob.ve\/mpppstweb\/index.php\/2017\/01\/25\/consejo-de-ministros-definio-estrategias-para-la-produccion-y-distribucion-de-clap\/\"><span class=\"screen-reader-text\">Consejo de Ministros defini\u00f3 estrategias para la producci\u00f3n y distribuci\u00f3n de CLAP<\/span>Read more<\/a><\/p>\n","protected":false},"author":25,"featured_media":10354,"comment_status":"closed","ping_status":"closed","sticky":false,"template":"","format":"standard","meta":{"footnotes":""},"categories":[82,212],"tags":[],"yoast_head":"<!-- This site is optimized with the Yoast SEO plugin v22.5 - https:\/\/yoast.com\/wordpress\/plugins\/seo\/ -->\n<title>Consejo de Ministros defini\u00f3 estrategias para la producci\u00f3n y distribuci\u00f3n de CLAP - MPPPST<\/title>\n<meta name=\"robots\" content=\"index, follow, max-snippet:-1, max-image-preview:large, max-video-preview:-1\" \/>\n<link rel=\"canonical\" href=\"https:\/\/www.mpppst.gob.ve\/mpppstweb\/index.php\/2017\/01\/25\/consejo-de-ministros-definio-estrategias-para-la-produccion-y-distribucion-de-clap\/\" \/>\n<meta property=\"og:locale\" content=\"es_ES\" \/>\n<meta property=\"og:type\" content=\"article\" \/>\n<meta property=\"og:title\" content=\"Consejo de Ministros defini\u00f3 estrategias para la producci\u00f3n y distribuci\u00f3n de CLAP - MPPPST\" \/>\n<meta property=\"og:description\" content=\"Prensa (MPPPST). Este 24 de enero se llev\u00f3 a cabo en el Palacio de Miraflores en &hellip; Consejo de Ministros defini\u00f3 estrategias para la producci\u00f3n y distribuci\u00f3n de CLAPRead more\" \/>\n<meta property=\"og:url\" content=\"https:\/\/www.mpppst.gob.ve\/mpppstweb\/index.php\/2017\/01\/25\/consejo-de-ministros-definio-estrategias-para-la-produccion-y-distribucion-de-clap\/\" \/>\n<meta property=\"og:site_name\" content=\"MPPPST\" \/>\n<meta property=\"article:published_time\" content=\"2017-01-25T13:24:42+00:00\" \/>\n<meta property=\"article:modified_time\" content=\"2017-01-25T13:26:14+00:00\" \/>\n<meta property=\"og:image\" content=\"https:\/\/www.mpppst.gob.ve\/mpppstweb\/wp-content\/uploads\/2017\/01\/IMG-20170125-WA0000.jpg\" \/>\n\t<meta property=\"og:image:width\" content=\"800\" \/>\n\t<meta property=\"og:image:height\" content=\"455\" \/>\n\t<meta property=\"og:image:type\" content=\"image\/jpeg\" \/>\n<meta name=\"author\" content=\"MPPPST Prensa\" \/>\n<meta name=\"twitter:card\" content=\"summary_large_image\" \/>\n<meta name=\"twitter:label1\" content=\"Escrito por\" \/>\n\t<meta name=\"twitter:data1\" content=\"MPPPST Prensa\" \/>\n\t<meta name=\"twitter:label2\" content=\"Tiempo de lectura\" \/>\n\t<meta name=\"twitter:data2\" content=\"2 minutos\" \/>\n<script type=\"application\/ld+json\" class=\"yoast-schema-graph\">{\"@context\":\"https:\/\/schema.org\",\"@graph\":[{\"@type\":\"Article\",\"@id\":\"https:\/\/www.mpppst.gob.ve\/mpppstweb\/index.php\/2017\/01\/25\/consejo-de-ministros-definio-estrategias-para-la-produccion-y-distribucion-de-clap\/#article\",\"isPartOf\":{\"@id\":\"https:\/\/www.mpppst.gob.ve\/mpppstweb\/index.php\/2017\/01\/25\/consejo-de-ministros-definio-estrategias-para-la-produccion-y-distribucion-de-clap\/\"},\"author\":{\"name\":\"MPPPST Prensa\",\"@id\":\"https:\/\/www.mpppst.gob.ve\/mpppstweb\/#\/schema\/person\/fc187ee8ead412bd4c9304b62f900ea4\"},\"headline\":\"Consejo de Ministros defini\u00f3 estrategias para la producci\u00f3n y distribuci\u00f3n de CLAP\",\"datePublished\":\"2017-01-25T13:24:42+00:00\",\"dateModified\":\"2017-01-25T13:26:14+00:00\",\"mainEntityOfPage\":{\"@id\":\"https:\/\/www.mpppst.gob.ve\/mpppstweb\/index.php\/2017\/01\/25\/consejo-de-ministros-definio-estrategias-para-la-produccion-y-distribucion-de-clap\/\"},\"wordCount\":409,\"publisher\":{\"@id\":\"https:\/\/www.mpppst.gob.ve\/mpppstweb\/#organization\"},\"image\":{\"@id\":\"https:\/\/www.mpppst.gob.ve\/mpppstweb\/index.php\/2017\/01\/25\/consejo-de-ministros-definio-estrategias-para-la-produccion-y-distribucion-de-clap\/#primaryimage\"},\"thumbnailUrl\":\"https:\/\/www.mpppst.gob.ve\/mpppstweb\/wp-content\/uploads\/2017\/01\/IMG-20170125-WA0000.jpg\",\"articleSection\":[\"Gobierno Nacional\",\"Vicepresidencia ejecutiva\"],\"inLanguage\":\"es\"},{\"@type\":\"WebPage\",\"@id\":\"https:\/\/www.mpppst.gob.ve\/mpppstweb\/index.php\/2017\/01\/25\/consejo-de-ministros-definio-estrategias-para-la-produccion-y-distribucion-de-clap\/\",\"url\":\"https:\/\/www.mpppst.gob.ve\/mpppstweb\/index.php\/2017\/01\/25\/consejo-de-ministros-definio-estrategias-para-la-produccion-y-distribucion-de-clap\/\",\"name\":\"Consejo de Ministros defini\u00f3 estrategias para la producci\u00f3n y distribuci\u00f3n de CLAP - MPPPST\",\"isPartOf\":{\"@id\":\"https:\/\/www.mpppst.gob.ve\/mpppstweb\/#website\"},\"primaryImageOfPage\":{\"@id\":\"https:\/\/www.mpppst.gob.ve\/mpppstweb\/index.php\/2017\/01\/25\/consejo-de-ministros-definio-estrategias-para-la-produccion-y-distribucion-de-clap\/#primaryimage\"},\"image\":{\"@id\":\"https:\/\/www.mpppst.gob.ve\/mpppstweb\/index.php\/2017\/01\/25\/consejo-de-ministros-definio-estrategias-para-la-produccion-y-distribucion-de-clap\/#primaryimage\"},\"thumbnailUrl\":\"https:\/\/www.mpppst.gob.ve\/mpppstweb\/wp-content\/uploads\/2017\/01\/IMG-20170125-WA0000.jpg\",\"datePublished\":\"2017-01-25T13:24:42+00:00\",\"dateModified\":\"2017-01-25T13:26:14+00:00\",\"breadcrumb\":{\"@id\":\"https:\/\/www.mpppst.gob.ve\/mpppstweb\/index.php\/2017\/01\/25\/consejo-de-ministros-definio-estrategias-para-la-produccion-y-distribucion-de-clap\/#breadcrumb\"},\"inLanguage\":\"es\",\"potentialAction\":[{\"@type\":\"ReadAction\",\"target\":[\"https:\/\/www.mpppst.gob.ve\/mpppstweb\/index.php\/2017\/01\/25\/consejo-de-ministros-definio-estrategias-para-la-produccion-y-distribucion-de-clap\/\"]}]},{\"@type\":\"ImageObject\",\"inLanguage\":\"es\",\"@id\":\"https:\/\/www.mpppst.gob.ve\/mpppstweb\/index.php\/2017\/01\/25\/consejo-de-ministros-definio-estrategias-para-la-produccion-y-distribucion-de-clap\/#primaryimage\",\"url\":\"https:\/\/www.mpppst.gob.ve\/mpppstweb\/wp-content\/uploads\/2017\/01\/IMG-20170125-WA0000.jpg\",\"contentUrl\":\"https:\/\/www.mpppst.gob.ve\/mpppstweb\/wp-content\/uploads\/2017\/01\/IMG-20170125-WA0000.jpg\",\"width\":800,\"height\":455},{\"@type\":\"BreadcrumbList\",\"@id\":\"https:\/\/www.mpppst.gob.ve\/mpppstweb\/index.php\/2017\/01\/25\/consejo-de-ministros-definio-estrategias-para-la-produccion-y-distribucion-de-clap\/#breadcrumb\",\"itemListElement\":[{\"@type\":\"ListItem\",\"position\":1,\"name\":\"Home\",\"item\":\"https:\/\/www.mpppst.gob.ve\/mpppstweb\/\"},{\"@type\":\"ListItem\",\"position\":2,\"name\":\"Consejo de Ministros defini\u00f3 estrategias para la producci\u00f3n y distribuci\u00f3n de CLAP\"}]},{\"@type\":\"WebSite\",\"@id\":\"https:\/\/www.mpppst.gob.ve\/mpppstweb\/#website\",\"url\":\"https:\/\/www.mpppst.gob.ve\/mpppstweb\/\",\"name\":\"MPPPST\",\"description\":\"Ministerio del Poder Popular para el Proceso Social de Trabajo\",\"publisher\":{\"@id\":\"https:\/\/www.mpppst.gob.ve\/mpppstweb\/#organization\"},\"potentialAction\":[{\"@type\":\"SearchAction\",\"target\":{\"@type\":\"EntryPoint\",\"urlTemplate\":\"https:\/\/www.mpppst.gob.ve\/mpppstweb\/?s={search_term_string}\"},\"query-input\":\"required name=search_term_string\"}],\"inLanguage\":\"es\"},{\"@type\":\"Organization\",\"@id\":\"https:\/\/www.mpppst.gob.ve\/mpppstweb\/#organization\",\"name\":\"mpppst\",\"url\":\"https:\/\/www.mpppst.gob.ve\/mpppstweb\/\",\"logo\":{\"@type\":\"ImageObject\",\"inLanguage\":\"es\",\"@id\":\"https:\/\/www.mpppst.gob.ve\/mpppstweb\/#\/schema\/logo\/image\/\",\"url\":\"https:\/\/www.mpppst.gob.ve\/mpppstweb\/wp-content\/uploads\/2025\/07\/cropped-cropped-g910.png\",\"contentUrl\":\"https:\/\/www.mpppst.gob.ve\/mpppstweb\/wp-content\/uploads\/2025\/07\/cropped-cropped-g910.png\",\"width\":1080,\"height\":241,\"caption\":\"mpppst\"},\"image\":{\"@id\":\"https:\/\/www.mpppst.gob.ve\/mpppstweb\/#\/schema\/logo\/image\/\"}},{\"@type\":\"Person\",\"@id\":\"https:\/\/www.mpppst.gob.ve\/mpppstweb\/#\/schema\/person\/fc187ee8ead412bd4c9304b62f900ea4\",\"name\":\"MPPPST Prensa\",\"url\":\"https:\/\/www.mpppst.gob.ve\/mpppstweb\/index.php\/author\/prensa-mpppst\/\"}]}<\/script>\n<!-- \/ Yoast SEO plugin. -->","yoast_head_json":{"title":"Consejo de Ministros defini\u00f3 estrategias para la producci\u00f3n y distribuci\u00f3n de CLAP - MPPPST","robots":{"index":"index","follow":"follow","max-snippet":"max-snippet:-1","max-image-preview":"max-image-preview:large","max-video-preview":"max-video-preview:-1"},"canonical":"https:\/\/www.mpppst.gob.ve\/mpppstweb\/index.php\/2017\/01\/25\/consejo-de-ministros-definio-estrategias-para-la-produccion-y-distribucion-de-clap\/","og_locale":"es_ES","og_type":"article","og_title":"Consejo de Ministros defini\u00f3 estrategias para la producci\u00f3n y distribuci\u00f3n de CLAP - MPPPST","og_description":"Prensa (MPPPST). Este 24 de enero se llev\u00f3 a cabo en el Palacio de Miraflores en &hellip; Consejo de Ministros defini\u00f3 estrategias para la producci\u00f3n y distribuci\u00f3n de CLAPRead more","og_url":"https:\/\/www.mpppst.gob.ve\/mpppstweb\/index.php\/2017\/01\/25\/consejo-de-ministros-definio-estrategias-para-la-produccion-y-distribucion-de-clap\/","og_site_name":"MPPPST","article_published_time":"2017-01-25T13:24:42+00:00","article_modified_time":"2017-01-25T13:26:14+00:00","og_image":[{"width":800,"height":455,"url":"https:\/\/www.mpppst.gob.ve\/mpppstweb\/wp-content\/uploads\/2017\/01\/IMG-20170125-WA0000.jpg","type":"image\/jpeg"}],"author":"MPPPST Prensa","twitter_card":"summary_large_image","twitter_misc":{"Escrito por":"MPPPST Prensa","Tiempo de lectura":"2 minutos"},"schema":{"@context":"https:\/\/schema.org","@graph":[{"@type":"Article","@id":"https:\/\/www.mpppst.gob.ve\/mpppstweb\/index.php\/2017\/01\/25\/consejo-de-ministros-definio-estrategias-para-la-produccion-y-distribucion-de-clap\/#article","isPartOf":{"@id":"https:\/\/www.mpppst.gob.ve\/mpppstweb\/index.php\/2017\/01\/25\/consejo-de-ministros-definio-estrategias-para-la-produccion-y-distribucion-de-clap\/"},"author":{"name":"MPPPST Prensa","@id":"https:\/\/www.mpppst.gob.ve\/mpppstweb\/#\/schema\/person\/fc187ee8ead412bd4c9304b62f900ea4"},"headline":"Consejo de Ministros defini\u00f3 estrategias para la producci\u00f3n y distribuci\u00f3n de CLAP","datePublished":"2017-01-25T13:24:42+00:00","dateModified":"2017-01-25T13:26:14+00:00","mainEntityOfPage":{"@id":"https:\/\/www.mpppst.gob.ve\/mpppstweb\/index.php\/2017\/01\/25\/consejo-de-ministros-definio-estrategias-para-la-produccion-y-distribucion-de-clap\/"},"wordCount":409,"publisher":{"@id":"https:\/\/www.mpppst.gob.ve\/mpppstweb\/#organization"},"image":{"@id":"https:\/\/www.mpppst.gob.ve\/mpppstweb\/index.php\/2017\/01\/25\/consejo-de-ministros-definio-estrategias-para-la-produccion-y-distribucion-de-clap\/#primaryimage"},"thumbnailUrl":"https:\/\/www.mpppst.gob.ve\/mpppstweb\/wp-content\/uploads\/2017\/01\/IMG-20170125-WA0000.jpg","articleSection":["Gobierno Nacional","Vicepresidencia ejecutiva"],"inLanguage":"es"},{"@type":"WebPage","@id":"https:\/\/www.mpppst.gob.ve\/mpppstweb\/index.php\/2017\/01\/25\/consejo-de-ministros-definio-estrategias-para-la-produccion-y-distribucion-de-clap\/","url":"https:\/\/www.mpppst.gob.ve\/mpppstweb\/index.php\/2017\/01\/25\/consejo-de-ministros-definio-estrategias-para-la-produccion-y-distribucion-de-clap\/","name":"Consejo de Ministros defini\u00f3 estrategias para la producci\u00f3n y distribuci\u00f3n de CLAP - MPPPST","isPartOf":{"@id":"https:\/\/www.mpppst.gob.ve\/mpppstweb\/#website"},"primaryImageOfPage":{"@id":"https:\/\/www.mpppst.gob.ve\/mpppstweb\/index.php\/2017\/01\/25\/consejo-de-ministros-definio-estrategias-para-la-produccion-y-distribucion-de-clap\/#primaryimage"},"image":{"@id":"https:\/\/www.mpppst.gob.ve\/mpppstweb\/index.php\/2017\/01\/25\/consejo-de-ministros-definio-estrategias-para-la-produccion-y-distribucion-de-clap\/#primaryimage"},"thumbnailUrl":"https:\/\/www.mpppst.gob.ve\/mpppstweb\/wp-content\/uploads\/2017\/01\/IMG-20170125-WA0000.jpg","datePublished":"2017-01-25T13:24:42+00:00","dateModified":"2017-01-25T13:26:14+00:00","breadcrumb":{"@id":"https:\/\/www.mpppst.gob.ve\/mpppstweb\/index.php\/2017\/01\/25\/consejo-de-ministros-definio-estrategias-para-la-produccion-y-distribucion-de-clap\/#breadcrumb"},"inLanguage":"es","potentialAction":[{"@type":"ReadAction","target":["https:\/\/www.mpppst.gob.ve\/mpppstweb\/index.php\/2017\/01\/25\/consejo-de-ministros-definio-estrategias-para-la-produccion-y-distribucion-de-clap\/"]}]},{"@type":"ImageObject","inLanguage":"es","@id":"https:\/\/www.mpppst.gob.ve\/mpppstweb\/index.php\/2017\/01\/25\/consejo-de-ministros-definio-estrategias-para-la-produccion-y-distribucion-de-clap\/#primaryimage","url":"https:\/\/www.mpppst.gob.ve\/mpppstweb\/wp-content\/uploads\/2017\/01\/IMG-20170125-WA0000.jpg","contentUrl":"https:\/\/www.mpppst.gob.ve\/mpppstweb\/wp-content\/uploads\/2017\/01\/IMG-20170125-WA0000.jpg","width":800,"height":455},{"@type":"BreadcrumbList","@id":"https:\/\/www.mpppst.gob.ve\/mpppstweb\/index.php\/2017\/01\/25\/consejo-de-ministros-definio-estrategias-para-la-produccion-y-distribucion-de-clap\/#breadcrumb","itemListElement":[{"@type":"ListItem","position":1,"name":"Home","item":"https:\/\/www.mpppst.gob.ve\/mpppstweb\/"},{"@type":"ListItem","position":2,"name":"Consejo de Ministros defini\u00f3 estrategias para la producci\u00f3n y distribuci\u00f3n de CLAP"}]},{"@type":"WebSite","@id":"https:\/\/www.mpppst.gob.ve\/mpppstweb\/#website","url":"https:\/\/www.mpppst.gob.ve\/mpppstweb\/","name":"MPPPST","description":"Ministerio del Poder Popular para el Proceso Social de Trabajo","publisher":{"@id":"https:\/\/www.mpppst.gob.ve\/mpppstweb\/#organization"},"potentialAction":[{"@type":"SearchAction","target":{"@type":"EntryPoint","urlTemplate":"https:\/\/www.mpppst.gob.ve\/mpppstweb\/?s={search_term_string}"},"query-input":"required name=search_term_string"}],"inLanguage":"es"},{"@type":"Organization","@id":"https:\/\/www.mpppst.gob.ve\/mpppstweb\/#organization","name":"mpppst","url":"https:\/\/www.mpppst.gob.ve\/mpppstweb\/","logo":{"@type":"ImageObject","inLanguage":"es","@id":"https:\/\/www.mpppst.gob.ve\/mpppstweb\/#\/schema\/logo\/image\/","url":"https:\/\/www.mpppst.gob.ve\/mpppstweb\/wp-content\/uploads\/2025\/07\/cropped-cropped-g910.png","contentUrl":"https:\/\/www.mpppst.gob.ve\/mpppstweb\/wp-content\/uploads\/2025\/07\/cropped-cropped-g910.png","width":1080,"height":241,"caption":"mpppst"},"image":{"@id":"https:\/\/www.mpppst.gob.ve\/mpppstweb\/#\/schema\/logo\/image\/"}},{"@type":"Person","@id":"https:\/\/www.mpppst.gob.ve\/mpppstweb\/#\/schema\/person\/fc187ee8ead412bd4c9304b62f900ea4","name":"MPPPST Prensa","url":"https:\/\/www.mpppst.gob.ve\/mpppstweb\/index.php\/author\/prensa-mpppst\/"}]}},"_links":{"self":[{"href":"https:\/\/www.mpppst.gob.ve\/mpppstweb\/index.php\/wp-json\/wp\/v2\/posts\/10353"}],"collection":[{"href":"https:\/\/www.mpppst.gob.ve\/mpppstweb\/index.php\/wp-json\/wp\/v2\/posts"}],"about":[{"href":"https:\/\/www.mpppst.gob.ve\/mpppstweb\/index.php\/wp-json\/wp\/v2\/types\/post"}],"author":[{"embeddable":true,"href":"https:\/\/www.mpppst.gob.ve\/mpppstweb\/index.php\/wp-json\/wp\/v2\/users\/25"}],"replies":[{"embeddable":true,"href":"https:\/\/www.mpppst.gob.ve\/mpppstweb\/index.php\/wp-json\/wp\/v2\/comments?post=10353"}],"version-history":[{"count":1,"href":"https:\/\/www.mpppst.gob.ve\/mpppstweb\/index.php\/wp-json\/wp\/v2\/posts\/10353\/revisions"}],"predecessor-version":[{"id":10355,"href":"https:\/\/www.mpppst.gob.ve\/mpppstweb\/index.php\/wp-json\/wp\/v2\/posts\/10353\/revisions\/10355"}],"wp:featuredmedia":[{"embeddable":true,"href":"https:\/\/www.mpppst.gob.ve\/mpppstweb\/index.php\/wp-json\/wp\/v2\/media\/10354"}],"wp:attachment":[{"href":"https:\/\/www.mpppst.gob.ve\/mpppstweb\/index.php\/wp-json\/wp\/v2\/media?parent=10353"}],"wp:term":[{"taxonomy":"category","embeddable":true,"href":"https:\/\/www.mpppst.gob.ve\/mpppstweb\/index.php\/wp-json\/wp\/v2\/categories?post=10353"},{"taxonomy":"post_tag","embeddable":true,"href":"https:\/\/www.mpppst.gob.ve\/mpppstweb\/index.php\/wp-json\/wp\/v2\/tags?post=10353"}],"curies":[{"name":"wp","href":"https:\/\/api.w.org\/{rel}","templated":true}]}}