{"id":10356,"date":"2017-01-25T13:57:20","date_gmt":"2017-01-25T13:57:20","guid":{"rendered":"http:\/\/www.mpppst.gob.ve\/mpppstweb\/?p=10356"},"modified":"2017-01-25T13:57:20","modified_gmt":"2017-01-25T13:57:20","slug":"paises-de-la-celac-rechazan-orden-injerencista-de-obama-contra-venezuela","status":"publish","type":"post","link":"https:\/\/www.mpppst.gob.ve\/mpppstweb\/index.php\/2017\/01\/25\/paises-de-la-celac-rechazan-orden-injerencista-de-obama-contra-venezuela\/","title":{"rendered":"Pa\u00edses de la Celac rechazan orden injerencista de Obama contra Venezuela"},"content":{"rendered":"<p>Caracas, 24 Ene. AVN.- Los pa\u00edses miembros de la Comunidad de Estados Latinoamericanos y Caribe\u00f1os (Celac) \u2013 integrada por 33 pa\u00edses \u2013 reafirmaron este martes su rechazo a la renovaci\u00f3n del decreto injerencista, firmado por el expresidente de Estados Unidos (EEUU), Barack Obama, que declara a Venezuela como una \u00abamenaza inusual y extraordinaria\u00bb a su naci\u00f3n, indic\u00f3 la ministra para Relaciones Exteriores, Delcy Rodr\u00edguez.<\/p>\n<p>\u00abSe confirm\u00f3 nuevamente el apoyo de la Comunidad de Estados Latinoamericanos y Caribe\u00f1os en rechazo a la orden ejecutiva del expresidente Barack Obama que considera a Venezuela como una amenaza a la seguridad nacional de los Estados Unidos y a su pol\u00edtica exterior. Contamos con el respaldo de la Celac, quien nuevamente reitera su solicitud de que sea revertida esta orden ejecutiva\u00bb, expres\u00f3 Rodr\u00edguez, desde Punta Cana, Rep\u00fablica Dominicana, donde se lleva a cabo la V Cumbre del organismo.<\/p>\n<p>Respecto a las relaciones que tendr\u00e1 Venezuela con el nuevo gobierno de EEUU, presidido por Donald Trump, la diplom\u00e1tica reafirm\u00f3 el compromiso de la naci\u00f3n suramericana de establecer relaciones con el gobierno estadounidense, con bases en el respeto y la cooperaci\u00f3n.<\/p>\n<p>\u00abVoy a retomar las palabras del jefe de Estado de la Rep\u00fablica Bolivariana de Venezuela (Nicol\u00e1s Maduro), quien ha reiterado el llamado a cualquier administraci\u00f3n de los Estados Unidos de Norteam\u00e9rica, a establecer relaciones, a normalizar relaciones con Venezuela en el \u00e1mbito del di\u00e1logo, del respeto, del apego al derecho internacional\u00bb, subray\u00f3 la titular del Ministerio para Relaciones Exteriores.<\/p>\n<p>\u00abEsperamos mantener relaciones de respeto, de cooperaci\u00f3n, donde ambos pueblos se vean beneficiados\u00bb, agreg\u00f3.<\/p>\n","protected":false},"excerpt":{"rendered":"<p>Caracas, 24 Ene. AVN.- Los pa\u00edses miembros de la Comunidad de Estados Latinoamericanos y Caribe\u00f1os (Celac) &hellip; <a title=\"Pa\u00edses de la Celac rechazan orden injerencista de Obama contra Venezuela\" class=\"hm-read-more\" href=\"https:\/\/www.mpppst.gob.ve\/mpppstweb\/index.php\/2017\/01\/25\/paises-de-la-celac-rechazan-orden-injerencista-de-obama-contra-venezuela\/\"><span class=\"screen-reader-text\">Pa\u00edses de la Celac rechazan orden injerencista de Obama contra Venezuela<\/span>Read more<\/a><\/p>\n","protected":false},"author":25,"featured_media":10357,"comment_status":"closed","ping_status":"closed","sticky":false,"template":"","format":"standard","meta":{"footnotes":""},"categories":[8,166],"tags":[],"yoast_head":"<!-- This site is optimized with the Yoast SEO plugin v22.5 - https:\/\/yoast.com\/wordpress\/plugins\/seo\/ -->\n<title>Pa\u00edses de la Celac rechazan orden injerencista de Obama contra Venezuela - MPPPST<\/title>\n<meta name=\"robots\" content=\"index, follow, max-snippet:-1, max-image-preview:large, max-video-preview:-1\" \/>\n<link rel=\"canonical\" href=\"https:\/\/www.mpppst.gob.ve\/mpppstweb\/index.php\/2017\/01\/25\/paises-de-la-celac-rechazan-orden-injerencista-de-obama-contra-venezuela\/\" \/>\n<meta property=\"og:locale\" content=\"es_ES\" \/>\n<meta property=\"og:type\" content=\"article\" \/>\n<meta property=\"og:title\" content=\"Pa\u00edses de la Celac rechazan orden injerencista de Obama contra Venezuela - MPPPST\" \/>\n<meta property=\"og:description\" content=\"Caracas, 24 Ene. AVN.- Los pa\u00edses miembros de la Comunidad de Estados Latinoamericanos y Caribe\u00f1os (Celac) &hellip; Pa\u00edses de la Celac rechazan orden injerencista de Obama contra VenezuelaRead more\" \/>\n<meta property=\"og:url\" content=\"https:\/\/www.mpppst.gob.ve\/mpppstweb\/index.php\/2017\/01\/25\/paises-de-la-celac-rechazan-orden-injerencista-de-obama-contra-venezuela\/\" \/>\n<meta property=\"og:site_name\" content=\"MPPPST\" \/>\n<meta property=\"article:published_time\" content=\"2017-01-25T13:57:20+00:00\" \/>\n<meta property=\"og:image\" content=\"https:\/\/www.mpppst.gob.ve\/mpppstweb\/wp-content\/uploads\/2017\/01\/fb_92071485291067.jpg\" \/>\n\t<meta property=\"og:image:width\" content=\"800\" \/>\n\t<meta property=\"og:image:height\" content=\"455\" \/>\n\t<meta property=\"og:image:type\" content=\"image\/jpeg\" \/>\n<meta name=\"author\" content=\"MPPPST Prensa\" \/>\n<meta name=\"twitter:card\" content=\"summary_large_image\" \/>\n<meta name=\"twitter:label1\" content=\"Escrito por\" \/>\n\t<meta name=\"twitter:data1\" content=\"MPPPST Prensa\" \/>\n\t<meta name=\"twitter:label2\" content=\"Tiempo de lectura\" \/>\n\t<meta name=\"twitter:data2\" content=\"1 minuto\" \/>\n<script type=\"application\/ld+json\" class=\"yoast-schema-graph\">{\"@context\":\"https:\/\/schema.org\",\"@graph\":[{\"@type\":\"Article\",\"@id\":\"https:\/\/www.mpppst.gob.ve\/mpppstweb\/index.php\/2017\/01\/25\/paises-de-la-celac-rechazan-orden-injerencista-de-obama-contra-venezuela\/#article\",\"isPartOf\":{\"@id\":\"https:\/\/www.mpppst.gob.ve\/mpppstweb\/index.php\/2017\/01\/25\/paises-de-la-celac-rechazan-orden-injerencista-de-obama-contra-venezuela\/\"},\"author\":{\"name\":\"MPPPST Prensa\",\"@id\":\"https:\/\/www.mpppst.gob.ve\/mpppstweb\/#\/schema\/person\/fc187ee8ead412bd4c9304b62f900ea4\"},\"headline\":\"Pa\u00edses de la Celac rechazan orden injerencista de Obama contra Venezuela\",\"datePublished\":\"2017-01-25T13:57:20+00:00\",\"dateModified\":\"2017-01-25T13:57:20+00:00\",\"mainEntityOfPage\":{\"@id\":\"https:\/\/www.mpppst.gob.ve\/mpppstweb\/index.php\/2017\/01\/25\/paises-de-la-celac-rechazan-orden-injerencista-de-obama-contra-venezuela\/\"},\"wordCount\":285,\"publisher\":{\"@id\":\"https:\/\/www.mpppst.gob.ve\/mpppstweb\/#organization\"},\"image\":{\"@id\":\"https:\/\/www.mpppst.gob.ve\/mpppstweb\/index.php\/2017\/01\/25\/paises-de-la-celac-rechazan-orden-injerencista-de-obama-contra-venezuela\/#primaryimage\"},\"thumbnailUrl\":\"https:\/\/www.mpppst.gob.ve\/mpppstweb\/wp-content\/uploads\/2017\/01\/fb_92071485291067.jpg\",\"articleSection\":[\"Internacionales\",\"Venezuela y el Mundo\"],\"inLanguage\":\"es\"},{\"@type\":\"WebPage\",\"@id\":\"https:\/\/www.mpppst.gob.ve\/mpppstweb\/index.php\/2017\/01\/25\/paises-de-la-celac-rechazan-orden-injerencista-de-obama-contra-venezuela\/\",\"url\":\"https:\/\/www.mpppst.gob.ve\/mpppstweb\/index.php\/2017\/01\/25\/paises-de-la-celac-rechazan-orden-injerencista-de-obama-contra-venezuela\/\",\"name\":\"Pa\u00edses de la Celac rechazan orden injerencista de Obama contra Venezuela - MPPPST\",\"isPartOf\":{\"@id\":\"https:\/\/www.mpppst.gob.ve\/mpppstweb\/#website\"},\"primaryImageOfPage\":{\"@id\":\"https:\/\/www.mpppst.gob.ve\/mpppstweb\/index.php\/2017\/01\/25\/paises-de-la-celac-rechazan-orden-injerencista-de-obama-contra-venezuela\/#primaryimage\"},\"image\":{\"@id\":\"https:\/\/www.mpppst.gob.ve\/mpppstweb\/index.php\/2017\/01\/25\/paises-de-la-celac-rechazan-orden-injerencista-de-obama-contra-venezuela\/#primaryimage\"},\"thumbnailUrl\":\"https:\/\/www.mpppst.gob.ve\/mpppstweb\/wp-content\/uploads\/2017\/01\/fb_92071485291067.jpg\",\"datePublished\":\"2017-01-25T13:57:20+00:00\",\"dateModified\":\"2017-01-25T13:57:20+00:00\",\"breadcrumb\":{\"@id\":\"https:\/\/www.mpppst.gob.ve\/mpppstweb\/index.php\/2017\/01\/25\/paises-de-la-celac-rechazan-orden-injerencista-de-obama-contra-venezuela\/#breadcrumb\"},\"inLanguage\":\"es\",\"potentialAction\":[{\"@type\":\"ReadAction\",\"target\":[\"https:\/\/www.mpppst.gob.ve\/mpppstweb\/index.php\/2017\/01\/25\/paises-de-la-celac-rechazan-orden-injerencista-de-obama-contra-venezuela\/\"]}]},{\"@type\":\"ImageObject\",\"inLanguage\":\"es\",\"@id\":\"https:\/\/www.mpppst.gob.ve\/mpppstweb\/index.php\/2017\/01\/25\/paises-de-la-celac-rechazan-orden-injerencista-de-obama-contra-venezuela\/#primaryimage\",\"url\":\"https:\/\/www.mpppst.gob.ve\/mpppstweb\/wp-content\/uploads\/2017\/01\/fb_92071485291067.jpg\",\"contentUrl\":\"https:\/\/www.mpppst.gob.ve\/mpppstweb\/wp-content\/uploads\/2017\/01\/fb_92071485291067.jpg\",\"width\":800,\"height\":455},{\"@type\":\"BreadcrumbList\",\"@id\":\"https:\/\/www.mpppst.gob.ve\/mpppstweb\/index.php\/2017\/01\/25\/paises-de-la-celac-rechazan-orden-injerencista-de-obama-contra-venezuela\/#breadcrumb\",\"itemListElement\":[{\"@type\":\"ListItem\",\"position\":1,\"name\":\"Home\",\"item\":\"https:\/\/www.mpppst.gob.ve\/mpppstweb\/\"},{\"@type\":\"ListItem\",\"position\":2,\"name\":\"Pa\u00edses de la Celac rechazan orden injerencista de Obama contra Venezuela\"}]},{\"@type\":\"WebSite\",\"@id\":\"https:\/\/www.mpppst.gob.ve\/mpppstweb\/#website\",\"url\":\"https:\/\/www.mpppst.gob.ve\/mpppstweb\/\",\"name\":\"MPPPST\",\"description\":\"Ministerio del Poder Popular para el Proceso Social de Trabajo\",\"publisher\":{\"@id\":\"https:\/\/www.mpppst.gob.ve\/mpppstweb\/#organization\"},\"potentialAction\":[{\"@type\":\"SearchAction\",\"target\":{\"@type\":\"EntryPoint\",\"urlTemplate\":\"https:\/\/www.mpppst.gob.ve\/mpppstweb\/?s={search_term_string}\"},\"query-input\":\"required name=search_term_string\"}],\"inLanguage\":\"es\"},{\"@type\":\"Organization\",\"@id\":\"https:\/\/www.mpppst.gob.ve\/mpppstweb\/#organization\",\"name\":\"mpppst\",\"url\":\"https:\/\/www.mpppst.gob.ve\/mpppstweb\/\",\"logo\":{\"@type\":\"ImageObject\",\"inLanguage\":\"es\",\"@id\":\"https:\/\/www.mpppst.gob.ve\/mpppstweb\/#\/schema\/logo\/image\/\",\"url\":\"https:\/\/www.mpppst.gob.ve\/mpppstweb\/wp-content\/uploads\/2025\/07\/cropped-cropped-g910.png\",\"contentUrl\":\"https:\/\/www.mpppst.gob.ve\/mpppstweb\/wp-content\/uploads\/2025\/07\/cropped-cropped-g910.png\",\"width\":1080,\"height\":241,\"caption\":\"mpppst\"},\"image\":{\"@id\":\"https:\/\/www.mpppst.gob.ve\/mpppstweb\/#\/schema\/logo\/image\/\"}},{\"@type\":\"Person\",\"@id\":\"https:\/\/www.mpppst.gob.ve\/mpppstweb\/#\/schema\/person\/fc187ee8ead412bd4c9304b62f900ea4\",\"name\":\"MPPPST Prensa\",\"url\":\"https:\/\/www.mpppst.gob.ve\/mpppstweb\/index.php\/author\/prensa-mpppst\/\"}]}<\/script>\n<!-- \/ Yoast SEO plugin. -->","yoast_head_json":{"title":"Pa\u00edses de la Celac rechazan orden injerencista de Obama contra Venezuela - MPPPST","robots":{"index":"index","follow":"follow","max-snippet":"max-snippet:-1","max-image-preview":"max-image-preview:large","max-video-preview":"max-video-preview:-1"},"canonical":"https:\/\/www.mpppst.gob.ve\/mpppstweb\/index.php\/2017\/01\/25\/paises-de-la-celac-rechazan-orden-injerencista-de-obama-contra-venezuela\/","og_locale":"es_ES","og_type":"article","og_title":"Pa\u00edses de la Celac rechazan orden injerencista de Obama contra Venezuela - MPPPST","og_description":"Caracas, 24 Ene. AVN.- Los pa\u00edses miembros de la Comunidad de Estados Latinoamericanos y Caribe\u00f1os (Celac) &hellip; Pa\u00edses de la Celac rechazan orden injerencista de Obama contra VenezuelaRead more","og_url":"https:\/\/www.mpppst.gob.ve\/mpppstweb\/index.php\/2017\/01\/25\/paises-de-la-celac-rechazan-orden-injerencista-de-obama-contra-venezuela\/","og_site_name":"MPPPST","article_published_time":"2017-01-25T13:57:20+00:00","og_image":[{"width":800,"height":455,"url":"https:\/\/www.mpppst.gob.ve\/mpppstweb\/wp-content\/uploads\/2017\/01\/fb_92071485291067.jpg","type":"image\/jpeg"}],"author":"MPPPST Prensa","twitter_card":"summary_large_image","twitter_misc":{"Escrito por":"MPPPST Prensa","Tiempo de lectura":"1 minuto"},"schema":{"@context":"https:\/\/schema.org","@graph":[{"@type":"Article","@id":"https:\/\/www.mpppst.gob.ve\/mpppstweb\/index.php\/2017\/01\/25\/paises-de-la-celac-rechazan-orden-injerencista-de-obama-contra-venezuela\/#article","isPartOf":{"@id":"https:\/\/www.mpppst.gob.ve\/mpppstweb\/index.php\/2017\/01\/25\/paises-de-la-celac-rechazan-orden-injerencista-de-obama-contra-venezuela\/"},"author":{"name":"MPPPST Prensa","@id":"https:\/\/www.mpppst.gob.ve\/mpppstweb\/#\/schema\/person\/fc187ee8ead412bd4c9304b62f900ea4"},"headline":"Pa\u00edses de la Celac rechazan orden injerencista de Obama contra Venezuela","datePublished":"2017-01-25T13:57:20+00:00","dateModified":"2017-01-25T13:57:20+00:00","mainEntityOfPage":{"@id":"https:\/\/www.mpppst.gob.ve\/mpppstweb\/index.php\/2017\/01\/25\/paises-de-la-celac-rechazan-orden-injerencista-de-obama-contra-venezuela\/"},"wordCount":285,"publisher":{"@id":"https:\/\/www.mpppst.gob.ve\/mpppstweb\/#organization"},"image":{"@id":"https:\/\/www.mpppst.gob.ve\/mpppstweb\/index.php\/2017\/01\/25\/paises-de-la-celac-rechazan-orden-injerencista-de-obama-contra-venezuela\/#primaryimage"},"thumbnailUrl":"https:\/\/www.mpppst.gob.ve\/mpppstweb\/wp-content\/uploads\/2017\/01\/fb_92071485291067.jpg","articleSection":["Internacionales","Venezuela y el Mundo"],"inLanguage":"es"},{"@type":"WebPage","@id":"https:\/\/www.mpppst.gob.ve\/mpppstweb\/index.php\/2017\/01\/25\/paises-de-la-celac-rechazan-orden-injerencista-de-obama-contra-venezuela\/","url":"https:\/\/www.mpppst.gob.ve\/mpppstweb\/index.php\/2017\/01\/25\/paises-de-la-celac-rechazan-orden-injerencista-de-obama-contra-venezuela\/","name":"Pa\u00edses de la Celac rechazan orden injerencista de Obama contra Venezuela - MPPPST","isPartOf":{"@id":"https:\/\/www.mpppst.gob.ve\/mpppstweb\/#website"},"primaryImageOfPage":{"@id":"https:\/\/www.mpppst.gob.ve\/mpppstweb\/index.php\/2017\/01\/25\/paises-de-la-celac-rechazan-orden-injerencista-de-obama-contra-venezuela\/#primaryimage"},"image":{"@id":"https:\/\/www.mpppst.gob.ve\/mpppstweb\/index.php\/2017\/01\/25\/paises-de-la-celac-rechazan-orden-injerencista-de-obama-contra-venezuela\/#primaryimage"},"thumbnailUrl":"https:\/\/www.mpppst.gob.ve\/mpppstweb\/wp-content\/uploads\/2017\/01\/fb_92071485291067.jpg","datePublished":"2017-01-25T13:57:20+00:00","dateModified":"2017-01-25T13:57:20+00:00","breadcrumb":{"@id":"https:\/\/www.mpppst.gob.ve\/mpppstweb\/index.php\/2017\/01\/25\/paises-de-la-celac-rechazan-orden-injerencista-de-obama-contra-venezuela\/#breadcrumb"},"inLanguage":"es","potentialAction":[{"@type":"ReadAction","target":["https:\/\/www.mpppst.gob.ve\/mpppstweb\/index.php\/2017\/01\/25\/paises-de-la-celac-rechazan-orden-injerencista-de-obama-contra-venezuela\/"]}]},{"@type":"ImageObject","inLanguage":"es","@id":"https:\/\/www.mpppst.gob.ve\/mpppstweb\/index.php\/2017\/01\/25\/paises-de-la-celac-rechazan-orden-injerencista-de-obama-contra-venezuela\/#primaryimage","url":"https:\/\/www.mpppst.gob.ve\/mpppstweb\/wp-content\/uploads\/2017\/01\/fb_92071485291067.jpg","contentUrl":"https:\/\/www.mpppst.gob.ve\/mpppstweb\/wp-content\/uploads\/2017\/01\/fb_92071485291067.jpg","width":800,"height":455},{"@type":"BreadcrumbList","@id":"https:\/\/www.mpppst.gob.ve\/mpppstweb\/index.php\/2017\/01\/25\/paises-de-la-celac-rechazan-orden-injerencista-de-obama-contra-venezuela\/#breadcrumb","itemListElement":[{"@type":"ListItem","position":1,"name":"Home","item":"https:\/\/www.mpppst.gob.ve\/mpppstweb\/"},{"@type":"ListItem","position":2,"name":"Pa\u00edses de la Celac rechazan orden injerencista de Obama contra Venezuela"}]},{"@type":"WebSite","@id":"https:\/\/www.mpppst.gob.ve\/mpppstweb\/#website","url":"https:\/\/www.mpppst.gob.ve\/mpppstweb\/","name":"MPPPST","description":"Ministerio del Poder Popular para el Proceso Social de Trabajo","publisher":{"@id":"https:\/\/www.mpppst.gob.ve\/mpppstweb\/#organization"},"potentialAction":[{"@type":"SearchAction","target":{"@type":"EntryPoint","urlTemplate":"https:\/\/www.mpppst.gob.ve\/mpppstweb\/?s={search_term_string}"},"query-input":"required name=search_term_string"}],"inLanguage":"es"},{"@type":"Organization","@id":"https:\/\/www.mpppst.gob.ve\/mpppstweb\/#organization","name":"mpppst","url":"https:\/\/www.mpppst.gob.ve\/mpppstweb\/","logo":{"@type":"ImageObject","inLanguage":"es","@id":"https:\/\/www.mpppst.gob.ve\/mpppstweb\/#\/schema\/logo\/image\/","url":"https:\/\/www.mpppst.gob.ve\/mpppstweb\/wp-content\/uploads\/2025\/07\/cropped-cropped-g910.png","contentUrl":"https:\/\/www.mpppst.gob.ve\/mpppstweb\/wp-content\/uploads\/2025\/07\/cropped-cropped-g910.png","width":1080,"height":241,"caption":"mpppst"},"image":{"@id":"https:\/\/www.mpppst.gob.ve\/mpppstweb\/#\/schema\/logo\/image\/"}},{"@type":"Person","@id":"https:\/\/www.mpppst.gob.ve\/mpppstweb\/#\/schema\/person\/fc187ee8ead412bd4c9304b62f900ea4","name":"MPPPST Prensa","url":"https:\/\/www.mpppst.gob.ve\/mpppstweb\/index.php\/author\/prensa-mpppst\/"}]}},"_links":{"self":[{"href":"https:\/\/www.mpppst.gob.ve\/mpppstweb\/index.php\/wp-json\/wp\/v2\/posts\/10356"}],"collection":[{"href":"https:\/\/www.mpppst.gob.ve\/mpppstweb\/index.php\/wp-json\/wp\/v2\/posts"}],"about":[{"href":"https:\/\/www.mpppst.gob.ve\/mpppstweb\/index.php\/wp-json\/wp\/v2\/types\/post"}],"author":[{"embeddable":true,"href":"https:\/\/www.mpppst.gob.ve\/mpppstweb\/index.php\/wp-json\/wp\/v2\/users\/25"}],"replies":[{"embeddable":true,"href":"https:\/\/www.mpppst.gob.ve\/mpppstweb\/index.php\/wp-json\/wp\/v2\/comments?post=10356"}],"version-history":[{"count":1,"href":"https:\/\/www.mpppst.gob.ve\/mpppstweb\/index.php\/wp-json\/wp\/v2\/posts\/10356\/revisions"}],"predecessor-version":[{"id":10358,"href":"https:\/\/www.mpppst.gob.ve\/mpppstweb\/index.php\/wp-json\/wp\/v2\/posts\/10356\/revisions\/10358"}],"wp:featuredmedia":[{"embeddable":true,"href":"https:\/\/www.mpppst.gob.ve\/mpppstweb\/index.php\/wp-json\/wp\/v2\/media\/10357"}],"wp:attachment":[{"href":"https:\/\/www.mpppst.gob.ve\/mpppstweb\/index.php\/wp-json\/wp\/v2\/media?parent=10356"}],"wp:term":[{"taxonomy":"category","embeddable":true,"href":"https:\/\/www.mpppst.gob.ve\/mpppstweb\/index.php\/wp-json\/wp\/v2\/categories?post=10356"},{"taxonomy":"post_tag","embeddable":true,"href":"https:\/\/www.mpppst.gob.ve\/mpppstweb\/index.php\/wp-json\/wp\/v2\/tags?post=10356"}],"curies":[{"name":"wp","href":"https:\/\/api.w.org\/{rel}","templated":true}]}}