{"id":10360,"date":"2017-01-25T21:33:52","date_gmt":"2017-01-25T21:33:52","guid":{"rendered":"http:\/\/www.mpppst.gob.ve\/mpppstweb\/?p=10360"},"modified":"2017-01-25T21:33:52","modified_gmt":"2017-01-25T21:33:52","slug":"estado-mayor-de-la-clase-obrera-evalua-avances-en-materia-productiva","status":"publish","type":"post","link":"https:\/\/www.mpppst.gob.ve\/mpppstweb\/index.php\/2017\/01\/25\/estado-mayor-de-la-clase-obrera-evalua-avances-en-materia-productiva\/","title":{"rendered":"Estado Mayor de la Clase Obrera eval\u00faa avances en materia productiva"},"content":{"rendered":"<p>Prensa (MPPPST). En el marco del Consejo Productivo de Trabajadores, este 25 de enero se llev\u00f3 a cabo en el Instituto Nacional de Capacitaci\u00f3n y Recreaci\u00f3n de los Trabajadores\u00a0 (INCRET), una reuni\u00f3n del Estado Mayor de la Clase Obrera, para evaluar los avances que se han obtenido en materia productiva.<\/p>\n<p>El acto estuvo presidido por el Ministro del Poder Popular para el Proceso Social de Trabajo Francisco Torrealba, qui\u00e9n expres\u00f3 durante su intervenci\u00f3n que la clase obrera venezolana juega un papel fundamental en esta nueva etapa de la Revoluci\u00f3n Bolivariana.<\/p>\n<p>\u201cEl futuro de la Revoluci\u00f3n Bolivariana en buena parte recae en la clase obrera, de aqu\u00ed la importancia de esta reuni\u00f3n el d\u00eda de hoy\u201d.<\/p>\n<p>El Ministro Francisco Torrealba expres\u00f3 que la tarea principal del despacho que \u00e9l dirige, es fortalecer los Consejos Productivos de Trabajadores y las Columnas del Congreso de la Clase Obrera.<\/p>\n<p>Por su parte Carlos L\u00f3pez Coordinador Nacional de la Central Bolivariana Socialista de Trabajadores, encomend\u00f3 a cada miembro de los Consejos Productivo de Trabajadores (C.P.T) a supervisar cada empresa y f\u00e1brica para constatar el estado de producci\u00f3n de las mismas.<\/p>\n<p>\u201cHay que visitar cada empresa y f\u00e1brica para ver si los niveles de producci\u00f3n son los adecuados, para ver cu\u00e1les son las condiciones de los trabajadores, es una tarea importante que se nos ha encomendado compa\u00f1eros y tenemos que realizarla al pie de la letra\u201d, puntualiz\u00f3 L\u00f3pez.<\/p>\n<p>Durante la actividad distintos trabajadores expusieron al ministro Torrealba, los avances y trabas que han tenido durante las inspecciones de los Consejos Productivos de Trabajadores.<\/p>\n<p>Jes\u00fas Guedez, miembro del Consejo Productivo del Estado Vargas report\u00f3 las inspecciones que se realizaron en el estado Vargas, as\u00ed como solicit\u00f3 m\u00e1s apoyo de la Fuerza Armada Nacional Bolivariana para poder realizar las inspecciones.<\/p>\n<p>Frank Quijada, presidente del\u00a0Sindicato Nacional de Trabajadores Cerveceros, Refresqueros y Vin\u00edcolas (Sintracerliv), expres\u00f3 al ministro las injusticias que han tenido los trabajadores de empresas polar, quienes se han visto afectados con la paralizaci\u00f3n de algunas plantas por supuestas faltas de materias primas.<\/p>\n<p>\u201c8 mil trabajadores se encuentran fuera de sus puestos luego de que la empresa parar\u00e1 algunas plantas, ya solicitamos la reincorporaci\u00f3n amparado en el art\u00edculo 75 de la Ley del Trabajo, porque se tiene que hacer justicia\u201d.<\/p>\n<p><strong>Apoyo a los CPT<\/strong><\/p>\n<p>La Viceministra para Derechos y Relaciones Laborales, Leninna Galindo, destac\u00f3 que ya se comenzaron a realizar las notificaciones de los C.P.T para garantizar el amparo de la inamovilidad de los Trabajadores que integran este mecanismo.<\/p>\n<p>\u201cYa estamos realizando las notificaciones de los Consejos Productivos de Trabajadores para garantizar los puestos de trabajos de los integrantes de este mecanismo, hemos notificado 246 C.P.T a nivel nacional lo que equivale a 37.2% de avance en esta materia\u201d.<\/p>\n<p>Por su parte el Viceministro para el Sistema Integrado de Inspecci\u00f3n Laboral y de la Seguridad Social Jos\u00e9 Ram\u00f3n Rivero, dict\u00f3 las l\u00edneas a seguir para los consejos Productivos de Trabajadores y las Columnas del Congreso de la Clase Obrera.<\/p>\n<p>\u201cEstas tareas que tenemos son fundamentales para vencer la coyuntura actual por eso debemos seguir estas directrices para avanzar en estos mecanismos s\u00faper importante para la Revoluci\u00f3n Bolivariana\u201d.<\/p>\n<p>Por Carlos Palacios<\/p>\n","protected":false},"excerpt":{"rendered":"<p>Prensa (MPPPST). En el marco del Consejo Productivo de Trabajadores, este 25 de enero se llev\u00f3 &hellip; <a title=\"Estado Mayor de la Clase Obrera eval\u00faa avances en materia productiva\" class=\"hm-read-more\" href=\"https:\/\/www.mpppst.gob.ve\/mpppstweb\/index.php\/2017\/01\/25\/estado-mayor-de-la-clase-obrera-evalua-avances-en-materia-productiva\/\"><span class=\"screen-reader-text\">Estado Mayor de la Clase Obrera eval\u00faa avances en materia productiva<\/span>Read more<\/a><\/p>\n","protected":false},"author":25,"featured_media":10361,"comment_status":"closed","ping_status":"closed","sticky":false,"template":"","format":"standard","meta":{"footnotes":""},"categories":[82,83,163,84],"tags":[225,222,223,296],"yoast_head":"<!-- This site is optimized with the Yoast SEO plugin v22.5 - https:\/\/yoast.com\/wordpress\/plugins\/seo\/ -->\n<title>Estado Mayor de la Clase Obrera eval\u00faa avances en materia productiva - MPPPST<\/title>\n<meta name=\"robots\" content=\"index, follow, max-snippet:-1, max-image-preview:large, max-video-preview:-1\" \/>\n<link rel=\"canonical\" href=\"https:\/\/www.mpppst.gob.ve\/mpppstweb\/index.php\/2017\/01\/25\/estado-mayor-de-la-clase-obrera-evalua-avances-en-materia-productiva\/\" \/>\n<meta property=\"og:locale\" content=\"es_ES\" \/>\n<meta property=\"og:type\" content=\"article\" \/>\n<meta property=\"og:title\" content=\"Estado Mayor de la Clase Obrera eval\u00faa avances en materia productiva - MPPPST\" \/>\n<meta property=\"og:description\" content=\"Prensa (MPPPST). En el marco del Consejo Productivo de Trabajadores, este 25 de enero se llev\u00f3 &hellip; Estado Mayor de la Clase Obrera eval\u00faa avances en materia productivaRead more\" \/>\n<meta property=\"og:url\" content=\"https:\/\/www.mpppst.gob.ve\/mpppstweb\/index.php\/2017\/01\/25\/estado-mayor-de-la-clase-obrera-evalua-avances-en-materia-productiva\/\" \/>\n<meta property=\"og:site_name\" content=\"MPPPST\" \/>\n<meta property=\"article:published_time\" content=\"2017-01-25T21:33:52+00:00\" \/>\n<meta property=\"og:image\" content=\"https:\/\/www.mpppst.gob.ve\/mpppstweb\/wp-content\/uploads\/2017\/01\/IMG_1967.jpg\" \/>\n\t<meta property=\"og:image:width\" content=\"800\" \/>\n\t<meta property=\"og:image:height\" content=\"445\" \/>\n\t<meta property=\"og:image:type\" content=\"image\/jpeg\" \/>\n<meta name=\"author\" content=\"MPPPST Prensa\" \/>\n<meta name=\"twitter:card\" content=\"summary_large_image\" \/>\n<meta name=\"twitter:label1\" content=\"Escrito por\" \/>\n\t<meta name=\"twitter:data1\" content=\"MPPPST Prensa\" \/>\n\t<meta name=\"twitter:label2\" content=\"Tiempo de lectura\" \/>\n\t<meta name=\"twitter:data2\" content=\"3 minutos\" \/>\n<script type=\"application\/ld+json\" class=\"yoast-schema-graph\">{\"@context\":\"https:\/\/schema.org\",\"@graph\":[{\"@type\":\"Article\",\"@id\":\"https:\/\/www.mpppst.gob.ve\/mpppstweb\/index.php\/2017\/01\/25\/estado-mayor-de-la-clase-obrera-evalua-avances-en-materia-productiva\/#article\",\"isPartOf\":{\"@id\":\"https:\/\/www.mpppst.gob.ve\/mpppstweb\/index.php\/2017\/01\/25\/estado-mayor-de-la-clase-obrera-evalua-avances-en-materia-productiva\/\"},\"author\":{\"name\":\"MPPPST Prensa\",\"@id\":\"https:\/\/www.mpppst.gob.ve\/mpppstweb\/#\/schema\/person\/fc187ee8ead412bd4c9304b62f900ea4\"},\"headline\":\"Estado Mayor de la Clase Obrera eval\u00faa avances en materia productiva\",\"datePublished\":\"2017-01-25T21:33:52+00:00\",\"dateModified\":\"2017-01-25T21:33:52+00:00\",\"mainEntityOfPage\":{\"@id\":\"https:\/\/www.mpppst.gob.ve\/mpppstweb\/index.php\/2017\/01\/25\/estado-mayor-de-la-clase-obrera-evalua-avances-en-materia-productiva\/\"},\"wordCount\":563,\"publisher\":{\"@id\":\"https:\/\/www.mpppst.gob.ve\/mpppstweb\/#organization\"},\"image\":{\"@id\":\"https:\/\/www.mpppst.gob.ve\/mpppstweb\/index.php\/2017\/01\/25\/estado-mayor-de-la-clase-obrera-evalua-avances-en-materia-productiva\/#primaryimage\"},\"thumbnailUrl\":\"https:\/\/www.mpppst.gob.ve\/mpppstweb\/wp-content\/uploads\/2017\/01\/IMG_1967.jpg\",\"keywords\":[\"Fuerza Laboral\",\"Gobierno Bolivariano\",\"MPPPST\",\"Torrealba\"],\"articleSection\":[\"Gobierno Nacional\",\"Ministerio\",\"Noticias\",\"Vida Laboral y Sindical\"],\"inLanguage\":\"es\"},{\"@type\":\"WebPage\",\"@id\":\"https:\/\/www.mpppst.gob.ve\/mpppstweb\/index.php\/2017\/01\/25\/estado-mayor-de-la-clase-obrera-evalua-avances-en-materia-productiva\/\",\"url\":\"https:\/\/www.mpppst.gob.ve\/mpppstweb\/index.php\/2017\/01\/25\/estado-mayor-de-la-clase-obrera-evalua-avances-en-materia-productiva\/\",\"name\":\"Estado Mayor de la Clase Obrera eval\u00faa avances en materia productiva - MPPPST\",\"isPartOf\":{\"@id\":\"https:\/\/www.mpppst.gob.ve\/mpppstweb\/#website\"},\"primaryImageOfPage\":{\"@id\":\"https:\/\/www.mpppst.gob.ve\/mpppstweb\/index.php\/2017\/01\/25\/estado-mayor-de-la-clase-obrera-evalua-avances-en-materia-productiva\/#primaryimage\"},\"image\":{\"@id\":\"https:\/\/www.mpppst.gob.ve\/mpppstweb\/index.php\/2017\/01\/25\/estado-mayor-de-la-clase-obrera-evalua-avances-en-materia-productiva\/#primaryimage\"},\"thumbnailUrl\":\"https:\/\/www.mpppst.gob.ve\/mpppstweb\/wp-content\/uploads\/2017\/01\/IMG_1967.jpg\",\"datePublished\":\"2017-01-25T21:33:52+00:00\",\"dateModified\":\"2017-01-25T21:33:52+00:00\",\"breadcrumb\":{\"@id\":\"https:\/\/www.mpppst.gob.ve\/mpppstweb\/index.php\/2017\/01\/25\/estado-mayor-de-la-clase-obrera-evalua-avances-en-materia-productiva\/#breadcrumb\"},\"inLanguage\":\"es\",\"potentialAction\":[{\"@type\":\"ReadAction\",\"target\":[\"https:\/\/www.mpppst.gob.ve\/mpppstweb\/index.php\/2017\/01\/25\/estado-mayor-de-la-clase-obrera-evalua-avances-en-materia-productiva\/\"]}]},{\"@type\":\"ImageObject\",\"inLanguage\":\"es\",\"@id\":\"https:\/\/www.mpppst.gob.ve\/mpppstweb\/index.php\/2017\/01\/25\/estado-mayor-de-la-clase-obrera-evalua-avances-en-materia-productiva\/#primaryimage\",\"url\":\"https:\/\/www.mpppst.gob.ve\/mpppstweb\/wp-content\/uploads\/2017\/01\/IMG_1967.jpg\",\"contentUrl\":\"https:\/\/www.mpppst.gob.ve\/mpppstweb\/wp-content\/uploads\/2017\/01\/IMG_1967.jpg\",\"width\":800,\"height\":445},{\"@type\":\"BreadcrumbList\",\"@id\":\"https:\/\/www.mpppst.gob.ve\/mpppstweb\/index.php\/2017\/01\/25\/estado-mayor-de-la-clase-obrera-evalua-avances-en-materia-productiva\/#breadcrumb\",\"itemListElement\":[{\"@type\":\"ListItem\",\"position\":1,\"name\":\"Home\",\"item\":\"https:\/\/www.mpppst.gob.ve\/mpppstweb\/\"},{\"@type\":\"ListItem\",\"position\":2,\"name\":\"Estado Mayor de la Clase Obrera eval\u00faa avances en materia productiva\"}]},{\"@type\":\"WebSite\",\"@id\":\"https:\/\/www.mpppst.gob.ve\/mpppstweb\/#website\",\"url\":\"https:\/\/www.mpppst.gob.ve\/mpppstweb\/\",\"name\":\"MPPPST\",\"description\":\"Ministerio del Poder Popular para el Proceso Social de Trabajo\",\"publisher\":{\"@id\":\"https:\/\/www.mpppst.gob.ve\/mpppstweb\/#organization\"},\"potentialAction\":[{\"@type\":\"SearchAction\",\"target\":{\"@type\":\"EntryPoint\",\"urlTemplate\":\"https:\/\/www.mpppst.gob.ve\/mpppstweb\/?s={search_term_string}\"},\"query-input\":\"required name=search_term_string\"}],\"inLanguage\":\"es\"},{\"@type\":\"Organization\",\"@id\":\"https:\/\/www.mpppst.gob.ve\/mpppstweb\/#organization\",\"name\":\"mpppst\",\"url\":\"https:\/\/www.mpppst.gob.ve\/mpppstweb\/\",\"logo\":{\"@type\":\"ImageObject\",\"inLanguage\":\"es\",\"@id\":\"https:\/\/www.mpppst.gob.ve\/mpppstweb\/#\/schema\/logo\/image\/\",\"url\":\"https:\/\/www.mpppst.gob.ve\/mpppstweb\/wp-content\/uploads\/2025\/07\/cropped-cropped-g910.png\",\"contentUrl\":\"https:\/\/www.mpppst.gob.ve\/mpppstweb\/wp-content\/uploads\/2025\/07\/cropped-cropped-g910.png\",\"width\":1080,\"height\":241,\"caption\":\"mpppst\"},\"image\":{\"@id\":\"https:\/\/www.mpppst.gob.ve\/mpppstweb\/#\/schema\/logo\/image\/\"}},{\"@type\":\"Person\",\"@id\":\"https:\/\/www.mpppst.gob.ve\/mpppstweb\/#\/schema\/person\/fc187ee8ead412bd4c9304b62f900ea4\",\"name\":\"MPPPST Prensa\",\"url\":\"https:\/\/www.mpppst.gob.ve\/mpppstweb\/index.php\/author\/prensa-mpppst\/\"}]}<\/script>\n<!-- \/ Yoast SEO plugin. -->","yoast_head_json":{"title":"Estado Mayor de la Clase Obrera eval\u00faa avances en materia productiva - MPPPST","robots":{"index":"index","follow":"follow","max-snippet":"max-snippet:-1","max-image-preview":"max-image-preview:large","max-video-preview":"max-video-preview:-1"},"canonical":"https:\/\/www.mpppst.gob.ve\/mpppstweb\/index.php\/2017\/01\/25\/estado-mayor-de-la-clase-obrera-evalua-avances-en-materia-productiva\/","og_locale":"es_ES","og_type":"article","og_title":"Estado Mayor de la Clase Obrera eval\u00faa avances en materia productiva - MPPPST","og_description":"Prensa (MPPPST). En el marco del Consejo Productivo de Trabajadores, este 25 de enero se llev\u00f3 &hellip; Estado Mayor de la Clase Obrera eval\u00faa avances en materia productivaRead more","og_url":"https:\/\/www.mpppst.gob.ve\/mpppstweb\/index.php\/2017\/01\/25\/estado-mayor-de-la-clase-obrera-evalua-avances-en-materia-productiva\/","og_site_name":"MPPPST","article_published_time":"2017-01-25T21:33:52+00:00","og_image":[{"width":800,"height":445,"url":"https:\/\/www.mpppst.gob.ve\/mpppstweb\/wp-content\/uploads\/2017\/01\/IMG_1967.jpg","type":"image\/jpeg"}],"author":"MPPPST Prensa","twitter_card":"summary_large_image","twitter_misc":{"Escrito por":"MPPPST Prensa","Tiempo de lectura":"3 minutos"},"schema":{"@context":"https:\/\/schema.org","@graph":[{"@type":"Article","@id":"https:\/\/www.mpppst.gob.ve\/mpppstweb\/index.php\/2017\/01\/25\/estado-mayor-de-la-clase-obrera-evalua-avances-en-materia-productiva\/#article","isPartOf":{"@id":"https:\/\/www.mpppst.gob.ve\/mpppstweb\/index.php\/2017\/01\/25\/estado-mayor-de-la-clase-obrera-evalua-avances-en-materia-productiva\/"},"author":{"name":"MPPPST Prensa","@id":"https:\/\/www.mpppst.gob.ve\/mpppstweb\/#\/schema\/person\/fc187ee8ead412bd4c9304b62f900ea4"},"headline":"Estado Mayor de la Clase Obrera eval\u00faa avances en materia productiva","datePublished":"2017-01-25T21:33:52+00:00","dateModified":"2017-01-25T21:33:52+00:00","mainEntityOfPage":{"@id":"https:\/\/www.mpppst.gob.ve\/mpppstweb\/index.php\/2017\/01\/25\/estado-mayor-de-la-clase-obrera-evalua-avances-en-materia-productiva\/"},"wordCount":563,"publisher":{"@id":"https:\/\/www.mpppst.gob.ve\/mpppstweb\/#organization"},"image":{"@id":"https:\/\/www.mpppst.gob.ve\/mpppstweb\/index.php\/2017\/01\/25\/estado-mayor-de-la-clase-obrera-evalua-avances-en-materia-productiva\/#primaryimage"},"thumbnailUrl":"https:\/\/www.mpppst.gob.ve\/mpppstweb\/wp-content\/uploads\/2017\/01\/IMG_1967.jpg","keywords":["Fuerza Laboral","Gobierno Bolivariano","MPPPST","Torrealba"],"articleSection":["Gobierno Nacional","Ministerio","Noticias","Vida Laboral y Sindical"],"inLanguage":"es"},{"@type":"WebPage","@id":"https:\/\/www.mpppst.gob.ve\/mpppstweb\/index.php\/2017\/01\/25\/estado-mayor-de-la-clase-obrera-evalua-avances-en-materia-productiva\/","url":"https:\/\/www.mpppst.gob.ve\/mpppstweb\/index.php\/2017\/01\/25\/estado-mayor-de-la-clase-obrera-evalua-avances-en-materia-productiva\/","name":"Estado Mayor de la Clase Obrera eval\u00faa avances en materia productiva - MPPPST","isPartOf":{"@id":"https:\/\/www.mpppst.gob.ve\/mpppstweb\/#website"},"primaryImageOfPage":{"@id":"https:\/\/www.mpppst.gob.ve\/mpppstweb\/index.php\/2017\/01\/25\/estado-mayor-de-la-clase-obrera-evalua-avances-en-materia-productiva\/#primaryimage"},"image":{"@id":"https:\/\/www.mpppst.gob.ve\/mpppstweb\/index.php\/2017\/01\/25\/estado-mayor-de-la-clase-obrera-evalua-avances-en-materia-productiva\/#primaryimage"},"thumbnailUrl":"https:\/\/www.mpppst.gob.ve\/mpppstweb\/wp-content\/uploads\/2017\/01\/IMG_1967.jpg","datePublished":"2017-01-25T21:33:52+00:00","dateModified":"2017-01-25T21:33:52+00:00","breadcrumb":{"@id":"https:\/\/www.mpppst.gob.ve\/mpppstweb\/index.php\/2017\/01\/25\/estado-mayor-de-la-clase-obrera-evalua-avances-en-materia-productiva\/#breadcrumb"},"inLanguage":"es","potentialAction":[{"@type":"ReadAction","target":["https:\/\/www.mpppst.gob.ve\/mpppstweb\/index.php\/2017\/01\/25\/estado-mayor-de-la-clase-obrera-evalua-avances-en-materia-productiva\/"]}]},{"@type":"ImageObject","inLanguage":"es","@id":"https:\/\/www.mpppst.gob.ve\/mpppstweb\/index.php\/2017\/01\/25\/estado-mayor-de-la-clase-obrera-evalua-avances-en-materia-productiva\/#primaryimage","url":"https:\/\/www.mpppst.gob.ve\/mpppstweb\/wp-content\/uploads\/2017\/01\/IMG_1967.jpg","contentUrl":"https:\/\/www.mpppst.gob.ve\/mpppstweb\/wp-content\/uploads\/2017\/01\/IMG_1967.jpg","width":800,"height":445},{"@type":"BreadcrumbList","@id":"https:\/\/www.mpppst.gob.ve\/mpppstweb\/index.php\/2017\/01\/25\/estado-mayor-de-la-clase-obrera-evalua-avances-en-materia-productiva\/#breadcrumb","itemListElement":[{"@type":"ListItem","position":1,"name":"Home","item":"https:\/\/www.mpppst.gob.ve\/mpppstweb\/"},{"@type":"ListItem","position":2,"name":"Estado Mayor de la Clase Obrera eval\u00faa avances en materia productiva"}]},{"@type":"WebSite","@id":"https:\/\/www.mpppst.gob.ve\/mpppstweb\/#website","url":"https:\/\/www.mpppst.gob.ve\/mpppstweb\/","name":"MPPPST","description":"Ministerio del Poder Popular para el Proceso Social de Trabajo","publisher":{"@id":"https:\/\/www.mpppst.gob.ve\/mpppstweb\/#organization"},"potentialAction":[{"@type":"SearchAction","target":{"@type":"EntryPoint","urlTemplate":"https:\/\/www.mpppst.gob.ve\/mpppstweb\/?s={search_term_string}"},"query-input":"required name=search_term_string"}],"inLanguage":"es"},{"@type":"Organization","@id":"https:\/\/www.mpppst.gob.ve\/mpppstweb\/#organization","name":"mpppst","url":"https:\/\/www.mpppst.gob.ve\/mpppstweb\/","logo":{"@type":"ImageObject","inLanguage":"es","@id":"https:\/\/www.mpppst.gob.ve\/mpppstweb\/#\/schema\/logo\/image\/","url":"https:\/\/www.mpppst.gob.ve\/mpppstweb\/wp-content\/uploads\/2025\/07\/cropped-cropped-g910.png","contentUrl":"https:\/\/www.mpppst.gob.ve\/mpppstweb\/wp-content\/uploads\/2025\/07\/cropped-cropped-g910.png","width":1080,"height":241,"caption":"mpppst"},"image":{"@id":"https:\/\/www.mpppst.gob.ve\/mpppstweb\/#\/schema\/logo\/image\/"}},{"@type":"Person","@id":"https:\/\/www.mpppst.gob.ve\/mpppstweb\/#\/schema\/person\/fc187ee8ead412bd4c9304b62f900ea4","name":"MPPPST Prensa","url":"https:\/\/www.mpppst.gob.ve\/mpppstweb\/index.php\/author\/prensa-mpppst\/"}]}},"_links":{"self":[{"href":"https:\/\/www.mpppst.gob.ve\/mpppstweb\/index.php\/wp-json\/wp\/v2\/posts\/10360"}],"collection":[{"href":"https:\/\/www.mpppst.gob.ve\/mpppstweb\/index.php\/wp-json\/wp\/v2\/posts"}],"about":[{"href":"https:\/\/www.mpppst.gob.ve\/mpppstweb\/index.php\/wp-json\/wp\/v2\/types\/post"}],"author":[{"embeddable":true,"href":"https:\/\/www.mpppst.gob.ve\/mpppstweb\/index.php\/wp-json\/wp\/v2\/users\/25"}],"replies":[{"embeddable":true,"href":"https:\/\/www.mpppst.gob.ve\/mpppstweb\/index.php\/wp-json\/wp\/v2\/comments?post=10360"}],"version-history":[{"count":1,"href":"https:\/\/www.mpppst.gob.ve\/mpppstweb\/index.php\/wp-json\/wp\/v2\/posts\/10360\/revisions"}],"predecessor-version":[{"id":10362,"href":"https:\/\/www.mpppst.gob.ve\/mpppstweb\/index.php\/wp-json\/wp\/v2\/posts\/10360\/revisions\/10362"}],"wp:featuredmedia":[{"embeddable":true,"href":"https:\/\/www.mpppst.gob.ve\/mpppstweb\/index.php\/wp-json\/wp\/v2\/media\/10361"}],"wp:attachment":[{"href":"https:\/\/www.mpppst.gob.ve\/mpppstweb\/index.php\/wp-json\/wp\/v2\/media?parent=10360"}],"wp:term":[{"taxonomy":"category","embeddable":true,"href":"https:\/\/www.mpppst.gob.ve\/mpppstweb\/index.php\/wp-json\/wp\/v2\/categories?post=10360"},{"taxonomy":"post_tag","embeddable":true,"href":"https:\/\/www.mpppst.gob.ve\/mpppstweb\/index.php\/wp-json\/wp\/v2\/tags?post=10360"}],"curies":[{"name":"wp","href":"https:\/\/api.w.org\/{rel}","templated":true}]}}