{"id":10363,"date":"2017-01-25T22:26:50","date_gmt":"2017-01-25T22:26:50","guid":{"rendered":"http:\/\/www.mpppst.gob.ve\/mpppstweb\/?p=10363"},"modified":"2017-01-25T22:27:28","modified_gmt":"2017-01-25T22:27:28","slug":"venezuela-llama-a-la-integracion-y-se-pone-al-servicio-de-los-pueblos-para-gestar-una-nueva-union","status":"publish","type":"post","link":"https:\/\/www.mpppst.gob.ve\/mpppstweb\/index.php\/2017\/01\/25\/venezuela-llama-a-la-integracion-y-se-pone-al-servicio-de-los-pueblos-para-gestar-una-nueva-union\/","title":{"rendered":"Venezuela llama a la integraci\u00f3n y se pone al servicio de los pueblos para gestar una nueva uni\u00f3n"},"content":{"rendered":"<p>Prensa Mippci.- \u00abVenezuela viene a hacer un llamado a la uni\u00f3n y ponerse al servicio de los pueblos para gestar una nueva uni\u00f3n necesaria\u00bb, dijo el presidente de la Rep\u00fablica Bolivariana de Venezuela, Nicol\u00e1s Maduro al tomar la palabra durante la sesi\u00f3n plenaria de la V Cumbre de la Comunidad de Estados Latinoamericanos y Caribe\u00f1os que se celebra en Punta Cana, Rep\u00fablica Dominicana.<\/p>\n<p>\u00abEste siglo que a\u00fan empieza y transita hacia su segunda d\u00e9cada, tiene que ser nuestro siglo, grandes cambios hay ahora en el mundo, un mundo que se estremece y hay varias opciones una: no o\u00edr, callar y no ver o la opci\u00f3n que hemos tomado de reconocer profundos cambios y que hoy queridos compatriotas nos confirma que nos necesitamos m\u00e1s que nunca para estar juntos y encarar, con la diversidad y el patrimonio com\u00fan, juntos y unidos los retos de este mundo que se conmueve y se mueve\u00bb, agreg\u00f3.<\/p>\n<p>El presidente Maduro respald\u00f3, aun cuando parezca dram\u00e1tico, la idea de su hom\u00f3logo nicarag\u00fcense, Daniel Ortega de una declaratoria de emergencia ante los cambios que afrontan las econom\u00edas, las finanzas p\u00fablicas y ante fen\u00f3menos como el de los movimientos migratorios. \u00abLa amenaza es cierta, est\u00e1 ah\u00ed, latente\u00bb.<\/p>\n<p>\u00abTenemos un instrumento poderos\u00edsimo (la Celac), por primera vez en 500 a\u00f1os, y debemos ser \u00e1giles para activarlo y atender los temas pendientes. Ha llegado la hora de una nueva uni\u00f3n para Am\u00e9rica Latina y el Caribe. Nuestro camino es un camino de unidad\u00bb, apunt\u00f3.<\/p>\n<p>Asegur\u00f3 el presidente Maduro que este planteamiento fue tambi\u00e9n abordado durante la reuni\u00f3n privada que sostuvieran previo al acto central de debate, que cuenta con transmisi\u00f3n televisiva, resaltando haber sugerido_ ante las preocupaciones y expectativas compartidas_ ser optimistas pero no optimistas fantasiosos sino optimistas reales \u00abporque este siglo XXI ha empezado bien para Am\u00e9rica Latina y el Caribe y el hecho que estemos haciendo esta quinta cumbre oficial_ la octava si contamos sus reuniones preparatorias_ y que estemos celebrando un nuevo consenso en construcci\u00f3n como lo llaman algunos amigos en Am\u00e9rica Latina, y aprobando un documento con propuestas centrales de los grandes temas de nuestros pa\u00edses y el mundo, es una se\u00f1al importante que debe ser ratificada\u00bb.<\/p>\n<p>M\u00e1s encuentros extraordinarios<\/p>\n<p>Una agenda de consulta y decisiones presidenciales para valorar la vida econ\u00f3mica, social, pol\u00edtica, migratoria y cultural de la comunidad Celac fueron algunas de las propuestas presentadas por Venezuela e incluso el jefe de Estado venezolano propone el establecimiento de un mecanismo de consulta permanente que lleve asumir \u00abcomo lo ha propuesto (Daniel) Ortega, una Cumbre Extraordinaria de la Celac para abordar todos los temas de la realidad de Nuestra Am\u00e9rica y de este mundo en desarrollo\u00bb.<\/p>\n<p>Un referente de la Celac, es la experiencia de la Uni\u00f3n Europea, bloque integracionista que celebra al menos cinco reuniones anuales, ante lo cual asegur\u00f3 el presidente Maduro, ser\u00eda importante asumir una agenda de temas prioritarios que sea evaluada de manera permanente bajo la coordinaci\u00f3n del cuarteto de pa\u00edses que dirige, de manera rotatoria, a la comunidad latinocaribe\u00f1a.<\/p>\n<p>\u00abEstoy seguro, tengo la certeza de que nuestra regi\u00f3n present\u00e1ndose unida con un criterio com\u00fan sobre temas vitales lograr\u00e1 revertir cualquier decisi\u00f3n que pretenda afectar la vida y los derechos de nuestros pueblos y har\u00e1 imponer la justeza. Juntos present\u00e1ndonos y practicando una nueva solidaridad en nuestra comunidad, por el ejemplo, ser\u00e1 baluarte moral de los meses que est\u00e1n por venir\u00bb.<\/p>\n","protected":false},"excerpt":{"rendered":"<p>Prensa Mippci.- \u00abVenezuela viene a hacer un llamado a la uni\u00f3n y ponerse al servicio de &hellip; <a title=\"Venezuela llama a la integraci\u00f3n y se pone al servicio de los pueblos para gestar una nueva uni\u00f3n\" class=\"hm-read-more\" href=\"https:\/\/www.mpppst.gob.ve\/mpppstweb\/index.php\/2017\/01\/25\/venezuela-llama-a-la-integracion-y-se-pone-al-servicio-de-los-pueblos-para-gestar-una-nueva-union\/\"><span class=\"screen-reader-text\">Venezuela llama a la integraci\u00f3n y se pone al servicio de los pueblos para gestar una nueva uni\u00f3n<\/span>Read more<\/a><\/p>\n","protected":false},"author":25,"featured_media":10364,"comment_status":"closed","ping_status":"closed","sticky":false,"template":"","format":"standard","meta":{"footnotes":""},"categories":[82,8,163],"tags":[314,222,245],"yoast_head":"<!-- This site is optimized with the Yoast SEO plugin v22.5 - https:\/\/yoast.com\/wordpress\/plugins\/seo\/ -->\n<title>Venezuela llama a la integraci\u00f3n y se pone al servicio de los pueblos para gestar una nueva uni\u00f3n - MPPPST<\/title>\n<meta name=\"robots\" content=\"index, follow, max-snippet:-1, max-image-preview:large, max-video-preview:-1\" \/>\n<link rel=\"canonical\" href=\"https:\/\/www.mpppst.gob.ve\/mpppstweb\/index.php\/2017\/01\/25\/venezuela-llama-a-la-integracion-y-se-pone-al-servicio-de-los-pueblos-para-gestar-una-nueva-union\/\" \/>\n<meta property=\"og:locale\" content=\"es_ES\" \/>\n<meta property=\"og:type\" content=\"article\" \/>\n<meta property=\"og:title\" content=\"Venezuela llama a la integraci\u00f3n y se pone al servicio de los pueblos para gestar una nueva uni\u00f3n - MPPPST\" \/>\n<meta property=\"og:description\" content=\"Prensa Mippci.- \u00abVenezuela viene a hacer un llamado a la uni\u00f3n y ponerse al servicio de &hellip; Venezuela llama a la integraci\u00f3n y se pone al servicio de los pueblos para gestar una nueva uni\u00f3nRead more\" \/>\n<meta property=\"og:url\" content=\"https:\/\/www.mpppst.gob.ve\/mpppstweb\/index.php\/2017\/01\/25\/venezuela-llama-a-la-integracion-y-se-pone-al-servicio-de-los-pueblos-para-gestar-una-nueva-union\/\" \/>\n<meta property=\"og:site_name\" content=\"MPPPST\" \/>\n<meta property=\"article:published_time\" content=\"2017-01-25T22:26:50+00:00\" \/>\n<meta property=\"article:modified_time\" content=\"2017-01-25T22:27:28+00:00\" \/>\n<meta property=\"og:image\" content=\"https:\/\/www.mpppst.gob.ve\/mpppstweb\/wp-content\/uploads\/2017\/01\/maduro-celac.jpg\" \/>\n\t<meta property=\"og:image:width\" content=\"800\" \/>\n\t<meta property=\"og:image:height\" content=\"445\" \/>\n\t<meta property=\"og:image:type\" content=\"image\/jpeg\" \/>\n<meta name=\"author\" content=\"MPPPST Prensa\" \/>\n<meta name=\"twitter:card\" content=\"summary_large_image\" \/>\n<meta name=\"twitter:label1\" content=\"Escrito por\" \/>\n\t<meta name=\"twitter:data1\" content=\"MPPPST Prensa\" \/>\n\t<meta name=\"twitter:label2\" content=\"Tiempo de lectura\" \/>\n\t<meta name=\"twitter:data2\" content=\"3 minutos\" \/>\n<script type=\"application\/ld+json\" class=\"yoast-schema-graph\">{\"@context\":\"https:\/\/schema.org\",\"@graph\":[{\"@type\":\"Article\",\"@id\":\"https:\/\/www.mpppst.gob.ve\/mpppstweb\/index.php\/2017\/01\/25\/venezuela-llama-a-la-integracion-y-se-pone-al-servicio-de-los-pueblos-para-gestar-una-nueva-union\/#article\",\"isPartOf\":{\"@id\":\"https:\/\/www.mpppst.gob.ve\/mpppstweb\/index.php\/2017\/01\/25\/venezuela-llama-a-la-integracion-y-se-pone-al-servicio-de-los-pueblos-para-gestar-una-nueva-union\/\"},\"author\":{\"name\":\"MPPPST Prensa\",\"@id\":\"https:\/\/www.mpppst.gob.ve\/mpppstweb\/#\/schema\/person\/fc187ee8ead412bd4c9304b62f900ea4\"},\"headline\":\"Venezuela llama a la integraci\u00f3n y se pone al servicio de los pueblos para gestar una nueva uni\u00f3n\",\"datePublished\":\"2017-01-25T22:26:50+00:00\",\"dateModified\":\"2017-01-25T22:27:28+00:00\",\"mainEntityOfPage\":{\"@id\":\"https:\/\/www.mpppst.gob.ve\/mpppstweb\/index.php\/2017\/01\/25\/venezuela-llama-a-la-integracion-y-se-pone-al-servicio-de-los-pueblos-para-gestar-una-nueva-union\/\"},\"wordCount\":626,\"publisher\":{\"@id\":\"https:\/\/www.mpppst.gob.ve\/mpppstweb\/#organization\"},\"image\":{\"@id\":\"https:\/\/www.mpppst.gob.ve\/mpppstweb\/index.php\/2017\/01\/25\/venezuela-llama-a-la-integracion-y-se-pone-al-servicio-de-los-pueblos-para-gestar-una-nueva-union\/#primaryimage\"},\"thumbnailUrl\":\"https:\/\/www.mpppst.gob.ve\/mpppstweb\/wp-content\/uploads\/2017\/01\/maduro-celac.jpg\",\"keywords\":[\"CELAC\",\"Gobierno Bolivariano\",\"internacionales\"],\"articleSection\":[\"Gobierno Nacional\",\"Internacionales\",\"Noticias\"],\"inLanguage\":\"es\"},{\"@type\":\"WebPage\",\"@id\":\"https:\/\/www.mpppst.gob.ve\/mpppstweb\/index.php\/2017\/01\/25\/venezuela-llama-a-la-integracion-y-se-pone-al-servicio-de-los-pueblos-para-gestar-una-nueva-union\/\",\"url\":\"https:\/\/www.mpppst.gob.ve\/mpppstweb\/index.php\/2017\/01\/25\/venezuela-llama-a-la-integracion-y-se-pone-al-servicio-de-los-pueblos-para-gestar-una-nueva-union\/\",\"name\":\"Venezuela llama a la integraci\u00f3n y se pone al servicio de los pueblos para gestar una nueva uni\u00f3n - MPPPST\",\"isPartOf\":{\"@id\":\"https:\/\/www.mpppst.gob.ve\/mpppstweb\/#website\"},\"primaryImageOfPage\":{\"@id\":\"https:\/\/www.mpppst.gob.ve\/mpppstweb\/index.php\/2017\/01\/25\/venezuela-llama-a-la-integracion-y-se-pone-al-servicio-de-los-pueblos-para-gestar-una-nueva-union\/#primaryimage\"},\"image\":{\"@id\":\"https:\/\/www.mpppst.gob.ve\/mpppstweb\/index.php\/2017\/01\/25\/venezuela-llama-a-la-integracion-y-se-pone-al-servicio-de-los-pueblos-para-gestar-una-nueva-union\/#primaryimage\"},\"thumbnailUrl\":\"https:\/\/www.mpppst.gob.ve\/mpppstweb\/wp-content\/uploads\/2017\/01\/maduro-celac.jpg\",\"datePublished\":\"2017-01-25T22:26:50+00:00\",\"dateModified\":\"2017-01-25T22:27:28+00:00\",\"breadcrumb\":{\"@id\":\"https:\/\/www.mpppst.gob.ve\/mpppstweb\/index.php\/2017\/01\/25\/venezuela-llama-a-la-integracion-y-se-pone-al-servicio-de-los-pueblos-para-gestar-una-nueva-union\/#breadcrumb\"},\"inLanguage\":\"es\",\"potentialAction\":[{\"@type\":\"ReadAction\",\"target\":[\"https:\/\/www.mpppst.gob.ve\/mpppstweb\/index.php\/2017\/01\/25\/venezuela-llama-a-la-integracion-y-se-pone-al-servicio-de-los-pueblos-para-gestar-una-nueva-union\/\"]}]},{\"@type\":\"ImageObject\",\"inLanguage\":\"es\",\"@id\":\"https:\/\/www.mpppst.gob.ve\/mpppstweb\/index.php\/2017\/01\/25\/venezuela-llama-a-la-integracion-y-se-pone-al-servicio-de-los-pueblos-para-gestar-una-nueva-union\/#primaryimage\",\"url\":\"https:\/\/www.mpppst.gob.ve\/mpppstweb\/wp-content\/uploads\/2017\/01\/maduro-celac.jpg\",\"contentUrl\":\"https:\/\/www.mpppst.gob.ve\/mpppstweb\/wp-content\/uploads\/2017\/01\/maduro-celac.jpg\",\"width\":800,\"height\":445},{\"@type\":\"BreadcrumbList\",\"@id\":\"https:\/\/www.mpppst.gob.ve\/mpppstweb\/index.php\/2017\/01\/25\/venezuela-llama-a-la-integracion-y-se-pone-al-servicio-de-los-pueblos-para-gestar-una-nueva-union\/#breadcrumb\",\"itemListElement\":[{\"@type\":\"ListItem\",\"position\":1,\"name\":\"Home\",\"item\":\"https:\/\/www.mpppst.gob.ve\/mpppstweb\/\"},{\"@type\":\"ListItem\",\"position\":2,\"name\":\"Venezuela llama a la integraci\u00f3n y se pone al servicio de los pueblos para gestar una nueva uni\u00f3n\"}]},{\"@type\":\"WebSite\",\"@id\":\"https:\/\/www.mpppst.gob.ve\/mpppstweb\/#website\",\"url\":\"https:\/\/www.mpppst.gob.ve\/mpppstweb\/\",\"name\":\"MPPPST\",\"description\":\"Ministerio del Poder Popular para el Proceso Social de Trabajo\",\"publisher\":{\"@id\":\"https:\/\/www.mpppst.gob.ve\/mpppstweb\/#organization\"},\"potentialAction\":[{\"@type\":\"SearchAction\",\"target\":{\"@type\":\"EntryPoint\",\"urlTemplate\":\"https:\/\/www.mpppst.gob.ve\/mpppstweb\/?s={search_term_string}\"},\"query-input\":\"required name=search_term_string\"}],\"inLanguage\":\"es\"},{\"@type\":\"Organization\",\"@id\":\"https:\/\/www.mpppst.gob.ve\/mpppstweb\/#organization\",\"name\":\"mpppst\",\"url\":\"https:\/\/www.mpppst.gob.ve\/mpppstweb\/\",\"logo\":{\"@type\":\"ImageObject\",\"inLanguage\":\"es\",\"@id\":\"https:\/\/www.mpppst.gob.ve\/mpppstweb\/#\/schema\/logo\/image\/\",\"url\":\"https:\/\/www.mpppst.gob.ve\/mpppstweb\/wp-content\/uploads\/2025\/07\/cropped-cropped-g910.png\",\"contentUrl\":\"https:\/\/www.mpppst.gob.ve\/mpppstweb\/wp-content\/uploads\/2025\/07\/cropped-cropped-g910.png\",\"width\":1080,\"height\":241,\"caption\":\"mpppst\"},\"image\":{\"@id\":\"https:\/\/www.mpppst.gob.ve\/mpppstweb\/#\/schema\/logo\/image\/\"}},{\"@type\":\"Person\",\"@id\":\"https:\/\/www.mpppst.gob.ve\/mpppstweb\/#\/schema\/person\/fc187ee8ead412bd4c9304b62f900ea4\",\"name\":\"MPPPST Prensa\",\"url\":\"https:\/\/www.mpppst.gob.ve\/mpppstweb\/index.php\/author\/prensa-mpppst\/\"}]}<\/script>\n<!-- \/ Yoast SEO plugin. -->","yoast_head_json":{"title":"Venezuela llama a la integraci\u00f3n y se pone al servicio de los pueblos para gestar una nueva uni\u00f3n - MPPPST","robots":{"index":"index","follow":"follow","max-snippet":"max-snippet:-1","max-image-preview":"max-image-preview:large","max-video-preview":"max-video-preview:-1"},"canonical":"https:\/\/www.mpppst.gob.ve\/mpppstweb\/index.php\/2017\/01\/25\/venezuela-llama-a-la-integracion-y-se-pone-al-servicio-de-los-pueblos-para-gestar-una-nueva-union\/","og_locale":"es_ES","og_type":"article","og_title":"Venezuela llama a la integraci\u00f3n y se pone al servicio de los pueblos para gestar una nueva uni\u00f3n - MPPPST","og_description":"Prensa Mippci.- \u00abVenezuela viene a hacer un llamado a la uni\u00f3n y ponerse al servicio de &hellip; Venezuela llama a la integraci\u00f3n y se pone al servicio de los pueblos para gestar una nueva uni\u00f3nRead more","og_url":"https:\/\/www.mpppst.gob.ve\/mpppstweb\/index.php\/2017\/01\/25\/venezuela-llama-a-la-integracion-y-se-pone-al-servicio-de-los-pueblos-para-gestar-una-nueva-union\/","og_site_name":"MPPPST","article_published_time":"2017-01-25T22:26:50+00:00","article_modified_time":"2017-01-25T22:27:28+00:00","og_image":[{"width":800,"height":445,"url":"https:\/\/www.mpppst.gob.ve\/mpppstweb\/wp-content\/uploads\/2017\/01\/maduro-celac.jpg","type":"image\/jpeg"}],"author":"MPPPST Prensa","twitter_card":"summary_large_image","twitter_misc":{"Escrito por":"MPPPST Prensa","Tiempo de lectura":"3 minutos"},"schema":{"@context":"https:\/\/schema.org","@graph":[{"@type":"Article","@id":"https:\/\/www.mpppst.gob.ve\/mpppstweb\/index.php\/2017\/01\/25\/venezuela-llama-a-la-integracion-y-se-pone-al-servicio-de-los-pueblos-para-gestar-una-nueva-union\/#article","isPartOf":{"@id":"https:\/\/www.mpppst.gob.ve\/mpppstweb\/index.php\/2017\/01\/25\/venezuela-llama-a-la-integracion-y-se-pone-al-servicio-de-los-pueblos-para-gestar-una-nueva-union\/"},"author":{"name":"MPPPST Prensa","@id":"https:\/\/www.mpppst.gob.ve\/mpppstweb\/#\/schema\/person\/fc187ee8ead412bd4c9304b62f900ea4"},"headline":"Venezuela llama a la integraci\u00f3n y se pone al servicio de los pueblos para gestar una nueva uni\u00f3n","datePublished":"2017-01-25T22:26:50+00:00","dateModified":"2017-01-25T22:27:28+00:00","mainEntityOfPage":{"@id":"https:\/\/www.mpppst.gob.ve\/mpppstweb\/index.php\/2017\/01\/25\/venezuela-llama-a-la-integracion-y-se-pone-al-servicio-de-los-pueblos-para-gestar-una-nueva-union\/"},"wordCount":626,"publisher":{"@id":"https:\/\/www.mpppst.gob.ve\/mpppstweb\/#organization"},"image":{"@id":"https:\/\/www.mpppst.gob.ve\/mpppstweb\/index.php\/2017\/01\/25\/venezuela-llama-a-la-integracion-y-se-pone-al-servicio-de-los-pueblos-para-gestar-una-nueva-union\/#primaryimage"},"thumbnailUrl":"https:\/\/www.mpppst.gob.ve\/mpppstweb\/wp-content\/uploads\/2017\/01\/maduro-celac.jpg","keywords":["CELAC","Gobierno Bolivariano","internacionales"],"articleSection":["Gobierno Nacional","Internacionales","Noticias"],"inLanguage":"es"},{"@type":"WebPage","@id":"https:\/\/www.mpppst.gob.ve\/mpppstweb\/index.php\/2017\/01\/25\/venezuela-llama-a-la-integracion-y-se-pone-al-servicio-de-los-pueblos-para-gestar-una-nueva-union\/","url":"https:\/\/www.mpppst.gob.ve\/mpppstweb\/index.php\/2017\/01\/25\/venezuela-llama-a-la-integracion-y-se-pone-al-servicio-de-los-pueblos-para-gestar-una-nueva-union\/","name":"Venezuela llama a la integraci\u00f3n y se pone al servicio de los pueblos para gestar una nueva uni\u00f3n - MPPPST","isPartOf":{"@id":"https:\/\/www.mpppst.gob.ve\/mpppstweb\/#website"},"primaryImageOfPage":{"@id":"https:\/\/www.mpppst.gob.ve\/mpppstweb\/index.php\/2017\/01\/25\/venezuela-llama-a-la-integracion-y-se-pone-al-servicio-de-los-pueblos-para-gestar-una-nueva-union\/#primaryimage"},"image":{"@id":"https:\/\/www.mpppst.gob.ve\/mpppstweb\/index.php\/2017\/01\/25\/venezuela-llama-a-la-integracion-y-se-pone-al-servicio-de-los-pueblos-para-gestar-una-nueva-union\/#primaryimage"},"thumbnailUrl":"https:\/\/www.mpppst.gob.ve\/mpppstweb\/wp-content\/uploads\/2017\/01\/maduro-celac.jpg","datePublished":"2017-01-25T22:26:50+00:00","dateModified":"2017-01-25T22:27:28+00:00","breadcrumb":{"@id":"https:\/\/www.mpppst.gob.ve\/mpppstweb\/index.php\/2017\/01\/25\/venezuela-llama-a-la-integracion-y-se-pone-al-servicio-de-los-pueblos-para-gestar-una-nueva-union\/#breadcrumb"},"inLanguage":"es","potentialAction":[{"@type":"ReadAction","target":["https:\/\/www.mpppst.gob.ve\/mpppstweb\/index.php\/2017\/01\/25\/venezuela-llama-a-la-integracion-y-se-pone-al-servicio-de-los-pueblos-para-gestar-una-nueva-union\/"]}]},{"@type":"ImageObject","inLanguage":"es","@id":"https:\/\/www.mpppst.gob.ve\/mpppstweb\/index.php\/2017\/01\/25\/venezuela-llama-a-la-integracion-y-se-pone-al-servicio-de-los-pueblos-para-gestar-una-nueva-union\/#primaryimage","url":"https:\/\/www.mpppst.gob.ve\/mpppstweb\/wp-content\/uploads\/2017\/01\/maduro-celac.jpg","contentUrl":"https:\/\/www.mpppst.gob.ve\/mpppstweb\/wp-content\/uploads\/2017\/01\/maduro-celac.jpg","width":800,"height":445},{"@type":"BreadcrumbList","@id":"https:\/\/www.mpppst.gob.ve\/mpppstweb\/index.php\/2017\/01\/25\/venezuela-llama-a-la-integracion-y-se-pone-al-servicio-de-los-pueblos-para-gestar-una-nueva-union\/#breadcrumb","itemListElement":[{"@type":"ListItem","position":1,"name":"Home","item":"https:\/\/www.mpppst.gob.ve\/mpppstweb\/"},{"@type":"ListItem","position":2,"name":"Venezuela llama a la integraci\u00f3n y se pone al servicio de los pueblos para gestar una nueva uni\u00f3n"}]},{"@type":"WebSite","@id":"https:\/\/www.mpppst.gob.ve\/mpppstweb\/#website","url":"https:\/\/www.mpppst.gob.ve\/mpppstweb\/","name":"MPPPST","description":"Ministerio del Poder Popular para el Proceso Social de Trabajo","publisher":{"@id":"https:\/\/www.mpppst.gob.ve\/mpppstweb\/#organization"},"potentialAction":[{"@type":"SearchAction","target":{"@type":"EntryPoint","urlTemplate":"https:\/\/www.mpppst.gob.ve\/mpppstweb\/?s={search_term_string}"},"query-input":"required name=search_term_string"}],"inLanguage":"es"},{"@type":"Organization","@id":"https:\/\/www.mpppst.gob.ve\/mpppstweb\/#organization","name":"mpppst","url":"https:\/\/www.mpppst.gob.ve\/mpppstweb\/","logo":{"@type":"ImageObject","inLanguage":"es","@id":"https:\/\/www.mpppst.gob.ve\/mpppstweb\/#\/schema\/logo\/image\/","url":"https:\/\/www.mpppst.gob.ve\/mpppstweb\/wp-content\/uploads\/2025\/07\/cropped-cropped-g910.png","contentUrl":"https:\/\/www.mpppst.gob.ve\/mpppstweb\/wp-content\/uploads\/2025\/07\/cropped-cropped-g910.png","width":1080,"height":241,"caption":"mpppst"},"image":{"@id":"https:\/\/www.mpppst.gob.ve\/mpppstweb\/#\/schema\/logo\/image\/"}},{"@type":"Person","@id":"https:\/\/www.mpppst.gob.ve\/mpppstweb\/#\/schema\/person\/fc187ee8ead412bd4c9304b62f900ea4","name":"MPPPST Prensa","url":"https:\/\/www.mpppst.gob.ve\/mpppstweb\/index.php\/author\/prensa-mpppst\/"}]}},"_links":{"self":[{"href":"https:\/\/www.mpppst.gob.ve\/mpppstweb\/index.php\/wp-json\/wp\/v2\/posts\/10363"}],"collection":[{"href":"https:\/\/www.mpppst.gob.ve\/mpppstweb\/index.php\/wp-json\/wp\/v2\/posts"}],"about":[{"href":"https:\/\/www.mpppst.gob.ve\/mpppstweb\/index.php\/wp-json\/wp\/v2\/types\/post"}],"author":[{"embeddable":true,"href":"https:\/\/www.mpppst.gob.ve\/mpppstweb\/index.php\/wp-json\/wp\/v2\/users\/25"}],"replies":[{"embeddable":true,"href":"https:\/\/www.mpppst.gob.ve\/mpppstweb\/index.php\/wp-json\/wp\/v2\/comments?post=10363"}],"version-history":[{"count":2,"href":"https:\/\/www.mpppst.gob.ve\/mpppstweb\/index.php\/wp-json\/wp\/v2\/posts\/10363\/revisions"}],"predecessor-version":[{"id":10366,"href":"https:\/\/www.mpppst.gob.ve\/mpppstweb\/index.php\/wp-json\/wp\/v2\/posts\/10363\/revisions\/10366"}],"wp:featuredmedia":[{"embeddable":true,"href":"https:\/\/www.mpppst.gob.ve\/mpppstweb\/index.php\/wp-json\/wp\/v2\/media\/10364"}],"wp:attachment":[{"href":"https:\/\/www.mpppst.gob.ve\/mpppstweb\/index.php\/wp-json\/wp\/v2\/media?parent=10363"}],"wp:term":[{"taxonomy":"category","embeddable":true,"href":"https:\/\/www.mpppst.gob.ve\/mpppstweb\/index.php\/wp-json\/wp\/v2\/categories?post=10363"},{"taxonomy":"post_tag","embeddable":true,"href":"https:\/\/www.mpppst.gob.ve\/mpppstweb\/index.php\/wp-json\/wp\/v2\/tags?post=10363"}],"curies":[{"name":"wp","href":"https:\/\/api.w.org\/{rel}","templated":true}]}}