{"id":10367,"date":"2017-01-26T20:52:42","date_gmt":"2017-01-26T20:52:42","guid":{"rendered":"http:\/\/www.mpppst.gob.ve\/mpppstweb\/?p=10367"},"modified":"2017-01-26T20:52:42","modified_gmt":"2017-01-26T20:52:42","slug":"celac-ratifico-compromiso-para-declarar-america-latina-y-el-caribe-libre-de-colonialismo","status":"publish","type":"post","link":"https:\/\/www.mpppst.gob.ve\/mpppstweb\/index.php\/2017\/01\/26\/celac-ratifico-compromiso-para-declarar-america-latina-y-el-caribe-libre-de-colonialismo\/","title":{"rendered":"Celac ratific\u00f3 compromiso para declarar Am\u00e9rica Latina y el Caribe libre de colonialismo"},"content":{"rendered":"<p><strong>Prensa Mippci.-\u00a0<\/strong>La Comunidad de Estados Latinoamericanos y Caribe\u00f1os (Celac) ratific\u00f3 su compromiso de seguir trabajando para lograr que Am\u00e9rica Latina y el Caribe sea un territorio libre de colonialismo.<\/p>\n<p>En la Declaraci\u00f3n Pol\u00edtica de Punta Cana, aprobada este mi\u00e9rcoles en la V Cumbre de Jefes de Estado y de Gobierno de la Celac, efectuada en Rep\u00fablica Dominicana, los mandatarios que conforman el bloque manifestaron \u201cseguir trabajando en el marco del Derecho Internacional y, en particular, de la Resoluci\u00f3n 1.514 (XV) de la Asamblea General de las Naciones Unidas, del 14 de diciembre de 1960\u2033, que establece el respeto a la integridad de los territorios.<\/p>\n<p>Tambi\u00e9n respaldaron los derechos leg\u00edtimos que tiene la Rep\u00fablica Argentina en la disputa de soberan\u00eda por las Islas Malvinas, territorio usurpado por Gran Breta\u00f1a desde 1833, y ratificaron su inter\u00e9s en que la controversia sea resuelta por la v\u00eda pac\u00edfica.<\/p>\n<p>Dicho compromiso se basa en la resoluci\u00f3n 2065 de la Organizaci\u00f3n de las Naciones Unidas (ONU), aprobada el 16 de diciembre de 1965, en la cual el organismo internacional reconoce la disputa territorial e insta a ambas partes a iniciar negociaciones para encontrar una soluci\u00f3n.<\/p>\n<p>Los jefes de Estado coincidieron en la declaraci\u00f3n en que Puerto Rico tiene un car\u00e1cter latinoamericano y caribe\u00f1o y, por lo tanto, su inter\u00e9s en el proceso de descolonizaci\u00f3n tambi\u00e9n es competencia del organismo internacional.<\/p>\n<p>En ese sentido, mostraron su satisfacci\u00f3n por la amnist\u00eda otorgada, por parte de Estados Unidos, al dirigente puertorrique\u00f1o Oscar L\u00f3pez Rivera, preso durante 36 a\u00f1os en la naci\u00f3n norteamericana por su lucha a favor la independencia de Puerto Rico, y quien deber\u00e1 salir en libertad el 17 de mayo pr\u00f3ximo.<br \/>\n<strong><br \/>\nPrensa Mippci con informaci\u00f3n de AVN<\/strong><\/p>\n","protected":false},"excerpt":{"rendered":"<p>Prensa Mippci.-\u00a0La Comunidad de Estados Latinoamericanos y Caribe\u00f1os (Celac) ratific\u00f3 su compromiso de seguir trabajando para &hellip; <a title=\"Celac ratific\u00f3 compromiso para declarar Am\u00e9rica Latina y el Caribe libre de colonialismo\" class=\"hm-read-more\" href=\"https:\/\/www.mpppst.gob.ve\/mpppstweb\/index.php\/2017\/01\/26\/celac-ratifico-compromiso-para-declarar-america-latina-y-el-caribe-libre-de-colonialismo\/\"><span class=\"screen-reader-text\">Celac ratific\u00f3 compromiso para declarar Am\u00e9rica Latina y el Caribe libre de colonialismo<\/span>Read more<\/a><\/p>\n","protected":false},"author":25,"featured_media":10368,"comment_status":"closed","ping_status":"closed","sticky":false,"template":"","format":"standard","meta":{"footnotes":""},"categories":[82,163],"tags":[314,222,245],"yoast_head":"<!-- This site is optimized with the Yoast SEO plugin v22.5 - https:\/\/yoast.com\/wordpress\/plugins\/seo\/ -->\n<title>Celac ratific\u00f3 compromiso para declarar Am\u00e9rica Latina y el Caribe libre de colonialismo - MPPPST<\/title>\n<meta name=\"robots\" content=\"index, follow, max-snippet:-1, max-image-preview:large, max-video-preview:-1\" \/>\n<link rel=\"canonical\" href=\"https:\/\/www.mpppst.gob.ve\/mpppstweb\/index.php\/2017\/01\/26\/celac-ratifico-compromiso-para-declarar-america-latina-y-el-caribe-libre-de-colonialismo\/\" \/>\n<meta property=\"og:locale\" content=\"es_ES\" \/>\n<meta property=\"og:type\" content=\"article\" \/>\n<meta property=\"og:title\" content=\"Celac ratific\u00f3 compromiso para declarar Am\u00e9rica Latina y el Caribe libre de colonialismo - MPPPST\" \/>\n<meta property=\"og:description\" content=\"Prensa Mippci.-\u00a0La Comunidad de Estados Latinoamericanos y Caribe\u00f1os (Celac) ratific\u00f3 su compromiso de seguir trabajando para &hellip; Celac ratific\u00f3 compromiso para declarar Am\u00e9rica Latina y el Caribe libre de colonialismoRead more\" \/>\n<meta property=\"og:url\" content=\"https:\/\/www.mpppst.gob.ve\/mpppstweb\/index.php\/2017\/01\/26\/celac-ratifico-compromiso-para-declarar-america-latina-y-el-caribe-libre-de-colonialismo\/\" \/>\n<meta property=\"og:site_name\" content=\"MPPPST\" \/>\n<meta property=\"article:published_time\" content=\"2017-01-26T20:52:42+00:00\" \/>\n<meta property=\"og:image\" content=\"https:\/\/www.mpppst.gob.ve\/mpppstweb\/wp-content\/uploads\/2017\/01\/CELAC.jpg\" \/>\n\t<meta property=\"og:image:width\" content=\"800\" \/>\n\t<meta property=\"og:image:height\" content=\"445\" \/>\n\t<meta property=\"og:image:type\" content=\"image\/jpeg\" \/>\n<meta name=\"author\" content=\"MPPPST Prensa\" \/>\n<meta name=\"twitter:card\" content=\"summary_large_image\" \/>\n<meta name=\"twitter:label1\" content=\"Escrito por\" \/>\n\t<meta name=\"twitter:data1\" content=\"MPPPST Prensa\" \/>\n\t<meta name=\"twitter:label2\" content=\"Tiempo de lectura\" \/>\n\t<meta name=\"twitter:data2\" content=\"2 minutos\" \/>\n<script type=\"application\/ld+json\" class=\"yoast-schema-graph\">{\"@context\":\"https:\/\/schema.org\",\"@graph\":[{\"@type\":\"Article\",\"@id\":\"https:\/\/www.mpppst.gob.ve\/mpppstweb\/index.php\/2017\/01\/26\/celac-ratifico-compromiso-para-declarar-america-latina-y-el-caribe-libre-de-colonialismo\/#article\",\"isPartOf\":{\"@id\":\"https:\/\/www.mpppst.gob.ve\/mpppstweb\/index.php\/2017\/01\/26\/celac-ratifico-compromiso-para-declarar-america-latina-y-el-caribe-libre-de-colonialismo\/\"},\"author\":{\"name\":\"MPPPST Prensa\",\"@id\":\"https:\/\/www.mpppst.gob.ve\/mpppstweb\/#\/schema\/person\/fc187ee8ead412bd4c9304b62f900ea4\"},\"headline\":\"Celac ratific\u00f3 compromiso para declarar Am\u00e9rica Latina y el Caribe libre de colonialismo\",\"datePublished\":\"2017-01-26T20:52:42+00:00\",\"dateModified\":\"2017-01-26T20:52:42+00:00\",\"mainEntityOfPage\":{\"@id\":\"https:\/\/www.mpppst.gob.ve\/mpppstweb\/index.php\/2017\/01\/26\/celac-ratifico-compromiso-para-declarar-america-latina-y-el-caribe-libre-de-colonialismo\/\"},\"wordCount\":319,\"publisher\":{\"@id\":\"https:\/\/www.mpppst.gob.ve\/mpppstweb\/#organization\"},\"image\":{\"@id\":\"https:\/\/www.mpppst.gob.ve\/mpppstweb\/index.php\/2017\/01\/26\/celac-ratifico-compromiso-para-declarar-america-latina-y-el-caribe-libre-de-colonialismo\/#primaryimage\"},\"thumbnailUrl\":\"https:\/\/www.mpppst.gob.ve\/mpppstweb\/wp-content\/uploads\/2017\/01\/CELAC.jpg\",\"keywords\":[\"CELAC\",\"Gobierno Bolivariano\",\"internacionales\"],\"articleSection\":[\"Gobierno Nacional\",\"Noticias\"],\"inLanguage\":\"es\"},{\"@type\":\"WebPage\",\"@id\":\"https:\/\/www.mpppst.gob.ve\/mpppstweb\/index.php\/2017\/01\/26\/celac-ratifico-compromiso-para-declarar-america-latina-y-el-caribe-libre-de-colonialismo\/\",\"url\":\"https:\/\/www.mpppst.gob.ve\/mpppstweb\/index.php\/2017\/01\/26\/celac-ratifico-compromiso-para-declarar-america-latina-y-el-caribe-libre-de-colonialismo\/\",\"name\":\"Celac ratific\u00f3 compromiso para declarar Am\u00e9rica Latina y el Caribe libre de colonialismo - MPPPST\",\"isPartOf\":{\"@id\":\"https:\/\/www.mpppst.gob.ve\/mpppstweb\/#website\"},\"primaryImageOfPage\":{\"@id\":\"https:\/\/www.mpppst.gob.ve\/mpppstweb\/index.php\/2017\/01\/26\/celac-ratifico-compromiso-para-declarar-america-latina-y-el-caribe-libre-de-colonialismo\/#primaryimage\"},\"image\":{\"@id\":\"https:\/\/www.mpppst.gob.ve\/mpppstweb\/index.php\/2017\/01\/26\/celac-ratifico-compromiso-para-declarar-america-latina-y-el-caribe-libre-de-colonialismo\/#primaryimage\"},\"thumbnailUrl\":\"https:\/\/www.mpppst.gob.ve\/mpppstweb\/wp-content\/uploads\/2017\/01\/CELAC.jpg\",\"datePublished\":\"2017-01-26T20:52:42+00:00\",\"dateModified\":\"2017-01-26T20:52:42+00:00\",\"breadcrumb\":{\"@id\":\"https:\/\/www.mpppst.gob.ve\/mpppstweb\/index.php\/2017\/01\/26\/celac-ratifico-compromiso-para-declarar-america-latina-y-el-caribe-libre-de-colonialismo\/#breadcrumb\"},\"inLanguage\":\"es\",\"potentialAction\":[{\"@type\":\"ReadAction\",\"target\":[\"https:\/\/www.mpppst.gob.ve\/mpppstweb\/index.php\/2017\/01\/26\/celac-ratifico-compromiso-para-declarar-america-latina-y-el-caribe-libre-de-colonialismo\/\"]}]},{\"@type\":\"ImageObject\",\"inLanguage\":\"es\",\"@id\":\"https:\/\/www.mpppst.gob.ve\/mpppstweb\/index.php\/2017\/01\/26\/celac-ratifico-compromiso-para-declarar-america-latina-y-el-caribe-libre-de-colonialismo\/#primaryimage\",\"url\":\"https:\/\/www.mpppst.gob.ve\/mpppstweb\/wp-content\/uploads\/2017\/01\/CELAC.jpg\",\"contentUrl\":\"https:\/\/www.mpppst.gob.ve\/mpppstweb\/wp-content\/uploads\/2017\/01\/CELAC.jpg\",\"width\":800,\"height\":445},{\"@type\":\"BreadcrumbList\",\"@id\":\"https:\/\/www.mpppst.gob.ve\/mpppstweb\/index.php\/2017\/01\/26\/celac-ratifico-compromiso-para-declarar-america-latina-y-el-caribe-libre-de-colonialismo\/#breadcrumb\",\"itemListElement\":[{\"@type\":\"ListItem\",\"position\":1,\"name\":\"Home\",\"item\":\"https:\/\/www.mpppst.gob.ve\/mpppstweb\/\"},{\"@type\":\"ListItem\",\"position\":2,\"name\":\"Celac ratific\u00f3 compromiso para declarar Am\u00e9rica Latina y el Caribe libre de colonialismo\"}]},{\"@type\":\"WebSite\",\"@id\":\"https:\/\/www.mpppst.gob.ve\/mpppstweb\/#website\",\"url\":\"https:\/\/www.mpppst.gob.ve\/mpppstweb\/\",\"name\":\"MPPPST\",\"description\":\"Ministerio del Poder Popular para el Proceso Social de Trabajo\",\"publisher\":{\"@id\":\"https:\/\/www.mpppst.gob.ve\/mpppstweb\/#organization\"},\"potentialAction\":[{\"@type\":\"SearchAction\",\"target\":{\"@type\":\"EntryPoint\",\"urlTemplate\":\"https:\/\/www.mpppst.gob.ve\/mpppstweb\/?s={search_term_string}\"},\"query-input\":\"required name=search_term_string\"}],\"inLanguage\":\"es\"},{\"@type\":\"Organization\",\"@id\":\"https:\/\/www.mpppst.gob.ve\/mpppstweb\/#organization\",\"name\":\"mpppst\",\"url\":\"https:\/\/www.mpppst.gob.ve\/mpppstweb\/\",\"logo\":{\"@type\":\"ImageObject\",\"inLanguage\":\"es\",\"@id\":\"https:\/\/www.mpppst.gob.ve\/mpppstweb\/#\/schema\/logo\/image\/\",\"url\":\"https:\/\/www.mpppst.gob.ve\/mpppstweb\/wp-content\/uploads\/2025\/07\/cropped-cropped-g910.png\",\"contentUrl\":\"https:\/\/www.mpppst.gob.ve\/mpppstweb\/wp-content\/uploads\/2025\/07\/cropped-cropped-g910.png\",\"width\":1080,\"height\":241,\"caption\":\"mpppst\"},\"image\":{\"@id\":\"https:\/\/www.mpppst.gob.ve\/mpppstweb\/#\/schema\/logo\/image\/\"}},{\"@type\":\"Person\",\"@id\":\"https:\/\/www.mpppst.gob.ve\/mpppstweb\/#\/schema\/person\/fc187ee8ead412bd4c9304b62f900ea4\",\"name\":\"MPPPST Prensa\",\"url\":\"https:\/\/www.mpppst.gob.ve\/mpppstweb\/index.php\/author\/prensa-mpppst\/\"}]}<\/script>\n<!-- \/ Yoast SEO plugin. -->","yoast_head_json":{"title":"Celac ratific\u00f3 compromiso para declarar Am\u00e9rica Latina y el Caribe libre de colonialismo - MPPPST","robots":{"index":"index","follow":"follow","max-snippet":"max-snippet:-1","max-image-preview":"max-image-preview:large","max-video-preview":"max-video-preview:-1"},"canonical":"https:\/\/www.mpppst.gob.ve\/mpppstweb\/index.php\/2017\/01\/26\/celac-ratifico-compromiso-para-declarar-america-latina-y-el-caribe-libre-de-colonialismo\/","og_locale":"es_ES","og_type":"article","og_title":"Celac ratific\u00f3 compromiso para declarar Am\u00e9rica Latina y el Caribe libre de colonialismo - MPPPST","og_description":"Prensa Mippci.-\u00a0La Comunidad de Estados Latinoamericanos y Caribe\u00f1os (Celac) ratific\u00f3 su compromiso de seguir trabajando para &hellip; Celac ratific\u00f3 compromiso para declarar Am\u00e9rica Latina y el Caribe libre de colonialismoRead more","og_url":"https:\/\/www.mpppst.gob.ve\/mpppstweb\/index.php\/2017\/01\/26\/celac-ratifico-compromiso-para-declarar-america-latina-y-el-caribe-libre-de-colonialismo\/","og_site_name":"MPPPST","article_published_time":"2017-01-26T20:52:42+00:00","og_image":[{"width":800,"height":445,"url":"https:\/\/www.mpppst.gob.ve\/mpppstweb\/wp-content\/uploads\/2017\/01\/CELAC.jpg","type":"image\/jpeg"}],"author":"MPPPST Prensa","twitter_card":"summary_large_image","twitter_misc":{"Escrito por":"MPPPST Prensa","Tiempo de lectura":"2 minutos"},"schema":{"@context":"https:\/\/schema.org","@graph":[{"@type":"Article","@id":"https:\/\/www.mpppst.gob.ve\/mpppstweb\/index.php\/2017\/01\/26\/celac-ratifico-compromiso-para-declarar-america-latina-y-el-caribe-libre-de-colonialismo\/#article","isPartOf":{"@id":"https:\/\/www.mpppst.gob.ve\/mpppstweb\/index.php\/2017\/01\/26\/celac-ratifico-compromiso-para-declarar-america-latina-y-el-caribe-libre-de-colonialismo\/"},"author":{"name":"MPPPST Prensa","@id":"https:\/\/www.mpppst.gob.ve\/mpppstweb\/#\/schema\/person\/fc187ee8ead412bd4c9304b62f900ea4"},"headline":"Celac ratific\u00f3 compromiso para declarar Am\u00e9rica Latina y el Caribe libre de colonialismo","datePublished":"2017-01-26T20:52:42+00:00","dateModified":"2017-01-26T20:52:42+00:00","mainEntityOfPage":{"@id":"https:\/\/www.mpppst.gob.ve\/mpppstweb\/index.php\/2017\/01\/26\/celac-ratifico-compromiso-para-declarar-america-latina-y-el-caribe-libre-de-colonialismo\/"},"wordCount":319,"publisher":{"@id":"https:\/\/www.mpppst.gob.ve\/mpppstweb\/#organization"},"image":{"@id":"https:\/\/www.mpppst.gob.ve\/mpppstweb\/index.php\/2017\/01\/26\/celac-ratifico-compromiso-para-declarar-america-latina-y-el-caribe-libre-de-colonialismo\/#primaryimage"},"thumbnailUrl":"https:\/\/www.mpppst.gob.ve\/mpppstweb\/wp-content\/uploads\/2017\/01\/CELAC.jpg","keywords":["CELAC","Gobierno Bolivariano","internacionales"],"articleSection":["Gobierno Nacional","Noticias"],"inLanguage":"es"},{"@type":"WebPage","@id":"https:\/\/www.mpppst.gob.ve\/mpppstweb\/index.php\/2017\/01\/26\/celac-ratifico-compromiso-para-declarar-america-latina-y-el-caribe-libre-de-colonialismo\/","url":"https:\/\/www.mpppst.gob.ve\/mpppstweb\/index.php\/2017\/01\/26\/celac-ratifico-compromiso-para-declarar-america-latina-y-el-caribe-libre-de-colonialismo\/","name":"Celac ratific\u00f3 compromiso para declarar Am\u00e9rica Latina y el Caribe libre de colonialismo - MPPPST","isPartOf":{"@id":"https:\/\/www.mpppst.gob.ve\/mpppstweb\/#website"},"primaryImageOfPage":{"@id":"https:\/\/www.mpppst.gob.ve\/mpppstweb\/index.php\/2017\/01\/26\/celac-ratifico-compromiso-para-declarar-america-latina-y-el-caribe-libre-de-colonialismo\/#primaryimage"},"image":{"@id":"https:\/\/www.mpppst.gob.ve\/mpppstweb\/index.php\/2017\/01\/26\/celac-ratifico-compromiso-para-declarar-america-latina-y-el-caribe-libre-de-colonialismo\/#primaryimage"},"thumbnailUrl":"https:\/\/www.mpppst.gob.ve\/mpppstweb\/wp-content\/uploads\/2017\/01\/CELAC.jpg","datePublished":"2017-01-26T20:52:42+00:00","dateModified":"2017-01-26T20:52:42+00:00","breadcrumb":{"@id":"https:\/\/www.mpppst.gob.ve\/mpppstweb\/index.php\/2017\/01\/26\/celac-ratifico-compromiso-para-declarar-america-latina-y-el-caribe-libre-de-colonialismo\/#breadcrumb"},"inLanguage":"es","potentialAction":[{"@type":"ReadAction","target":["https:\/\/www.mpppst.gob.ve\/mpppstweb\/index.php\/2017\/01\/26\/celac-ratifico-compromiso-para-declarar-america-latina-y-el-caribe-libre-de-colonialismo\/"]}]},{"@type":"ImageObject","inLanguage":"es","@id":"https:\/\/www.mpppst.gob.ve\/mpppstweb\/index.php\/2017\/01\/26\/celac-ratifico-compromiso-para-declarar-america-latina-y-el-caribe-libre-de-colonialismo\/#primaryimage","url":"https:\/\/www.mpppst.gob.ve\/mpppstweb\/wp-content\/uploads\/2017\/01\/CELAC.jpg","contentUrl":"https:\/\/www.mpppst.gob.ve\/mpppstweb\/wp-content\/uploads\/2017\/01\/CELAC.jpg","width":800,"height":445},{"@type":"BreadcrumbList","@id":"https:\/\/www.mpppst.gob.ve\/mpppstweb\/index.php\/2017\/01\/26\/celac-ratifico-compromiso-para-declarar-america-latina-y-el-caribe-libre-de-colonialismo\/#breadcrumb","itemListElement":[{"@type":"ListItem","position":1,"name":"Home","item":"https:\/\/www.mpppst.gob.ve\/mpppstweb\/"},{"@type":"ListItem","position":2,"name":"Celac ratific\u00f3 compromiso para declarar Am\u00e9rica Latina y el Caribe libre de colonialismo"}]},{"@type":"WebSite","@id":"https:\/\/www.mpppst.gob.ve\/mpppstweb\/#website","url":"https:\/\/www.mpppst.gob.ve\/mpppstweb\/","name":"MPPPST","description":"Ministerio del Poder Popular para el Proceso Social de Trabajo","publisher":{"@id":"https:\/\/www.mpppst.gob.ve\/mpppstweb\/#organization"},"potentialAction":[{"@type":"SearchAction","target":{"@type":"EntryPoint","urlTemplate":"https:\/\/www.mpppst.gob.ve\/mpppstweb\/?s={search_term_string}"},"query-input":"required name=search_term_string"}],"inLanguage":"es"},{"@type":"Organization","@id":"https:\/\/www.mpppst.gob.ve\/mpppstweb\/#organization","name":"mpppst","url":"https:\/\/www.mpppst.gob.ve\/mpppstweb\/","logo":{"@type":"ImageObject","inLanguage":"es","@id":"https:\/\/www.mpppst.gob.ve\/mpppstweb\/#\/schema\/logo\/image\/","url":"https:\/\/www.mpppst.gob.ve\/mpppstweb\/wp-content\/uploads\/2025\/07\/cropped-cropped-g910.png","contentUrl":"https:\/\/www.mpppst.gob.ve\/mpppstweb\/wp-content\/uploads\/2025\/07\/cropped-cropped-g910.png","width":1080,"height":241,"caption":"mpppst"},"image":{"@id":"https:\/\/www.mpppst.gob.ve\/mpppstweb\/#\/schema\/logo\/image\/"}},{"@type":"Person","@id":"https:\/\/www.mpppst.gob.ve\/mpppstweb\/#\/schema\/person\/fc187ee8ead412bd4c9304b62f900ea4","name":"MPPPST Prensa","url":"https:\/\/www.mpppst.gob.ve\/mpppstweb\/index.php\/author\/prensa-mpppst\/"}]}},"_links":{"self":[{"href":"https:\/\/www.mpppst.gob.ve\/mpppstweb\/index.php\/wp-json\/wp\/v2\/posts\/10367"}],"collection":[{"href":"https:\/\/www.mpppst.gob.ve\/mpppstweb\/index.php\/wp-json\/wp\/v2\/posts"}],"about":[{"href":"https:\/\/www.mpppst.gob.ve\/mpppstweb\/index.php\/wp-json\/wp\/v2\/types\/post"}],"author":[{"embeddable":true,"href":"https:\/\/www.mpppst.gob.ve\/mpppstweb\/index.php\/wp-json\/wp\/v2\/users\/25"}],"replies":[{"embeddable":true,"href":"https:\/\/www.mpppst.gob.ve\/mpppstweb\/index.php\/wp-json\/wp\/v2\/comments?post=10367"}],"version-history":[{"count":1,"href":"https:\/\/www.mpppst.gob.ve\/mpppstweb\/index.php\/wp-json\/wp\/v2\/posts\/10367\/revisions"}],"predecessor-version":[{"id":10369,"href":"https:\/\/www.mpppst.gob.ve\/mpppstweb\/index.php\/wp-json\/wp\/v2\/posts\/10367\/revisions\/10369"}],"wp:featuredmedia":[{"embeddable":true,"href":"https:\/\/www.mpppst.gob.ve\/mpppstweb\/index.php\/wp-json\/wp\/v2\/media\/10368"}],"wp:attachment":[{"href":"https:\/\/www.mpppst.gob.ve\/mpppstweb\/index.php\/wp-json\/wp\/v2\/media?parent=10367"}],"wp:term":[{"taxonomy":"category","embeddable":true,"href":"https:\/\/www.mpppst.gob.ve\/mpppstweb\/index.php\/wp-json\/wp\/v2\/categories?post=10367"},{"taxonomy":"post_tag","embeddable":true,"href":"https:\/\/www.mpppst.gob.ve\/mpppstweb\/index.php\/wp-json\/wp\/v2\/tags?post=10367"}],"curies":[{"name":"wp","href":"https:\/\/api.w.org\/{rel}","templated":true}]}}