{"id":10371,"date":"2017-01-27T14:29:54","date_gmt":"2017-01-27T14:29:54","guid":{"rendered":"http:\/\/www.mpppst.gob.ve\/mpppstweb\/?p=10371"},"modified":"2017-01-27T14:29:54","modified_gmt":"2017-01-27T14:29:54","slug":"jornadas-de-carnetizacion-de-la-patria-se-realizara-este-fin-de-semana-en-los-clap","status":"publish","type":"post","link":"https:\/\/www.mpppst.gob.ve\/mpppstweb\/index.php\/2017\/01\/27\/jornadas-de-carnetizacion-de-la-patria-se-realizara-este-fin-de-semana-en-los-clap\/","title":{"rendered":"Jornadas de Carnetizaci\u00f3n de la Patria se realizar\u00e1 este fin de semana en los CLAP"},"content":{"rendered":"<p>Prensa (MPPPST). El Presidente de la Rep\u00fablica Nicol\u00e1s Maduro Moros, anunci\u00f3 que este fin de semana la jornada de carnetizaci\u00f3n de la Patria estar\u00e1 destinada para la inscripci\u00f3n de los Comit\u00e9s locales de Abastecimiento y Producci\u00f3n (CLAP).<\/p>\n<p>\u00abLes hago un llamado a los 26.000 CLAP a inscribirse en este sistema, con el firme prop\u00f3sito de cumplir la meta de atender a 6 millones de familias en el pa\u00eds\u00bb, enfatiz\u00f3 durante una jornada de trabajo del Sistema de Misiones y Grandes Misiones, realizada en el Palacio de Miraflores.<\/p>\n<p>El Presidente Obrero destac\u00f3 que el Carnet de la Patria es una herramienta que permitir\u00e1 conocer con exactitud las necesidades de las familias venezolanas. \u00abSe debe unir la capacidad que tiene la Revoluci\u00f3n Bolivariana de dar respuestas con la organizaci\u00f3n popular, para eso es el Carnet de la Patria para unir esa organizaci\u00f3n y la necesidad que tienen los venezolanos con el poder del Estado, para hacer un solo gobierno\u201d.<\/p>\n<p>Explic\u00f3 que la jornada de carnetizaci\u00f3n se va a expandir hasta cubrir todos los espacios sociales de la naci\u00f3n venezolana, \u00a0se\u00f1al\u00f3 adem\u00e1s que esta iniciativa busca perfeccionar los programas de protecci\u00f3n social emprendidos por el Comandante de la Revoluci\u00f3n Bolivariana Hugo Ch\u00e1vez.<\/p>\n<p><strong>Incorporaci\u00f3n de familias a Hogares de la Patria<\/strong><\/p>\n<p>Durante el acto se incorporaron 6.396 nuevas familias al sistema Hogares de la Patria, que recibir\u00e1n una tarjeta de 50.000 bol\u00edvares mensuales.<\/p>\n<p>\u00abHoy estamos incorporando 6.396 nuevas tarjetas Hogares de la Patria gracias al sistema de carnetizaci\u00f3n,\u00a0 estos son los recursos de la Patria para que puedan ir a la batalla contra la guerra econ\u00f3mica\u00bb indic\u00f3 el Presidente Obrero Nicol\u00e1s Maduro Moros.<\/p>\n<p>Explic\u00f3 que la meta del Gobierno Revolucionario es llegar a un mill\u00f3n de hogares venezolanos atendidos, a trav\u00e9s de esta tarjeta socialista, instrumento que protege a las familias en condici\u00f3n de vulnerabilidad que no cuentan con recursos suficientes para costear la adquisici\u00f3n de productos de primera necesidad.<\/p>\n<p>Maduro, que a pesar del da\u00f1o contra la naci\u00f3n, siempre se ha logrado administrar los recursos para las diferentes misiones sociales. \u201cA pesar de tanto da\u00f1o siempre conseguimos administrar los recursos del pa\u00eds para los pensionados, por eso cree la Gran Misi\u00f3n Hogares de la Patria\u201d.<\/p>\n<p>Por Carlos Palacios<\/p>\n","protected":false},"excerpt":{"rendered":"<p>Prensa (MPPPST). El Presidente de la Rep\u00fablica Nicol\u00e1s Maduro Moros, anunci\u00f3 que este fin de semana &hellip; <a title=\"Jornadas de Carnetizaci\u00f3n de la Patria se realizar\u00e1 este fin de semana en los CLAP\" class=\"hm-read-more\" href=\"https:\/\/www.mpppst.gob.ve\/mpppstweb\/index.php\/2017\/01\/27\/jornadas-de-carnetizacion-de-la-patria-se-realizara-este-fin-de-semana-en-los-clap\/\"><span class=\"screen-reader-text\">Jornadas de Carnetizaci\u00f3n de la Patria se realizar\u00e1 este fin de semana en los CLAP<\/span>Read more<\/a><\/p>\n","protected":false},"author":25,"featured_media":10372,"comment_status":"closed","ping_status":"closed","sticky":false,"template":"","format":"standard","meta":{"footnotes":""},"categories":[82,163,213],"tags":[259,258,229,222,329],"yoast_head":"<!-- This site is optimized with the Yoast SEO plugin v22.5 - https:\/\/yoast.com\/wordpress\/plugins\/seo\/ -->\n<title>Jornadas de Carnetizaci\u00f3n de la Patria se realizar\u00e1 este fin de semana en los CLAP - MPPPST<\/title>\n<meta name=\"robots\" content=\"index, follow, max-snippet:-1, max-image-preview:large, max-video-preview:-1\" \/>\n<link rel=\"canonical\" href=\"https:\/\/www.mpppst.gob.ve\/mpppstweb\/index.php\/2017\/01\/27\/jornadas-de-carnetizacion-de-la-patria-se-realizara-este-fin-de-semana-en-los-clap\/\" \/>\n<meta property=\"og:locale\" content=\"es_ES\" \/>\n<meta property=\"og:type\" content=\"article\" \/>\n<meta property=\"og:title\" content=\"Jornadas de Carnetizaci\u00f3n de la Patria se realizar\u00e1 este fin de semana en los CLAP - MPPPST\" \/>\n<meta property=\"og:description\" content=\"Prensa (MPPPST). El Presidente de la Rep\u00fablica Nicol\u00e1s Maduro Moros, anunci\u00f3 que este fin de semana &hellip; Jornadas de Carnetizaci\u00f3n de la Patria se realizar\u00e1 este fin de semana en los CLAPRead more\" \/>\n<meta property=\"og:url\" content=\"https:\/\/www.mpppst.gob.ve\/mpppstweb\/index.php\/2017\/01\/27\/jornadas-de-carnetizacion-de-la-patria-se-realizara-este-fin-de-semana-en-los-clap\/\" \/>\n<meta property=\"og:site_name\" content=\"MPPPST\" \/>\n<meta property=\"article:published_time\" content=\"2017-01-27T14:29:54+00:00\" \/>\n<meta property=\"og:image\" content=\"https:\/\/www.mpppst.gob.ve\/mpppstweb\/wp-content\/uploads\/2017\/01\/Maduro-carnet.jpg\" \/>\n\t<meta property=\"og:image:width\" content=\"800\" \/>\n\t<meta property=\"og:image:height\" content=\"445\" \/>\n\t<meta property=\"og:image:type\" content=\"image\/jpeg\" \/>\n<meta name=\"author\" content=\"MPPPST Prensa\" \/>\n<meta name=\"twitter:card\" content=\"summary_large_image\" \/>\n<meta name=\"twitter:label1\" content=\"Escrito por\" \/>\n\t<meta name=\"twitter:data1\" content=\"MPPPST Prensa\" \/>\n\t<meta name=\"twitter:label2\" content=\"Tiempo de lectura\" \/>\n\t<meta name=\"twitter:data2\" content=\"2 minutos\" \/>\n<script type=\"application\/ld+json\" class=\"yoast-schema-graph\">{\"@context\":\"https:\/\/schema.org\",\"@graph\":[{\"@type\":\"Article\",\"@id\":\"https:\/\/www.mpppst.gob.ve\/mpppstweb\/index.php\/2017\/01\/27\/jornadas-de-carnetizacion-de-la-patria-se-realizara-este-fin-de-semana-en-los-clap\/#article\",\"isPartOf\":{\"@id\":\"https:\/\/www.mpppst.gob.ve\/mpppstweb\/index.php\/2017\/01\/27\/jornadas-de-carnetizacion-de-la-patria-se-realizara-este-fin-de-semana-en-los-clap\/\"},\"author\":{\"name\":\"MPPPST Prensa\",\"@id\":\"https:\/\/www.mpppst.gob.ve\/mpppstweb\/#\/schema\/person\/fc187ee8ead412bd4c9304b62f900ea4\"},\"headline\":\"Jornadas de Carnetizaci\u00f3n de la Patria se realizar\u00e1 este fin de semana en los CLAP\",\"datePublished\":\"2017-01-27T14:29:54+00:00\",\"dateModified\":\"2017-01-27T14:29:54+00:00\",\"mainEntityOfPage\":{\"@id\":\"https:\/\/www.mpppst.gob.ve\/mpppstweb\/index.php\/2017\/01\/27\/jornadas-de-carnetizacion-de-la-patria-se-realizara-este-fin-de-semana-en-los-clap\/\"},\"wordCount\":409,\"publisher\":{\"@id\":\"https:\/\/www.mpppst.gob.ve\/mpppstweb\/#organization\"},\"image\":{\"@id\":\"https:\/\/www.mpppst.gob.ve\/mpppstweb\/index.php\/2017\/01\/27\/jornadas-de-carnetizacion-de-la-patria-se-realizara-este-fin-de-semana-en-los-clap\/#primaryimage\"},\"thumbnailUrl\":\"https:\/\/www.mpppst.gob.ve\/mpppstweb\/wp-content\/uploads\/2017\/01\/Maduro-carnet.jpg\",\"keywords\":[\"CLAP\",\"Consejos Comunales\",\"Defensa Integral\",\"Gobierno Bolivariano\",\"Maduro\"],\"articleSection\":[\"Gobierno Nacional\",\"Noticias\",\"Presidencia de la Rep\u00fablica\"],\"inLanguage\":\"es\"},{\"@type\":\"WebPage\",\"@id\":\"https:\/\/www.mpppst.gob.ve\/mpppstweb\/index.php\/2017\/01\/27\/jornadas-de-carnetizacion-de-la-patria-se-realizara-este-fin-de-semana-en-los-clap\/\",\"url\":\"https:\/\/www.mpppst.gob.ve\/mpppstweb\/index.php\/2017\/01\/27\/jornadas-de-carnetizacion-de-la-patria-se-realizara-este-fin-de-semana-en-los-clap\/\",\"name\":\"Jornadas de Carnetizaci\u00f3n de la Patria se realizar\u00e1 este fin de semana en los CLAP - MPPPST\",\"isPartOf\":{\"@id\":\"https:\/\/www.mpppst.gob.ve\/mpppstweb\/#website\"},\"primaryImageOfPage\":{\"@id\":\"https:\/\/www.mpppst.gob.ve\/mpppstweb\/index.php\/2017\/01\/27\/jornadas-de-carnetizacion-de-la-patria-se-realizara-este-fin-de-semana-en-los-clap\/#primaryimage\"},\"image\":{\"@id\":\"https:\/\/www.mpppst.gob.ve\/mpppstweb\/index.php\/2017\/01\/27\/jornadas-de-carnetizacion-de-la-patria-se-realizara-este-fin-de-semana-en-los-clap\/#primaryimage\"},\"thumbnailUrl\":\"https:\/\/www.mpppst.gob.ve\/mpppstweb\/wp-content\/uploads\/2017\/01\/Maduro-carnet.jpg\",\"datePublished\":\"2017-01-27T14:29:54+00:00\",\"dateModified\":\"2017-01-27T14:29:54+00:00\",\"breadcrumb\":{\"@id\":\"https:\/\/www.mpppst.gob.ve\/mpppstweb\/index.php\/2017\/01\/27\/jornadas-de-carnetizacion-de-la-patria-se-realizara-este-fin-de-semana-en-los-clap\/#breadcrumb\"},\"inLanguage\":\"es\",\"potentialAction\":[{\"@type\":\"ReadAction\",\"target\":[\"https:\/\/www.mpppst.gob.ve\/mpppstweb\/index.php\/2017\/01\/27\/jornadas-de-carnetizacion-de-la-patria-se-realizara-este-fin-de-semana-en-los-clap\/\"]}]},{\"@type\":\"ImageObject\",\"inLanguage\":\"es\",\"@id\":\"https:\/\/www.mpppst.gob.ve\/mpppstweb\/index.php\/2017\/01\/27\/jornadas-de-carnetizacion-de-la-patria-se-realizara-este-fin-de-semana-en-los-clap\/#primaryimage\",\"url\":\"https:\/\/www.mpppst.gob.ve\/mpppstweb\/wp-content\/uploads\/2017\/01\/Maduro-carnet.jpg\",\"contentUrl\":\"https:\/\/www.mpppst.gob.ve\/mpppstweb\/wp-content\/uploads\/2017\/01\/Maduro-carnet.jpg\",\"width\":800,\"height\":445},{\"@type\":\"BreadcrumbList\",\"@id\":\"https:\/\/www.mpppst.gob.ve\/mpppstweb\/index.php\/2017\/01\/27\/jornadas-de-carnetizacion-de-la-patria-se-realizara-este-fin-de-semana-en-los-clap\/#breadcrumb\",\"itemListElement\":[{\"@type\":\"ListItem\",\"position\":1,\"name\":\"Home\",\"item\":\"https:\/\/www.mpppst.gob.ve\/mpppstweb\/\"},{\"@type\":\"ListItem\",\"position\":2,\"name\":\"Jornadas de Carnetizaci\u00f3n de la Patria se realizar\u00e1 este fin de semana en los CLAP\"}]},{\"@type\":\"WebSite\",\"@id\":\"https:\/\/www.mpppst.gob.ve\/mpppstweb\/#website\",\"url\":\"https:\/\/www.mpppst.gob.ve\/mpppstweb\/\",\"name\":\"MPPPST\",\"description\":\"Ministerio del Poder Popular para el Proceso Social de Trabajo\",\"publisher\":{\"@id\":\"https:\/\/www.mpppst.gob.ve\/mpppstweb\/#organization\"},\"potentialAction\":[{\"@type\":\"SearchAction\",\"target\":{\"@type\":\"EntryPoint\",\"urlTemplate\":\"https:\/\/www.mpppst.gob.ve\/mpppstweb\/?s={search_term_string}\"},\"query-input\":\"required name=search_term_string\"}],\"inLanguage\":\"es\"},{\"@type\":\"Organization\",\"@id\":\"https:\/\/www.mpppst.gob.ve\/mpppstweb\/#organization\",\"name\":\"mpppst\",\"url\":\"https:\/\/www.mpppst.gob.ve\/mpppstweb\/\",\"logo\":{\"@type\":\"ImageObject\",\"inLanguage\":\"es\",\"@id\":\"https:\/\/www.mpppst.gob.ve\/mpppstweb\/#\/schema\/logo\/image\/\",\"url\":\"https:\/\/www.mpppst.gob.ve\/mpppstweb\/wp-content\/uploads\/2025\/07\/cropped-cropped-g910.png\",\"contentUrl\":\"https:\/\/www.mpppst.gob.ve\/mpppstweb\/wp-content\/uploads\/2025\/07\/cropped-cropped-g910.png\",\"width\":1080,\"height\":241,\"caption\":\"mpppst\"},\"image\":{\"@id\":\"https:\/\/www.mpppst.gob.ve\/mpppstweb\/#\/schema\/logo\/image\/\"}},{\"@type\":\"Person\",\"@id\":\"https:\/\/www.mpppst.gob.ve\/mpppstweb\/#\/schema\/person\/fc187ee8ead412bd4c9304b62f900ea4\",\"name\":\"MPPPST Prensa\",\"url\":\"https:\/\/www.mpppst.gob.ve\/mpppstweb\/index.php\/author\/prensa-mpppst\/\"}]}<\/script>\n<!-- \/ Yoast SEO plugin. -->","yoast_head_json":{"title":"Jornadas de Carnetizaci\u00f3n de la Patria se realizar\u00e1 este fin de semana en los CLAP - MPPPST","robots":{"index":"index","follow":"follow","max-snippet":"max-snippet:-1","max-image-preview":"max-image-preview:large","max-video-preview":"max-video-preview:-1"},"canonical":"https:\/\/www.mpppst.gob.ve\/mpppstweb\/index.php\/2017\/01\/27\/jornadas-de-carnetizacion-de-la-patria-se-realizara-este-fin-de-semana-en-los-clap\/","og_locale":"es_ES","og_type":"article","og_title":"Jornadas de Carnetizaci\u00f3n de la Patria se realizar\u00e1 este fin de semana en los CLAP - MPPPST","og_description":"Prensa (MPPPST). El Presidente de la Rep\u00fablica Nicol\u00e1s Maduro Moros, anunci\u00f3 que este fin de semana &hellip; Jornadas de Carnetizaci\u00f3n de la Patria se realizar\u00e1 este fin de semana en los CLAPRead more","og_url":"https:\/\/www.mpppst.gob.ve\/mpppstweb\/index.php\/2017\/01\/27\/jornadas-de-carnetizacion-de-la-patria-se-realizara-este-fin-de-semana-en-los-clap\/","og_site_name":"MPPPST","article_published_time":"2017-01-27T14:29:54+00:00","og_image":[{"width":800,"height":445,"url":"https:\/\/www.mpppst.gob.ve\/mpppstweb\/wp-content\/uploads\/2017\/01\/Maduro-carnet.jpg","type":"image\/jpeg"}],"author":"MPPPST Prensa","twitter_card":"summary_large_image","twitter_misc":{"Escrito por":"MPPPST Prensa","Tiempo de lectura":"2 minutos"},"schema":{"@context":"https:\/\/schema.org","@graph":[{"@type":"Article","@id":"https:\/\/www.mpppst.gob.ve\/mpppstweb\/index.php\/2017\/01\/27\/jornadas-de-carnetizacion-de-la-patria-se-realizara-este-fin-de-semana-en-los-clap\/#article","isPartOf":{"@id":"https:\/\/www.mpppst.gob.ve\/mpppstweb\/index.php\/2017\/01\/27\/jornadas-de-carnetizacion-de-la-patria-se-realizara-este-fin-de-semana-en-los-clap\/"},"author":{"name":"MPPPST Prensa","@id":"https:\/\/www.mpppst.gob.ve\/mpppstweb\/#\/schema\/person\/fc187ee8ead412bd4c9304b62f900ea4"},"headline":"Jornadas de Carnetizaci\u00f3n de la Patria se realizar\u00e1 este fin de semana en los CLAP","datePublished":"2017-01-27T14:29:54+00:00","dateModified":"2017-01-27T14:29:54+00:00","mainEntityOfPage":{"@id":"https:\/\/www.mpppst.gob.ve\/mpppstweb\/index.php\/2017\/01\/27\/jornadas-de-carnetizacion-de-la-patria-se-realizara-este-fin-de-semana-en-los-clap\/"},"wordCount":409,"publisher":{"@id":"https:\/\/www.mpppst.gob.ve\/mpppstweb\/#organization"},"image":{"@id":"https:\/\/www.mpppst.gob.ve\/mpppstweb\/index.php\/2017\/01\/27\/jornadas-de-carnetizacion-de-la-patria-se-realizara-este-fin-de-semana-en-los-clap\/#primaryimage"},"thumbnailUrl":"https:\/\/www.mpppst.gob.ve\/mpppstweb\/wp-content\/uploads\/2017\/01\/Maduro-carnet.jpg","keywords":["CLAP","Consejos Comunales","Defensa Integral","Gobierno Bolivariano","Maduro"],"articleSection":["Gobierno Nacional","Noticias","Presidencia de la Rep\u00fablica"],"inLanguage":"es"},{"@type":"WebPage","@id":"https:\/\/www.mpppst.gob.ve\/mpppstweb\/index.php\/2017\/01\/27\/jornadas-de-carnetizacion-de-la-patria-se-realizara-este-fin-de-semana-en-los-clap\/","url":"https:\/\/www.mpppst.gob.ve\/mpppstweb\/index.php\/2017\/01\/27\/jornadas-de-carnetizacion-de-la-patria-se-realizara-este-fin-de-semana-en-los-clap\/","name":"Jornadas de Carnetizaci\u00f3n de la Patria se realizar\u00e1 este fin de semana en los CLAP - MPPPST","isPartOf":{"@id":"https:\/\/www.mpppst.gob.ve\/mpppstweb\/#website"},"primaryImageOfPage":{"@id":"https:\/\/www.mpppst.gob.ve\/mpppstweb\/index.php\/2017\/01\/27\/jornadas-de-carnetizacion-de-la-patria-se-realizara-este-fin-de-semana-en-los-clap\/#primaryimage"},"image":{"@id":"https:\/\/www.mpppst.gob.ve\/mpppstweb\/index.php\/2017\/01\/27\/jornadas-de-carnetizacion-de-la-patria-se-realizara-este-fin-de-semana-en-los-clap\/#primaryimage"},"thumbnailUrl":"https:\/\/www.mpppst.gob.ve\/mpppstweb\/wp-content\/uploads\/2017\/01\/Maduro-carnet.jpg","datePublished":"2017-01-27T14:29:54+00:00","dateModified":"2017-01-27T14:29:54+00:00","breadcrumb":{"@id":"https:\/\/www.mpppst.gob.ve\/mpppstweb\/index.php\/2017\/01\/27\/jornadas-de-carnetizacion-de-la-patria-se-realizara-este-fin-de-semana-en-los-clap\/#breadcrumb"},"inLanguage":"es","potentialAction":[{"@type":"ReadAction","target":["https:\/\/www.mpppst.gob.ve\/mpppstweb\/index.php\/2017\/01\/27\/jornadas-de-carnetizacion-de-la-patria-se-realizara-este-fin-de-semana-en-los-clap\/"]}]},{"@type":"ImageObject","inLanguage":"es","@id":"https:\/\/www.mpppst.gob.ve\/mpppstweb\/index.php\/2017\/01\/27\/jornadas-de-carnetizacion-de-la-patria-se-realizara-este-fin-de-semana-en-los-clap\/#primaryimage","url":"https:\/\/www.mpppst.gob.ve\/mpppstweb\/wp-content\/uploads\/2017\/01\/Maduro-carnet.jpg","contentUrl":"https:\/\/www.mpppst.gob.ve\/mpppstweb\/wp-content\/uploads\/2017\/01\/Maduro-carnet.jpg","width":800,"height":445},{"@type":"BreadcrumbList","@id":"https:\/\/www.mpppst.gob.ve\/mpppstweb\/index.php\/2017\/01\/27\/jornadas-de-carnetizacion-de-la-patria-se-realizara-este-fin-de-semana-en-los-clap\/#breadcrumb","itemListElement":[{"@type":"ListItem","position":1,"name":"Home","item":"https:\/\/www.mpppst.gob.ve\/mpppstweb\/"},{"@type":"ListItem","position":2,"name":"Jornadas de Carnetizaci\u00f3n de la Patria se realizar\u00e1 este fin de semana en los CLAP"}]},{"@type":"WebSite","@id":"https:\/\/www.mpppst.gob.ve\/mpppstweb\/#website","url":"https:\/\/www.mpppst.gob.ve\/mpppstweb\/","name":"MPPPST","description":"Ministerio del Poder Popular para el Proceso Social de Trabajo","publisher":{"@id":"https:\/\/www.mpppst.gob.ve\/mpppstweb\/#organization"},"potentialAction":[{"@type":"SearchAction","target":{"@type":"EntryPoint","urlTemplate":"https:\/\/www.mpppst.gob.ve\/mpppstweb\/?s={search_term_string}"},"query-input":"required name=search_term_string"}],"inLanguage":"es"},{"@type":"Organization","@id":"https:\/\/www.mpppst.gob.ve\/mpppstweb\/#organization","name":"mpppst","url":"https:\/\/www.mpppst.gob.ve\/mpppstweb\/","logo":{"@type":"ImageObject","inLanguage":"es","@id":"https:\/\/www.mpppst.gob.ve\/mpppstweb\/#\/schema\/logo\/image\/","url":"https:\/\/www.mpppst.gob.ve\/mpppstweb\/wp-content\/uploads\/2025\/07\/cropped-cropped-g910.png","contentUrl":"https:\/\/www.mpppst.gob.ve\/mpppstweb\/wp-content\/uploads\/2025\/07\/cropped-cropped-g910.png","width":1080,"height":241,"caption":"mpppst"},"image":{"@id":"https:\/\/www.mpppst.gob.ve\/mpppstweb\/#\/schema\/logo\/image\/"}},{"@type":"Person","@id":"https:\/\/www.mpppst.gob.ve\/mpppstweb\/#\/schema\/person\/fc187ee8ead412bd4c9304b62f900ea4","name":"MPPPST Prensa","url":"https:\/\/www.mpppst.gob.ve\/mpppstweb\/index.php\/author\/prensa-mpppst\/"}]}},"_links":{"self":[{"href":"https:\/\/www.mpppst.gob.ve\/mpppstweb\/index.php\/wp-json\/wp\/v2\/posts\/10371"}],"collection":[{"href":"https:\/\/www.mpppst.gob.ve\/mpppstweb\/index.php\/wp-json\/wp\/v2\/posts"}],"about":[{"href":"https:\/\/www.mpppst.gob.ve\/mpppstweb\/index.php\/wp-json\/wp\/v2\/types\/post"}],"author":[{"embeddable":true,"href":"https:\/\/www.mpppst.gob.ve\/mpppstweb\/index.php\/wp-json\/wp\/v2\/users\/25"}],"replies":[{"embeddable":true,"href":"https:\/\/www.mpppst.gob.ve\/mpppstweb\/index.php\/wp-json\/wp\/v2\/comments?post=10371"}],"version-history":[{"count":1,"href":"https:\/\/www.mpppst.gob.ve\/mpppstweb\/index.php\/wp-json\/wp\/v2\/posts\/10371\/revisions"}],"predecessor-version":[{"id":10373,"href":"https:\/\/www.mpppst.gob.ve\/mpppstweb\/index.php\/wp-json\/wp\/v2\/posts\/10371\/revisions\/10373"}],"wp:featuredmedia":[{"embeddable":true,"href":"https:\/\/www.mpppst.gob.ve\/mpppstweb\/index.php\/wp-json\/wp\/v2\/media\/10372"}],"wp:attachment":[{"href":"https:\/\/www.mpppst.gob.ve\/mpppstweb\/index.php\/wp-json\/wp\/v2\/media?parent=10371"}],"wp:term":[{"taxonomy":"category","embeddable":true,"href":"https:\/\/www.mpppst.gob.ve\/mpppstweb\/index.php\/wp-json\/wp\/v2\/categories?post=10371"},{"taxonomy":"post_tag","embeddable":true,"href":"https:\/\/www.mpppst.gob.ve\/mpppstweb\/index.php\/wp-json\/wp\/v2\/tags?post=10371"}],"curies":[{"name":"wp","href":"https:\/\/api.w.org\/{rel}","templated":true}]}}