{"id":10374,"date":"2017-01-27T20:10:29","date_gmt":"2017-01-27T20:10:29","guid":{"rendered":"http:\/\/www.mpppst.gob.ve\/mpppstweb\/?p=10374"},"modified":"2017-01-27T20:10:29","modified_gmt":"2017-01-27T20:10:29","slug":"consignan-convencion-colectiva-de-los-trabajadores-y-trabajadoras-del-sector-universitario","status":"publish","type":"post","link":"https:\/\/www.mpppst.gob.ve\/mpppstweb\/index.php\/2017\/01\/27\/consignan-convencion-colectiva-de-los-trabajadores-y-trabajadoras-del-sector-universitario\/","title":{"rendered":"Consignan Convenci\u00f3n Colectiva de los Trabajadores y Trabajadoras del sector universitario"},"content":{"rendered":"<p>Prensa (MPPPST). Este 27 de enero se llev\u00f3 a cabo en el\u00a0 Ministerio del Poder Popular para el Proceso Social de Trabajo (MPPPST), la consignaci\u00f3n de la Convenci\u00f3n Colectiva de los Trabajadores y Trabajadoras del sector universitario, que beneficiar\u00e1 a m\u00e1s de 220 mil personas.<\/p>\n<p>El acto estuvo presidido por el ministro de Educaci\u00f3n Universitaria y Tecnolog\u00eda Hugbel Roa; Carlos L\u00f3pez, Coordinador Nacional de la Central Bolivariana Socialista de Trabajadores (CBST) y el Ministro para el Poder Popular para el Proceso Social de Trabajo, Francisco Torrealba, qui\u00e9n recibi\u00f3 el documento por parte de los trabajadores y trabajadoras.<\/p>\n<p>\u201cHemos procedido formalmente a darle entrada a este pliego de peticiones de los trabajadores del sector universitario, vamos a canalizar esta discusi\u00f3n y estamos seguros que se va a dar en el m\u00e1s grande esp\u00edritu de di\u00e1logo, de concertaci\u00f3n y de acuerdo\u201d, sentenci\u00f3 Torrealba.<\/p>\n<p>Torrealba expres\u00f3 que para el Gobierno Nacional presidido por el Presidente Obrero Nicol\u00e1s Maduro, es importante atender los requerimientos de los Trabajadores y Trabajadores de cualquier sector.<\/p>\n<p>\u201cPara nosotros es muy importante el car\u00e1cter \u00fanico y unitario que tiene esta convenci\u00f3n porque va a atender de manera directa las aspiraciones y los planteamientos de m\u00e1s de 220 mil trabajadores. Desde el Ministerio del Trabajo les decimos a los trabajadores del sector universitarito que este Gobierno va a atender como corresponde todo este conjunto de planteamientos\u201d.<\/p>\n<p>Por su parte, Carlos L\u00f3pez, expres\u00f3 que esta nueva convenci\u00f3n colectiva ser\u00eda la tercera que se firma solo en revoluci\u00f3n, cuando en la cuarta rep\u00fablica el sector universitario estaba olvidado.<\/p>\n<p>\u201cEsta nueva convenci\u00f3n colectiva es la tercera que se firma en la Revoluci\u00f3n Bolivariana, cuando en la cuarta rep\u00fablica el sector universitario nunca era tomado en cuenta, solo en Revoluci\u00f3n se escuchan y se resuelven los requerimientos de cada sector\u201d.<\/p>\n<p>L\u00f3pez inform\u00f3 que entre las novedades que presenta esta nueva convenci\u00f3n colectiva, se encuentra una cl\u00e1usula que plantea el aspecto productivo, cumpliendo el llamado del Presidente Obrero Nicol\u00e1s Maduro de formar la nueva universidad productiva.<\/p>\n<p>\u201cLa segunda cl\u00e1usula es el compromiso de los trabajadores y trabajadoras, con la nueva universidad productiva, mediante el aporte intelectual, mediante al aporte tecnol\u00f3gico, para que se sumen al aspecto productivo. Actualmente tenemos m\u00e1s de 30 mil hect\u00e1reas para producir en los espacios universitarios, y por eso el sector universitario se sumar\u00e1 a la producci\u00f3n\u201d, acot\u00f3.<\/p>\n<p>El Ministro Hugbel Roa, expres\u00f3 que a pesar de la dura guerra econ\u00f3mica que ha sufrido Venezuela en los \u00faltimos a\u00f1os, la Revoluci\u00f3n Bolivariana ha protegido por sobre todo a la educaci\u00f3n y los derechos de los trabajadores.<\/p>\n<p>\u201cA pesar de la guerra econ\u00f3mica hemos podido evitar que la educaci\u00f3n haya sido trastocada y en especial los derechos de los trabajadores y trabajadoras, quienes entienden que este gobierno ha defendido el derecho al trabajo por encima de cualquier circunstancia\u201d, finaliz\u00f3 el ministro.<\/p>\n<p>Por Carlos Palacios<\/p>\n","protected":false},"excerpt":{"rendered":"<p>Prensa (MPPPST). Este 27 de enero se llev\u00f3 a cabo en el\u00a0 Ministerio del Poder Popular &hellip; <a title=\"Consignan Convenci\u00f3n Colectiva de los Trabajadores y Trabajadoras del sector universitario\" class=\"hm-read-more\" href=\"https:\/\/www.mpppst.gob.ve\/mpppstweb\/index.php\/2017\/01\/27\/consignan-convencion-colectiva-de-los-trabajadores-y-trabajadoras-del-sector-universitario\/\"><span class=\"screen-reader-text\">Consignan Convenci\u00f3n Colectiva de los Trabajadores y Trabajadoras del sector universitario<\/span>Read more<\/a><\/p>\n","protected":false},"author":25,"featured_media":10375,"comment_status":"closed","ping_status":"closed","sticky":false,"template":"","format":"standard","meta":{"footnotes":""},"categories":[163,84],"tags":[222,242,223],"yoast_head":"<!-- This site is optimized with the Yoast SEO plugin v22.5 - https:\/\/yoast.com\/wordpress\/plugins\/seo\/ -->\n<title>Consignan Convenci\u00f3n Colectiva de los Trabajadores y Trabajadoras del sector universitario - MPPPST<\/title>\n<meta name=\"robots\" content=\"index, follow, max-snippet:-1, max-image-preview:large, max-video-preview:-1\" \/>\n<link rel=\"canonical\" href=\"https:\/\/www.mpppst.gob.ve\/mpppstweb\/index.php\/2017\/01\/27\/consignan-convencion-colectiva-de-los-trabajadores-y-trabajadoras-del-sector-universitario\/\" \/>\n<meta property=\"og:locale\" content=\"es_ES\" \/>\n<meta property=\"og:type\" content=\"article\" \/>\n<meta property=\"og:title\" content=\"Consignan Convenci\u00f3n Colectiva de los Trabajadores y Trabajadoras del sector universitario - MPPPST\" \/>\n<meta property=\"og:description\" content=\"Prensa (MPPPST). Este 27 de enero se llev\u00f3 a cabo en el\u00a0 Ministerio del Poder Popular &hellip; Consignan Convenci\u00f3n Colectiva de los Trabajadores y Trabajadoras del sector universitarioRead more\" \/>\n<meta property=\"og:url\" content=\"https:\/\/www.mpppst.gob.ve\/mpppstweb\/index.php\/2017\/01\/27\/consignan-convencion-colectiva-de-los-trabajadores-y-trabajadoras-del-sector-universitario\/\" \/>\n<meta property=\"og:site_name\" content=\"MPPPST\" \/>\n<meta property=\"article:published_time\" content=\"2017-01-27T20:10:29+00:00\" \/>\n<meta property=\"og:image\" content=\"https:\/\/www.mpppst.gob.ve\/mpppstweb\/wp-content\/uploads\/2017\/01\/convenci\u00f3n-colectiva.jpg\" \/>\n\t<meta property=\"og:image:width\" content=\"800\" \/>\n\t<meta property=\"og:image:height\" content=\"445\" \/>\n\t<meta property=\"og:image:type\" content=\"image\/jpeg\" \/>\n<meta name=\"author\" content=\"MPPPST Prensa\" \/>\n<meta name=\"twitter:card\" content=\"summary_large_image\" \/>\n<meta name=\"twitter:label1\" content=\"Escrito por\" \/>\n\t<meta name=\"twitter:data1\" content=\"MPPPST Prensa\" \/>\n\t<meta name=\"twitter:label2\" content=\"Tiempo de lectura\" \/>\n\t<meta name=\"twitter:data2\" content=\"3 minutos\" \/>\n<script type=\"application\/ld+json\" class=\"yoast-schema-graph\">{\"@context\":\"https:\/\/schema.org\",\"@graph\":[{\"@type\":\"Article\",\"@id\":\"https:\/\/www.mpppst.gob.ve\/mpppstweb\/index.php\/2017\/01\/27\/consignan-convencion-colectiva-de-los-trabajadores-y-trabajadoras-del-sector-universitario\/#article\",\"isPartOf\":{\"@id\":\"https:\/\/www.mpppst.gob.ve\/mpppstweb\/index.php\/2017\/01\/27\/consignan-convencion-colectiva-de-los-trabajadores-y-trabajadoras-del-sector-universitario\/\"},\"author\":{\"name\":\"MPPPST Prensa\",\"@id\":\"https:\/\/www.mpppst.gob.ve\/mpppstweb\/#\/schema\/person\/fc187ee8ead412bd4c9304b62f900ea4\"},\"headline\":\"Consignan Convenci\u00f3n Colectiva de los Trabajadores y Trabajadoras del sector universitario\",\"datePublished\":\"2017-01-27T20:10:29+00:00\",\"dateModified\":\"2017-01-27T20:10:29+00:00\",\"mainEntityOfPage\":{\"@id\":\"https:\/\/www.mpppst.gob.ve\/mpppstweb\/index.php\/2017\/01\/27\/consignan-convencion-colectiva-de-los-trabajadores-y-trabajadoras-del-sector-universitario\/\"},\"wordCount\":520,\"publisher\":{\"@id\":\"https:\/\/www.mpppst.gob.ve\/mpppstweb\/#organization\"},\"image\":{\"@id\":\"https:\/\/www.mpppst.gob.ve\/mpppstweb\/index.php\/2017\/01\/27\/consignan-convencion-colectiva-de-los-trabajadores-y-trabajadoras-del-sector-universitario\/#primaryimage\"},\"thumbnailUrl\":\"https:\/\/www.mpppst.gob.ve\/mpppstweb\/wp-content\/uploads\/2017\/01\/convenci\u00f3n-colectiva.jpg\",\"keywords\":[\"Gobierno Bolivariano\",\"Justa distribuci\u00f3n de la riqueza\",\"MPPPST\"],\"articleSection\":[\"Noticias\",\"Vida Laboral y Sindical\"],\"inLanguage\":\"es\"},{\"@type\":\"WebPage\",\"@id\":\"https:\/\/www.mpppst.gob.ve\/mpppstweb\/index.php\/2017\/01\/27\/consignan-convencion-colectiva-de-los-trabajadores-y-trabajadoras-del-sector-universitario\/\",\"url\":\"https:\/\/www.mpppst.gob.ve\/mpppstweb\/index.php\/2017\/01\/27\/consignan-convencion-colectiva-de-los-trabajadores-y-trabajadoras-del-sector-universitario\/\",\"name\":\"Consignan Convenci\u00f3n Colectiva de los Trabajadores y Trabajadoras del sector universitario - MPPPST\",\"isPartOf\":{\"@id\":\"https:\/\/www.mpppst.gob.ve\/mpppstweb\/#website\"},\"primaryImageOfPage\":{\"@id\":\"https:\/\/www.mpppst.gob.ve\/mpppstweb\/index.php\/2017\/01\/27\/consignan-convencion-colectiva-de-los-trabajadores-y-trabajadoras-del-sector-universitario\/#primaryimage\"},\"image\":{\"@id\":\"https:\/\/www.mpppst.gob.ve\/mpppstweb\/index.php\/2017\/01\/27\/consignan-convencion-colectiva-de-los-trabajadores-y-trabajadoras-del-sector-universitario\/#primaryimage\"},\"thumbnailUrl\":\"https:\/\/www.mpppst.gob.ve\/mpppstweb\/wp-content\/uploads\/2017\/01\/convenci\u00f3n-colectiva.jpg\",\"datePublished\":\"2017-01-27T20:10:29+00:00\",\"dateModified\":\"2017-01-27T20:10:29+00:00\",\"breadcrumb\":{\"@id\":\"https:\/\/www.mpppst.gob.ve\/mpppstweb\/index.php\/2017\/01\/27\/consignan-convencion-colectiva-de-los-trabajadores-y-trabajadoras-del-sector-universitario\/#breadcrumb\"},\"inLanguage\":\"es\",\"potentialAction\":[{\"@type\":\"ReadAction\",\"target\":[\"https:\/\/www.mpppst.gob.ve\/mpppstweb\/index.php\/2017\/01\/27\/consignan-convencion-colectiva-de-los-trabajadores-y-trabajadoras-del-sector-universitario\/\"]}]},{\"@type\":\"ImageObject\",\"inLanguage\":\"es\",\"@id\":\"https:\/\/www.mpppst.gob.ve\/mpppstweb\/index.php\/2017\/01\/27\/consignan-convencion-colectiva-de-los-trabajadores-y-trabajadoras-del-sector-universitario\/#primaryimage\",\"url\":\"https:\/\/www.mpppst.gob.ve\/mpppstweb\/wp-content\/uploads\/2017\/01\/convenci\u00f3n-colectiva.jpg\",\"contentUrl\":\"https:\/\/www.mpppst.gob.ve\/mpppstweb\/wp-content\/uploads\/2017\/01\/convenci\u00f3n-colectiva.jpg\",\"width\":800,\"height\":445},{\"@type\":\"BreadcrumbList\",\"@id\":\"https:\/\/www.mpppst.gob.ve\/mpppstweb\/index.php\/2017\/01\/27\/consignan-convencion-colectiva-de-los-trabajadores-y-trabajadoras-del-sector-universitario\/#breadcrumb\",\"itemListElement\":[{\"@type\":\"ListItem\",\"position\":1,\"name\":\"Home\",\"item\":\"https:\/\/www.mpppst.gob.ve\/mpppstweb\/\"},{\"@type\":\"ListItem\",\"position\":2,\"name\":\"Consignan Convenci\u00f3n Colectiva de los Trabajadores y Trabajadoras del sector universitario\"}]},{\"@type\":\"WebSite\",\"@id\":\"https:\/\/www.mpppst.gob.ve\/mpppstweb\/#website\",\"url\":\"https:\/\/www.mpppst.gob.ve\/mpppstweb\/\",\"name\":\"MPPPST\",\"description\":\"Ministerio del Poder Popular para el Proceso Social de Trabajo\",\"publisher\":{\"@id\":\"https:\/\/www.mpppst.gob.ve\/mpppstweb\/#organization\"},\"potentialAction\":[{\"@type\":\"SearchAction\",\"target\":{\"@type\":\"EntryPoint\",\"urlTemplate\":\"https:\/\/www.mpppst.gob.ve\/mpppstweb\/?s={search_term_string}\"},\"query-input\":\"required name=search_term_string\"}],\"inLanguage\":\"es\"},{\"@type\":\"Organization\",\"@id\":\"https:\/\/www.mpppst.gob.ve\/mpppstweb\/#organization\",\"name\":\"mpppst\",\"url\":\"https:\/\/www.mpppst.gob.ve\/mpppstweb\/\",\"logo\":{\"@type\":\"ImageObject\",\"inLanguage\":\"es\",\"@id\":\"https:\/\/www.mpppst.gob.ve\/mpppstweb\/#\/schema\/logo\/image\/\",\"url\":\"https:\/\/www.mpppst.gob.ve\/mpppstweb\/wp-content\/uploads\/2025\/07\/cropped-cropped-g910.png\",\"contentUrl\":\"https:\/\/www.mpppst.gob.ve\/mpppstweb\/wp-content\/uploads\/2025\/07\/cropped-cropped-g910.png\",\"width\":1080,\"height\":241,\"caption\":\"mpppst\"},\"image\":{\"@id\":\"https:\/\/www.mpppst.gob.ve\/mpppstweb\/#\/schema\/logo\/image\/\"}},{\"@type\":\"Person\",\"@id\":\"https:\/\/www.mpppst.gob.ve\/mpppstweb\/#\/schema\/person\/fc187ee8ead412bd4c9304b62f900ea4\",\"name\":\"MPPPST Prensa\",\"url\":\"https:\/\/www.mpppst.gob.ve\/mpppstweb\/index.php\/author\/prensa-mpppst\/\"}]}<\/script>\n<!-- \/ Yoast SEO plugin. -->","yoast_head_json":{"title":"Consignan Convenci\u00f3n Colectiva de los Trabajadores y Trabajadoras del sector universitario - MPPPST","robots":{"index":"index","follow":"follow","max-snippet":"max-snippet:-1","max-image-preview":"max-image-preview:large","max-video-preview":"max-video-preview:-1"},"canonical":"https:\/\/www.mpppst.gob.ve\/mpppstweb\/index.php\/2017\/01\/27\/consignan-convencion-colectiva-de-los-trabajadores-y-trabajadoras-del-sector-universitario\/","og_locale":"es_ES","og_type":"article","og_title":"Consignan Convenci\u00f3n Colectiva de los Trabajadores y Trabajadoras del sector universitario - MPPPST","og_description":"Prensa (MPPPST). Este 27 de enero se llev\u00f3 a cabo en el\u00a0 Ministerio del Poder Popular &hellip; Consignan Convenci\u00f3n Colectiva de los Trabajadores y Trabajadoras del sector universitarioRead more","og_url":"https:\/\/www.mpppst.gob.ve\/mpppstweb\/index.php\/2017\/01\/27\/consignan-convencion-colectiva-de-los-trabajadores-y-trabajadoras-del-sector-universitario\/","og_site_name":"MPPPST","article_published_time":"2017-01-27T20:10:29+00:00","og_image":[{"width":800,"height":445,"url":"https:\/\/www.mpppst.gob.ve\/mpppstweb\/wp-content\/uploads\/2017\/01\/convenci\u00f3n-colectiva.jpg","type":"image\/jpeg"}],"author":"MPPPST Prensa","twitter_card":"summary_large_image","twitter_misc":{"Escrito por":"MPPPST Prensa","Tiempo de lectura":"3 minutos"},"schema":{"@context":"https:\/\/schema.org","@graph":[{"@type":"Article","@id":"https:\/\/www.mpppst.gob.ve\/mpppstweb\/index.php\/2017\/01\/27\/consignan-convencion-colectiva-de-los-trabajadores-y-trabajadoras-del-sector-universitario\/#article","isPartOf":{"@id":"https:\/\/www.mpppst.gob.ve\/mpppstweb\/index.php\/2017\/01\/27\/consignan-convencion-colectiva-de-los-trabajadores-y-trabajadoras-del-sector-universitario\/"},"author":{"name":"MPPPST Prensa","@id":"https:\/\/www.mpppst.gob.ve\/mpppstweb\/#\/schema\/person\/fc187ee8ead412bd4c9304b62f900ea4"},"headline":"Consignan Convenci\u00f3n Colectiva de los Trabajadores y Trabajadoras del sector universitario","datePublished":"2017-01-27T20:10:29+00:00","dateModified":"2017-01-27T20:10:29+00:00","mainEntityOfPage":{"@id":"https:\/\/www.mpppst.gob.ve\/mpppstweb\/index.php\/2017\/01\/27\/consignan-convencion-colectiva-de-los-trabajadores-y-trabajadoras-del-sector-universitario\/"},"wordCount":520,"publisher":{"@id":"https:\/\/www.mpppst.gob.ve\/mpppstweb\/#organization"},"image":{"@id":"https:\/\/www.mpppst.gob.ve\/mpppstweb\/index.php\/2017\/01\/27\/consignan-convencion-colectiva-de-los-trabajadores-y-trabajadoras-del-sector-universitario\/#primaryimage"},"thumbnailUrl":"https:\/\/www.mpppst.gob.ve\/mpppstweb\/wp-content\/uploads\/2017\/01\/convenci\u00f3n-colectiva.jpg","keywords":["Gobierno Bolivariano","Justa distribuci\u00f3n de la riqueza","MPPPST"],"articleSection":["Noticias","Vida Laboral y Sindical"],"inLanguage":"es"},{"@type":"WebPage","@id":"https:\/\/www.mpppst.gob.ve\/mpppstweb\/index.php\/2017\/01\/27\/consignan-convencion-colectiva-de-los-trabajadores-y-trabajadoras-del-sector-universitario\/","url":"https:\/\/www.mpppst.gob.ve\/mpppstweb\/index.php\/2017\/01\/27\/consignan-convencion-colectiva-de-los-trabajadores-y-trabajadoras-del-sector-universitario\/","name":"Consignan Convenci\u00f3n Colectiva de los Trabajadores y Trabajadoras del sector universitario - MPPPST","isPartOf":{"@id":"https:\/\/www.mpppst.gob.ve\/mpppstweb\/#website"},"primaryImageOfPage":{"@id":"https:\/\/www.mpppst.gob.ve\/mpppstweb\/index.php\/2017\/01\/27\/consignan-convencion-colectiva-de-los-trabajadores-y-trabajadoras-del-sector-universitario\/#primaryimage"},"image":{"@id":"https:\/\/www.mpppst.gob.ve\/mpppstweb\/index.php\/2017\/01\/27\/consignan-convencion-colectiva-de-los-trabajadores-y-trabajadoras-del-sector-universitario\/#primaryimage"},"thumbnailUrl":"https:\/\/www.mpppst.gob.ve\/mpppstweb\/wp-content\/uploads\/2017\/01\/convenci\u00f3n-colectiva.jpg","datePublished":"2017-01-27T20:10:29+00:00","dateModified":"2017-01-27T20:10:29+00:00","breadcrumb":{"@id":"https:\/\/www.mpppst.gob.ve\/mpppstweb\/index.php\/2017\/01\/27\/consignan-convencion-colectiva-de-los-trabajadores-y-trabajadoras-del-sector-universitario\/#breadcrumb"},"inLanguage":"es","potentialAction":[{"@type":"ReadAction","target":["https:\/\/www.mpppst.gob.ve\/mpppstweb\/index.php\/2017\/01\/27\/consignan-convencion-colectiva-de-los-trabajadores-y-trabajadoras-del-sector-universitario\/"]}]},{"@type":"ImageObject","inLanguage":"es","@id":"https:\/\/www.mpppst.gob.ve\/mpppstweb\/index.php\/2017\/01\/27\/consignan-convencion-colectiva-de-los-trabajadores-y-trabajadoras-del-sector-universitario\/#primaryimage","url":"https:\/\/www.mpppst.gob.ve\/mpppstweb\/wp-content\/uploads\/2017\/01\/convenci\u00f3n-colectiva.jpg","contentUrl":"https:\/\/www.mpppst.gob.ve\/mpppstweb\/wp-content\/uploads\/2017\/01\/convenci\u00f3n-colectiva.jpg","width":800,"height":445},{"@type":"BreadcrumbList","@id":"https:\/\/www.mpppst.gob.ve\/mpppstweb\/index.php\/2017\/01\/27\/consignan-convencion-colectiva-de-los-trabajadores-y-trabajadoras-del-sector-universitario\/#breadcrumb","itemListElement":[{"@type":"ListItem","position":1,"name":"Home","item":"https:\/\/www.mpppst.gob.ve\/mpppstweb\/"},{"@type":"ListItem","position":2,"name":"Consignan Convenci\u00f3n Colectiva de los Trabajadores y Trabajadoras del sector universitario"}]},{"@type":"WebSite","@id":"https:\/\/www.mpppst.gob.ve\/mpppstweb\/#website","url":"https:\/\/www.mpppst.gob.ve\/mpppstweb\/","name":"MPPPST","description":"Ministerio del Poder Popular para el Proceso Social de Trabajo","publisher":{"@id":"https:\/\/www.mpppst.gob.ve\/mpppstweb\/#organization"},"potentialAction":[{"@type":"SearchAction","target":{"@type":"EntryPoint","urlTemplate":"https:\/\/www.mpppst.gob.ve\/mpppstweb\/?s={search_term_string}"},"query-input":"required name=search_term_string"}],"inLanguage":"es"},{"@type":"Organization","@id":"https:\/\/www.mpppst.gob.ve\/mpppstweb\/#organization","name":"mpppst","url":"https:\/\/www.mpppst.gob.ve\/mpppstweb\/","logo":{"@type":"ImageObject","inLanguage":"es","@id":"https:\/\/www.mpppst.gob.ve\/mpppstweb\/#\/schema\/logo\/image\/","url":"https:\/\/www.mpppst.gob.ve\/mpppstweb\/wp-content\/uploads\/2025\/07\/cropped-cropped-g910.png","contentUrl":"https:\/\/www.mpppst.gob.ve\/mpppstweb\/wp-content\/uploads\/2025\/07\/cropped-cropped-g910.png","width":1080,"height":241,"caption":"mpppst"},"image":{"@id":"https:\/\/www.mpppst.gob.ve\/mpppstweb\/#\/schema\/logo\/image\/"}},{"@type":"Person","@id":"https:\/\/www.mpppst.gob.ve\/mpppstweb\/#\/schema\/person\/fc187ee8ead412bd4c9304b62f900ea4","name":"MPPPST Prensa","url":"https:\/\/www.mpppst.gob.ve\/mpppstweb\/index.php\/author\/prensa-mpppst\/"}]}},"_links":{"self":[{"href":"https:\/\/www.mpppst.gob.ve\/mpppstweb\/index.php\/wp-json\/wp\/v2\/posts\/10374"}],"collection":[{"href":"https:\/\/www.mpppst.gob.ve\/mpppstweb\/index.php\/wp-json\/wp\/v2\/posts"}],"about":[{"href":"https:\/\/www.mpppst.gob.ve\/mpppstweb\/index.php\/wp-json\/wp\/v2\/types\/post"}],"author":[{"embeddable":true,"href":"https:\/\/www.mpppst.gob.ve\/mpppstweb\/index.php\/wp-json\/wp\/v2\/users\/25"}],"replies":[{"embeddable":true,"href":"https:\/\/www.mpppst.gob.ve\/mpppstweb\/index.php\/wp-json\/wp\/v2\/comments?post=10374"}],"version-history":[{"count":1,"href":"https:\/\/www.mpppst.gob.ve\/mpppstweb\/index.php\/wp-json\/wp\/v2\/posts\/10374\/revisions"}],"predecessor-version":[{"id":10376,"href":"https:\/\/www.mpppst.gob.ve\/mpppstweb\/index.php\/wp-json\/wp\/v2\/posts\/10374\/revisions\/10376"}],"wp:featuredmedia":[{"embeddable":true,"href":"https:\/\/www.mpppst.gob.ve\/mpppstweb\/index.php\/wp-json\/wp\/v2\/media\/10375"}],"wp:attachment":[{"href":"https:\/\/www.mpppst.gob.ve\/mpppstweb\/index.php\/wp-json\/wp\/v2\/media?parent=10374"}],"wp:term":[{"taxonomy":"category","embeddable":true,"href":"https:\/\/www.mpppst.gob.ve\/mpppstweb\/index.php\/wp-json\/wp\/v2\/categories?post=10374"},{"taxonomy":"post_tag","embeddable":true,"href":"https:\/\/www.mpppst.gob.ve\/mpppstweb\/index.php\/wp-json\/wp\/v2\/tags?post=10374"}],"curies":[{"name":"wp","href":"https:\/\/api.w.org\/{rel}","templated":true}]}}