{"id":10380,"date":"2017-01-27T21:10:25","date_gmt":"2017-01-27T21:10:25","guid":{"rendered":"http:\/\/www.mpppst.gob.ve\/mpppstweb\/?p=10380"},"modified":"2017-01-27T21:10:25","modified_gmt":"2017-01-27T21:10:25","slug":"aprobados-bs-25-mil-millones-para-prestaciones-sociales-del-gremio-magisterial","status":"publish","type":"post","link":"https:\/\/www.mpppst.gob.ve\/mpppstweb\/index.php\/2017\/01\/27\/aprobados-bs-25-mil-millones-para-prestaciones-sociales-del-gremio-magisterial\/","title":{"rendered":"Aprobados Bs. 25 mil millones para prestaciones sociales del gremio magisterial"},"content":{"rendered":"<p>Prensa Mippci.- La cantidad de 25 mil millones de bol\u00edvares ser\u00e1 orientada al concepto de prestaciones sociales del gremio magisterial.<\/p>\n<p>As\u00ed lo inform\u00f3 el presidente de la Rep\u00fablica Bolivariana de Venezuela, Nicol\u00e1s Maduro Moros, en un acto que dirigi\u00f3 este viernes desde la plaza Bicentenaria del Palacio de Miraflores.<\/p>\n<p>\u201cLe aprob\u00e9 la cantidad de 25 mil millones de bol\u00edvares, podr\u00eda ser un evento que hagamos en estos d\u00edas y volver a encontrarnos (con los maestros y maestras de la Patria)\u201d; se\u00f1al\u00f3 el jefe de Estado en relaci\u00f3n al tema de la cancelaci\u00f3n de las prestaciones sociales.<\/p>\n<p>Precis\u00f3 que se trata de 46 mil 526 prestaciones sociales del a\u00f1o 2015. \u201cDebemos llegar al d\u00eda en que todo el que se jubile cobre sus prestaciones sociales\u00a0 a los treinta d\u00edas, luego de su jubilaci\u00f3n. Este a\u00f1o tenemos que llegar a eso\u201d.<\/p>\n<p>Reconoci\u00f3 el jefe de Estado que esta tarea \u201cno es f\u00e1cil, pero solo la Revoluci\u00f3n lo hace posible. Con fuerza tomemos todo lo que son los derechos sociales\u201d.<\/p>\n<p>Este anuncio lo realiz\u00f3 tras recordar que los \u201cmaestros cobraron el aumento del 50 por ciento (%) de aumento salarial a tiempo, como nunca antes. He dado la orden al ministro (El\u00edas Jaua)\u201d, quien \u201cme trajo la propuesta de las bases magisteriales\u201d.<\/p>\n<p>Al titular de la cartera educativa \u2013 explic\u00f3 el Mandatario le he dicho: El contrato colectivo tiene que pagarse como fue firmado; en cada mes con los registros de aumento que fueron acordados y firmados. Estoy comprometido y debe cumplirse\u201d, y seguir avanzando en la construcci\u00f3n de la seguridad social integral.<\/p>\n<p>A los maestros y maestras dijo: \u201cGracias a ustedes por tanto amor que le dan a nuestros ni\u00f1as y ni\u00f1os. Los maestros se merecen todo el respaldo, amor y apoyo de un Estado revolucionario, as\u00ed que estamos reafirmando un camino\u201d.<\/p>\n<p>Indic\u00f3 que se dar\u00e1n pasos en el sector educaci\u00f3n, \u201cs\u00f3lo desde la educaci\u00f3n se puede ser portador de las banderas m\u00e1s hermosas que nuestra Patria necesita, que sigue en batalla en el 2017, la contraofensiva\u201d.<\/p>\n<p>Manifest\u00f3 su compromiso en trabajar para seguir acumulando \u201cla fuerza suficiente para resolver los problemas econ\u00f3micos con trabajo y producci\u00f3n y seguir garantizando la educaci\u00f3n p\u00fablica, gratuita y de calidad, y continuar\u00a0 construyendo el Socialismo\u201d.<\/p>\n<p>Les ratific\u00f3: \u201cLos espero el pr\u00f3ximo jueves 2 de febrero para que arranque la gran jornada del Carnet de la Patria en todos los sectores educativos del pa\u00eds. \u00a1Que viva el movimiento magisterial venezolano!, \u00a1que viva la educaci\u00f3n p\u00fablica del pueblo!, \u00a1que viva el carnet de la Patria!. Hasta la victoria siempre\u201d.<\/p>\n","protected":false},"excerpt":{"rendered":"<p>Prensa Mippci.- La cantidad de 25 mil millones de bol\u00edvares ser\u00e1 orientada al concepto de prestaciones &hellip; <a title=\"Aprobados Bs. 25 mil millones para prestaciones sociales del gremio magisterial\" class=\"hm-read-more\" href=\"https:\/\/www.mpppst.gob.ve\/mpppstweb\/index.php\/2017\/01\/27\/aprobados-bs-25-mil-millones-para-prestaciones-sociales-del-gremio-magisterial\/\"><span class=\"screen-reader-text\">Aprobados Bs. 25 mil millones para prestaciones sociales del gremio magisterial<\/span>Read more<\/a><\/p>\n","protected":false},"author":25,"featured_media":10381,"comment_status":"closed","ping_status":"closed","sticky":false,"template":"","format":"standard","meta":{"footnotes":""},"categories":[82,163],"tags":[229,222,242],"yoast_head":"<!-- This site is optimized with the Yoast SEO plugin v22.5 - https:\/\/yoast.com\/wordpress\/plugins\/seo\/ -->\n<title>Aprobados Bs. 25 mil millones para prestaciones sociales del gremio magisterial - MPPPST<\/title>\n<meta name=\"robots\" content=\"index, follow, max-snippet:-1, max-image-preview:large, max-video-preview:-1\" \/>\n<link rel=\"canonical\" href=\"https:\/\/www.mpppst.gob.ve\/mpppstweb\/index.php\/2017\/01\/27\/aprobados-bs-25-mil-millones-para-prestaciones-sociales-del-gremio-magisterial\/\" \/>\n<meta property=\"og:locale\" content=\"es_ES\" \/>\n<meta property=\"og:type\" content=\"article\" \/>\n<meta property=\"og:title\" content=\"Aprobados Bs. 25 mil millones para prestaciones sociales del gremio magisterial - MPPPST\" \/>\n<meta property=\"og:description\" content=\"Prensa Mippci.- La cantidad de 25 mil millones de bol\u00edvares ser\u00e1 orientada al concepto de prestaciones &hellip; Aprobados Bs. 25 mil millones para prestaciones sociales del gremio magisterialRead more\" \/>\n<meta property=\"og:url\" content=\"https:\/\/www.mpppst.gob.ve\/mpppstweb\/index.php\/2017\/01\/27\/aprobados-bs-25-mil-millones-para-prestaciones-sociales-del-gremio-magisterial\/\" \/>\n<meta property=\"og:site_name\" content=\"MPPPST\" \/>\n<meta property=\"article:published_time\" content=\"2017-01-27T21:10:25+00:00\" \/>\n<meta property=\"og:image\" content=\"https:\/\/www.mpppst.gob.ve\/mpppstweb\/wp-content\/uploads\/2017\/01\/maduro-prestaciones.jpg\" \/>\n\t<meta property=\"og:image:width\" content=\"800\" \/>\n\t<meta property=\"og:image:height\" content=\"445\" \/>\n\t<meta property=\"og:image:type\" content=\"image\/jpeg\" \/>\n<meta name=\"author\" content=\"MPPPST Prensa\" \/>\n<meta name=\"twitter:card\" content=\"summary_large_image\" \/>\n<meta name=\"twitter:label1\" content=\"Escrito por\" \/>\n\t<meta name=\"twitter:data1\" content=\"MPPPST Prensa\" \/>\n\t<meta name=\"twitter:label2\" content=\"Tiempo de lectura\" \/>\n\t<meta name=\"twitter:data2\" content=\"2 minutos\" \/>\n<script type=\"application\/ld+json\" class=\"yoast-schema-graph\">{\"@context\":\"https:\/\/schema.org\",\"@graph\":[{\"@type\":\"Article\",\"@id\":\"https:\/\/www.mpppst.gob.ve\/mpppstweb\/index.php\/2017\/01\/27\/aprobados-bs-25-mil-millones-para-prestaciones-sociales-del-gremio-magisterial\/#article\",\"isPartOf\":{\"@id\":\"https:\/\/www.mpppst.gob.ve\/mpppstweb\/index.php\/2017\/01\/27\/aprobados-bs-25-mil-millones-para-prestaciones-sociales-del-gremio-magisterial\/\"},\"author\":{\"name\":\"MPPPST Prensa\",\"@id\":\"https:\/\/www.mpppst.gob.ve\/mpppstweb\/#\/schema\/person\/fc187ee8ead412bd4c9304b62f900ea4\"},\"headline\":\"Aprobados Bs. 25 mil millones para prestaciones sociales del gremio magisterial\",\"datePublished\":\"2017-01-27T21:10:25+00:00\",\"dateModified\":\"2017-01-27T21:10:25+00:00\",\"mainEntityOfPage\":{\"@id\":\"https:\/\/www.mpppst.gob.ve\/mpppstweb\/index.php\/2017\/01\/27\/aprobados-bs-25-mil-millones-para-prestaciones-sociales-del-gremio-magisterial\/\"},\"wordCount\":456,\"publisher\":{\"@id\":\"https:\/\/www.mpppst.gob.ve\/mpppstweb\/#organization\"},\"image\":{\"@id\":\"https:\/\/www.mpppst.gob.ve\/mpppstweb\/index.php\/2017\/01\/27\/aprobados-bs-25-mil-millones-para-prestaciones-sociales-del-gremio-magisterial\/#primaryimage\"},\"thumbnailUrl\":\"https:\/\/www.mpppst.gob.ve\/mpppstweb\/wp-content\/uploads\/2017\/01\/maduro-prestaciones.jpg\",\"keywords\":[\"Defensa Integral\",\"Gobierno Bolivariano\",\"Justa distribuci\u00f3n de la riqueza\"],\"articleSection\":[\"Gobierno Nacional\",\"Noticias\"],\"inLanguage\":\"es\"},{\"@type\":\"WebPage\",\"@id\":\"https:\/\/www.mpppst.gob.ve\/mpppstweb\/index.php\/2017\/01\/27\/aprobados-bs-25-mil-millones-para-prestaciones-sociales-del-gremio-magisterial\/\",\"url\":\"https:\/\/www.mpppst.gob.ve\/mpppstweb\/index.php\/2017\/01\/27\/aprobados-bs-25-mil-millones-para-prestaciones-sociales-del-gremio-magisterial\/\",\"name\":\"Aprobados Bs. 25 mil millones para prestaciones sociales del gremio magisterial - MPPPST\",\"isPartOf\":{\"@id\":\"https:\/\/www.mpppst.gob.ve\/mpppstweb\/#website\"},\"primaryImageOfPage\":{\"@id\":\"https:\/\/www.mpppst.gob.ve\/mpppstweb\/index.php\/2017\/01\/27\/aprobados-bs-25-mil-millones-para-prestaciones-sociales-del-gremio-magisterial\/#primaryimage\"},\"image\":{\"@id\":\"https:\/\/www.mpppst.gob.ve\/mpppstweb\/index.php\/2017\/01\/27\/aprobados-bs-25-mil-millones-para-prestaciones-sociales-del-gremio-magisterial\/#primaryimage\"},\"thumbnailUrl\":\"https:\/\/www.mpppst.gob.ve\/mpppstweb\/wp-content\/uploads\/2017\/01\/maduro-prestaciones.jpg\",\"datePublished\":\"2017-01-27T21:10:25+00:00\",\"dateModified\":\"2017-01-27T21:10:25+00:00\",\"breadcrumb\":{\"@id\":\"https:\/\/www.mpppst.gob.ve\/mpppstweb\/index.php\/2017\/01\/27\/aprobados-bs-25-mil-millones-para-prestaciones-sociales-del-gremio-magisterial\/#breadcrumb\"},\"inLanguage\":\"es\",\"potentialAction\":[{\"@type\":\"ReadAction\",\"target\":[\"https:\/\/www.mpppst.gob.ve\/mpppstweb\/index.php\/2017\/01\/27\/aprobados-bs-25-mil-millones-para-prestaciones-sociales-del-gremio-magisterial\/\"]}]},{\"@type\":\"ImageObject\",\"inLanguage\":\"es\",\"@id\":\"https:\/\/www.mpppst.gob.ve\/mpppstweb\/index.php\/2017\/01\/27\/aprobados-bs-25-mil-millones-para-prestaciones-sociales-del-gremio-magisterial\/#primaryimage\",\"url\":\"https:\/\/www.mpppst.gob.ve\/mpppstweb\/wp-content\/uploads\/2017\/01\/maduro-prestaciones.jpg\",\"contentUrl\":\"https:\/\/www.mpppst.gob.ve\/mpppstweb\/wp-content\/uploads\/2017\/01\/maduro-prestaciones.jpg\",\"width\":800,\"height\":445},{\"@type\":\"BreadcrumbList\",\"@id\":\"https:\/\/www.mpppst.gob.ve\/mpppstweb\/index.php\/2017\/01\/27\/aprobados-bs-25-mil-millones-para-prestaciones-sociales-del-gremio-magisterial\/#breadcrumb\",\"itemListElement\":[{\"@type\":\"ListItem\",\"position\":1,\"name\":\"Home\",\"item\":\"https:\/\/www.mpppst.gob.ve\/mpppstweb\/\"},{\"@type\":\"ListItem\",\"position\":2,\"name\":\"Aprobados Bs. 25 mil millones para prestaciones sociales del gremio magisterial\"}]},{\"@type\":\"WebSite\",\"@id\":\"https:\/\/www.mpppst.gob.ve\/mpppstweb\/#website\",\"url\":\"https:\/\/www.mpppst.gob.ve\/mpppstweb\/\",\"name\":\"MPPPST\",\"description\":\"Ministerio del Poder Popular para el Proceso Social de Trabajo\",\"publisher\":{\"@id\":\"https:\/\/www.mpppst.gob.ve\/mpppstweb\/#organization\"},\"potentialAction\":[{\"@type\":\"SearchAction\",\"target\":{\"@type\":\"EntryPoint\",\"urlTemplate\":\"https:\/\/www.mpppst.gob.ve\/mpppstweb\/?s={search_term_string}\"},\"query-input\":\"required name=search_term_string\"}],\"inLanguage\":\"es\"},{\"@type\":\"Organization\",\"@id\":\"https:\/\/www.mpppst.gob.ve\/mpppstweb\/#organization\",\"name\":\"mpppst\",\"url\":\"https:\/\/www.mpppst.gob.ve\/mpppstweb\/\",\"logo\":{\"@type\":\"ImageObject\",\"inLanguage\":\"es\",\"@id\":\"https:\/\/www.mpppst.gob.ve\/mpppstweb\/#\/schema\/logo\/image\/\",\"url\":\"https:\/\/www.mpppst.gob.ve\/mpppstweb\/wp-content\/uploads\/2025\/07\/cropped-cropped-g910.png\",\"contentUrl\":\"https:\/\/www.mpppst.gob.ve\/mpppstweb\/wp-content\/uploads\/2025\/07\/cropped-cropped-g910.png\",\"width\":1080,\"height\":241,\"caption\":\"mpppst\"},\"image\":{\"@id\":\"https:\/\/www.mpppst.gob.ve\/mpppstweb\/#\/schema\/logo\/image\/\"}},{\"@type\":\"Person\",\"@id\":\"https:\/\/www.mpppst.gob.ve\/mpppstweb\/#\/schema\/person\/fc187ee8ead412bd4c9304b62f900ea4\",\"name\":\"MPPPST Prensa\",\"url\":\"https:\/\/www.mpppst.gob.ve\/mpppstweb\/index.php\/author\/prensa-mpppst\/\"}]}<\/script>\n<!-- \/ Yoast SEO plugin. -->","yoast_head_json":{"title":"Aprobados Bs. 25 mil millones para prestaciones sociales del gremio magisterial - MPPPST","robots":{"index":"index","follow":"follow","max-snippet":"max-snippet:-1","max-image-preview":"max-image-preview:large","max-video-preview":"max-video-preview:-1"},"canonical":"https:\/\/www.mpppst.gob.ve\/mpppstweb\/index.php\/2017\/01\/27\/aprobados-bs-25-mil-millones-para-prestaciones-sociales-del-gremio-magisterial\/","og_locale":"es_ES","og_type":"article","og_title":"Aprobados Bs. 25 mil millones para prestaciones sociales del gremio magisterial - MPPPST","og_description":"Prensa Mippci.- La cantidad de 25 mil millones de bol\u00edvares ser\u00e1 orientada al concepto de prestaciones &hellip; Aprobados Bs. 25 mil millones para prestaciones sociales del gremio magisterialRead more","og_url":"https:\/\/www.mpppst.gob.ve\/mpppstweb\/index.php\/2017\/01\/27\/aprobados-bs-25-mil-millones-para-prestaciones-sociales-del-gremio-magisterial\/","og_site_name":"MPPPST","article_published_time":"2017-01-27T21:10:25+00:00","og_image":[{"width":800,"height":445,"url":"https:\/\/www.mpppst.gob.ve\/mpppstweb\/wp-content\/uploads\/2017\/01\/maduro-prestaciones.jpg","type":"image\/jpeg"}],"author":"MPPPST Prensa","twitter_card":"summary_large_image","twitter_misc":{"Escrito por":"MPPPST Prensa","Tiempo de lectura":"2 minutos"},"schema":{"@context":"https:\/\/schema.org","@graph":[{"@type":"Article","@id":"https:\/\/www.mpppst.gob.ve\/mpppstweb\/index.php\/2017\/01\/27\/aprobados-bs-25-mil-millones-para-prestaciones-sociales-del-gremio-magisterial\/#article","isPartOf":{"@id":"https:\/\/www.mpppst.gob.ve\/mpppstweb\/index.php\/2017\/01\/27\/aprobados-bs-25-mil-millones-para-prestaciones-sociales-del-gremio-magisterial\/"},"author":{"name":"MPPPST Prensa","@id":"https:\/\/www.mpppst.gob.ve\/mpppstweb\/#\/schema\/person\/fc187ee8ead412bd4c9304b62f900ea4"},"headline":"Aprobados Bs. 25 mil millones para prestaciones sociales del gremio magisterial","datePublished":"2017-01-27T21:10:25+00:00","dateModified":"2017-01-27T21:10:25+00:00","mainEntityOfPage":{"@id":"https:\/\/www.mpppst.gob.ve\/mpppstweb\/index.php\/2017\/01\/27\/aprobados-bs-25-mil-millones-para-prestaciones-sociales-del-gremio-magisterial\/"},"wordCount":456,"publisher":{"@id":"https:\/\/www.mpppst.gob.ve\/mpppstweb\/#organization"},"image":{"@id":"https:\/\/www.mpppst.gob.ve\/mpppstweb\/index.php\/2017\/01\/27\/aprobados-bs-25-mil-millones-para-prestaciones-sociales-del-gremio-magisterial\/#primaryimage"},"thumbnailUrl":"https:\/\/www.mpppst.gob.ve\/mpppstweb\/wp-content\/uploads\/2017\/01\/maduro-prestaciones.jpg","keywords":["Defensa Integral","Gobierno Bolivariano","Justa distribuci\u00f3n de la riqueza"],"articleSection":["Gobierno Nacional","Noticias"],"inLanguage":"es"},{"@type":"WebPage","@id":"https:\/\/www.mpppst.gob.ve\/mpppstweb\/index.php\/2017\/01\/27\/aprobados-bs-25-mil-millones-para-prestaciones-sociales-del-gremio-magisterial\/","url":"https:\/\/www.mpppst.gob.ve\/mpppstweb\/index.php\/2017\/01\/27\/aprobados-bs-25-mil-millones-para-prestaciones-sociales-del-gremio-magisterial\/","name":"Aprobados Bs. 25 mil millones para prestaciones sociales del gremio magisterial - MPPPST","isPartOf":{"@id":"https:\/\/www.mpppst.gob.ve\/mpppstweb\/#website"},"primaryImageOfPage":{"@id":"https:\/\/www.mpppst.gob.ve\/mpppstweb\/index.php\/2017\/01\/27\/aprobados-bs-25-mil-millones-para-prestaciones-sociales-del-gremio-magisterial\/#primaryimage"},"image":{"@id":"https:\/\/www.mpppst.gob.ve\/mpppstweb\/index.php\/2017\/01\/27\/aprobados-bs-25-mil-millones-para-prestaciones-sociales-del-gremio-magisterial\/#primaryimage"},"thumbnailUrl":"https:\/\/www.mpppst.gob.ve\/mpppstweb\/wp-content\/uploads\/2017\/01\/maduro-prestaciones.jpg","datePublished":"2017-01-27T21:10:25+00:00","dateModified":"2017-01-27T21:10:25+00:00","breadcrumb":{"@id":"https:\/\/www.mpppst.gob.ve\/mpppstweb\/index.php\/2017\/01\/27\/aprobados-bs-25-mil-millones-para-prestaciones-sociales-del-gremio-magisterial\/#breadcrumb"},"inLanguage":"es","potentialAction":[{"@type":"ReadAction","target":["https:\/\/www.mpppst.gob.ve\/mpppstweb\/index.php\/2017\/01\/27\/aprobados-bs-25-mil-millones-para-prestaciones-sociales-del-gremio-magisterial\/"]}]},{"@type":"ImageObject","inLanguage":"es","@id":"https:\/\/www.mpppst.gob.ve\/mpppstweb\/index.php\/2017\/01\/27\/aprobados-bs-25-mil-millones-para-prestaciones-sociales-del-gremio-magisterial\/#primaryimage","url":"https:\/\/www.mpppst.gob.ve\/mpppstweb\/wp-content\/uploads\/2017\/01\/maduro-prestaciones.jpg","contentUrl":"https:\/\/www.mpppst.gob.ve\/mpppstweb\/wp-content\/uploads\/2017\/01\/maduro-prestaciones.jpg","width":800,"height":445},{"@type":"BreadcrumbList","@id":"https:\/\/www.mpppst.gob.ve\/mpppstweb\/index.php\/2017\/01\/27\/aprobados-bs-25-mil-millones-para-prestaciones-sociales-del-gremio-magisterial\/#breadcrumb","itemListElement":[{"@type":"ListItem","position":1,"name":"Home","item":"https:\/\/www.mpppst.gob.ve\/mpppstweb\/"},{"@type":"ListItem","position":2,"name":"Aprobados Bs. 25 mil millones para prestaciones sociales del gremio magisterial"}]},{"@type":"WebSite","@id":"https:\/\/www.mpppst.gob.ve\/mpppstweb\/#website","url":"https:\/\/www.mpppst.gob.ve\/mpppstweb\/","name":"MPPPST","description":"Ministerio del Poder Popular para el Proceso Social de Trabajo","publisher":{"@id":"https:\/\/www.mpppst.gob.ve\/mpppstweb\/#organization"},"potentialAction":[{"@type":"SearchAction","target":{"@type":"EntryPoint","urlTemplate":"https:\/\/www.mpppst.gob.ve\/mpppstweb\/?s={search_term_string}"},"query-input":"required name=search_term_string"}],"inLanguage":"es"},{"@type":"Organization","@id":"https:\/\/www.mpppst.gob.ve\/mpppstweb\/#organization","name":"mpppst","url":"https:\/\/www.mpppst.gob.ve\/mpppstweb\/","logo":{"@type":"ImageObject","inLanguage":"es","@id":"https:\/\/www.mpppst.gob.ve\/mpppstweb\/#\/schema\/logo\/image\/","url":"https:\/\/www.mpppst.gob.ve\/mpppstweb\/wp-content\/uploads\/2025\/07\/cropped-cropped-g910.png","contentUrl":"https:\/\/www.mpppst.gob.ve\/mpppstweb\/wp-content\/uploads\/2025\/07\/cropped-cropped-g910.png","width":1080,"height":241,"caption":"mpppst"},"image":{"@id":"https:\/\/www.mpppst.gob.ve\/mpppstweb\/#\/schema\/logo\/image\/"}},{"@type":"Person","@id":"https:\/\/www.mpppst.gob.ve\/mpppstweb\/#\/schema\/person\/fc187ee8ead412bd4c9304b62f900ea4","name":"MPPPST Prensa","url":"https:\/\/www.mpppst.gob.ve\/mpppstweb\/index.php\/author\/prensa-mpppst\/"}]}},"_links":{"self":[{"href":"https:\/\/www.mpppst.gob.ve\/mpppstweb\/index.php\/wp-json\/wp\/v2\/posts\/10380"}],"collection":[{"href":"https:\/\/www.mpppst.gob.ve\/mpppstweb\/index.php\/wp-json\/wp\/v2\/posts"}],"about":[{"href":"https:\/\/www.mpppst.gob.ve\/mpppstweb\/index.php\/wp-json\/wp\/v2\/types\/post"}],"author":[{"embeddable":true,"href":"https:\/\/www.mpppst.gob.ve\/mpppstweb\/index.php\/wp-json\/wp\/v2\/users\/25"}],"replies":[{"embeddable":true,"href":"https:\/\/www.mpppst.gob.ve\/mpppstweb\/index.php\/wp-json\/wp\/v2\/comments?post=10380"}],"version-history":[{"count":1,"href":"https:\/\/www.mpppst.gob.ve\/mpppstweb\/index.php\/wp-json\/wp\/v2\/posts\/10380\/revisions"}],"predecessor-version":[{"id":10382,"href":"https:\/\/www.mpppst.gob.ve\/mpppstweb\/index.php\/wp-json\/wp\/v2\/posts\/10380\/revisions\/10382"}],"wp:featuredmedia":[{"embeddable":true,"href":"https:\/\/www.mpppst.gob.ve\/mpppstweb\/index.php\/wp-json\/wp\/v2\/media\/10381"}],"wp:attachment":[{"href":"https:\/\/www.mpppst.gob.ve\/mpppstweb\/index.php\/wp-json\/wp\/v2\/media?parent=10380"}],"wp:term":[{"taxonomy":"category","embeddable":true,"href":"https:\/\/www.mpppst.gob.ve\/mpppstweb\/index.php\/wp-json\/wp\/v2\/categories?post=10380"},{"taxonomy":"post_tag","embeddable":true,"href":"https:\/\/www.mpppst.gob.ve\/mpppstweb\/index.php\/wp-json\/wp\/v2\/tags?post=10380"}],"curies":[{"name":"wp","href":"https:\/\/api.w.org\/{rel}","templated":true}]}}