{"id":10383,"date":"2017-01-27T21:31:32","date_gmt":"2017-01-27T21:31:32","guid":{"rendered":"http:\/\/www.mpppst.gob.ve\/mpppstweb\/?p=10383"},"modified":"2017-01-27T21:31:32","modified_gmt":"2017-01-27T21:31:32","slug":"realizan-jornada-de-carnetizacion-de-la-patria-para-servidoras-y-servidores-publicos-del-mpppst","status":"publish","type":"post","link":"https:\/\/www.mpppst.gob.ve\/mpppstweb\/index.php\/2017\/01\/27\/realizan-jornada-de-carnetizacion-de-la-patria-para-servidoras-y-servidores-publicos-del-mpppst\/","title":{"rendered":"Realizan jornada de carnetizaci\u00f3n de la Patria para servidoras y servidores p\u00fablicos del MPPPST"},"content":{"rendered":"<p>Prensa MPPPST.- El Ministerio del Poder Popular para el Proceso Social de Trabajo (MPPPST) a trav\u00e9s de su Oficina de Gesti\u00f3n Humana inici\u00f3 este viernes una jornada de Carnetizaci\u00f3n de la Patria dirigida a todas las servidoras y servidores p\u00fablicos que hacen vida en el ente laboral y que la misma se extender\u00e1 hasta la pr\u00f3xima semana.<\/p>\n<p>El ministro del Poder Popular para el Proceso Social de Trabajo, Francisco Torrealba, junto al Viceministro para el Sistema Integrado de Inspecci\u00f3n Laboral y de la Seguridad Social, Jos\u00e9 Ram\u00f3n Rivero; el Viceministro de Previsi\u00f3n Social, N\u00e9stor Ovalles y la Viceministra para Derechos y Relaciones Laborales, Lennina Galindo, participaron en esta jornada a la que tambi\u00e9n se sum\u00f3 el presidente del Instituto Venezolano de los Seguros Sociales (IVSS), Carlos Rotondaro.<\/p>\n<p>El ministro Torrealba hizo un llamado a la clase obrera del pa\u00eds, para que participe masivamente en las jornadas de carnetizaci\u00f3n que se est\u00e1n llevando a cabo en las Plazas Bol\u00edvar a nivel nacional, y en la Plaza Caracas en la Capital. De igual manera, invit\u00f3 a los trabajadores y trabajadoras del ministerio que dirige para que se registren y obtengan su Carnet de la Patria durante esta jornada.<\/p>\n<p><strong>Fortalecimiento de la Revoluci\u00f3n<\/strong><\/p>\n<p>Por su parte, la Viceministra para Derechos y Relaciones Laborales, Lennina Galindo, explic\u00f3 que \u201ces importante la participaci\u00f3n de todos los trabajadores y trabajadoras del ministerio y de sus entes adscritos en el proceso de Carnetizaci\u00f3n de la Patria, con la finalidad de constatar la participaci\u00f3n del pueblo trabajador y obrero en las Misiones Bolivarianas, extender el amparo a toda la poblaci\u00f3n venezolana de aquellos espacios donde todav\u00eda existan algunas debilidades y poder garantizar la universalizaci\u00f3n de las misiones bolivarianas\u201d.<\/p>\n<p>Adem\u00e1s resalt\u00f3 \u201cel compromiso que debemos tener con la revoluci\u00f3n para fortalecerla d\u00eda a d\u00eda, en beneficio de la Patria, en beneficio del pueblo venezolano, es por eso que le hacemos el llamado a todos los trabajadores y trabajadoras para que en forma masiva y comprometida acudan a estos espacios a carnetizarse y todos tengamos nuestro Carnet de la Patria\u201d.<\/p>\n<p>El Presidente Obrero, Nicol\u00e1s Maduro Moros, anunci\u00f3 este viernes que esta jornada de registro y sistematizaci\u00f3n del Carnet de la Patria se extender\u00e1 durante el mes de febrero, y que este instrumento fortalecer\u00e1 la atenci\u00f3n del pueblo a trav\u00e9s de las misiones y grandes misiones sociales.<\/p>\n<p>Elio Garc\u00eda<\/p>\n","protected":false},"excerpt":{"rendered":"<p>Prensa MPPPST.- El Ministerio del Poder Popular para el Proceso Social de Trabajo (MPPPST) a trav\u00e9s &hellip; <a title=\"Realizan jornada de carnetizaci\u00f3n de la Patria para servidoras y servidores p\u00fablicos del MPPPST\" class=\"hm-read-more\" href=\"https:\/\/www.mpppst.gob.ve\/mpppstweb\/index.php\/2017\/01\/27\/realizan-jornada-de-carnetizacion-de-la-patria-para-servidoras-y-servidores-publicos-del-mpppst\/\"><span class=\"screen-reader-text\">Realizan jornada de carnetizaci\u00f3n de la Patria para servidoras y servidores p\u00fablicos del MPPPST<\/span>Read more<\/a><\/p>\n","protected":false},"author":25,"featured_media":10384,"comment_status":"closed","ping_status":"closed","sticky":false,"template":"","format":"standard","meta":{"footnotes":""},"categories":[163,84],"tags":[229,225,223,240,285,227,296],"yoast_head":"<!-- This site is optimized with the Yoast SEO plugin v22.5 - https:\/\/yoast.com\/wordpress\/plugins\/seo\/ -->\n<title>Realizan jornada de carnetizaci\u00f3n de la Patria para servidoras y servidores p\u00fablicos del MPPPST - MPPPST<\/title>\n<meta name=\"robots\" content=\"index, follow, max-snippet:-1, max-image-preview:large, max-video-preview:-1\" \/>\n<link rel=\"canonical\" href=\"https:\/\/www.mpppst.gob.ve\/mpppstweb\/index.php\/2017\/01\/27\/realizan-jornada-de-carnetizacion-de-la-patria-para-servidoras-y-servidores-publicos-del-mpppst\/\" \/>\n<meta property=\"og:locale\" content=\"es_ES\" \/>\n<meta property=\"og:type\" content=\"article\" \/>\n<meta property=\"og:title\" content=\"Realizan jornada de carnetizaci\u00f3n de la Patria para servidoras y servidores p\u00fablicos del MPPPST - MPPPST\" \/>\n<meta property=\"og:description\" content=\"Prensa MPPPST.- El Ministerio del Poder Popular para el Proceso Social de Trabajo (MPPPST) a trav\u00e9s &hellip; Realizan jornada de carnetizaci\u00f3n de la Patria para servidoras y servidores p\u00fablicos del MPPPSTRead more\" \/>\n<meta property=\"og:url\" content=\"https:\/\/www.mpppst.gob.ve\/mpppstweb\/index.php\/2017\/01\/27\/realizan-jornada-de-carnetizacion-de-la-patria-para-servidoras-y-servidores-publicos-del-mpppst\/\" \/>\n<meta property=\"og:site_name\" content=\"MPPPST\" \/>\n<meta property=\"article:published_time\" content=\"2017-01-27T21:31:32+00:00\" \/>\n<meta property=\"og:image\" content=\"https:\/\/www.mpppst.gob.ve\/mpppstweb\/wp-content\/uploads\/2017\/01\/francisco-torrealba-carn\u00e9.jpg\" \/>\n\t<meta property=\"og:image:width\" content=\"800\" \/>\n\t<meta property=\"og:image:height\" content=\"445\" \/>\n\t<meta property=\"og:image:type\" content=\"image\/jpeg\" \/>\n<meta name=\"author\" content=\"MPPPST Prensa\" \/>\n<meta name=\"twitter:card\" content=\"summary_large_image\" \/>\n<meta name=\"twitter:label1\" content=\"Escrito por\" \/>\n\t<meta name=\"twitter:data1\" content=\"MPPPST Prensa\" \/>\n\t<meta name=\"twitter:label2\" content=\"Tiempo de lectura\" \/>\n\t<meta name=\"twitter:data2\" content=\"2 minutos\" \/>\n<script type=\"application\/ld+json\" class=\"yoast-schema-graph\">{\"@context\":\"https:\/\/schema.org\",\"@graph\":[{\"@type\":\"Article\",\"@id\":\"https:\/\/www.mpppst.gob.ve\/mpppstweb\/index.php\/2017\/01\/27\/realizan-jornada-de-carnetizacion-de-la-patria-para-servidoras-y-servidores-publicos-del-mpppst\/#article\",\"isPartOf\":{\"@id\":\"https:\/\/www.mpppst.gob.ve\/mpppstweb\/index.php\/2017\/01\/27\/realizan-jornada-de-carnetizacion-de-la-patria-para-servidoras-y-servidores-publicos-del-mpppst\/\"},\"author\":{\"name\":\"MPPPST Prensa\",\"@id\":\"https:\/\/www.mpppst.gob.ve\/mpppstweb\/#\/schema\/person\/fc187ee8ead412bd4c9304b62f900ea4\"},\"headline\":\"Realizan jornada de carnetizaci\u00f3n de la Patria para servidoras y servidores p\u00fablicos del MPPPST\",\"datePublished\":\"2017-01-27T21:31:32+00:00\",\"dateModified\":\"2017-01-27T21:31:32+00:00\",\"mainEntityOfPage\":{\"@id\":\"https:\/\/www.mpppst.gob.ve\/mpppstweb\/index.php\/2017\/01\/27\/realizan-jornada-de-carnetizacion-de-la-patria-para-servidoras-y-servidores-publicos-del-mpppst\/\"},\"wordCount\":435,\"publisher\":{\"@id\":\"https:\/\/www.mpppst.gob.ve\/mpppstweb\/#organization\"},\"image\":{\"@id\":\"https:\/\/www.mpppst.gob.ve\/mpppstweb\/index.php\/2017\/01\/27\/realizan-jornada-de-carnetizacion-de-la-patria-para-servidoras-y-servidores-publicos-del-mpppst\/#primaryimage\"},\"thumbnailUrl\":\"https:\/\/www.mpppst.gob.ve\/mpppstweb\/wp-content\/uploads\/2017\/01\/francisco-torrealba-carn\u00e9.jpg\",\"keywords\":[\"Defensa Integral\",\"Fuerza Laboral\",\"MPPPST\",\"Participaci\u00f3n popular y protag\u00f3nica\",\"Presidente Maduro\",\"Proceso Social\",\"Torrealba\"],\"articleSection\":[\"Noticias\",\"Vida Laboral y Sindical\"],\"inLanguage\":\"es\"},{\"@type\":\"WebPage\",\"@id\":\"https:\/\/www.mpppst.gob.ve\/mpppstweb\/index.php\/2017\/01\/27\/realizan-jornada-de-carnetizacion-de-la-patria-para-servidoras-y-servidores-publicos-del-mpppst\/\",\"url\":\"https:\/\/www.mpppst.gob.ve\/mpppstweb\/index.php\/2017\/01\/27\/realizan-jornada-de-carnetizacion-de-la-patria-para-servidoras-y-servidores-publicos-del-mpppst\/\",\"name\":\"Realizan jornada de carnetizaci\u00f3n de la Patria para servidoras y servidores p\u00fablicos del MPPPST - MPPPST\",\"isPartOf\":{\"@id\":\"https:\/\/www.mpppst.gob.ve\/mpppstweb\/#website\"},\"primaryImageOfPage\":{\"@id\":\"https:\/\/www.mpppst.gob.ve\/mpppstweb\/index.php\/2017\/01\/27\/realizan-jornada-de-carnetizacion-de-la-patria-para-servidoras-y-servidores-publicos-del-mpppst\/#primaryimage\"},\"image\":{\"@id\":\"https:\/\/www.mpppst.gob.ve\/mpppstweb\/index.php\/2017\/01\/27\/realizan-jornada-de-carnetizacion-de-la-patria-para-servidoras-y-servidores-publicos-del-mpppst\/#primaryimage\"},\"thumbnailUrl\":\"https:\/\/www.mpppst.gob.ve\/mpppstweb\/wp-content\/uploads\/2017\/01\/francisco-torrealba-carn\u00e9.jpg\",\"datePublished\":\"2017-01-27T21:31:32+00:00\",\"dateModified\":\"2017-01-27T21:31:32+00:00\",\"breadcrumb\":{\"@id\":\"https:\/\/www.mpppst.gob.ve\/mpppstweb\/index.php\/2017\/01\/27\/realizan-jornada-de-carnetizacion-de-la-patria-para-servidoras-y-servidores-publicos-del-mpppst\/#breadcrumb\"},\"inLanguage\":\"es\",\"potentialAction\":[{\"@type\":\"ReadAction\",\"target\":[\"https:\/\/www.mpppst.gob.ve\/mpppstweb\/index.php\/2017\/01\/27\/realizan-jornada-de-carnetizacion-de-la-patria-para-servidoras-y-servidores-publicos-del-mpppst\/\"]}]},{\"@type\":\"ImageObject\",\"inLanguage\":\"es\",\"@id\":\"https:\/\/www.mpppst.gob.ve\/mpppstweb\/index.php\/2017\/01\/27\/realizan-jornada-de-carnetizacion-de-la-patria-para-servidoras-y-servidores-publicos-del-mpppst\/#primaryimage\",\"url\":\"https:\/\/www.mpppst.gob.ve\/mpppstweb\/wp-content\/uploads\/2017\/01\/francisco-torrealba-carn\u00e9.jpg\",\"contentUrl\":\"https:\/\/www.mpppst.gob.ve\/mpppstweb\/wp-content\/uploads\/2017\/01\/francisco-torrealba-carn\u00e9.jpg\",\"width\":800,\"height\":445},{\"@type\":\"BreadcrumbList\",\"@id\":\"https:\/\/www.mpppst.gob.ve\/mpppstweb\/index.php\/2017\/01\/27\/realizan-jornada-de-carnetizacion-de-la-patria-para-servidoras-y-servidores-publicos-del-mpppst\/#breadcrumb\",\"itemListElement\":[{\"@type\":\"ListItem\",\"position\":1,\"name\":\"Home\",\"item\":\"https:\/\/www.mpppst.gob.ve\/mpppstweb\/\"},{\"@type\":\"ListItem\",\"position\":2,\"name\":\"Realizan jornada de carnetizaci\u00f3n de la Patria para servidoras y servidores p\u00fablicos del MPPPST\"}]},{\"@type\":\"WebSite\",\"@id\":\"https:\/\/www.mpppst.gob.ve\/mpppstweb\/#website\",\"url\":\"https:\/\/www.mpppst.gob.ve\/mpppstweb\/\",\"name\":\"MPPPST\",\"description\":\"Ministerio del Poder Popular para el Proceso Social de Trabajo\",\"publisher\":{\"@id\":\"https:\/\/www.mpppst.gob.ve\/mpppstweb\/#organization\"},\"potentialAction\":[{\"@type\":\"SearchAction\",\"target\":{\"@type\":\"EntryPoint\",\"urlTemplate\":\"https:\/\/www.mpppst.gob.ve\/mpppstweb\/?s={search_term_string}\"},\"query-input\":\"required name=search_term_string\"}],\"inLanguage\":\"es\"},{\"@type\":\"Organization\",\"@id\":\"https:\/\/www.mpppst.gob.ve\/mpppstweb\/#organization\",\"name\":\"mpppst\",\"url\":\"https:\/\/www.mpppst.gob.ve\/mpppstweb\/\",\"logo\":{\"@type\":\"ImageObject\",\"inLanguage\":\"es\",\"@id\":\"https:\/\/www.mpppst.gob.ve\/mpppstweb\/#\/schema\/logo\/image\/\",\"url\":\"https:\/\/www.mpppst.gob.ve\/mpppstweb\/wp-content\/uploads\/2025\/07\/cropped-cropped-g910.png\",\"contentUrl\":\"https:\/\/www.mpppst.gob.ve\/mpppstweb\/wp-content\/uploads\/2025\/07\/cropped-cropped-g910.png\",\"width\":1080,\"height\":241,\"caption\":\"mpppst\"},\"image\":{\"@id\":\"https:\/\/www.mpppst.gob.ve\/mpppstweb\/#\/schema\/logo\/image\/\"}},{\"@type\":\"Person\",\"@id\":\"https:\/\/www.mpppst.gob.ve\/mpppstweb\/#\/schema\/person\/fc187ee8ead412bd4c9304b62f900ea4\",\"name\":\"MPPPST Prensa\",\"url\":\"https:\/\/www.mpppst.gob.ve\/mpppstweb\/index.php\/author\/prensa-mpppst\/\"}]}<\/script>\n<!-- \/ Yoast SEO plugin. -->","yoast_head_json":{"title":"Realizan jornada de carnetizaci\u00f3n de la Patria para servidoras y servidores p\u00fablicos del MPPPST - MPPPST","robots":{"index":"index","follow":"follow","max-snippet":"max-snippet:-1","max-image-preview":"max-image-preview:large","max-video-preview":"max-video-preview:-1"},"canonical":"https:\/\/www.mpppst.gob.ve\/mpppstweb\/index.php\/2017\/01\/27\/realizan-jornada-de-carnetizacion-de-la-patria-para-servidoras-y-servidores-publicos-del-mpppst\/","og_locale":"es_ES","og_type":"article","og_title":"Realizan jornada de carnetizaci\u00f3n de la Patria para servidoras y servidores p\u00fablicos del MPPPST - MPPPST","og_description":"Prensa MPPPST.- El Ministerio del Poder Popular para el Proceso Social de Trabajo (MPPPST) a trav\u00e9s &hellip; Realizan jornada de carnetizaci\u00f3n de la Patria para servidoras y servidores p\u00fablicos del MPPPSTRead more","og_url":"https:\/\/www.mpppst.gob.ve\/mpppstweb\/index.php\/2017\/01\/27\/realizan-jornada-de-carnetizacion-de-la-patria-para-servidoras-y-servidores-publicos-del-mpppst\/","og_site_name":"MPPPST","article_published_time":"2017-01-27T21:31:32+00:00","og_image":[{"width":800,"height":445,"url":"https:\/\/www.mpppst.gob.ve\/mpppstweb\/wp-content\/uploads\/2017\/01\/francisco-torrealba-carn\u00e9.jpg","type":"image\/jpeg"}],"author":"MPPPST Prensa","twitter_card":"summary_large_image","twitter_misc":{"Escrito por":"MPPPST Prensa","Tiempo de lectura":"2 minutos"},"schema":{"@context":"https:\/\/schema.org","@graph":[{"@type":"Article","@id":"https:\/\/www.mpppst.gob.ve\/mpppstweb\/index.php\/2017\/01\/27\/realizan-jornada-de-carnetizacion-de-la-patria-para-servidoras-y-servidores-publicos-del-mpppst\/#article","isPartOf":{"@id":"https:\/\/www.mpppst.gob.ve\/mpppstweb\/index.php\/2017\/01\/27\/realizan-jornada-de-carnetizacion-de-la-patria-para-servidoras-y-servidores-publicos-del-mpppst\/"},"author":{"name":"MPPPST Prensa","@id":"https:\/\/www.mpppst.gob.ve\/mpppstweb\/#\/schema\/person\/fc187ee8ead412bd4c9304b62f900ea4"},"headline":"Realizan jornada de carnetizaci\u00f3n de la Patria para servidoras y servidores p\u00fablicos del MPPPST","datePublished":"2017-01-27T21:31:32+00:00","dateModified":"2017-01-27T21:31:32+00:00","mainEntityOfPage":{"@id":"https:\/\/www.mpppst.gob.ve\/mpppstweb\/index.php\/2017\/01\/27\/realizan-jornada-de-carnetizacion-de-la-patria-para-servidoras-y-servidores-publicos-del-mpppst\/"},"wordCount":435,"publisher":{"@id":"https:\/\/www.mpppst.gob.ve\/mpppstweb\/#organization"},"image":{"@id":"https:\/\/www.mpppst.gob.ve\/mpppstweb\/index.php\/2017\/01\/27\/realizan-jornada-de-carnetizacion-de-la-patria-para-servidoras-y-servidores-publicos-del-mpppst\/#primaryimage"},"thumbnailUrl":"https:\/\/www.mpppst.gob.ve\/mpppstweb\/wp-content\/uploads\/2017\/01\/francisco-torrealba-carn\u00e9.jpg","keywords":["Defensa Integral","Fuerza Laboral","MPPPST","Participaci\u00f3n popular y protag\u00f3nica","Presidente Maduro","Proceso Social","Torrealba"],"articleSection":["Noticias","Vida Laboral y Sindical"],"inLanguage":"es"},{"@type":"WebPage","@id":"https:\/\/www.mpppst.gob.ve\/mpppstweb\/index.php\/2017\/01\/27\/realizan-jornada-de-carnetizacion-de-la-patria-para-servidoras-y-servidores-publicos-del-mpppst\/","url":"https:\/\/www.mpppst.gob.ve\/mpppstweb\/index.php\/2017\/01\/27\/realizan-jornada-de-carnetizacion-de-la-patria-para-servidoras-y-servidores-publicos-del-mpppst\/","name":"Realizan jornada de carnetizaci\u00f3n de la Patria para servidoras y servidores p\u00fablicos del MPPPST - MPPPST","isPartOf":{"@id":"https:\/\/www.mpppst.gob.ve\/mpppstweb\/#website"},"primaryImageOfPage":{"@id":"https:\/\/www.mpppst.gob.ve\/mpppstweb\/index.php\/2017\/01\/27\/realizan-jornada-de-carnetizacion-de-la-patria-para-servidoras-y-servidores-publicos-del-mpppst\/#primaryimage"},"image":{"@id":"https:\/\/www.mpppst.gob.ve\/mpppstweb\/index.php\/2017\/01\/27\/realizan-jornada-de-carnetizacion-de-la-patria-para-servidoras-y-servidores-publicos-del-mpppst\/#primaryimage"},"thumbnailUrl":"https:\/\/www.mpppst.gob.ve\/mpppstweb\/wp-content\/uploads\/2017\/01\/francisco-torrealba-carn\u00e9.jpg","datePublished":"2017-01-27T21:31:32+00:00","dateModified":"2017-01-27T21:31:32+00:00","breadcrumb":{"@id":"https:\/\/www.mpppst.gob.ve\/mpppstweb\/index.php\/2017\/01\/27\/realizan-jornada-de-carnetizacion-de-la-patria-para-servidoras-y-servidores-publicos-del-mpppst\/#breadcrumb"},"inLanguage":"es","potentialAction":[{"@type":"ReadAction","target":["https:\/\/www.mpppst.gob.ve\/mpppstweb\/index.php\/2017\/01\/27\/realizan-jornada-de-carnetizacion-de-la-patria-para-servidoras-y-servidores-publicos-del-mpppst\/"]}]},{"@type":"ImageObject","inLanguage":"es","@id":"https:\/\/www.mpppst.gob.ve\/mpppstweb\/index.php\/2017\/01\/27\/realizan-jornada-de-carnetizacion-de-la-patria-para-servidoras-y-servidores-publicos-del-mpppst\/#primaryimage","url":"https:\/\/www.mpppst.gob.ve\/mpppstweb\/wp-content\/uploads\/2017\/01\/francisco-torrealba-carn\u00e9.jpg","contentUrl":"https:\/\/www.mpppst.gob.ve\/mpppstweb\/wp-content\/uploads\/2017\/01\/francisco-torrealba-carn\u00e9.jpg","width":800,"height":445},{"@type":"BreadcrumbList","@id":"https:\/\/www.mpppst.gob.ve\/mpppstweb\/index.php\/2017\/01\/27\/realizan-jornada-de-carnetizacion-de-la-patria-para-servidoras-y-servidores-publicos-del-mpppst\/#breadcrumb","itemListElement":[{"@type":"ListItem","position":1,"name":"Home","item":"https:\/\/www.mpppst.gob.ve\/mpppstweb\/"},{"@type":"ListItem","position":2,"name":"Realizan jornada de carnetizaci\u00f3n de la Patria para servidoras y servidores p\u00fablicos del MPPPST"}]},{"@type":"WebSite","@id":"https:\/\/www.mpppst.gob.ve\/mpppstweb\/#website","url":"https:\/\/www.mpppst.gob.ve\/mpppstweb\/","name":"MPPPST","description":"Ministerio del Poder Popular para el Proceso Social de Trabajo","publisher":{"@id":"https:\/\/www.mpppst.gob.ve\/mpppstweb\/#organization"},"potentialAction":[{"@type":"SearchAction","target":{"@type":"EntryPoint","urlTemplate":"https:\/\/www.mpppst.gob.ve\/mpppstweb\/?s={search_term_string}"},"query-input":"required name=search_term_string"}],"inLanguage":"es"},{"@type":"Organization","@id":"https:\/\/www.mpppst.gob.ve\/mpppstweb\/#organization","name":"mpppst","url":"https:\/\/www.mpppst.gob.ve\/mpppstweb\/","logo":{"@type":"ImageObject","inLanguage":"es","@id":"https:\/\/www.mpppst.gob.ve\/mpppstweb\/#\/schema\/logo\/image\/","url":"https:\/\/www.mpppst.gob.ve\/mpppstweb\/wp-content\/uploads\/2025\/07\/cropped-cropped-g910.png","contentUrl":"https:\/\/www.mpppst.gob.ve\/mpppstweb\/wp-content\/uploads\/2025\/07\/cropped-cropped-g910.png","width":1080,"height":241,"caption":"mpppst"},"image":{"@id":"https:\/\/www.mpppst.gob.ve\/mpppstweb\/#\/schema\/logo\/image\/"}},{"@type":"Person","@id":"https:\/\/www.mpppst.gob.ve\/mpppstweb\/#\/schema\/person\/fc187ee8ead412bd4c9304b62f900ea4","name":"MPPPST Prensa","url":"https:\/\/www.mpppst.gob.ve\/mpppstweb\/index.php\/author\/prensa-mpppst\/"}]}},"_links":{"self":[{"href":"https:\/\/www.mpppst.gob.ve\/mpppstweb\/index.php\/wp-json\/wp\/v2\/posts\/10383"}],"collection":[{"href":"https:\/\/www.mpppst.gob.ve\/mpppstweb\/index.php\/wp-json\/wp\/v2\/posts"}],"about":[{"href":"https:\/\/www.mpppst.gob.ve\/mpppstweb\/index.php\/wp-json\/wp\/v2\/types\/post"}],"author":[{"embeddable":true,"href":"https:\/\/www.mpppst.gob.ve\/mpppstweb\/index.php\/wp-json\/wp\/v2\/users\/25"}],"replies":[{"embeddable":true,"href":"https:\/\/www.mpppst.gob.ve\/mpppstweb\/index.php\/wp-json\/wp\/v2\/comments?post=10383"}],"version-history":[{"count":1,"href":"https:\/\/www.mpppst.gob.ve\/mpppstweb\/index.php\/wp-json\/wp\/v2\/posts\/10383\/revisions"}],"predecessor-version":[{"id":10385,"href":"https:\/\/www.mpppst.gob.ve\/mpppstweb\/index.php\/wp-json\/wp\/v2\/posts\/10383\/revisions\/10385"}],"wp:featuredmedia":[{"embeddable":true,"href":"https:\/\/www.mpppst.gob.ve\/mpppstweb\/index.php\/wp-json\/wp\/v2\/media\/10384"}],"wp:attachment":[{"href":"https:\/\/www.mpppst.gob.ve\/mpppstweb\/index.php\/wp-json\/wp\/v2\/media?parent=10383"}],"wp:term":[{"taxonomy":"category","embeddable":true,"href":"https:\/\/www.mpppst.gob.ve\/mpppstweb\/index.php\/wp-json\/wp\/v2\/categories?post=10383"},{"taxonomy":"post_tag","embeddable":true,"href":"https:\/\/www.mpppst.gob.ve\/mpppstweb\/index.php\/wp-json\/wp\/v2\/tags?post=10383"}],"curies":[{"name":"wp","href":"https:\/\/api.w.org\/{rel}","templated":true}]}}