{"id":10386,"date":"2017-01-30T12:35:53","date_gmt":"2017-01-30T12:35:53","guid":{"rendered":"http:\/\/www.mpppst.gob.ve\/mpppstweb\/?p=10386"},"modified":"2017-01-30T12:35:53","modified_gmt":"2017-01-30T12:35:53","slug":"reorganizacion-de-la-clase-obrera-sera-herramienta-para-impulsar-empresas-basicas","status":"publish","type":"post","link":"https:\/\/www.mpppst.gob.ve\/mpppstweb\/index.php\/2017\/01\/30\/reorganizacion-de-la-clase-obrera-sera-herramienta-para-impulsar-empresas-basicas\/","title":{"rendered":"Reorganizaci\u00f3n de la clase obrera ser\u00e1 herramienta para impulsar empresas b\u00e1sicas"},"content":{"rendered":"<p>AVN.- La clase obrera de las empresas b\u00e1sicas de Guayana, ubicadas al sur del pa\u00eds, tomar\u00e1n la vanguardia en los procesos de reimpulso y fortalecimiento de las capacidades productivas, por lo que es llamada a una profunda reorganizaci\u00f3n, indic\u00f3 este domingo el presidente de la Rep\u00fablica Bolivariana de Venezuela, Nicol\u00e1s Maduro.<\/p>\n<p>Ser\u00e1 \u00abun proceso de planificaci\u00f3n en la base para ordenar toda la misi\u00f3n y las acciones que nos deben llevar a la recuperaci\u00f3n sostenible, sostenida y definitiva de la capacidad productiva de todas las empresas b\u00e1sicas de Guayana\u00bb, indic\u00f3.<\/p>\n<p>Acot\u00f3 que este proceso deber\u00e1 comenzar en la mayor acer\u00eda del pa\u00eds, la Sider\u00fargica del Orinoco Alfredo Maneiro (Sidor), nacionalizada en 2008 y que recientemente reactiv\u00f3 la producci\u00f3n de hojalata en la planta Tandem II, donde se han producido 320.000 toneladas de este material en el \u00faltimo trimestre, que a su vez permite atender la demanda nacional y colocar el producto en el mercado internacional como nueva fuente de divisas para el pa\u00eds.<\/p>\n<p>Maduro salud\u00f3 este esfuerzo que forma parte del nuevo modelo productivo econ\u00f3mico para ir apartando la dependencia del rentismo petrolero.<\/p>\n<p>\u00abTenemos que recuperar, sostener y crecer para satisfacer las necesidades nacionales y ojal\u00e1 llegue el d\u00eda en que exportemos y generemos divisas convertibles para el pa\u00eds de muchos de los otros productos de Sidor\u00bb, recalc\u00f3, durante su programa semanal <em>Los Domingos con Maduro<\/em>, transmitido desde el estado Bol\u00edvar.<\/p>\n<p>Para la reorganizaci\u00f3n en las empresas b\u00e1sicas -sugiri\u00f3- se debe tomar como ejemplo los pasos que siguieron los trabajadores de Pdvsa para delinear el Plan de Profundizaci\u00f3n para la Transformaci\u00f3n de Petr\u00f3leos de Venezuela hacia una Corporaci\u00f3n Socialista 2016-2025: la gu\u00eda de la clase obrera, en la que se definieron tres conceptos esenciales: recuperar, sostener y crecer.<\/p>\n<p>\u00abEsto pudi\u00e9ramos asumirlo en todas las empresas estrat\u00e9gicas, b\u00e1sicas, fundamentales y socialistas del pa\u00eds\u00bb, resalt\u00f3 Maduro, y agreg\u00f3 que se debe retomar el concepto de prosperidad nacional elevado por el Padre de la Patria, Sim\u00f3n Bol\u00edvar, durante la instalaci\u00f3n del Congreso de Angostura, el 15 de febrero de 1819.<\/p>\n<p>En ese momento, El Libertador dijo: \u00abHe pretendido excitar la prosperidad nacional por las dos m\u00e1s grandes palancas de la industria: el trabajo y el saber. Estimulando estos dos poderosos resortes de la sociedad, se alcanza lo m\u00e1s dif\u00edcil entre los hombres: hacerlos honrados y felices\u00bb, pensamiento que \u2014insisti\u00f3 Maduro\u2014 debe ser retomado.<\/p>\n<p><strong>Plan Guayana Socialista<\/strong><\/p>\n<p>Maduro inst\u00f3 a retomar el Plan Guayana Socialista para dar un nuevo impulso a las empresas b\u00e1sicas del pa\u00eds con los trabajadores, a quienes pidi\u00f3 m\u00e1xima consciencia patriota.<\/p>\n<p>\u00abYo quiero venir a retomar el esp\u00edritu del Plan Guayana Socialista con la clase obrera como base, en el mes de febrero. Plan Guayana Socialista para una nueva fase productiva de expansi\u00f3n, de crecimiento, de recuperaci\u00f3n, con resultados, con producci\u00f3n\u00bb, indic\u00f3.<\/p>\n<p>Exhort\u00f3 a Sidor y a la Ferrominera Orinoco a estar a la vanguardia de este plan, creado en 2009 por el Presidente Hugo Ch\u00e1vez con el firme prop\u00f3sito de, adem\u00e1s de transformar y desarrollar las empresas b\u00e1sicas, fortalecer el aparato industrial y econ\u00f3mico del pa\u00eds.<\/p>\n<p>\u00abVenezuela es el pa\u00eds del futuro, de la esperanza. Tenemos poder econ\u00f3mico, para ser una potencia en nuestra regi\u00f3n suramericana. Por eso tenemos que mostrar la potencia que somos\u00bb, manifest\u00f3.<\/p>\n<p><strong>Fabricaci\u00f3n de bombonas<\/strong><\/p>\n<p>Maduro record\u00f3 que Venezuela tiene el mejor hierro y sider\u00fargica del mundo gracias a la clase obrera y a Ch\u00e1vez, qui\u00e9n nacionaliz\u00f3 Sidor y lo puso en manos de los trabajadores.<\/p>\n<p>En ese sentido inst\u00f3 a reiniciar el proceso de producci\u00f3n de las bombonas para regularizar este servicio y que llegue a todo el pueblo. \u00abVamos a reiniciar los procesos de producci\u00f3n de las bombonas populares, (&#8230;) es un problema que tenemos que atender Pdvsa -Petr\u00f3leos de Venezuela- en el plan y los anuncios que voy a hacer de manera prioritaria\u00bb, dijo, pues la empresa dispone de 2.400 toneladas de acero para la fabricaci\u00f3n de bombonas de gas de uso dom\u00e9stico.<\/p>\n<p>Maduro adem\u00e1s inform\u00f3 a los trabajadores de Sidor sobre el inicio de las discusiones del nuevo contrato colectivo.<\/p>\n<p><strong>Pdvsa<\/strong><\/p>\n<p>Maduro tambi\u00e9n destac\u00f3 la importancia del nuevo Plan de Profundizaci\u00f3n para la Transformaci\u00f3n de Pdvsa hacia una Corporaci\u00f3n Socialista, bajo la gu\u00eda de la clase obrera.<\/p>\n<p>\u00abEs ejemplar, porque los procesos que llev\u00f3 a Pdvsa, luego de asambleas y reuniones de planificaci\u00f3n, a un plan surgi\u00f3 de las bases, de la misma clase obrera petrolera\u00bb, manifest\u00f3 el Presidente, quien dio a conocer los nombres de los nuevos integrantes de la Junta Directiva de la estatal petrolera, que asumir\u00e1 la transformaci\u00f3n de la empresa con el apoyo de los trabajadores, y bajo la responsabilidad de Eulogio Del Pino, quien fue ratificado como titular de la petrolera.<\/p>\n<p>Al respecto, Del Pino explic\u00f3 que una de las principales tareas de esta nueva directiva es cumplir con la elaboraci\u00f3n de los nuevos estatutos de Pdvsa, que ser\u00e1n presentados al Ejecutivo Nacional en las pr\u00f3ximas semanas.<\/p>\n<p><strong>Optimizar Caracas<\/strong><\/p>\n<p>Maduro anunci\u00f3 la creaci\u00f3n del Estado Mayor de Gobierno para Caracas, presidido por Jorge Rodr\u00edguez, actual alcalde de la capital; y quien es acompa\u00f1ado por la nueva jefa de Gobierno del Distrito Capital, Carolina Cestari, y el comisionado Presidencial Especial para Proyectos de la Gran Caracas, responsabilidad que asume el teniente Juan Escalona.<\/p>\n<p>El Presidente solicit\u00f3 a la Fuerza Armada Nacional Bolivariana prestar un apoyo especial, a trav\u00e9s de la Regi\u00f3n Estrat\u00e9gica de Defensa Integral (Redi) y de la Zona Operativa de Defensa Integral (Zodi) Caracas-Miranda, parea reforzar la seguridad ciudadana en la Gran Caracas.<\/p>\n<p><strong>Carnet de la Patria<\/strong><\/p>\n<p>El Jefe de Estado tambi\u00e9n destac\u00f3 la masiva asistencia del pueblo a las jornadas de emisi\u00f3n del Carnet de la Patria, proceso que llegar\u00e1 a todos los rincones del pa\u00eds para fortalecer la protecci\u00f3n social a trav\u00e9s de la Misiones y Grandes Misiones.<\/p>\n<p>Esta herramienta permite al Ejecutivo Nacional renovar la comunicaci\u00f3n y acercamiento con el pueblo, al precisar el verdadero alcance del sistema de protecci\u00f3n. En ese sentido, Maduro coment\u00f3 que con la carnetizaci\u00f3n se ha evidenciado que 57% de las personas que ya cuentan con el Carnet de la Patria son mujeres y 41% hombres.<\/p>\n<p>Adem\u00e1s, 98% de los carnetizados son alfabetizados, 9% tiene alguna discapacidad, 6,9% no posee instrucci\u00f3n educativa o t\u00e9cnica, 58% tienen acceso a Barrio Adentro y 91% tiene acceso a los Clap.<\/p>\n<p>Maduro mostr\u00f3 su preocupaci\u00f3n porque 34% de los carnetizados perciben un ingreso menor al salario m\u00ednimo -de ese grupo, el 61% son mujeres-, mientras que 4% de los carnetizados ha recibido atenci\u00f3n a trav\u00e9s de la Gran Misi\u00f3n Barrio Nuevo Barrio Tricolor.<\/p>\n","protected":false},"excerpt":{"rendered":"<p>AVN.- La clase obrera de las empresas b\u00e1sicas de Guayana, ubicadas al sur del pa\u00eds, tomar\u00e1n &hellip; <a title=\"Reorganizaci\u00f3n de la clase obrera ser\u00e1 herramienta para impulsar empresas b\u00e1sicas\" class=\"hm-read-more\" href=\"https:\/\/www.mpppst.gob.ve\/mpppstweb\/index.php\/2017\/01\/30\/reorganizacion-de-la-clase-obrera-sera-herramienta-para-impulsar-empresas-basicas\/\"><span class=\"screen-reader-text\">Reorganizaci\u00f3n de la clase obrera ser\u00e1 herramienta para impulsar empresas b\u00e1sicas<\/span>Read more<\/a><\/p>\n","protected":false},"author":25,"featured_media":10387,"comment_status":"closed","ping_status":"closed","sticky":false,"template":"","format":"standard","meta":{"footnotes":""},"categories":[82,163,84],"tags":[350,225,222,285,345],"yoast_head":"<!-- This site is optimized with the Yoast SEO plugin v22.5 - https:\/\/yoast.com\/wordpress\/plugins\/seo\/ -->\n<title>Reorganizaci\u00f3n de la clase obrera ser\u00e1 herramienta para impulsar empresas b\u00e1sicas - MPPPST<\/title>\n<meta name=\"robots\" content=\"index, follow, max-snippet:-1, max-image-preview:large, max-video-preview:-1\" \/>\n<link rel=\"canonical\" href=\"https:\/\/www.mpppst.gob.ve\/mpppstweb\/index.php\/2017\/01\/30\/reorganizacion-de-la-clase-obrera-sera-herramienta-para-impulsar-empresas-basicas\/\" \/>\n<meta property=\"og:locale\" content=\"es_ES\" \/>\n<meta property=\"og:type\" content=\"article\" \/>\n<meta property=\"og:title\" content=\"Reorganizaci\u00f3n de la clase obrera ser\u00e1 herramienta para impulsar empresas b\u00e1sicas - MPPPST\" \/>\n<meta property=\"og:description\" content=\"AVN.- La clase obrera de las empresas b\u00e1sicas de Guayana, ubicadas al sur del pa\u00eds, tomar\u00e1n &hellip; Reorganizaci\u00f3n de la clase obrera ser\u00e1 herramienta para impulsar empresas b\u00e1sicasRead more\" \/>\n<meta property=\"og:url\" content=\"https:\/\/www.mpppst.gob.ve\/mpppstweb\/index.php\/2017\/01\/30\/reorganizacion-de-la-clase-obrera-sera-herramienta-para-impulsar-empresas-basicas\/\" \/>\n<meta property=\"og:site_name\" content=\"MPPPST\" \/>\n<meta property=\"article:published_time\" content=\"2017-01-30T12:35:53+00:00\" \/>\n<meta property=\"og:image\" content=\"https:\/\/www.mpppst.gob.ve\/mpppstweb\/wp-content\/uploads\/2017\/01\/Maduro-3.jpg\" \/>\n\t<meta property=\"og:image:width\" content=\"800\" \/>\n\t<meta property=\"og:image:height\" content=\"445\" \/>\n\t<meta property=\"og:image:type\" content=\"image\/jpeg\" \/>\n<meta name=\"author\" content=\"MPPPST Prensa\" \/>\n<meta name=\"twitter:card\" content=\"summary_large_image\" \/>\n<meta name=\"twitter:label1\" content=\"Escrito por\" \/>\n\t<meta name=\"twitter:data1\" content=\"MPPPST Prensa\" \/>\n\t<meta name=\"twitter:label2\" content=\"Tiempo de lectura\" \/>\n\t<meta name=\"twitter:data2\" content=\"6 minutos\" \/>\n<script type=\"application\/ld+json\" class=\"yoast-schema-graph\">{\"@context\":\"https:\/\/schema.org\",\"@graph\":[{\"@type\":\"Article\",\"@id\":\"https:\/\/www.mpppst.gob.ve\/mpppstweb\/index.php\/2017\/01\/30\/reorganizacion-de-la-clase-obrera-sera-herramienta-para-impulsar-empresas-basicas\/#article\",\"isPartOf\":{\"@id\":\"https:\/\/www.mpppst.gob.ve\/mpppstweb\/index.php\/2017\/01\/30\/reorganizacion-de-la-clase-obrera-sera-herramienta-para-impulsar-empresas-basicas\/\"},\"author\":{\"name\":\"MPPPST Prensa\",\"@id\":\"https:\/\/www.mpppst.gob.ve\/mpppstweb\/#\/schema\/person\/fc187ee8ead412bd4c9304b62f900ea4\"},\"headline\":\"Reorganizaci\u00f3n de la clase obrera ser\u00e1 herramienta para impulsar empresas b\u00e1sicas\",\"datePublished\":\"2017-01-30T12:35:53+00:00\",\"dateModified\":\"2017-01-30T12:35:53+00:00\",\"mainEntityOfPage\":{\"@id\":\"https:\/\/www.mpppst.gob.ve\/mpppstweb\/index.php\/2017\/01\/30\/reorganizacion-de-la-clase-obrera-sera-herramienta-para-impulsar-empresas-basicas\/\"},\"wordCount\":1174,\"publisher\":{\"@id\":\"https:\/\/www.mpppst.gob.ve\/mpppstweb\/#organization\"},\"image\":{\"@id\":\"https:\/\/www.mpppst.gob.ve\/mpppstweb\/index.php\/2017\/01\/30\/reorganizacion-de-la-clase-obrera-sera-herramienta-para-impulsar-empresas-basicas\/#primaryimage\"},\"thumbnailUrl\":\"https:\/\/www.mpppst.gob.ve\/mpppstweb\/wp-content\/uploads\/2017\/01\/Maduro-3.jpg\",\"keywords\":[\"Clase Obrera\",\"Fuerza Laboral\",\"Gobierno Bolivariano\",\"Presidente Maduro\",\"Trabajadores\"],\"articleSection\":[\"Gobierno Nacional\",\"Noticias\",\"Vida Laboral y Sindical\"],\"inLanguage\":\"es\"},{\"@type\":\"WebPage\",\"@id\":\"https:\/\/www.mpppst.gob.ve\/mpppstweb\/index.php\/2017\/01\/30\/reorganizacion-de-la-clase-obrera-sera-herramienta-para-impulsar-empresas-basicas\/\",\"url\":\"https:\/\/www.mpppst.gob.ve\/mpppstweb\/index.php\/2017\/01\/30\/reorganizacion-de-la-clase-obrera-sera-herramienta-para-impulsar-empresas-basicas\/\",\"name\":\"Reorganizaci\u00f3n de la clase obrera ser\u00e1 herramienta para impulsar empresas b\u00e1sicas - MPPPST\",\"isPartOf\":{\"@id\":\"https:\/\/www.mpppst.gob.ve\/mpppstweb\/#website\"},\"primaryImageOfPage\":{\"@id\":\"https:\/\/www.mpppst.gob.ve\/mpppstweb\/index.php\/2017\/01\/30\/reorganizacion-de-la-clase-obrera-sera-herramienta-para-impulsar-empresas-basicas\/#primaryimage\"},\"image\":{\"@id\":\"https:\/\/www.mpppst.gob.ve\/mpppstweb\/index.php\/2017\/01\/30\/reorganizacion-de-la-clase-obrera-sera-herramienta-para-impulsar-empresas-basicas\/#primaryimage\"},\"thumbnailUrl\":\"https:\/\/www.mpppst.gob.ve\/mpppstweb\/wp-content\/uploads\/2017\/01\/Maduro-3.jpg\",\"datePublished\":\"2017-01-30T12:35:53+00:00\",\"dateModified\":\"2017-01-30T12:35:53+00:00\",\"breadcrumb\":{\"@id\":\"https:\/\/www.mpppst.gob.ve\/mpppstweb\/index.php\/2017\/01\/30\/reorganizacion-de-la-clase-obrera-sera-herramienta-para-impulsar-empresas-basicas\/#breadcrumb\"},\"inLanguage\":\"es\",\"potentialAction\":[{\"@type\":\"ReadAction\",\"target\":[\"https:\/\/www.mpppst.gob.ve\/mpppstweb\/index.php\/2017\/01\/30\/reorganizacion-de-la-clase-obrera-sera-herramienta-para-impulsar-empresas-basicas\/\"]}]},{\"@type\":\"ImageObject\",\"inLanguage\":\"es\",\"@id\":\"https:\/\/www.mpppst.gob.ve\/mpppstweb\/index.php\/2017\/01\/30\/reorganizacion-de-la-clase-obrera-sera-herramienta-para-impulsar-empresas-basicas\/#primaryimage\",\"url\":\"https:\/\/www.mpppst.gob.ve\/mpppstweb\/wp-content\/uploads\/2017\/01\/Maduro-3.jpg\",\"contentUrl\":\"https:\/\/www.mpppst.gob.ve\/mpppstweb\/wp-content\/uploads\/2017\/01\/Maduro-3.jpg\",\"width\":800,\"height\":445},{\"@type\":\"BreadcrumbList\",\"@id\":\"https:\/\/www.mpppst.gob.ve\/mpppstweb\/index.php\/2017\/01\/30\/reorganizacion-de-la-clase-obrera-sera-herramienta-para-impulsar-empresas-basicas\/#breadcrumb\",\"itemListElement\":[{\"@type\":\"ListItem\",\"position\":1,\"name\":\"Home\",\"item\":\"https:\/\/www.mpppst.gob.ve\/mpppstweb\/\"},{\"@type\":\"ListItem\",\"position\":2,\"name\":\"Reorganizaci\u00f3n de la clase obrera ser\u00e1 herramienta para impulsar empresas b\u00e1sicas\"}]},{\"@type\":\"WebSite\",\"@id\":\"https:\/\/www.mpppst.gob.ve\/mpppstweb\/#website\",\"url\":\"https:\/\/www.mpppst.gob.ve\/mpppstweb\/\",\"name\":\"MPPPST\",\"description\":\"Ministerio del Poder Popular para el Proceso Social de Trabajo\",\"publisher\":{\"@id\":\"https:\/\/www.mpppst.gob.ve\/mpppstweb\/#organization\"},\"potentialAction\":[{\"@type\":\"SearchAction\",\"target\":{\"@type\":\"EntryPoint\",\"urlTemplate\":\"https:\/\/www.mpppst.gob.ve\/mpppstweb\/?s={search_term_string}\"},\"query-input\":\"required name=search_term_string\"}],\"inLanguage\":\"es\"},{\"@type\":\"Organization\",\"@id\":\"https:\/\/www.mpppst.gob.ve\/mpppstweb\/#organization\",\"name\":\"mpppst\",\"url\":\"https:\/\/www.mpppst.gob.ve\/mpppstweb\/\",\"logo\":{\"@type\":\"ImageObject\",\"inLanguage\":\"es\",\"@id\":\"https:\/\/www.mpppst.gob.ve\/mpppstweb\/#\/schema\/logo\/image\/\",\"url\":\"https:\/\/www.mpppst.gob.ve\/mpppstweb\/wp-content\/uploads\/2025\/07\/cropped-cropped-g910.png\",\"contentUrl\":\"https:\/\/www.mpppst.gob.ve\/mpppstweb\/wp-content\/uploads\/2025\/07\/cropped-cropped-g910.png\",\"width\":1080,\"height\":241,\"caption\":\"mpppst\"},\"image\":{\"@id\":\"https:\/\/www.mpppst.gob.ve\/mpppstweb\/#\/schema\/logo\/image\/\"}},{\"@type\":\"Person\",\"@id\":\"https:\/\/www.mpppst.gob.ve\/mpppstweb\/#\/schema\/person\/fc187ee8ead412bd4c9304b62f900ea4\",\"name\":\"MPPPST Prensa\",\"url\":\"https:\/\/www.mpppst.gob.ve\/mpppstweb\/index.php\/author\/prensa-mpppst\/\"}]}<\/script>\n<!-- \/ Yoast SEO plugin. -->","yoast_head_json":{"title":"Reorganizaci\u00f3n de la clase obrera ser\u00e1 herramienta para impulsar empresas b\u00e1sicas - MPPPST","robots":{"index":"index","follow":"follow","max-snippet":"max-snippet:-1","max-image-preview":"max-image-preview:large","max-video-preview":"max-video-preview:-1"},"canonical":"https:\/\/www.mpppst.gob.ve\/mpppstweb\/index.php\/2017\/01\/30\/reorganizacion-de-la-clase-obrera-sera-herramienta-para-impulsar-empresas-basicas\/","og_locale":"es_ES","og_type":"article","og_title":"Reorganizaci\u00f3n de la clase obrera ser\u00e1 herramienta para impulsar empresas b\u00e1sicas - MPPPST","og_description":"AVN.- La clase obrera de las empresas b\u00e1sicas de Guayana, ubicadas al sur del pa\u00eds, tomar\u00e1n &hellip; Reorganizaci\u00f3n de la clase obrera ser\u00e1 herramienta para impulsar empresas b\u00e1sicasRead more","og_url":"https:\/\/www.mpppst.gob.ve\/mpppstweb\/index.php\/2017\/01\/30\/reorganizacion-de-la-clase-obrera-sera-herramienta-para-impulsar-empresas-basicas\/","og_site_name":"MPPPST","article_published_time":"2017-01-30T12:35:53+00:00","og_image":[{"width":800,"height":445,"url":"https:\/\/www.mpppst.gob.ve\/mpppstweb\/wp-content\/uploads\/2017\/01\/Maduro-3.jpg","type":"image\/jpeg"}],"author":"MPPPST Prensa","twitter_card":"summary_large_image","twitter_misc":{"Escrito por":"MPPPST Prensa","Tiempo de lectura":"6 minutos"},"schema":{"@context":"https:\/\/schema.org","@graph":[{"@type":"Article","@id":"https:\/\/www.mpppst.gob.ve\/mpppstweb\/index.php\/2017\/01\/30\/reorganizacion-de-la-clase-obrera-sera-herramienta-para-impulsar-empresas-basicas\/#article","isPartOf":{"@id":"https:\/\/www.mpppst.gob.ve\/mpppstweb\/index.php\/2017\/01\/30\/reorganizacion-de-la-clase-obrera-sera-herramienta-para-impulsar-empresas-basicas\/"},"author":{"name":"MPPPST Prensa","@id":"https:\/\/www.mpppst.gob.ve\/mpppstweb\/#\/schema\/person\/fc187ee8ead412bd4c9304b62f900ea4"},"headline":"Reorganizaci\u00f3n de la clase obrera ser\u00e1 herramienta para impulsar empresas b\u00e1sicas","datePublished":"2017-01-30T12:35:53+00:00","dateModified":"2017-01-30T12:35:53+00:00","mainEntityOfPage":{"@id":"https:\/\/www.mpppst.gob.ve\/mpppstweb\/index.php\/2017\/01\/30\/reorganizacion-de-la-clase-obrera-sera-herramienta-para-impulsar-empresas-basicas\/"},"wordCount":1174,"publisher":{"@id":"https:\/\/www.mpppst.gob.ve\/mpppstweb\/#organization"},"image":{"@id":"https:\/\/www.mpppst.gob.ve\/mpppstweb\/index.php\/2017\/01\/30\/reorganizacion-de-la-clase-obrera-sera-herramienta-para-impulsar-empresas-basicas\/#primaryimage"},"thumbnailUrl":"https:\/\/www.mpppst.gob.ve\/mpppstweb\/wp-content\/uploads\/2017\/01\/Maduro-3.jpg","keywords":["Clase Obrera","Fuerza Laboral","Gobierno Bolivariano","Presidente Maduro","Trabajadores"],"articleSection":["Gobierno Nacional","Noticias","Vida Laboral y Sindical"],"inLanguage":"es"},{"@type":"WebPage","@id":"https:\/\/www.mpppst.gob.ve\/mpppstweb\/index.php\/2017\/01\/30\/reorganizacion-de-la-clase-obrera-sera-herramienta-para-impulsar-empresas-basicas\/","url":"https:\/\/www.mpppst.gob.ve\/mpppstweb\/index.php\/2017\/01\/30\/reorganizacion-de-la-clase-obrera-sera-herramienta-para-impulsar-empresas-basicas\/","name":"Reorganizaci\u00f3n de la clase obrera ser\u00e1 herramienta para impulsar empresas b\u00e1sicas - MPPPST","isPartOf":{"@id":"https:\/\/www.mpppst.gob.ve\/mpppstweb\/#website"},"primaryImageOfPage":{"@id":"https:\/\/www.mpppst.gob.ve\/mpppstweb\/index.php\/2017\/01\/30\/reorganizacion-de-la-clase-obrera-sera-herramienta-para-impulsar-empresas-basicas\/#primaryimage"},"image":{"@id":"https:\/\/www.mpppst.gob.ve\/mpppstweb\/index.php\/2017\/01\/30\/reorganizacion-de-la-clase-obrera-sera-herramienta-para-impulsar-empresas-basicas\/#primaryimage"},"thumbnailUrl":"https:\/\/www.mpppst.gob.ve\/mpppstweb\/wp-content\/uploads\/2017\/01\/Maduro-3.jpg","datePublished":"2017-01-30T12:35:53+00:00","dateModified":"2017-01-30T12:35:53+00:00","breadcrumb":{"@id":"https:\/\/www.mpppst.gob.ve\/mpppstweb\/index.php\/2017\/01\/30\/reorganizacion-de-la-clase-obrera-sera-herramienta-para-impulsar-empresas-basicas\/#breadcrumb"},"inLanguage":"es","potentialAction":[{"@type":"ReadAction","target":["https:\/\/www.mpppst.gob.ve\/mpppstweb\/index.php\/2017\/01\/30\/reorganizacion-de-la-clase-obrera-sera-herramienta-para-impulsar-empresas-basicas\/"]}]},{"@type":"ImageObject","inLanguage":"es","@id":"https:\/\/www.mpppst.gob.ve\/mpppstweb\/index.php\/2017\/01\/30\/reorganizacion-de-la-clase-obrera-sera-herramienta-para-impulsar-empresas-basicas\/#primaryimage","url":"https:\/\/www.mpppst.gob.ve\/mpppstweb\/wp-content\/uploads\/2017\/01\/Maduro-3.jpg","contentUrl":"https:\/\/www.mpppst.gob.ve\/mpppstweb\/wp-content\/uploads\/2017\/01\/Maduro-3.jpg","width":800,"height":445},{"@type":"BreadcrumbList","@id":"https:\/\/www.mpppst.gob.ve\/mpppstweb\/index.php\/2017\/01\/30\/reorganizacion-de-la-clase-obrera-sera-herramienta-para-impulsar-empresas-basicas\/#breadcrumb","itemListElement":[{"@type":"ListItem","position":1,"name":"Home","item":"https:\/\/www.mpppst.gob.ve\/mpppstweb\/"},{"@type":"ListItem","position":2,"name":"Reorganizaci\u00f3n de la clase obrera ser\u00e1 herramienta para impulsar empresas b\u00e1sicas"}]},{"@type":"WebSite","@id":"https:\/\/www.mpppst.gob.ve\/mpppstweb\/#website","url":"https:\/\/www.mpppst.gob.ve\/mpppstweb\/","name":"MPPPST","description":"Ministerio del Poder Popular para el Proceso Social de Trabajo","publisher":{"@id":"https:\/\/www.mpppst.gob.ve\/mpppstweb\/#organization"},"potentialAction":[{"@type":"SearchAction","target":{"@type":"EntryPoint","urlTemplate":"https:\/\/www.mpppst.gob.ve\/mpppstweb\/?s={search_term_string}"},"query-input":"required name=search_term_string"}],"inLanguage":"es"},{"@type":"Organization","@id":"https:\/\/www.mpppst.gob.ve\/mpppstweb\/#organization","name":"mpppst","url":"https:\/\/www.mpppst.gob.ve\/mpppstweb\/","logo":{"@type":"ImageObject","inLanguage":"es","@id":"https:\/\/www.mpppst.gob.ve\/mpppstweb\/#\/schema\/logo\/image\/","url":"https:\/\/www.mpppst.gob.ve\/mpppstweb\/wp-content\/uploads\/2025\/07\/cropped-cropped-g910.png","contentUrl":"https:\/\/www.mpppst.gob.ve\/mpppstweb\/wp-content\/uploads\/2025\/07\/cropped-cropped-g910.png","width":1080,"height":241,"caption":"mpppst"},"image":{"@id":"https:\/\/www.mpppst.gob.ve\/mpppstweb\/#\/schema\/logo\/image\/"}},{"@type":"Person","@id":"https:\/\/www.mpppst.gob.ve\/mpppstweb\/#\/schema\/person\/fc187ee8ead412bd4c9304b62f900ea4","name":"MPPPST Prensa","url":"https:\/\/www.mpppst.gob.ve\/mpppstweb\/index.php\/author\/prensa-mpppst\/"}]}},"_links":{"self":[{"href":"https:\/\/www.mpppst.gob.ve\/mpppstweb\/index.php\/wp-json\/wp\/v2\/posts\/10386"}],"collection":[{"href":"https:\/\/www.mpppst.gob.ve\/mpppstweb\/index.php\/wp-json\/wp\/v2\/posts"}],"about":[{"href":"https:\/\/www.mpppst.gob.ve\/mpppstweb\/index.php\/wp-json\/wp\/v2\/types\/post"}],"author":[{"embeddable":true,"href":"https:\/\/www.mpppst.gob.ve\/mpppstweb\/index.php\/wp-json\/wp\/v2\/users\/25"}],"replies":[{"embeddable":true,"href":"https:\/\/www.mpppst.gob.ve\/mpppstweb\/index.php\/wp-json\/wp\/v2\/comments?post=10386"}],"version-history":[{"count":1,"href":"https:\/\/www.mpppst.gob.ve\/mpppstweb\/index.php\/wp-json\/wp\/v2\/posts\/10386\/revisions"}],"predecessor-version":[{"id":10388,"href":"https:\/\/www.mpppst.gob.ve\/mpppstweb\/index.php\/wp-json\/wp\/v2\/posts\/10386\/revisions\/10388"}],"wp:featuredmedia":[{"embeddable":true,"href":"https:\/\/www.mpppst.gob.ve\/mpppstweb\/index.php\/wp-json\/wp\/v2\/media\/10387"}],"wp:attachment":[{"href":"https:\/\/www.mpppst.gob.ve\/mpppstweb\/index.php\/wp-json\/wp\/v2\/media?parent=10386"}],"wp:term":[{"taxonomy":"category","embeddable":true,"href":"https:\/\/www.mpppst.gob.ve\/mpppstweb\/index.php\/wp-json\/wp\/v2\/categories?post=10386"},{"taxonomy":"post_tag","embeddable":true,"href":"https:\/\/www.mpppst.gob.ve\/mpppstweb\/index.php\/wp-json\/wp\/v2\/tags?post=10386"}],"curies":[{"name":"wp","href":"https:\/\/api.w.org\/{rel}","templated":true}]}}