{"id":10390,"date":"2017-01-30T15:22:41","date_gmt":"2017-01-30T15:22:41","guid":{"rendered":"http:\/\/www.mpppst.gob.ve\/mpppstweb\/?p=10390"},"modified":"2017-01-30T15:22:41","modified_gmt":"2017-01-30T15:22:41","slug":"ministro-torrealba-la-clase-obrera-debe-producir-para-abastecer-y-exportar","status":"publish","type":"post","link":"https:\/\/www.mpppst.gob.ve\/mpppstweb\/index.php\/2017\/01\/30\/ministro-torrealba-la-clase-obrera-debe-producir-para-abastecer-y-exportar\/","title":{"rendered":"Ministro Torrealba: \u201cLa Clase Obrera debe producir para abastecer y exportar\u201d"},"content":{"rendered":"<p>Prensa (MPPPST). La Clase Obrera tiene la tarea fundamental de producir para abastecer y producir para exportar, as\u00ed lo expres\u00f3 el Ministro del Poder Popular para el Proceso Social de Trabajo Francisco Torrealba, durante el programa Fuerza Trabajadora que transmite Radio Miraflores 95.9 FM.<\/p>\n<p>El ministro Torrealba expres\u00f3 que la clase obrera venezolana tiene un papel importante en la Revoluci\u00f3n Bolivariana porque se le ha encomendado la tarea de dirigir los procesos productivos de las empresas para garantizar la producci\u00f3n.<\/p>\n<p>El programa cont\u00f3 con la presencia de \u00c1ngel Marcano, presidente de Alcasa, quien celebr\u00f3 la contrataci\u00f3n colectiva del sector aluminio: \u201cHa sido un \u00e9xito la firma de la homologaci\u00f3n del contrato colectivo del sector aluminio, que beneficiar\u00e1 a m\u00e1s de 12 mil 200 trabajadores de forma directa y a m\u00e1s de 50 mil indirectos, lo cual equivale a 62 mil 200 trabajadores en total. Esto demuestra la visibilizaci\u00f3n que ha tenido la Clase Obrera en Revoluci\u00f3n\u201d.<\/p>\n<p>Marcano expres\u00f3 que \u201choy el movimiento obrero de Guayana no es igual al movimiento de los 80, cuando pisoteaban a la clase obrera, cuando irrespetaban los beneficios. Ahora la clase obrera de Guayana, gracias al comandante Ch\u00e1vez, tiene un protagonismo importante en el proceso productivo\u201d.<\/p>\n<p>El presidente de Alcasa destac\u00f3 que \u201cla industria aluminio tuvo un crecimiento por encima del 30% a pesar de la guerra econ\u00f3mica, y este 2017 vamos a doblar la producci\u00f3n para demostrar que los trabajadores pueden dirigir la industria en todos los procesos, porque estamos creando un modelo de gesti\u00f3n desde el eslab\u00f3n m\u00e1s bajo hasta la producci\u00f3n\u201d.<\/p>\n<p><strong>Aluminio venezolano: el mejor del mundo <\/strong><\/p>\n<p>El Ministro del Trabajo Francisco Torrealba expres\u00f3 que el aluminio de Venezuela es reconocido como uno de los mejores aluminios del planeta tierra. \u201cTenemos uno de los mejores aluminios del mundo, adem\u00e1s tenemos bauxita que es una roca que se utiliza para la producci\u00f3n del aluminio para 300 a\u00f1os\u201d.<\/p>\n<p>Por su parte Jes\u00fas Ortega delegado del Congreso del PSUV, destac\u00f3 que \u201cGuayana ha sido el epicentro en estas \u00faltimas semanas de un acontecer pol\u00edtico laboral y sindical de gran trascendencia. Hace unas semanas el tema de las columnas obreras, adem\u00e1s el ejec\u00fatese de la firma del contrato colectivo del sector aluminio, esto es un apoyo para que Guayana sea bandera en materia productiva\u201d.<\/p>\n<p><strong>\u00c9xito rotundo del Carnet de la Patria<\/strong><\/p>\n<p>El Ministro Torrealba sostuvo que el carnet de la Patria \u201cha sido un total \u00e9xito\u201d, al tiempo que agregaba que \u201clas jornadas del carnet de la Patria en el Ministerio del Poder Popular para el Proceso Social de Trabajo se est\u00e1n realizando\u201d, as\u00ed como \u00a0en otros entes para que todo el pueblo pueda inscribirse en esta nueva iniciativa.<\/p>\n<p>Torrealba exhort\u00f3 al pueblo venezolano a tener paciencia para poder sacar su carnet de la patria. \u201cLe pido al pueblo venezolano que tengan paciencia para sacar su carnet de la patria, ha sido masiva la participaci\u00f3n de las personas y por eso se extendi\u00f3 los d\u00edas\u201d.<\/p>\n<p><strong>\u00a1A la concentraci\u00f3n del 1 de febrero!<\/strong><\/p>\n<p>El Ministro expres\u00f3 que el Presidente Nicol\u00e1s Maduro Moros decret\u00f3 el pr\u00f3ximo mi\u00e9rcoles 1\u00ba de febrero como d\u00eda de j\u00fabilo nacional y d\u00eda no laborable\u00a0en homenaje al natalicio del general Ezequiel Zamora. En tal sentido, invit\u00f3 al pueblo venezolano a participar en el desfile c\u00edvico-militar en homenaje a este gran pr\u00f3cer. \u201cInvito al pueblo venezolano a participar en la concentraci\u00f3n para conmemorar el natalicio de Ezequiel Zamora, un personaje hist\u00f3rico de nuestra patria que merece este reconocido acto\u201d.<\/p>\n<p>Por Carlos Palacios<\/p>\n<p>&nbsp;<\/p>\n<p>&nbsp;<\/p>\n<p>&nbsp;<\/p>\n<p>&nbsp;<\/p>\n<p>&nbsp;<\/p>\n<p>&nbsp;<\/p>\n<p>&nbsp;<\/p>\n","protected":false},"excerpt":{"rendered":"<p>Prensa (MPPPST). La Clase Obrera tiene la tarea fundamental de producir para abastecer y producir para &hellip; <a title=\"Ministro Torrealba: \u201cLa Clase Obrera debe producir para abastecer y exportar\u201d\" class=\"hm-read-more\" href=\"https:\/\/www.mpppst.gob.ve\/mpppstweb\/index.php\/2017\/01\/30\/ministro-torrealba-la-clase-obrera-debe-producir-para-abastecer-y-exportar\/\"><span class=\"screen-reader-text\">Ministro Torrealba: \u201cLa Clase Obrera debe producir para abastecer y exportar\u201d<\/span>Read more<\/a><\/p>\n","protected":false},"author":25,"featured_media":10392,"comment_status":"closed","ping_status":"closed","sticky":false,"template":"","format":"standard","meta":{"footnotes":""},"categories":[197,84],"tags":[223,227,296],"yoast_head":"<!-- This site is optimized with the Yoast SEO plugin v22.5 - https:\/\/yoast.com\/wordpress\/plugins\/seo\/ -->\n<title>Ministro Torrealba: \u201cLa Clase Obrera debe producir para abastecer y exportar\u201d - MPPPST<\/title>\n<meta name=\"robots\" content=\"index, follow, max-snippet:-1, max-image-preview:large, max-video-preview:-1\" \/>\n<link rel=\"canonical\" href=\"https:\/\/www.mpppst.gob.ve\/mpppstweb\/index.php\/2017\/01\/30\/ministro-torrealba-la-clase-obrera-debe-producir-para-abastecer-y-exportar\/\" \/>\n<meta property=\"og:locale\" content=\"es_ES\" \/>\n<meta property=\"og:type\" content=\"article\" \/>\n<meta property=\"og:title\" content=\"Ministro Torrealba: \u201cLa Clase Obrera debe producir para abastecer y exportar\u201d - MPPPST\" \/>\n<meta property=\"og:description\" content=\"Prensa (MPPPST). La Clase Obrera tiene la tarea fundamental de producir para abastecer y producir para &hellip; Ministro Torrealba: \u201cLa Clase Obrera debe producir para abastecer y exportar\u201dRead more\" \/>\n<meta property=\"og:url\" content=\"https:\/\/www.mpppst.gob.ve\/mpppstweb\/index.php\/2017\/01\/30\/ministro-torrealba-la-clase-obrera-debe-producir-para-abastecer-y-exportar\/\" \/>\n<meta property=\"og:site_name\" content=\"MPPPST\" \/>\n<meta property=\"article:published_time\" content=\"2017-01-30T15:22:41+00:00\" \/>\n<meta property=\"og:image\" content=\"https:\/\/www.mpppst.gob.ve\/mpppstweb\/wp-content\/uploads\/2017\/01\/Torrealba-programa.jpg\" \/>\n\t<meta property=\"og:image:width\" content=\"800\" \/>\n\t<meta property=\"og:image:height\" content=\"445\" \/>\n\t<meta property=\"og:image:type\" content=\"image\/jpeg\" \/>\n<meta name=\"author\" content=\"MPPPST Prensa\" \/>\n<meta name=\"twitter:card\" content=\"summary_large_image\" \/>\n<meta name=\"twitter:label1\" content=\"Escrito por\" \/>\n\t<meta name=\"twitter:data1\" content=\"MPPPST Prensa\" \/>\n\t<meta name=\"twitter:label2\" content=\"Tiempo de lectura\" \/>\n\t<meta name=\"twitter:data2\" content=\"3 minutos\" \/>\n<script type=\"application\/ld+json\" class=\"yoast-schema-graph\">{\"@context\":\"https:\/\/schema.org\",\"@graph\":[{\"@type\":\"Article\",\"@id\":\"https:\/\/www.mpppst.gob.ve\/mpppstweb\/index.php\/2017\/01\/30\/ministro-torrealba-la-clase-obrera-debe-producir-para-abastecer-y-exportar\/#article\",\"isPartOf\":{\"@id\":\"https:\/\/www.mpppst.gob.ve\/mpppstweb\/index.php\/2017\/01\/30\/ministro-torrealba-la-clase-obrera-debe-producir-para-abastecer-y-exportar\/\"},\"author\":{\"name\":\"MPPPST Prensa\",\"@id\":\"https:\/\/www.mpppst.gob.ve\/mpppstweb\/#\/schema\/person\/fc187ee8ead412bd4c9304b62f900ea4\"},\"headline\":\"Ministro Torrealba: \u201cLa Clase Obrera debe producir para abastecer y exportar\u201d\",\"datePublished\":\"2017-01-30T15:22:41+00:00\",\"dateModified\":\"2017-01-30T15:22:41+00:00\",\"mainEntityOfPage\":{\"@id\":\"https:\/\/www.mpppst.gob.ve\/mpppstweb\/index.php\/2017\/01\/30\/ministro-torrealba-la-clase-obrera-debe-producir-para-abastecer-y-exportar\/\"},\"wordCount\":620,\"publisher\":{\"@id\":\"https:\/\/www.mpppst.gob.ve\/mpppstweb\/#organization\"},\"image\":{\"@id\":\"https:\/\/www.mpppst.gob.ve\/mpppstweb\/index.php\/2017\/01\/30\/ministro-torrealba-la-clase-obrera-debe-producir-para-abastecer-y-exportar\/#primaryimage\"},\"thumbnailUrl\":\"https:\/\/www.mpppst.gob.ve\/mpppstweb\/wp-content\/uploads\/2017\/01\/Torrealba-programa.jpg\",\"keywords\":[\"MPPPST\",\"Proceso Social\",\"Torrealba\"],\"articleSection\":[\"Defensa de Trabajadores y Trabajadoras\",\"Vida Laboral y Sindical\"],\"inLanguage\":\"es\"},{\"@type\":\"WebPage\",\"@id\":\"https:\/\/www.mpppst.gob.ve\/mpppstweb\/index.php\/2017\/01\/30\/ministro-torrealba-la-clase-obrera-debe-producir-para-abastecer-y-exportar\/\",\"url\":\"https:\/\/www.mpppst.gob.ve\/mpppstweb\/index.php\/2017\/01\/30\/ministro-torrealba-la-clase-obrera-debe-producir-para-abastecer-y-exportar\/\",\"name\":\"Ministro Torrealba: \u201cLa Clase Obrera debe producir para abastecer y exportar\u201d - MPPPST\",\"isPartOf\":{\"@id\":\"https:\/\/www.mpppst.gob.ve\/mpppstweb\/#website\"},\"primaryImageOfPage\":{\"@id\":\"https:\/\/www.mpppst.gob.ve\/mpppstweb\/index.php\/2017\/01\/30\/ministro-torrealba-la-clase-obrera-debe-producir-para-abastecer-y-exportar\/#primaryimage\"},\"image\":{\"@id\":\"https:\/\/www.mpppst.gob.ve\/mpppstweb\/index.php\/2017\/01\/30\/ministro-torrealba-la-clase-obrera-debe-producir-para-abastecer-y-exportar\/#primaryimage\"},\"thumbnailUrl\":\"https:\/\/www.mpppst.gob.ve\/mpppstweb\/wp-content\/uploads\/2017\/01\/Torrealba-programa.jpg\",\"datePublished\":\"2017-01-30T15:22:41+00:00\",\"dateModified\":\"2017-01-30T15:22:41+00:00\",\"breadcrumb\":{\"@id\":\"https:\/\/www.mpppst.gob.ve\/mpppstweb\/index.php\/2017\/01\/30\/ministro-torrealba-la-clase-obrera-debe-producir-para-abastecer-y-exportar\/#breadcrumb\"},\"inLanguage\":\"es\",\"potentialAction\":[{\"@type\":\"ReadAction\",\"target\":[\"https:\/\/www.mpppst.gob.ve\/mpppstweb\/index.php\/2017\/01\/30\/ministro-torrealba-la-clase-obrera-debe-producir-para-abastecer-y-exportar\/\"]}]},{\"@type\":\"ImageObject\",\"inLanguage\":\"es\",\"@id\":\"https:\/\/www.mpppst.gob.ve\/mpppstweb\/index.php\/2017\/01\/30\/ministro-torrealba-la-clase-obrera-debe-producir-para-abastecer-y-exportar\/#primaryimage\",\"url\":\"https:\/\/www.mpppst.gob.ve\/mpppstweb\/wp-content\/uploads\/2017\/01\/Torrealba-programa.jpg\",\"contentUrl\":\"https:\/\/www.mpppst.gob.ve\/mpppstweb\/wp-content\/uploads\/2017\/01\/Torrealba-programa.jpg\",\"width\":800,\"height\":445},{\"@type\":\"BreadcrumbList\",\"@id\":\"https:\/\/www.mpppst.gob.ve\/mpppstweb\/index.php\/2017\/01\/30\/ministro-torrealba-la-clase-obrera-debe-producir-para-abastecer-y-exportar\/#breadcrumb\",\"itemListElement\":[{\"@type\":\"ListItem\",\"position\":1,\"name\":\"Home\",\"item\":\"https:\/\/www.mpppst.gob.ve\/mpppstweb\/\"},{\"@type\":\"ListItem\",\"position\":2,\"name\":\"Ministro Torrealba: \u201cLa Clase Obrera debe producir para abastecer y exportar\u201d\"}]},{\"@type\":\"WebSite\",\"@id\":\"https:\/\/www.mpppst.gob.ve\/mpppstweb\/#website\",\"url\":\"https:\/\/www.mpppst.gob.ve\/mpppstweb\/\",\"name\":\"MPPPST\",\"description\":\"Ministerio del Poder Popular para el Proceso Social de Trabajo\",\"publisher\":{\"@id\":\"https:\/\/www.mpppst.gob.ve\/mpppstweb\/#organization\"},\"potentialAction\":[{\"@type\":\"SearchAction\",\"target\":{\"@type\":\"EntryPoint\",\"urlTemplate\":\"https:\/\/www.mpppst.gob.ve\/mpppstweb\/?s={search_term_string}\"},\"query-input\":\"required name=search_term_string\"}],\"inLanguage\":\"es\"},{\"@type\":\"Organization\",\"@id\":\"https:\/\/www.mpppst.gob.ve\/mpppstweb\/#organization\",\"name\":\"mpppst\",\"url\":\"https:\/\/www.mpppst.gob.ve\/mpppstweb\/\",\"logo\":{\"@type\":\"ImageObject\",\"inLanguage\":\"es\",\"@id\":\"https:\/\/www.mpppst.gob.ve\/mpppstweb\/#\/schema\/logo\/image\/\",\"url\":\"https:\/\/www.mpppst.gob.ve\/mpppstweb\/wp-content\/uploads\/2025\/07\/cropped-cropped-g910.png\",\"contentUrl\":\"https:\/\/www.mpppst.gob.ve\/mpppstweb\/wp-content\/uploads\/2025\/07\/cropped-cropped-g910.png\",\"width\":1080,\"height\":241,\"caption\":\"mpppst\"},\"image\":{\"@id\":\"https:\/\/www.mpppst.gob.ve\/mpppstweb\/#\/schema\/logo\/image\/\"}},{\"@type\":\"Person\",\"@id\":\"https:\/\/www.mpppst.gob.ve\/mpppstweb\/#\/schema\/person\/fc187ee8ead412bd4c9304b62f900ea4\",\"name\":\"MPPPST Prensa\",\"url\":\"https:\/\/www.mpppst.gob.ve\/mpppstweb\/index.php\/author\/prensa-mpppst\/\"}]}<\/script>\n<!-- \/ Yoast SEO plugin. -->","yoast_head_json":{"title":"Ministro Torrealba: \u201cLa Clase Obrera debe producir para abastecer y exportar\u201d - MPPPST","robots":{"index":"index","follow":"follow","max-snippet":"max-snippet:-1","max-image-preview":"max-image-preview:large","max-video-preview":"max-video-preview:-1"},"canonical":"https:\/\/www.mpppst.gob.ve\/mpppstweb\/index.php\/2017\/01\/30\/ministro-torrealba-la-clase-obrera-debe-producir-para-abastecer-y-exportar\/","og_locale":"es_ES","og_type":"article","og_title":"Ministro Torrealba: \u201cLa Clase Obrera debe producir para abastecer y exportar\u201d - MPPPST","og_description":"Prensa (MPPPST). La Clase Obrera tiene la tarea fundamental de producir para abastecer y producir para &hellip; Ministro Torrealba: \u201cLa Clase Obrera debe producir para abastecer y exportar\u201dRead more","og_url":"https:\/\/www.mpppst.gob.ve\/mpppstweb\/index.php\/2017\/01\/30\/ministro-torrealba-la-clase-obrera-debe-producir-para-abastecer-y-exportar\/","og_site_name":"MPPPST","article_published_time":"2017-01-30T15:22:41+00:00","og_image":[{"width":800,"height":445,"url":"https:\/\/www.mpppst.gob.ve\/mpppstweb\/wp-content\/uploads\/2017\/01\/Torrealba-programa.jpg","type":"image\/jpeg"}],"author":"MPPPST Prensa","twitter_card":"summary_large_image","twitter_misc":{"Escrito por":"MPPPST Prensa","Tiempo de lectura":"3 minutos"},"schema":{"@context":"https:\/\/schema.org","@graph":[{"@type":"Article","@id":"https:\/\/www.mpppst.gob.ve\/mpppstweb\/index.php\/2017\/01\/30\/ministro-torrealba-la-clase-obrera-debe-producir-para-abastecer-y-exportar\/#article","isPartOf":{"@id":"https:\/\/www.mpppst.gob.ve\/mpppstweb\/index.php\/2017\/01\/30\/ministro-torrealba-la-clase-obrera-debe-producir-para-abastecer-y-exportar\/"},"author":{"name":"MPPPST Prensa","@id":"https:\/\/www.mpppst.gob.ve\/mpppstweb\/#\/schema\/person\/fc187ee8ead412bd4c9304b62f900ea4"},"headline":"Ministro Torrealba: \u201cLa Clase Obrera debe producir para abastecer y exportar\u201d","datePublished":"2017-01-30T15:22:41+00:00","dateModified":"2017-01-30T15:22:41+00:00","mainEntityOfPage":{"@id":"https:\/\/www.mpppst.gob.ve\/mpppstweb\/index.php\/2017\/01\/30\/ministro-torrealba-la-clase-obrera-debe-producir-para-abastecer-y-exportar\/"},"wordCount":620,"publisher":{"@id":"https:\/\/www.mpppst.gob.ve\/mpppstweb\/#organization"},"image":{"@id":"https:\/\/www.mpppst.gob.ve\/mpppstweb\/index.php\/2017\/01\/30\/ministro-torrealba-la-clase-obrera-debe-producir-para-abastecer-y-exportar\/#primaryimage"},"thumbnailUrl":"https:\/\/www.mpppst.gob.ve\/mpppstweb\/wp-content\/uploads\/2017\/01\/Torrealba-programa.jpg","keywords":["MPPPST","Proceso Social","Torrealba"],"articleSection":["Defensa de Trabajadores y Trabajadoras","Vida Laboral y Sindical"],"inLanguage":"es"},{"@type":"WebPage","@id":"https:\/\/www.mpppst.gob.ve\/mpppstweb\/index.php\/2017\/01\/30\/ministro-torrealba-la-clase-obrera-debe-producir-para-abastecer-y-exportar\/","url":"https:\/\/www.mpppst.gob.ve\/mpppstweb\/index.php\/2017\/01\/30\/ministro-torrealba-la-clase-obrera-debe-producir-para-abastecer-y-exportar\/","name":"Ministro Torrealba: \u201cLa Clase Obrera debe producir para abastecer y exportar\u201d - MPPPST","isPartOf":{"@id":"https:\/\/www.mpppst.gob.ve\/mpppstweb\/#website"},"primaryImageOfPage":{"@id":"https:\/\/www.mpppst.gob.ve\/mpppstweb\/index.php\/2017\/01\/30\/ministro-torrealba-la-clase-obrera-debe-producir-para-abastecer-y-exportar\/#primaryimage"},"image":{"@id":"https:\/\/www.mpppst.gob.ve\/mpppstweb\/index.php\/2017\/01\/30\/ministro-torrealba-la-clase-obrera-debe-producir-para-abastecer-y-exportar\/#primaryimage"},"thumbnailUrl":"https:\/\/www.mpppst.gob.ve\/mpppstweb\/wp-content\/uploads\/2017\/01\/Torrealba-programa.jpg","datePublished":"2017-01-30T15:22:41+00:00","dateModified":"2017-01-30T15:22:41+00:00","breadcrumb":{"@id":"https:\/\/www.mpppst.gob.ve\/mpppstweb\/index.php\/2017\/01\/30\/ministro-torrealba-la-clase-obrera-debe-producir-para-abastecer-y-exportar\/#breadcrumb"},"inLanguage":"es","potentialAction":[{"@type":"ReadAction","target":["https:\/\/www.mpppst.gob.ve\/mpppstweb\/index.php\/2017\/01\/30\/ministro-torrealba-la-clase-obrera-debe-producir-para-abastecer-y-exportar\/"]}]},{"@type":"ImageObject","inLanguage":"es","@id":"https:\/\/www.mpppst.gob.ve\/mpppstweb\/index.php\/2017\/01\/30\/ministro-torrealba-la-clase-obrera-debe-producir-para-abastecer-y-exportar\/#primaryimage","url":"https:\/\/www.mpppst.gob.ve\/mpppstweb\/wp-content\/uploads\/2017\/01\/Torrealba-programa.jpg","contentUrl":"https:\/\/www.mpppst.gob.ve\/mpppstweb\/wp-content\/uploads\/2017\/01\/Torrealba-programa.jpg","width":800,"height":445},{"@type":"BreadcrumbList","@id":"https:\/\/www.mpppst.gob.ve\/mpppstweb\/index.php\/2017\/01\/30\/ministro-torrealba-la-clase-obrera-debe-producir-para-abastecer-y-exportar\/#breadcrumb","itemListElement":[{"@type":"ListItem","position":1,"name":"Home","item":"https:\/\/www.mpppst.gob.ve\/mpppstweb\/"},{"@type":"ListItem","position":2,"name":"Ministro Torrealba: \u201cLa Clase Obrera debe producir para abastecer y exportar\u201d"}]},{"@type":"WebSite","@id":"https:\/\/www.mpppst.gob.ve\/mpppstweb\/#website","url":"https:\/\/www.mpppst.gob.ve\/mpppstweb\/","name":"MPPPST","description":"Ministerio del Poder Popular para el Proceso Social de Trabajo","publisher":{"@id":"https:\/\/www.mpppst.gob.ve\/mpppstweb\/#organization"},"potentialAction":[{"@type":"SearchAction","target":{"@type":"EntryPoint","urlTemplate":"https:\/\/www.mpppst.gob.ve\/mpppstweb\/?s={search_term_string}"},"query-input":"required name=search_term_string"}],"inLanguage":"es"},{"@type":"Organization","@id":"https:\/\/www.mpppst.gob.ve\/mpppstweb\/#organization","name":"mpppst","url":"https:\/\/www.mpppst.gob.ve\/mpppstweb\/","logo":{"@type":"ImageObject","inLanguage":"es","@id":"https:\/\/www.mpppst.gob.ve\/mpppstweb\/#\/schema\/logo\/image\/","url":"https:\/\/www.mpppst.gob.ve\/mpppstweb\/wp-content\/uploads\/2025\/07\/cropped-cropped-g910.png","contentUrl":"https:\/\/www.mpppst.gob.ve\/mpppstweb\/wp-content\/uploads\/2025\/07\/cropped-cropped-g910.png","width":1080,"height":241,"caption":"mpppst"},"image":{"@id":"https:\/\/www.mpppst.gob.ve\/mpppstweb\/#\/schema\/logo\/image\/"}},{"@type":"Person","@id":"https:\/\/www.mpppst.gob.ve\/mpppstweb\/#\/schema\/person\/fc187ee8ead412bd4c9304b62f900ea4","name":"MPPPST Prensa","url":"https:\/\/www.mpppst.gob.ve\/mpppstweb\/index.php\/author\/prensa-mpppst\/"}]}},"_links":{"self":[{"href":"https:\/\/www.mpppst.gob.ve\/mpppstweb\/index.php\/wp-json\/wp\/v2\/posts\/10390"}],"collection":[{"href":"https:\/\/www.mpppst.gob.ve\/mpppstweb\/index.php\/wp-json\/wp\/v2\/posts"}],"about":[{"href":"https:\/\/www.mpppst.gob.ve\/mpppstweb\/index.php\/wp-json\/wp\/v2\/types\/post"}],"author":[{"embeddable":true,"href":"https:\/\/www.mpppst.gob.ve\/mpppstweb\/index.php\/wp-json\/wp\/v2\/users\/25"}],"replies":[{"embeddable":true,"href":"https:\/\/www.mpppst.gob.ve\/mpppstweb\/index.php\/wp-json\/wp\/v2\/comments?post=10390"}],"version-history":[{"count":1,"href":"https:\/\/www.mpppst.gob.ve\/mpppstweb\/index.php\/wp-json\/wp\/v2\/posts\/10390\/revisions"}],"predecessor-version":[{"id":10393,"href":"https:\/\/www.mpppst.gob.ve\/mpppstweb\/index.php\/wp-json\/wp\/v2\/posts\/10390\/revisions\/10393"}],"wp:featuredmedia":[{"embeddable":true,"href":"https:\/\/www.mpppst.gob.ve\/mpppstweb\/index.php\/wp-json\/wp\/v2\/media\/10392"}],"wp:attachment":[{"href":"https:\/\/www.mpppst.gob.ve\/mpppstweb\/index.php\/wp-json\/wp\/v2\/media?parent=10390"}],"wp:term":[{"taxonomy":"category","embeddable":true,"href":"https:\/\/www.mpppst.gob.ve\/mpppstweb\/index.php\/wp-json\/wp\/v2\/categories?post=10390"},{"taxonomy":"post_tag","embeddable":true,"href":"https:\/\/www.mpppst.gob.ve\/mpppstweb\/index.php\/wp-json\/wp\/v2\/tags?post=10390"}],"curies":[{"name":"wp","href":"https:\/\/api.w.org\/{rel}","templated":true}]}}