{"id":10394,"date":"2017-01-30T18:30:48","date_gmt":"2017-01-30T18:30:48","guid":{"rendered":"http:\/\/www.mpppst.gob.ve\/mpppstweb\/?p=10394"},"modified":"2017-01-30T18:30:48","modified_gmt":"2017-01-30T18:30:48","slug":"plan-guayana-socialista-entrara-en-marcha-el-2-de-febrero","status":"publish","type":"post","link":"https:\/\/www.mpppst.gob.ve\/mpppstweb\/index.php\/2017\/01\/30\/plan-guayana-socialista-entrara-en-marcha-el-2-de-febrero\/","title":{"rendered":"Plan Guayana Socialista entrar\u00e1 en marcha el 2 de Febrero"},"content":{"rendered":"<p>Prensa (MPPPST). El Plan Guayana Socialista entrar\u00e1 en marcha el 2 de febrero para dar un nuevo impulso a las empresas b\u00e1sicas del pa\u00eds de la mano de la clase obrera venezolana, as\u00ed lo inform\u00f3 Ernesto Rivero, miembro de la Direcci\u00f3n Nacional de la Juventud Obrera y del Consejo Nacional de Econom\u00eda Productiva.<\/p>\n<p>Durante una rueda de prensa que se llev\u00f3 a cabo en el Ministerio del Poder Popular para el Proceso Social de Trabajo, Rivero expres\u00f3 que el Plan Guayana Socialista arrancar\u00e1 cumpliendo con los tres lineamientos \u201crecuperar, sostener y crecer\u201d, planteados por el Presidente Obrero Nicol\u00e1s Maduro Moros.<\/p>\n<p>\u201cTomaremos como elemento esos tres v\u00e9rtices, que son recuperar, sostener y crecer. Lo hemos asumido como una tarea de la clase obrera. Daremos un salto organizativo para sepultar el rentismo petrolero y avanzar en una econom\u00eda sustentable y diversificada\u201d.<\/p>\n<p>Rivero puntualiz\u00f3 que la clase obrera est\u00e1 consciente del papel importante que juega en esta etapa de la Revoluci\u00f3n Bolivariana. \u201cTenemos una responsabilidad hist\u00f3rica que recae en la clase obrera, asumimos con compromiso y lealtad el llamado del Presidente Nicol\u00e1s Maduro para sacar adelante este plan\u201d.<\/p>\n<p>Destac\u00f3 adem\u00e1s que desde Guayana se han obtenido avances importantes en las empresas b\u00e1sicas del pa\u00eds, tales como: \u201cincorporaci\u00f3n de celdas en Venalum, la transformaci\u00f3n de Alcasa, la recuperaci\u00f3n de Sidor que est\u00e1 avanzando en la producci\u00f3n de insumos para la Patria\u201d.<\/p>\n<p>El Dirigente de la juventud obrera puntualiz\u00f3 que desde Sidor los trabajadores saludan el anuncio del Presidente Nicol\u00e1s Maduro Moros de iniciar la discusi\u00f3n del contrato colectivo de esta empresa. \u201cEstamos seguros que se llevar\u00e1 de la mejor manera como se realiz\u00f3 en el sector aluminio\u201d, puntualiz\u00f3 Rivero.<\/p>\n<p><strong>CPT instrumento para garantizar la producci\u00f3n<\/strong><\/p>\n<p>Por su parte, Carlos L\u00f3pez, Coordinador Nacional de la Central Bolivariana Socialista de Trabajadores, expres\u00f3 que los Consejos Productivo de Trabajadores constituyen \u00a0un instrumento para que la clase obrera participe en los procesos de producci\u00f3n. \u201cLos CPT tambi\u00e9n jugar\u00e1n un papel importante en el Plan Guayana Socialista para verificar la producci\u00f3n de cada empresa\u201d.<\/p>\n<p>L\u00f3pez expres\u00f3 que todos los empresarios privados del pa\u00eds que est\u00e9n comprometidos con la producci\u00f3n ser\u00e1n bienvenidos en este plan para elevar los niveles de producci\u00f3n de las Empresas B\u00e1sicas del pa\u00eds.<\/p>\n<p>El presidente de la Rep\u00fablica, Nicol\u00e1s Maduro, anunci\u00f3 durante su programa \u201c<em>Los Domingos con Maduro<\/em>\u201d que se impulsar\u00e1n acciones para fortalecer el entramado y la gesti\u00f3n de las principales industrias del pa\u00eds, donde tambi\u00e9n se activar\u00e1 el Plan Guayana Socialista \u00a0creado en 2009 por el Comandante Hugo Ch\u00e1vez con el firme prop\u00f3sito de transformar y desarrollar las empresas b\u00e1sicas, fortalecer el aparato industrial y econ\u00f3mico del pa\u00eds.<\/p>\n<p>Por Carlos Palacios<\/p>\n<p>&nbsp;<\/p>\n","protected":false},"excerpt":{"rendered":"<p>Prensa (MPPPST). El Plan Guayana Socialista entrar\u00e1 en marcha el 2 de febrero para dar un &hellip; <a title=\"Plan Guayana Socialista entrar\u00e1 en marcha el 2 de Febrero\" class=\"hm-read-more\" href=\"https:\/\/www.mpppst.gob.ve\/mpppstweb\/index.php\/2017\/01\/30\/plan-guayana-socialista-entrara-en-marcha-el-2-de-febrero\/\"><span class=\"screen-reader-text\">Plan Guayana Socialista entrar\u00e1 en marcha el 2 de Febrero<\/span>Read more<\/a><\/p>\n","protected":false},"author":25,"featured_media":10395,"comment_status":"closed","ping_status":"closed","sticky":false,"template":"","format":"standard","meta":{"footnotes":""},"categories":[82,163,84],"tags":[225,222,351,345],"yoast_head":"<!-- This site is optimized with the Yoast SEO plugin v22.5 - https:\/\/yoast.com\/wordpress\/plugins\/seo\/ -->\n<title>Plan Guayana Socialista entrar\u00e1 en marcha el 2 de Febrero - MPPPST<\/title>\n<meta name=\"robots\" content=\"index, follow, max-snippet:-1, max-image-preview:large, max-video-preview:-1\" \/>\n<link rel=\"canonical\" href=\"https:\/\/www.mpppst.gob.ve\/mpppstweb\/index.php\/2017\/01\/30\/plan-guayana-socialista-entrara-en-marcha-el-2-de-febrero\/\" \/>\n<meta property=\"og:locale\" content=\"es_ES\" \/>\n<meta property=\"og:type\" content=\"article\" \/>\n<meta property=\"og:title\" content=\"Plan Guayana Socialista entrar\u00e1 en marcha el 2 de Febrero - MPPPST\" \/>\n<meta property=\"og:description\" content=\"Prensa (MPPPST). El Plan Guayana Socialista entrar\u00e1 en marcha el 2 de febrero para dar un &hellip; Plan Guayana Socialista entrar\u00e1 en marcha el 2 de FebreroRead more\" \/>\n<meta property=\"og:url\" content=\"https:\/\/www.mpppst.gob.ve\/mpppstweb\/index.php\/2017\/01\/30\/plan-guayana-socialista-entrara-en-marcha-el-2-de-febrero\/\" \/>\n<meta property=\"og:site_name\" content=\"MPPPST\" \/>\n<meta property=\"article:published_time\" content=\"2017-01-30T18:30:48+00:00\" \/>\n<meta property=\"og:image\" content=\"https:\/\/www.mpppst.gob.ve\/mpppstweb\/wp-content\/uploads\/2017\/01\/IMG_2380.jpg\" \/>\n\t<meta property=\"og:image:width\" content=\"800\" \/>\n\t<meta property=\"og:image:height\" content=\"445\" \/>\n\t<meta property=\"og:image:type\" content=\"image\/jpeg\" \/>\n<meta name=\"author\" content=\"MPPPST Prensa\" \/>\n<meta name=\"twitter:card\" content=\"summary_large_image\" \/>\n<meta name=\"twitter:label1\" content=\"Escrito por\" \/>\n\t<meta name=\"twitter:data1\" content=\"MPPPST Prensa\" \/>\n\t<meta name=\"twitter:label2\" content=\"Tiempo de lectura\" \/>\n\t<meta name=\"twitter:data2\" content=\"2 minutos\" \/>\n<script type=\"application\/ld+json\" class=\"yoast-schema-graph\">{\"@context\":\"https:\/\/schema.org\",\"@graph\":[{\"@type\":\"Article\",\"@id\":\"https:\/\/www.mpppst.gob.ve\/mpppstweb\/index.php\/2017\/01\/30\/plan-guayana-socialista-entrara-en-marcha-el-2-de-febrero\/#article\",\"isPartOf\":{\"@id\":\"https:\/\/www.mpppst.gob.ve\/mpppstweb\/index.php\/2017\/01\/30\/plan-guayana-socialista-entrara-en-marcha-el-2-de-febrero\/\"},\"author\":{\"name\":\"MPPPST Prensa\",\"@id\":\"https:\/\/www.mpppst.gob.ve\/mpppstweb\/#\/schema\/person\/fc187ee8ead412bd4c9304b62f900ea4\"},\"headline\":\"Plan Guayana Socialista entrar\u00e1 en marcha el 2 de Febrero\",\"datePublished\":\"2017-01-30T18:30:48+00:00\",\"dateModified\":\"2017-01-30T18:30:48+00:00\",\"mainEntityOfPage\":{\"@id\":\"https:\/\/www.mpppst.gob.ve\/mpppstweb\/index.php\/2017\/01\/30\/plan-guayana-socialista-entrara-en-marcha-el-2-de-febrero\/\"},\"wordCount\":489,\"publisher\":{\"@id\":\"https:\/\/www.mpppst.gob.ve\/mpppstweb\/#organization\"},\"image\":{\"@id\":\"https:\/\/www.mpppst.gob.ve\/mpppstweb\/index.php\/2017\/01\/30\/plan-guayana-socialista-entrara-en-marcha-el-2-de-febrero\/#primaryimage\"},\"thumbnailUrl\":\"https:\/\/www.mpppst.gob.ve\/mpppstweb\/wp-content\/uploads\/2017\/01\/IMG_2380.jpg\",\"keywords\":[\"Fuerza Laboral\",\"Gobierno Bolivariano\",\"Plan Guayana\",\"Trabajadores\"],\"articleSection\":[\"Gobierno Nacional\",\"Noticias\",\"Vida Laboral y Sindical\"],\"inLanguage\":\"es\"},{\"@type\":\"WebPage\",\"@id\":\"https:\/\/www.mpppst.gob.ve\/mpppstweb\/index.php\/2017\/01\/30\/plan-guayana-socialista-entrara-en-marcha-el-2-de-febrero\/\",\"url\":\"https:\/\/www.mpppst.gob.ve\/mpppstweb\/index.php\/2017\/01\/30\/plan-guayana-socialista-entrara-en-marcha-el-2-de-febrero\/\",\"name\":\"Plan Guayana Socialista entrar\u00e1 en marcha el 2 de Febrero - MPPPST\",\"isPartOf\":{\"@id\":\"https:\/\/www.mpppst.gob.ve\/mpppstweb\/#website\"},\"primaryImageOfPage\":{\"@id\":\"https:\/\/www.mpppst.gob.ve\/mpppstweb\/index.php\/2017\/01\/30\/plan-guayana-socialista-entrara-en-marcha-el-2-de-febrero\/#primaryimage\"},\"image\":{\"@id\":\"https:\/\/www.mpppst.gob.ve\/mpppstweb\/index.php\/2017\/01\/30\/plan-guayana-socialista-entrara-en-marcha-el-2-de-febrero\/#primaryimage\"},\"thumbnailUrl\":\"https:\/\/www.mpppst.gob.ve\/mpppstweb\/wp-content\/uploads\/2017\/01\/IMG_2380.jpg\",\"datePublished\":\"2017-01-30T18:30:48+00:00\",\"dateModified\":\"2017-01-30T18:30:48+00:00\",\"breadcrumb\":{\"@id\":\"https:\/\/www.mpppst.gob.ve\/mpppstweb\/index.php\/2017\/01\/30\/plan-guayana-socialista-entrara-en-marcha-el-2-de-febrero\/#breadcrumb\"},\"inLanguage\":\"es\",\"potentialAction\":[{\"@type\":\"ReadAction\",\"target\":[\"https:\/\/www.mpppst.gob.ve\/mpppstweb\/index.php\/2017\/01\/30\/plan-guayana-socialista-entrara-en-marcha-el-2-de-febrero\/\"]}]},{\"@type\":\"ImageObject\",\"inLanguage\":\"es\",\"@id\":\"https:\/\/www.mpppst.gob.ve\/mpppstweb\/index.php\/2017\/01\/30\/plan-guayana-socialista-entrara-en-marcha-el-2-de-febrero\/#primaryimage\",\"url\":\"https:\/\/www.mpppst.gob.ve\/mpppstweb\/wp-content\/uploads\/2017\/01\/IMG_2380.jpg\",\"contentUrl\":\"https:\/\/www.mpppst.gob.ve\/mpppstweb\/wp-content\/uploads\/2017\/01\/IMG_2380.jpg\",\"width\":800,\"height\":445},{\"@type\":\"BreadcrumbList\",\"@id\":\"https:\/\/www.mpppst.gob.ve\/mpppstweb\/index.php\/2017\/01\/30\/plan-guayana-socialista-entrara-en-marcha-el-2-de-febrero\/#breadcrumb\",\"itemListElement\":[{\"@type\":\"ListItem\",\"position\":1,\"name\":\"Home\",\"item\":\"https:\/\/www.mpppst.gob.ve\/mpppstweb\/\"},{\"@type\":\"ListItem\",\"position\":2,\"name\":\"Plan Guayana Socialista entrar\u00e1 en marcha el 2 de Febrero\"}]},{\"@type\":\"WebSite\",\"@id\":\"https:\/\/www.mpppst.gob.ve\/mpppstweb\/#website\",\"url\":\"https:\/\/www.mpppst.gob.ve\/mpppstweb\/\",\"name\":\"MPPPST\",\"description\":\"Ministerio del Poder Popular para el Proceso Social de Trabajo\",\"publisher\":{\"@id\":\"https:\/\/www.mpppst.gob.ve\/mpppstweb\/#organization\"},\"potentialAction\":[{\"@type\":\"SearchAction\",\"target\":{\"@type\":\"EntryPoint\",\"urlTemplate\":\"https:\/\/www.mpppst.gob.ve\/mpppstweb\/?s={search_term_string}\"},\"query-input\":\"required name=search_term_string\"}],\"inLanguage\":\"es\"},{\"@type\":\"Organization\",\"@id\":\"https:\/\/www.mpppst.gob.ve\/mpppstweb\/#organization\",\"name\":\"mpppst\",\"url\":\"https:\/\/www.mpppst.gob.ve\/mpppstweb\/\",\"logo\":{\"@type\":\"ImageObject\",\"inLanguage\":\"es\",\"@id\":\"https:\/\/www.mpppst.gob.ve\/mpppstweb\/#\/schema\/logo\/image\/\",\"url\":\"https:\/\/www.mpppst.gob.ve\/mpppstweb\/wp-content\/uploads\/2025\/07\/cropped-cropped-g910.png\",\"contentUrl\":\"https:\/\/www.mpppst.gob.ve\/mpppstweb\/wp-content\/uploads\/2025\/07\/cropped-cropped-g910.png\",\"width\":1080,\"height\":241,\"caption\":\"mpppst\"},\"image\":{\"@id\":\"https:\/\/www.mpppst.gob.ve\/mpppstweb\/#\/schema\/logo\/image\/\"}},{\"@type\":\"Person\",\"@id\":\"https:\/\/www.mpppst.gob.ve\/mpppstweb\/#\/schema\/person\/fc187ee8ead412bd4c9304b62f900ea4\",\"name\":\"MPPPST Prensa\",\"url\":\"https:\/\/www.mpppst.gob.ve\/mpppstweb\/index.php\/author\/prensa-mpppst\/\"}]}<\/script>\n<!-- \/ Yoast SEO plugin. -->","yoast_head_json":{"title":"Plan Guayana Socialista entrar\u00e1 en marcha el 2 de Febrero - MPPPST","robots":{"index":"index","follow":"follow","max-snippet":"max-snippet:-1","max-image-preview":"max-image-preview:large","max-video-preview":"max-video-preview:-1"},"canonical":"https:\/\/www.mpppst.gob.ve\/mpppstweb\/index.php\/2017\/01\/30\/plan-guayana-socialista-entrara-en-marcha-el-2-de-febrero\/","og_locale":"es_ES","og_type":"article","og_title":"Plan Guayana Socialista entrar\u00e1 en marcha el 2 de Febrero - MPPPST","og_description":"Prensa (MPPPST). El Plan Guayana Socialista entrar\u00e1 en marcha el 2 de febrero para dar un &hellip; Plan Guayana Socialista entrar\u00e1 en marcha el 2 de FebreroRead more","og_url":"https:\/\/www.mpppst.gob.ve\/mpppstweb\/index.php\/2017\/01\/30\/plan-guayana-socialista-entrara-en-marcha-el-2-de-febrero\/","og_site_name":"MPPPST","article_published_time":"2017-01-30T18:30:48+00:00","og_image":[{"width":800,"height":445,"url":"https:\/\/www.mpppst.gob.ve\/mpppstweb\/wp-content\/uploads\/2017\/01\/IMG_2380.jpg","type":"image\/jpeg"}],"author":"MPPPST Prensa","twitter_card":"summary_large_image","twitter_misc":{"Escrito por":"MPPPST Prensa","Tiempo de lectura":"2 minutos"},"schema":{"@context":"https:\/\/schema.org","@graph":[{"@type":"Article","@id":"https:\/\/www.mpppst.gob.ve\/mpppstweb\/index.php\/2017\/01\/30\/plan-guayana-socialista-entrara-en-marcha-el-2-de-febrero\/#article","isPartOf":{"@id":"https:\/\/www.mpppst.gob.ve\/mpppstweb\/index.php\/2017\/01\/30\/plan-guayana-socialista-entrara-en-marcha-el-2-de-febrero\/"},"author":{"name":"MPPPST Prensa","@id":"https:\/\/www.mpppst.gob.ve\/mpppstweb\/#\/schema\/person\/fc187ee8ead412bd4c9304b62f900ea4"},"headline":"Plan Guayana Socialista entrar\u00e1 en marcha el 2 de Febrero","datePublished":"2017-01-30T18:30:48+00:00","dateModified":"2017-01-30T18:30:48+00:00","mainEntityOfPage":{"@id":"https:\/\/www.mpppst.gob.ve\/mpppstweb\/index.php\/2017\/01\/30\/plan-guayana-socialista-entrara-en-marcha-el-2-de-febrero\/"},"wordCount":489,"publisher":{"@id":"https:\/\/www.mpppst.gob.ve\/mpppstweb\/#organization"},"image":{"@id":"https:\/\/www.mpppst.gob.ve\/mpppstweb\/index.php\/2017\/01\/30\/plan-guayana-socialista-entrara-en-marcha-el-2-de-febrero\/#primaryimage"},"thumbnailUrl":"https:\/\/www.mpppst.gob.ve\/mpppstweb\/wp-content\/uploads\/2017\/01\/IMG_2380.jpg","keywords":["Fuerza Laboral","Gobierno Bolivariano","Plan Guayana","Trabajadores"],"articleSection":["Gobierno Nacional","Noticias","Vida Laboral y Sindical"],"inLanguage":"es"},{"@type":"WebPage","@id":"https:\/\/www.mpppst.gob.ve\/mpppstweb\/index.php\/2017\/01\/30\/plan-guayana-socialista-entrara-en-marcha-el-2-de-febrero\/","url":"https:\/\/www.mpppst.gob.ve\/mpppstweb\/index.php\/2017\/01\/30\/plan-guayana-socialista-entrara-en-marcha-el-2-de-febrero\/","name":"Plan Guayana Socialista entrar\u00e1 en marcha el 2 de Febrero - MPPPST","isPartOf":{"@id":"https:\/\/www.mpppst.gob.ve\/mpppstweb\/#website"},"primaryImageOfPage":{"@id":"https:\/\/www.mpppst.gob.ve\/mpppstweb\/index.php\/2017\/01\/30\/plan-guayana-socialista-entrara-en-marcha-el-2-de-febrero\/#primaryimage"},"image":{"@id":"https:\/\/www.mpppst.gob.ve\/mpppstweb\/index.php\/2017\/01\/30\/plan-guayana-socialista-entrara-en-marcha-el-2-de-febrero\/#primaryimage"},"thumbnailUrl":"https:\/\/www.mpppst.gob.ve\/mpppstweb\/wp-content\/uploads\/2017\/01\/IMG_2380.jpg","datePublished":"2017-01-30T18:30:48+00:00","dateModified":"2017-01-30T18:30:48+00:00","breadcrumb":{"@id":"https:\/\/www.mpppst.gob.ve\/mpppstweb\/index.php\/2017\/01\/30\/plan-guayana-socialista-entrara-en-marcha-el-2-de-febrero\/#breadcrumb"},"inLanguage":"es","potentialAction":[{"@type":"ReadAction","target":["https:\/\/www.mpppst.gob.ve\/mpppstweb\/index.php\/2017\/01\/30\/plan-guayana-socialista-entrara-en-marcha-el-2-de-febrero\/"]}]},{"@type":"ImageObject","inLanguage":"es","@id":"https:\/\/www.mpppst.gob.ve\/mpppstweb\/index.php\/2017\/01\/30\/plan-guayana-socialista-entrara-en-marcha-el-2-de-febrero\/#primaryimage","url":"https:\/\/www.mpppst.gob.ve\/mpppstweb\/wp-content\/uploads\/2017\/01\/IMG_2380.jpg","contentUrl":"https:\/\/www.mpppst.gob.ve\/mpppstweb\/wp-content\/uploads\/2017\/01\/IMG_2380.jpg","width":800,"height":445},{"@type":"BreadcrumbList","@id":"https:\/\/www.mpppst.gob.ve\/mpppstweb\/index.php\/2017\/01\/30\/plan-guayana-socialista-entrara-en-marcha-el-2-de-febrero\/#breadcrumb","itemListElement":[{"@type":"ListItem","position":1,"name":"Home","item":"https:\/\/www.mpppst.gob.ve\/mpppstweb\/"},{"@type":"ListItem","position":2,"name":"Plan Guayana Socialista entrar\u00e1 en marcha el 2 de Febrero"}]},{"@type":"WebSite","@id":"https:\/\/www.mpppst.gob.ve\/mpppstweb\/#website","url":"https:\/\/www.mpppst.gob.ve\/mpppstweb\/","name":"MPPPST","description":"Ministerio del Poder Popular para el Proceso Social de Trabajo","publisher":{"@id":"https:\/\/www.mpppst.gob.ve\/mpppstweb\/#organization"},"potentialAction":[{"@type":"SearchAction","target":{"@type":"EntryPoint","urlTemplate":"https:\/\/www.mpppst.gob.ve\/mpppstweb\/?s={search_term_string}"},"query-input":"required name=search_term_string"}],"inLanguage":"es"},{"@type":"Organization","@id":"https:\/\/www.mpppst.gob.ve\/mpppstweb\/#organization","name":"mpppst","url":"https:\/\/www.mpppst.gob.ve\/mpppstweb\/","logo":{"@type":"ImageObject","inLanguage":"es","@id":"https:\/\/www.mpppst.gob.ve\/mpppstweb\/#\/schema\/logo\/image\/","url":"https:\/\/www.mpppst.gob.ve\/mpppstweb\/wp-content\/uploads\/2025\/07\/cropped-cropped-g910.png","contentUrl":"https:\/\/www.mpppst.gob.ve\/mpppstweb\/wp-content\/uploads\/2025\/07\/cropped-cropped-g910.png","width":1080,"height":241,"caption":"mpppst"},"image":{"@id":"https:\/\/www.mpppst.gob.ve\/mpppstweb\/#\/schema\/logo\/image\/"}},{"@type":"Person","@id":"https:\/\/www.mpppst.gob.ve\/mpppstweb\/#\/schema\/person\/fc187ee8ead412bd4c9304b62f900ea4","name":"MPPPST Prensa","url":"https:\/\/www.mpppst.gob.ve\/mpppstweb\/index.php\/author\/prensa-mpppst\/"}]}},"_links":{"self":[{"href":"https:\/\/www.mpppst.gob.ve\/mpppstweb\/index.php\/wp-json\/wp\/v2\/posts\/10394"}],"collection":[{"href":"https:\/\/www.mpppst.gob.ve\/mpppstweb\/index.php\/wp-json\/wp\/v2\/posts"}],"about":[{"href":"https:\/\/www.mpppst.gob.ve\/mpppstweb\/index.php\/wp-json\/wp\/v2\/types\/post"}],"author":[{"embeddable":true,"href":"https:\/\/www.mpppst.gob.ve\/mpppstweb\/index.php\/wp-json\/wp\/v2\/users\/25"}],"replies":[{"embeddable":true,"href":"https:\/\/www.mpppst.gob.ve\/mpppstweb\/index.php\/wp-json\/wp\/v2\/comments?post=10394"}],"version-history":[{"count":1,"href":"https:\/\/www.mpppst.gob.ve\/mpppstweb\/index.php\/wp-json\/wp\/v2\/posts\/10394\/revisions"}],"predecessor-version":[{"id":10396,"href":"https:\/\/www.mpppst.gob.ve\/mpppstweb\/index.php\/wp-json\/wp\/v2\/posts\/10394\/revisions\/10396"}],"wp:featuredmedia":[{"embeddable":true,"href":"https:\/\/www.mpppst.gob.ve\/mpppstweb\/index.php\/wp-json\/wp\/v2\/media\/10395"}],"wp:attachment":[{"href":"https:\/\/www.mpppst.gob.ve\/mpppstweb\/index.php\/wp-json\/wp\/v2\/media?parent=10394"}],"wp:term":[{"taxonomy":"category","embeddable":true,"href":"https:\/\/www.mpppst.gob.ve\/mpppstweb\/index.php\/wp-json\/wp\/v2\/categories?post=10394"},{"taxonomy":"post_tag","embeddable":true,"href":"https:\/\/www.mpppst.gob.ve\/mpppstweb\/index.php\/wp-json\/wp\/v2\/tags?post=10394"}],"curies":[{"name":"wp","href":"https:\/\/api.w.org\/{rel}","templated":true}]}}