{"id":10401,"date":"2017-01-31T13:10:20","date_gmt":"2017-01-31T13:10:20","guid":{"rendered":"http:\/\/www.mpppst.gob.ve\/mpppstweb\/?p=10401"},"modified":"2017-01-31T13:10:20","modified_gmt":"2017-01-31T13:10:20","slug":"tsj-ratifica-que-el-presidente-nicolas-maduro-esta-en-pleno-ejercicio-de-sus-funciones","status":"publish","type":"post","link":"https:\/\/www.mpppst.gob.ve\/mpppstweb\/index.php\/2017\/01\/31\/tsj-ratifica-que-el-presidente-nicolas-maduro-esta-en-pleno-ejercicio-de-sus-funciones\/","title":{"rendered":"TSJ ratifica que el presidente Nicol\u00e1s Maduro est\u00e1 en pleno ejercicio de sus funciones"},"content":{"rendered":"<p>AVN.- La Sala Constitucional del Tribunal Supremo de Justicia (TSJ) emiti\u00f3 este lunes una sentencia en la que se ratifica que el presidente de la Rep\u00fablica Bolivariana de Venezuela, Nicol\u00e1s Maduro, se encuentra en pleno ejercicio de sus funciones.<\/p>\n<p>La sentencia difundida en el portal web del TSJ, se\u00f1ala que \u00abesta Sala observa que el Presidente de la Rep\u00fablica, ciudadano Nicol\u00e1s Maduro Moros, una vez que se jurament\u00f3 el 19 de abril de 2013, y tom\u00f3 posesi\u00f3n del cargo ha dado pleno ejercicio de sus funciones constitucionales, destacando en su gesti\u00f3n las decisiones implementadas para atender los aspectos sociales, econ\u00f3micos, pol\u00edticos y administrativos tanto en la pol\u00edtica interna como en el exterior de la Rep\u00fablica, manifest\u00e1ndose entre otras el ejercicio de sus atribuciones constitucionales, en la declaraci\u00f3n del Estado de Excepci\u00f3n y de Emergencia Econ\u00f3mica (&#8230;)\u00bb.<\/p>\n<p>En ese sentido, en el documento se reitera la inconstitucionalidad de las acciones emprendidas por la Asamblea Nacional, manejada por la derecha, entre las que destaca la supuesta declaratoria de abandono de cargo del Mandatario venezolano, quien fue elegido por la mayor\u00eda del pueblo en 2013.<\/p>\n<p>Es as\u00ed como, \u00abel Poder Legislativo Nacional ha dado por medio de actos parlamentarios \u00edrritos un atentado al orden democr\u00e1tico y constitucional, al estar al margen de la Carta Magna, de las decisiones del M\u00e1ximo Tribunal de la Rep\u00fablica, al iniciar un supuesto juicio pol\u00edtico y ahora bajo el velo de un supuesto abandono del cargo del Jefe de Estado, con el fin \u00faltimo de deslegitimar y por \u00faltimo &#8216;destituir&#8217; al Presidente de la Rep\u00fablica pese a las \u00f3rdenes de cese dictaminadas por \u00e9ste M\u00e1ximo Tribunal\u00bb, agrega la sentencia.<\/p>\n<p>La Sala Constitucional del TSJ record\u00f3 que, de acuerdo con el mandato constitucional, \u00abse configura con la ocurrencia de tres elementos como lo son la voluntad de dejar el cargo de Presidente de la Rep\u00fablica, que no haya motivo o justificaci\u00f3n, y que esa ausencia sea permanente y definitiva\u00bb.<\/p>\n<p>Por tal raz\u00f3n, el argumento de la derecha en el Parlamento, que presenta como excusa de que las acciones y decisiones del Mandatario est\u00e1n &#8216;al margen del dise\u00f1o y funciones constitucionales de la Presidencia&#8217;, son inconstitucionales.<\/p>\n","protected":false},"excerpt":{"rendered":"<p>AVN.- La Sala Constitucional del Tribunal Supremo de Justicia (TSJ) emiti\u00f3 este lunes una sentencia en &hellip; <a title=\"TSJ ratifica que el presidente Nicol\u00e1s Maduro est\u00e1 en pleno ejercicio de sus funciones\" class=\"hm-read-more\" href=\"https:\/\/www.mpppst.gob.ve\/mpppstweb\/index.php\/2017\/01\/31\/tsj-ratifica-que-el-presidente-nicolas-maduro-esta-en-pleno-ejercicio-de-sus-funciones\/\"><span class=\"screen-reader-text\">TSJ ratifica que el presidente Nicol\u00e1s Maduro est\u00e1 en pleno ejercicio de sus funciones<\/span>Read more<\/a><\/p>\n","protected":false},"author":25,"featured_media":10402,"comment_status":"closed","ping_status":"closed","sticky":false,"template":"","format":"standard","meta":{"footnotes":""},"categories":[82,163,213],"tags":[222,285,313],"yoast_head":"<!-- This site is optimized with the Yoast SEO plugin v22.5 - https:\/\/yoast.com\/wordpress\/plugins\/seo\/ -->\n<title>TSJ ratifica que el presidente Nicol\u00e1s Maduro est\u00e1 en pleno ejercicio de sus funciones - MPPPST<\/title>\n<meta name=\"robots\" content=\"index, follow, max-snippet:-1, max-image-preview:large, max-video-preview:-1\" \/>\n<link rel=\"canonical\" href=\"https:\/\/www.mpppst.gob.ve\/mpppstweb\/index.php\/2017\/01\/31\/tsj-ratifica-que-el-presidente-nicolas-maduro-esta-en-pleno-ejercicio-de-sus-funciones\/\" \/>\n<meta property=\"og:locale\" content=\"es_ES\" \/>\n<meta property=\"og:type\" content=\"article\" \/>\n<meta property=\"og:title\" content=\"TSJ ratifica que el presidente Nicol\u00e1s Maduro est\u00e1 en pleno ejercicio de sus funciones - MPPPST\" \/>\n<meta property=\"og:description\" content=\"AVN.- La Sala Constitucional del Tribunal Supremo de Justicia (TSJ) emiti\u00f3 este lunes una sentencia en &hellip; TSJ ratifica que el presidente Nicol\u00e1s Maduro est\u00e1 en pleno ejercicio de sus funcionesRead more\" \/>\n<meta property=\"og:url\" content=\"https:\/\/www.mpppst.gob.ve\/mpppstweb\/index.php\/2017\/01\/31\/tsj-ratifica-que-el-presidente-nicolas-maduro-esta-en-pleno-ejercicio-de-sus-funciones\/\" \/>\n<meta property=\"og:site_name\" content=\"MPPPST\" \/>\n<meta property=\"article:published_time\" content=\"2017-01-31T13:10:20+00:00\" \/>\n<meta property=\"og:image\" content=\"https:\/\/www.mpppst.gob.ve\/mpppstweb\/wp-content\/uploads\/2017\/01\/Maduro-4.jpg\" \/>\n\t<meta property=\"og:image:width\" content=\"800\" \/>\n\t<meta property=\"og:image:height\" content=\"445\" \/>\n\t<meta property=\"og:image:type\" content=\"image\/jpeg\" \/>\n<meta name=\"author\" content=\"MPPPST Prensa\" \/>\n<meta name=\"twitter:card\" content=\"summary_large_image\" \/>\n<meta name=\"twitter:label1\" content=\"Escrito por\" \/>\n\t<meta name=\"twitter:data1\" content=\"MPPPST Prensa\" \/>\n\t<meta name=\"twitter:label2\" content=\"Tiempo de lectura\" \/>\n\t<meta name=\"twitter:data2\" content=\"2 minutos\" \/>\n<script type=\"application\/ld+json\" class=\"yoast-schema-graph\">{\"@context\":\"https:\/\/schema.org\",\"@graph\":[{\"@type\":\"Article\",\"@id\":\"https:\/\/www.mpppst.gob.ve\/mpppstweb\/index.php\/2017\/01\/31\/tsj-ratifica-que-el-presidente-nicolas-maduro-esta-en-pleno-ejercicio-de-sus-funciones\/#article\",\"isPartOf\":{\"@id\":\"https:\/\/www.mpppst.gob.ve\/mpppstweb\/index.php\/2017\/01\/31\/tsj-ratifica-que-el-presidente-nicolas-maduro-esta-en-pleno-ejercicio-de-sus-funciones\/\"},\"author\":{\"name\":\"MPPPST Prensa\",\"@id\":\"https:\/\/www.mpppst.gob.ve\/mpppstweb\/#\/schema\/person\/fc187ee8ead412bd4c9304b62f900ea4\"},\"headline\":\"TSJ ratifica que el presidente Nicol\u00e1s Maduro est\u00e1 en pleno ejercicio de sus funciones\",\"datePublished\":\"2017-01-31T13:10:20+00:00\",\"dateModified\":\"2017-01-31T13:10:20+00:00\",\"mainEntityOfPage\":{\"@id\":\"https:\/\/www.mpppst.gob.ve\/mpppstweb\/index.php\/2017\/01\/31\/tsj-ratifica-que-el-presidente-nicolas-maduro-esta-en-pleno-ejercicio-de-sus-funciones\/\"},\"wordCount\":395,\"publisher\":{\"@id\":\"https:\/\/www.mpppst.gob.ve\/mpppstweb\/#organization\"},\"image\":{\"@id\":\"https:\/\/www.mpppst.gob.ve\/mpppstweb\/index.php\/2017\/01\/31\/tsj-ratifica-que-el-presidente-nicolas-maduro-esta-en-pleno-ejercicio-de-sus-funciones\/#primaryimage\"},\"thumbnailUrl\":\"https:\/\/www.mpppst.gob.ve\/mpppstweb\/wp-content\/uploads\/2017\/01\/Maduro-4.jpg\",\"keywords\":[\"Gobierno Bolivariano\",\"Presidente Maduro\",\"TSJ\"],\"articleSection\":[\"Gobierno Nacional\",\"Noticias\",\"Presidencia de la Rep\u00fablica\"],\"inLanguage\":\"es\"},{\"@type\":\"WebPage\",\"@id\":\"https:\/\/www.mpppst.gob.ve\/mpppstweb\/index.php\/2017\/01\/31\/tsj-ratifica-que-el-presidente-nicolas-maduro-esta-en-pleno-ejercicio-de-sus-funciones\/\",\"url\":\"https:\/\/www.mpppst.gob.ve\/mpppstweb\/index.php\/2017\/01\/31\/tsj-ratifica-que-el-presidente-nicolas-maduro-esta-en-pleno-ejercicio-de-sus-funciones\/\",\"name\":\"TSJ ratifica que el presidente Nicol\u00e1s Maduro est\u00e1 en pleno ejercicio de sus funciones - MPPPST\",\"isPartOf\":{\"@id\":\"https:\/\/www.mpppst.gob.ve\/mpppstweb\/#website\"},\"primaryImageOfPage\":{\"@id\":\"https:\/\/www.mpppst.gob.ve\/mpppstweb\/index.php\/2017\/01\/31\/tsj-ratifica-que-el-presidente-nicolas-maduro-esta-en-pleno-ejercicio-de-sus-funciones\/#primaryimage\"},\"image\":{\"@id\":\"https:\/\/www.mpppst.gob.ve\/mpppstweb\/index.php\/2017\/01\/31\/tsj-ratifica-que-el-presidente-nicolas-maduro-esta-en-pleno-ejercicio-de-sus-funciones\/#primaryimage\"},\"thumbnailUrl\":\"https:\/\/www.mpppst.gob.ve\/mpppstweb\/wp-content\/uploads\/2017\/01\/Maduro-4.jpg\",\"datePublished\":\"2017-01-31T13:10:20+00:00\",\"dateModified\":\"2017-01-31T13:10:20+00:00\",\"breadcrumb\":{\"@id\":\"https:\/\/www.mpppst.gob.ve\/mpppstweb\/index.php\/2017\/01\/31\/tsj-ratifica-que-el-presidente-nicolas-maduro-esta-en-pleno-ejercicio-de-sus-funciones\/#breadcrumb\"},\"inLanguage\":\"es\",\"potentialAction\":[{\"@type\":\"ReadAction\",\"target\":[\"https:\/\/www.mpppst.gob.ve\/mpppstweb\/index.php\/2017\/01\/31\/tsj-ratifica-que-el-presidente-nicolas-maduro-esta-en-pleno-ejercicio-de-sus-funciones\/\"]}]},{\"@type\":\"ImageObject\",\"inLanguage\":\"es\",\"@id\":\"https:\/\/www.mpppst.gob.ve\/mpppstweb\/index.php\/2017\/01\/31\/tsj-ratifica-que-el-presidente-nicolas-maduro-esta-en-pleno-ejercicio-de-sus-funciones\/#primaryimage\",\"url\":\"https:\/\/www.mpppst.gob.ve\/mpppstweb\/wp-content\/uploads\/2017\/01\/Maduro-4.jpg\",\"contentUrl\":\"https:\/\/www.mpppst.gob.ve\/mpppstweb\/wp-content\/uploads\/2017\/01\/Maduro-4.jpg\",\"width\":800,\"height\":445},{\"@type\":\"BreadcrumbList\",\"@id\":\"https:\/\/www.mpppst.gob.ve\/mpppstweb\/index.php\/2017\/01\/31\/tsj-ratifica-que-el-presidente-nicolas-maduro-esta-en-pleno-ejercicio-de-sus-funciones\/#breadcrumb\",\"itemListElement\":[{\"@type\":\"ListItem\",\"position\":1,\"name\":\"Home\",\"item\":\"https:\/\/www.mpppst.gob.ve\/mpppstweb\/\"},{\"@type\":\"ListItem\",\"position\":2,\"name\":\"TSJ ratifica que el presidente Nicol\u00e1s Maduro est\u00e1 en pleno ejercicio de sus funciones\"}]},{\"@type\":\"WebSite\",\"@id\":\"https:\/\/www.mpppst.gob.ve\/mpppstweb\/#website\",\"url\":\"https:\/\/www.mpppst.gob.ve\/mpppstweb\/\",\"name\":\"MPPPST\",\"description\":\"Ministerio del Poder Popular para el Proceso Social de Trabajo\",\"publisher\":{\"@id\":\"https:\/\/www.mpppst.gob.ve\/mpppstweb\/#organization\"},\"potentialAction\":[{\"@type\":\"SearchAction\",\"target\":{\"@type\":\"EntryPoint\",\"urlTemplate\":\"https:\/\/www.mpppst.gob.ve\/mpppstweb\/?s={search_term_string}\"},\"query-input\":\"required name=search_term_string\"}],\"inLanguage\":\"es\"},{\"@type\":\"Organization\",\"@id\":\"https:\/\/www.mpppst.gob.ve\/mpppstweb\/#organization\",\"name\":\"mpppst\",\"url\":\"https:\/\/www.mpppst.gob.ve\/mpppstweb\/\",\"logo\":{\"@type\":\"ImageObject\",\"inLanguage\":\"es\",\"@id\":\"https:\/\/www.mpppst.gob.ve\/mpppstweb\/#\/schema\/logo\/image\/\",\"url\":\"https:\/\/www.mpppst.gob.ve\/mpppstweb\/wp-content\/uploads\/2025\/07\/cropped-cropped-g910.png\",\"contentUrl\":\"https:\/\/www.mpppst.gob.ve\/mpppstweb\/wp-content\/uploads\/2025\/07\/cropped-cropped-g910.png\",\"width\":1080,\"height\":241,\"caption\":\"mpppst\"},\"image\":{\"@id\":\"https:\/\/www.mpppst.gob.ve\/mpppstweb\/#\/schema\/logo\/image\/\"}},{\"@type\":\"Person\",\"@id\":\"https:\/\/www.mpppst.gob.ve\/mpppstweb\/#\/schema\/person\/fc187ee8ead412bd4c9304b62f900ea4\",\"name\":\"MPPPST Prensa\",\"url\":\"https:\/\/www.mpppst.gob.ve\/mpppstweb\/index.php\/author\/prensa-mpppst\/\"}]}<\/script>\n<!-- \/ Yoast SEO plugin. -->","yoast_head_json":{"title":"TSJ ratifica que el presidente Nicol\u00e1s Maduro est\u00e1 en pleno ejercicio de sus funciones - MPPPST","robots":{"index":"index","follow":"follow","max-snippet":"max-snippet:-1","max-image-preview":"max-image-preview:large","max-video-preview":"max-video-preview:-1"},"canonical":"https:\/\/www.mpppst.gob.ve\/mpppstweb\/index.php\/2017\/01\/31\/tsj-ratifica-que-el-presidente-nicolas-maduro-esta-en-pleno-ejercicio-de-sus-funciones\/","og_locale":"es_ES","og_type":"article","og_title":"TSJ ratifica que el presidente Nicol\u00e1s Maduro est\u00e1 en pleno ejercicio de sus funciones - MPPPST","og_description":"AVN.- La Sala Constitucional del Tribunal Supremo de Justicia (TSJ) emiti\u00f3 este lunes una sentencia en &hellip; TSJ ratifica que el presidente Nicol\u00e1s Maduro est\u00e1 en pleno ejercicio de sus funcionesRead more","og_url":"https:\/\/www.mpppst.gob.ve\/mpppstweb\/index.php\/2017\/01\/31\/tsj-ratifica-que-el-presidente-nicolas-maduro-esta-en-pleno-ejercicio-de-sus-funciones\/","og_site_name":"MPPPST","article_published_time":"2017-01-31T13:10:20+00:00","og_image":[{"width":800,"height":445,"url":"https:\/\/www.mpppst.gob.ve\/mpppstweb\/wp-content\/uploads\/2017\/01\/Maduro-4.jpg","type":"image\/jpeg"}],"author":"MPPPST Prensa","twitter_card":"summary_large_image","twitter_misc":{"Escrito por":"MPPPST Prensa","Tiempo de lectura":"2 minutos"},"schema":{"@context":"https:\/\/schema.org","@graph":[{"@type":"Article","@id":"https:\/\/www.mpppst.gob.ve\/mpppstweb\/index.php\/2017\/01\/31\/tsj-ratifica-que-el-presidente-nicolas-maduro-esta-en-pleno-ejercicio-de-sus-funciones\/#article","isPartOf":{"@id":"https:\/\/www.mpppst.gob.ve\/mpppstweb\/index.php\/2017\/01\/31\/tsj-ratifica-que-el-presidente-nicolas-maduro-esta-en-pleno-ejercicio-de-sus-funciones\/"},"author":{"name":"MPPPST Prensa","@id":"https:\/\/www.mpppst.gob.ve\/mpppstweb\/#\/schema\/person\/fc187ee8ead412bd4c9304b62f900ea4"},"headline":"TSJ ratifica que el presidente Nicol\u00e1s Maduro est\u00e1 en pleno ejercicio de sus funciones","datePublished":"2017-01-31T13:10:20+00:00","dateModified":"2017-01-31T13:10:20+00:00","mainEntityOfPage":{"@id":"https:\/\/www.mpppst.gob.ve\/mpppstweb\/index.php\/2017\/01\/31\/tsj-ratifica-que-el-presidente-nicolas-maduro-esta-en-pleno-ejercicio-de-sus-funciones\/"},"wordCount":395,"publisher":{"@id":"https:\/\/www.mpppst.gob.ve\/mpppstweb\/#organization"},"image":{"@id":"https:\/\/www.mpppst.gob.ve\/mpppstweb\/index.php\/2017\/01\/31\/tsj-ratifica-que-el-presidente-nicolas-maduro-esta-en-pleno-ejercicio-de-sus-funciones\/#primaryimage"},"thumbnailUrl":"https:\/\/www.mpppst.gob.ve\/mpppstweb\/wp-content\/uploads\/2017\/01\/Maduro-4.jpg","keywords":["Gobierno Bolivariano","Presidente Maduro","TSJ"],"articleSection":["Gobierno Nacional","Noticias","Presidencia de la Rep\u00fablica"],"inLanguage":"es"},{"@type":"WebPage","@id":"https:\/\/www.mpppst.gob.ve\/mpppstweb\/index.php\/2017\/01\/31\/tsj-ratifica-que-el-presidente-nicolas-maduro-esta-en-pleno-ejercicio-de-sus-funciones\/","url":"https:\/\/www.mpppst.gob.ve\/mpppstweb\/index.php\/2017\/01\/31\/tsj-ratifica-que-el-presidente-nicolas-maduro-esta-en-pleno-ejercicio-de-sus-funciones\/","name":"TSJ ratifica que el presidente Nicol\u00e1s Maduro est\u00e1 en pleno ejercicio de sus funciones - MPPPST","isPartOf":{"@id":"https:\/\/www.mpppst.gob.ve\/mpppstweb\/#website"},"primaryImageOfPage":{"@id":"https:\/\/www.mpppst.gob.ve\/mpppstweb\/index.php\/2017\/01\/31\/tsj-ratifica-que-el-presidente-nicolas-maduro-esta-en-pleno-ejercicio-de-sus-funciones\/#primaryimage"},"image":{"@id":"https:\/\/www.mpppst.gob.ve\/mpppstweb\/index.php\/2017\/01\/31\/tsj-ratifica-que-el-presidente-nicolas-maduro-esta-en-pleno-ejercicio-de-sus-funciones\/#primaryimage"},"thumbnailUrl":"https:\/\/www.mpppst.gob.ve\/mpppstweb\/wp-content\/uploads\/2017\/01\/Maduro-4.jpg","datePublished":"2017-01-31T13:10:20+00:00","dateModified":"2017-01-31T13:10:20+00:00","breadcrumb":{"@id":"https:\/\/www.mpppst.gob.ve\/mpppstweb\/index.php\/2017\/01\/31\/tsj-ratifica-que-el-presidente-nicolas-maduro-esta-en-pleno-ejercicio-de-sus-funciones\/#breadcrumb"},"inLanguage":"es","potentialAction":[{"@type":"ReadAction","target":["https:\/\/www.mpppst.gob.ve\/mpppstweb\/index.php\/2017\/01\/31\/tsj-ratifica-que-el-presidente-nicolas-maduro-esta-en-pleno-ejercicio-de-sus-funciones\/"]}]},{"@type":"ImageObject","inLanguage":"es","@id":"https:\/\/www.mpppst.gob.ve\/mpppstweb\/index.php\/2017\/01\/31\/tsj-ratifica-que-el-presidente-nicolas-maduro-esta-en-pleno-ejercicio-de-sus-funciones\/#primaryimage","url":"https:\/\/www.mpppst.gob.ve\/mpppstweb\/wp-content\/uploads\/2017\/01\/Maduro-4.jpg","contentUrl":"https:\/\/www.mpppst.gob.ve\/mpppstweb\/wp-content\/uploads\/2017\/01\/Maduro-4.jpg","width":800,"height":445},{"@type":"BreadcrumbList","@id":"https:\/\/www.mpppst.gob.ve\/mpppstweb\/index.php\/2017\/01\/31\/tsj-ratifica-que-el-presidente-nicolas-maduro-esta-en-pleno-ejercicio-de-sus-funciones\/#breadcrumb","itemListElement":[{"@type":"ListItem","position":1,"name":"Home","item":"https:\/\/www.mpppst.gob.ve\/mpppstweb\/"},{"@type":"ListItem","position":2,"name":"TSJ ratifica que el presidente Nicol\u00e1s Maduro est\u00e1 en pleno ejercicio de sus funciones"}]},{"@type":"WebSite","@id":"https:\/\/www.mpppst.gob.ve\/mpppstweb\/#website","url":"https:\/\/www.mpppst.gob.ve\/mpppstweb\/","name":"MPPPST","description":"Ministerio del Poder Popular para el Proceso Social de Trabajo","publisher":{"@id":"https:\/\/www.mpppst.gob.ve\/mpppstweb\/#organization"},"potentialAction":[{"@type":"SearchAction","target":{"@type":"EntryPoint","urlTemplate":"https:\/\/www.mpppst.gob.ve\/mpppstweb\/?s={search_term_string}"},"query-input":"required name=search_term_string"}],"inLanguage":"es"},{"@type":"Organization","@id":"https:\/\/www.mpppst.gob.ve\/mpppstweb\/#organization","name":"mpppst","url":"https:\/\/www.mpppst.gob.ve\/mpppstweb\/","logo":{"@type":"ImageObject","inLanguage":"es","@id":"https:\/\/www.mpppst.gob.ve\/mpppstweb\/#\/schema\/logo\/image\/","url":"https:\/\/www.mpppst.gob.ve\/mpppstweb\/wp-content\/uploads\/2025\/07\/cropped-cropped-g910.png","contentUrl":"https:\/\/www.mpppst.gob.ve\/mpppstweb\/wp-content\/uploads\/2025\/07\/cropped-cropped-g910.png","width":1080,"height":241,"caption":"mpppst"},"image":{"@id":"https:\/\/www.mpppst.gob.ve\/mpppstweb\/#\/schema\/logo\/image\/"}},{"@type":"Person","@id":"https:\/\/www.mpppst.gob.ve\/mpppstweb\/#\/schema\/person\/fc187ee8ead412bd4c9304b62f900ea4","name":"MPPPST Prensa","url":"https:\/\/www.mpppst.gob.ve\/mpppstweb\/index.php\/author\/prensa-mpppst\/"}]}},"_links":{"self":[{"href":"https:\/\/www.mpppst.gob.ve\/mpppstweb\/index.php\/wp-json\/wp\/v2\/posts\/10401"}],"collection":[{"href":"https:\/\/www.mpppst.gob.ve\/mpppstweb\/index.php\/wp-json\/wp\/v2\/posts"}],"about":[{"href":"https:\/\/www.mpppst.gob.ve\/mpppstweb\/index.php\/wp-json\/wp\/v2\/types\/post"}],"author":[{"embeddable":true,"href":"https:\/\/www.mpppst.gob.ve\/mpppstweb\/index.php\/wp-json\/wp\/v2\/users\/25"}],"replies":[{"embeddable":true,"href":"https:\/\/www.mpppst.gob.ve\/mpppstweb\/index.php\/wp-json\/wp\/v2\/comments?post=10401"}],"version-history":[{"count":1,"href":"https:\/\/www.mpppst.gob.ve\/mpppstweb\/index.php\/wp-json\/wp\/v2\/posts\/10401\/revisions"}],"predecessor-version":[{"id":10403,"href":"https:\/\/www.mpppst.gob.ve\/mpppstweb\/index.php\/wp-json\/wp\/v2\/posts\/10401\/revisions\/10403"}],"wp:featuredmedia":[{"embeddable":true,"href":"https:\/\/www.mpppst.gob.ve\/mpppstweb\/index.php\/wp-json\/wp\/v2\/media\/10402"}],"wp:attachment":[{"href":"https:\/\/www.mpppst.gob.ve\/mpppstweb\/index.php\/wp-json\/wp\/v2\/media?parent=10401"}],"wp:term":[{"taxonomy":"category","embeddable":true,"href":"https:\/\/www.mpppst.gob.ve\/mpppstweb\/index.php\/wp-json\/wp\/v2\/categories?post=10401"},{"taxonomy":"post_tag","embeddable":true,"href":"https:\/\/www.mpppst.gob.ve\/mpppstweb\/index.php\/wp-json\/wp\/v2\/tags?post=10401"}],"curies":[{"name":"wp","href":"https:\/\/api.w.org\/{rel}","templated":true}]}}