{"id":10404,"date":"2017-01-31T19:36:48","date_gmt":"2017-01-31T19:36:48","guid":{"rendered":"http:\/\/www.mpppst.gob.ve\/mpppstweb\/?p=10404"},"modified":"2017-01-31T19:36:48","modified_gmt":"2017-01-31T19:36:48","slug":"invitan-a-la-clase-obrera-a-participar-en-las-jornadas-del-carnet-de-la-patria-en-las-instituciones-publicas","status":"publish","type":"post","link":"https:\/\/www.mpppst.gob.ve\/mpppstweb\/index.php\/2017\/01\/31\/invitan-a-la-clase-obrera-a-participar-en-las-jornadas-del-carnet-de-la-patria-en-las-instituciones-publicas\/","title":{"rendered":"Invitan a la Clase Obrera a participar en las jornadas del Carnet de la Patria en las Instituciones P\u00fablicas"},"content":{"rendered":"<p>Prensa (MPPPST). Franklin Rond\u00f3n, Presidente de \u00a0Federaci\u00f3n Nacional de los Trabajadores del Sector P\u00fablico (Fentrasep), invit\u00f3 a todos los Trabajadores y Trabajadoras de la administraci\u00f3n p\u00fablica para que participen en el registro del Carnet de la Patria.<\/p>\n<p>Rond\u00f3n hizo extensiva la invitaci\u00f3n al Gobierno Nacional con el fin de que estos operativos se desarrollen en las instituciones del Estado, en las Gobernaciones y Alcald\u00edas, de manera que los trabajadores no tengan que ausentarse de sus puestos de trabajo ni tampoco hacer uso de los fines de semana para acudir al registro del carnet de la Patria.<\/p>\n<p>El presidente de Fentrasep inform\u00f3 a los Trabajadores y Trabajadoras del pa\u00eds que pr\u00f3ximamente ser\u00e1 aumentado el Cesta Ticket Socialista como consecuencia del aumento de la Unidad Tributaria que regularmente incrementa \u00a0en el mes de febrero.<\/p>\n<p>\u201cQueremos informar a los Trabajadores que estamos a la expectativa de un nuevo ajuste de la unidad tributaria, que trae como consecuencia el aumento del Cesta Ticket, lo que significa que el poder adquisitivo de los trabajadores ser\u00e1 incrementado nuevamente, lo que trae mejores condiciones desde el punto de vista salarial\u201d.<\/p>\n<p>En otro orden de ideas, Rond\u00f3n sostuvo que los Trabajadores y Trabajadoras rechazan contundentemente las declaraciones del vicepresidente de Colombia, Germ\u00e1n Vargas quien solicit\u00f3 a\u00a0los alcaldes y al gobernador del Norte de Santander no permitir que los venezolanos sean beneficiados de los programas sociales.<\/p>\n<p>\u201cLos Trabajadores y Trabajadoras de Venezuela, rechazamos las declaraciones tristes del Vicepresidente de Colombia y la manera despectiva que se refiri\u00f3 a los venezolanos. Apostamos a la buena voluntad del pueblo colombiano. Tanto Venezuela como Colombia somos pa\u00edses hermanos\u201d.<\/p>\n<p><strong>Fortalecimiento de los CLAP Obreros<\/strong><\/p>\n<p>Roger Jim\u00e9nez, miembro del Comit\u00e9 Ejecutivo de la Federaci\u00f3n Nacional de los Trabajadores del Sector P\u00fablico (Fentrasep), inform\u00f3 que \u201cya hemos conformado el primer CLAP obrero de la administraci\u00f3n p\u00fablica, y de aqu\u00ed en adelante vamos a todos los puestos de trabajo. Si es necesario tambi\u00e9n vamos al sector privado para organizar a los trabajadores para que les llegue su CLAP\u201d.<\/p>\n<p>Jim\u00e9nez expres\u00f3 que la meta que plante\u00f3 el Presidente Obrero Nicol\u00e1s Maduro Moros es llegar a organizar a los trabajadores en los CLAP Obreros hasta alcanzar impactar a un 1 mill\u00f3n. \u201cVamos a organizarnos para cumplir esta meta y los trabajadores tengan su comida\u201d.<\/p>\n<p>Por Carlos Palacios<\/p>\n","protected":false},"excerpt":{"rendered":"<p>Prensa (MPPPST). Franklin Rond\u00f3n, Presidente de \u00a0Federaci\u00f3n Nacional de los Trabajadores del Sector P\u00fablico (Fentrasep), invit\u00f3 &hellip; <a title=\"Invitan a la Clase Obrera a participar en las jornadas del Carnet de la Patria en las Instituciones P\u00fablicas\" class=\"hm-read-more\" href=\"https:\/\/www.mpppst.gob.ve\/mpppstweb\/index.php\/2017\/01\/31\/invitan-a-la-clase-obrera-a-participar-en-las-jornadas-del-carnet-de-la-patria-en-las-instituciones-publicas\/\"><span class=\"screen-reader-text\">Invitan a la Clase Obrera a participar en las jornadas del Carnet de la Patria en las Instituciones P\u00fablicas<\/span>Read more<\/a><\/p>\n","protected":false},"author":25,"featured_media":10405,"comment_status":"closed","ping_status":"closed","sticky":false,"template":"","format":"standard","meta":{"footnotes":""},"categories":[82,163,84],"tags":[348,225,222,242],"yoast_head":"<!-- This site is optimized with the Yoast SEO plugin v22.5 - https:\/\/yoast.com\/wordpress\/plugins\/seo\/ -->\n<title>Invitan a la Clase Obrera a participar en las jornadas del Carnet de la Patria en las Instituciones P\u00fablicas - MPPPST<\/title>\n<meta name=\"robots\" content=\"index, follow, max-snippet:-1, max-image-preview:large, max-video-preview:-1\" \/>\n<link rel=\"canonical\" href=\"https:\/\/www.mpppst.gob.ve\/mpppstweb\/index.php\/2017\/01\/31\/invitan-a-la-clase-obrera-a-participar-en-las-jornadas-del-carnet-de-la-patria-en-las-instituciones-publicas\/\" \/>\n<meta property=\"og:locale\" content=\"es_ES\" \/>\n<meta property=\"og:type\" content=\"article\" \/>\n<meta property=\"og:title\" content=\"Invitan a la Clase Obrera a participar en las jornadas del Carnet de la Patria en las Instituciones P\u00fablicas - MPPPST\" \/>\n<meta property=\"og:description\" content=\"Prensa (MPPPST). Franklin Rond\u00f3n, Presidente de \u00a0Federaci\u00f3n Nacional de los Trabajadores del Sector P\u00fablico (Fentrasep), invit\u00f3 &hellip; Invitan a la Clase Obrera a participar en las jornadas del Carnet de la Patria en las Instituciones P\u00fablicasRead more\" \/>\n<meta property=\"og:url\" content=\"https:\/\/www.mpppst.gob.ve\/mpppstweb\/index.php\/2017\/01\/31\/invitan-a-la-clase-obrera-a-participar-en-las-jornadas-del-carnet-de-la-patria-en-las-instituciones-publicas\/\" \/>\n<meta property=\"og:site_name\" content=\"MPPPST\" \/>\n<meta property=\"article:published_time\" content=\"2017-01-31T19:36:48+00:00\" \/>\n<meta property=\"og:image\" content=\"https:\/\/www.mpppst.gob.ve\/mpppstweb\/wp-content\/uploads\/2017\/01\/IMG_2544.jpg\" \/>\n\t<meta property=\"og:image:width\" content=\"800\" \/>\n\t<meta property=\"og:image:height\" content=\"445\" \/>\n\t<meta property=\"og:image:type\" content=\"image\/jpeg\" \/>\n<meta name=\"author\" content=\"MPPPST Prensa\" \/>\n<meta name=\"twitter:card\" content=\"summary_large_image\" \/>\n<meta name=\"twitter:label1\" content=\"Escrito por\" \/>\n\t<meta name=\"twitter:data1\" content=\"MPPPST Prensa\" \/>\n\t<meta name=\"twitter:label2\" content=\"Tiempo de lectura\" \/>\n\t<meta name=\"twitter:data2\" content=\"2 minutos\" \/>\n<script type=\"application\/ld+json\" class=\"yoast-schema-graph\">{\"@context\":\"https:\/\/schema.org\",\"@graph\":[{\"@type\":\"Article\",\"@id\":\"https:\/\/www.mpppst.gob.ve\/mpppstweb\/index.php\/2017\/01\/31\/invitan-a-la-clase-obrera-a-participar-en-las-jornadas-del-carnet-de-la-patria-en-las-instituciones-publicas\/#article\",\"isPartOf\":{\"@id\":\"https:\/\/www.mpppst.gob.ve\/mpppstweb\/index.php\/2017\/01\/31\/invitan-a-la-clase-obrera-a-participar-en-las-jornadas-del-carnet-de-la-patria-en-las-instituciones-publicas\/\"},\"author\":{\"name\":\"MPPPST Prensa\",\"@id\":\"https:\/\/www.mpppst.gob.ve\/mpppstweb\/#\/schema\/person\/fc187ee8ead412bd4c9304b62f900ea4\"},\"headline\":\"Invitan a la Clase Obrera a participar en las jornadas del Carnet de la Patria en las Instituciones P\u00fablicas\",\"datePublished\":\"2017-01-31T19:36:48+00:00\",\"dateModified\":\"2017-01-31T19:36:48+00:00\",\"mainEntityOfPage\":{\"@id\":\"https:\/\/www.mpppst.gob.ve\/mpppstweb\/index.php\/2017\/01\/31\/invitan-a-la-clase-obrera-a-participar-en-las-jornadas-del-carnet-de-la-patria-en-las-instituciones-publicas\/\"},\"wordCount\":421,\"publisher\":{\"@id\":\"https:\/\/www.mpppst.gob.ve\/mpppstweb\/#organization\"},\"image\":{\"@id\":\"https:\/\/www.mpppst.gob.ve\/mpppstweb\/index.php\/2017\/01\/31\/invitan-a-la-clase-obrera-a-participar-en-las-jornadas-del-carnet-de-la-patria-en-las-instituciones-publicas\/#primaryimage\"},\"thumbnailUrl\":\"https:\/\/www.mpppst.gob.ve\/mpppstweb\/wp-content\/uploads\/2017\/01\/IMG_2544.jpg\",\"keywords\":[\"Carnet de la Patria\",\"Fuerza Laboral\",\"Gobierno Bolivariano\",\"Justa distribuci\u00f3n de la riqueza\"],\"articleSection\":[\"Gobierno Nacional\",\"Noticias\",\"Vida Laboral y Sindical\"],\"inLanguage\":\"es\"},{\"@type\":\"WebPage\",\"@id\":\"https:\/\/www.mpppst.gob.ve\/mpppstweb\/index.php\/2017\/01\/31\/invitan-a-la-clase-obrera-a-participar-en-las-jornadas-del-carnet-de-la-patria-en-las-instituciones-publicas\/\",\"url\":\"https:\/\/www.mpppst.gob.ve\/mpppstweb\/index.php\/2017\/01\/31\/invitan-a-la-clase-obrera-a-participar-en-las-jornadas-del-carnet-de-la-patria-en-las-instituciones-publicas\/\",\"name\":\"Invitan a la Clase Obrera a participar en las jornadas del Carnet de la Patria en las Instituciones P\u00fablicas - MPPPST\",\"isPartOf\":{\"@id\":\"https:\/\/www.mpppst.gob.ve\/mpppstweb\/#website\"},\"primaryImageOfPage\":{\"@id\":\"https:\/\/www.mpppst.gob.ve\/mpppstweb\/index.php\/2017\/01\/31\/invitan-a-la-clase-obrera-a-participar-en-las-jornadas-del-carnet-de-la-patria-en-las-instituciones-publicas\/#primaryimage\"},\"image\":{\"@id\":\"https:\/\/www.mpppst.gob.ve\/mpppstweb\/index.php\/2017\/01\/31\/invitan-a-la-clase-obrera-a-participar-en-las-jornadas-del-carnet-de-la-patria-en-las-instituciones-publicas\/#primaryimage\"},\"thumbnailUrl\":\"https:\/\/www.mpppst.gob.ve\/mpppstweb\/wp-content\/uploads\/2017\/01\/IMG_2544.jpg\",\"datePublished\":\"2017-01-31T19:36:48+00:00\",\"dateModified\":\"2017-01-31T19:36:48+00:00\",\"breadcrumb\":{\"@id\":\"https:\/\/www.mpppst.gob.ve\/mpppstweb\/index.php\/2017\/01\/31\/invitan-a-la-clase-obrera-a-participar-en-las-jornadas-del-carnet-de-la-patria-en-las-instituciones-publicas\/#breadcrumb\"},\"inLanguage\":\"es\",\"potentialAction\":[{\"@type\":\"ReadAction\",\"target\":[\"https:\/\/www.mpppst.gob.ve\/mpppstweb\/index.php\/2017\/01\/31\/invitan-a-la-clase-obrera-a-participar-en-las-jornadas-del-carnet-de-la-patria-en-las-instituciones-publicas\/\"]}]},{\"@type\":\"ImageObject\",\"inLanguage\":\"es\",\"@id\":\"https:\/\/www.mpppst.gob.ve\/mpppstweb\/index.php\/2017\/01\/31\/invitan-a-la-clase-obrera-a-participar-en-las-jornadas-del-carnet-de-la-patria-en-las-instituciones-publicas\/#primaryimage\",\"url\":\"https:\/\/www.mpppst.gob.ve\/mpppstweb\/wp-content\/uploads\/2017\/01\/IMG_2544.jpg\",\"contentUrl\":\"https:\/\/www.mpppst.gob.ve\/mpppstweb\/wp-content\/uploads\/2017\/01\/IMG_2544.jpg\",\"width\":800,\"height\":445},{\"@type\":\"BreadcrumbList\",\"@id\":\"https:\/\/www.mpppst.gob.ve\/mpppstweb\/index.php\/2017\/01\/31\/invitan-a-la-clase-obrera-a-participar-en-las-jornadas-del-carnet-de-la-patria-en-las-instituciones-publicas\/#breadcrumb\",\"itemListElement\":[{\"@type\":\"ListItem\",\"position\":1,\"name\":\"Home\",\"item\":\"https:\/\/www.mpppst.gob.ve\/mpppstweb\/\"},{\"@type\":\"ListItem\",\"position\":2,\"name\":\"Invitan a la Clase Obrera a participar en las jornadas del Carnet de la Patria en las Instituciones P\u00fablicas\"}]},{\"@type\":\"WebSite\",\"@id\":\"https:\/\/www.mpppst.gob.ve\/mpppstweb\/#website\",\"url\":\"https:\/\/www.mpppst.gob.ve\/mpppstweb\/\",\"name\":\"MPPPST\",\"description\":\"Ministerio del Poder Popular para el Proceso Social de Trabajo\",\"publisher\":{\"@id\":\"https:\/\/www.mpppst.gob.ve\/mpppstweb\/#organization\"},\"potentialAction\":[{\"@type\":\"SearchAction\",\"target\":{\"@type\":\"EntryPoint\",\"urlTemplate\":\"https:\/\/www.mpppst.gob.ve\/mpppstweb\/?s={search_term_string}\"},\"query-input\":\"required name=search_term_string\"}],\"inLanguage\":\"es\"},{\"@type\":\"Organization\",\"@id\":\"https:\/\/www.mpppst.gob.ve\/mpppstweb\/#organization\",\"name\":\"mpppst\",\"url\":\"https:\/\/www.mpppst.gob.ve\/mpppstweb\/\",\"logo\":{\"@type\":\"ImageObject\",\"inLanguage\":\"es\",\"@id\":\"https:\/\/www.mpppst.gob.ve\/mpppstweb\/#\/schema\/logo\/image\/\",\"url\":\"https:\/\/www.mpppst.gob.ve\/mpppstweb\/wp-content\/uploads\/2025\/07\/cropped-cropped-g910.png\",\"contentUrl\":\"https:\/\/www.mpppst.gob.ve\/mpppstweb\/wp-content\/uploads\/2025\/07\/cropped-cropped-g910.png\",\"width\":1080,\"height\":241,\"caption\":\"mpppst\"},\"image\":{\"@id\":\"https:\/\/www.mpppst.gob.ve\/mpppstweb\/#\/schema\/logo\/image\/\"}},{\"@type\":\"Person\",\"@id\":\"https:\/\/www.mpppst.gob.ve\/mpppstweb\/#\/schema\/person\/fc187ee8ead412bd4c9304b62f900ea4\",\"name\":\"MPPPST Prensa\",\"url\":\"https:\/\/www.mpppst.gob.ve\/mpppstweb\/index.php\/author\/prensa-mpppst\/\"}]}<\/script>\n<!-- \/ Yoast SEO plugin. -->","yoast_head_json":{"title":"Invitan a la Clase Obrera a participar en las jornadas del Carnet de la Patria en las Instituciones P\u00fablicas - MPPPST","robots":{"index":"index","follow":"follow","max-snippet":"max-snippet:-1","max-image-preview":"max-image-preview:large","max-video-preview":"max-video-preview:-1"},"canonical":"https:\/\/www.mpppst.gob.ve\/mpppstweb\/index.php\/2017\/01\/31\/invitan-a-la-clase-obrera-a-participar-en-las-jornadas-del-carnet-de-la-patria-en-las-instituciones-publicas\/","og_locale":"es_ES","og_type":"article","og_title":"Invitan a la Clase Obrera a participar en las jornadas del Carnet de la Patria en las Instituciones P\u00fablicas - MPPPST","og_description":"Prensa (MPPPST). Franklin Rond\u00f3n, Presidente de \u00a0Federaci\u00f3n Nacional de los Trabajadores del Sector P\u00fablico (Fentrasep), invit\u00f3 &hellip; Invitan a la Clase Obrera a participar en las jornadas del Carnet de la Patria en las Instituciones P\u00fablicasRead more","og_url":"https:\/\/www.mpppst.gob.ve\/mpppstweb\/index.php\/2017\/01\/31\/invitan-a-la-clase-obrera-a-participar-en-las-jornadas-del-carnet-de-la-patria-en-las-instituciones-publicas\/","og_site_name":"MPPPST","article_published_time":"2017-01-31T19:36:48+00:00","og_image":[{"width":800,"height":445,"url":"https:\/\/www.mpppst.gob.ve\/mpppstweb\/wp-content\/uploads\/2017\/01\/IMG_2544.jpg","type":"image\/jpeg"}],"author":"MPPPST Prensa","twitter_card":"summary_large_image","twitter_misc":{"Escrito por":"MPPPST Prensa","Tiempo de lectura":"2 minutos"},"schema":{"@context":"https:\/\/schema.org","@graph":[{"@type":"Article","@id":"https:\/\/www.mpppst.gob.ve\/mpppstweb\/index.php\/2017\/01\/31\/invitan-a-la-clase-obrera-a-participar-en-las-jornadas-del-carnet-de-la-patria-en-las-instituciones-publicas\/#article","isPartOf":{"@id":"https:\/\/www.mpppst.gob.ve\/mpppstweb\/index.php\/2017\/01\/31\/invitan-a-la-clase-obrera-a-participar-en-las-jornadas-del-carnet-de-la-patria-en-las-instituciones-publicas\/"},"author":{"name":"MPPPST Prensa","@id":"https:\/\/www.mpppst.gob.ve\/mpppstweb\/#\/schema\/person\/fc187ee8ead412bd4c9304b62f900ea4"},"headline":"Invitan a la Clase Obrera a participar en las jornadas del Carnet de la Patria en las Instituciones P\u00fablicas","datePublished":"2017-01-31T19:36:48+00:00","dateModified":"2017-01-31T19:36:48+00:00","mainEntityOfPage":{"@id":"https:\/\/www.mpppst.gob.ve\/mpppstweb\/index.php\/2017\/01\/31\/invitan-a-la-clase-obrera-a-participar-en-las-jornadas-del-carnet-de-la-patria-en-las-instituciones-publicas\/"},"wordCount":421,"publisher":{"@id":"https:\/\/www.mpppst.gob.ve\/mpppstweb\/#organization"},"image":{"@id":"https:\/\/www.mpppst.gob.ve\/mpppstweb\/index.php\/2017\/01\/31\/invitan-a-la-clase-obrera-a-participar-en-las-jornadas-del-carnet-de-la-patria-en-las-instituciones-publicas\/#primaryimage"},"thumbnailUrl":"https:\/\/www.mpppst.gob.ve\/mpppstweb\/wp-content\/uploads\/2017\/01\/IMG_2544.jpg","keywords":["Carnet de la Patria","Fuerza Laboral","Gobierno Bolivariano","Justa distribuci\u00f3n de la riqueza"],"articleSection":["Gobierno Nacional","Noticias","Vida Laboral y Sindical"],"inLanguage":"es"},{"@type":"WebPage","@id":"https:\/\/www.mpppst.gob.ve\/mpppstweb\/index.php\/2017\/01\/31\/invitan-a-la-clase-obrera-a-participar-en-las-jornadas-del-carnet-de-la-patria-en-las-instituciones-publicas\/","url":"https:\/\/www.mpppst.gob.ve\/mpppstweb\/index.php\/2017\/01\/31\/invitan-a-la-clase-obrera-a-participar-en-las-jornadas-del-carnet-de-la-patria-en-las-instituciones-publicas\/","name":"Invitan a la Clase Obrera a participar en las jornadas del Carnet de la Patria en las Instituciones P\u00fablicas - MPPPST","isPartOf":{"@id":"https:\/\/www.mpppst.gob.ve\/mpppstweb\/#website"},"primaryImageOfPage":{"@id":"https:\/\/www.mpppst.gob.ve\/mpppstweb\/index.php\/2017\/01\/31\/invitan-a-la-clase-obrera-a-participar-en-las-jornadas-del-carnet-de-la-patria-en-las-instituciones-publicas\/#primaryimage"},"image":{"@id":"https:\/\/www.mpppst.gob.ve\/mpppstweb\/index.php\/2017\/01\/31\/invitan-a-la-clase-obrera-a-participar-en-las-jornadas-del-carnet-de-la-patria-en-las-instituciones-publicas\/#primaryimage"},"thumbnailUrl":"https:\/\/www.mpppst.gob.ve\/mpppstweb\/wp-content\/uploads\/2017\/01\/IMG_2544.jpg","datePublished":"2017-01-31T19:36:48+00:00","dateModified":"2017-01-31T19:36:48+00:00","breadcrumb":{"@id":"https:\/\/www.mpppst.gob.ve\/mpppstweb\/index.php\/2017\/01\/31\/invitan-a-la-clase-obrera-a-participar-en-las-jornadas-del-carnet-de-la-patria-en-las-instituciones-publicas\/#breadcrumb"},"inLanguage":"es","potentialAction":[{"@type":"ReadAction","target":["https:\/\/www.mpppst.gob.ve\/mpppstweb\/index.php\/2017\/01\/31\/invitan-a-la-clase-obrera-a-participar-en-las-jornadas-del-carnet-de-la-patria-en-las-instituciones-publicas\/"]}]},{"@type":"ImageObject","inLanguage":"es","@id":"https:\/\/www.mpppst.gob.ve\/mpppstweb\/index.php\/2017\/01\/31\/invitan-a-la-clase-obrera-a-participar-en-las-jornadas-del-carnet-de-la-patria-en-las-instituciones-publicas\/#primaryimage","url":"https:\/\/www.mpppst.gob.ve\/mpppstweb\/wp-content\/uploads\/2017\/01\/IMG_2544.jpg","contentUrl":"https:\/\/www.mpppst.gob.ve\/mpppstweb\/wp-content\/uploads\/2017\/01\/IMG_2544.jpg","width":800,"height":445},{"@type":"BreadcrumbList","@id":"https:\/\/www.mpppst.gob.ve\/mpppstweb\/index.php\/2017\/01\/31\/invitan-a-la-clase-obrera-a-participar-en-las-jornadas-del-carnet-de-la-patria-en-las-instituciones-publicas\/#breadcrumb","itemListElement":[{"@type":"ListItem","position":1,"name":"Home","item":"https:\/\/www.mpppst.gob.ve\/mpppstweb\/"},{"@type":"ListItem","position":2,"name":"Invitan a la Clase Obrera a participar en las jornadas del Carnet de la Patria en las Instituciones P\u00fablicas"}]},{"@type":"WebSite","@id":"https:\/\/www.mpppst.gob.ve\/mpppstweb\/#website","url":"https:\/\/www.mpppst.gob.ve\/mpppstweb\/","name":"MPPPST","description":"Ministerio del Poder Popular para el Proceso Social de Trabajo","publisher":{"@id":"https:\/\/www.mpppst.gob.ve\/mpppstweb\/#organization"},"potentialAction":[{"@type":"SearchAction","target":{"@type":"EntryPoint","urlTemplate":"https:\/\/www.mpppst.gob.ve\/mpppstweb\/?s={search_term_string}"},"query-input":"required name=search_term_string"}],"inLanguage":"es"},{"@type":"Organization","@id":"https:\/\/www.mpppst.gob.ve\/mpppstweb\/#organization","name":"mpppst","url":"https:\/\/www.mpppst.gob.ve\/mpppstweb\/","logo":{"@type":"ImageObject","inLanguage":"es","@id":"https:\/\/www.mpppst.gob.ve\/mpppstweb\/#\/schema\/logo\/image\/","url":"https:\/\/www.mpppst.gob.ve\/mpppstweb\/wp-content\/uploads\/2025\/07\/cropped-cropped-g910.png","contentUrl":"https:\/\/www.mpppst.gob.ve\/mpppstweb\/wp-content\/uploads\/2025\/07\/cropped-cropped-g910.png","width":1080,"height":241,"caption":"mpppst"},"image":{"@id":"https:\/\/www.mpppst.gob.ve\/mpppstweb\/#\/schema\/logo\/image\/"}},{"@type":"Person","@id":"https:\/\/www.mpppst.gob.ve\/mpppstweb\/#\/schema\/person\/fc187ee8ead412bd4c9304b62f900ea4","name":"MPPPST Prensa","url":"https:\/\/www.mpppst.gob.ve\/mpppstweb\/index.php\/author\/prensa-mpppst\/"}]}},"_links":{"self":[{"href":"https:\/\/www.mpppst.gob.ve\/mpppstweb\/index.php\/wp-json\/wp\/v2\/posts\/10404"}],"collection":[{"href":"https:\/\/www.mpppst.gob.ve\/mpppstweb\/index.php\/wp-json\/wp\/v2\/posts"}],"about":[{"href":"https:\/\/www.mpppst.gob.ve\/mpppstweb\/index.php\/wp-json\/wp\/v2\/types\/post"}],"author":[{"embeddable":true,"href":"https:\/\/www.mpppst.gob.ve\/mpppstweb\/index.php\/wp-json\/wp\/v2\/users\/25"}],"replies":[{"embeddable":true,"href":"https:\/\/www.mpppst.gob.ve\/mpppstweb\/index.php\/wp-json\/wp\/v2\/comments?post=10404"}],"version-history":[{"count":1,"href":"https:\/\/www.mpppst.gob.ve\/mpppstweb\/index.php\/wp-json\/wp\/v2\/posts\/10404\/revisions"}],"predecessor-version":[{"id":10406,"href":"https:\/\/www.mpppst.gob.ve\/mpppstweb\/index.php\/wp-json\/wp\/v2\/posts\/10404\/revisions\/10406"}],"wp:featuredmedia":[{"embeddable":true,"href":"https:\/\/www.mpppst.gob.ve\/mpppstweb\/index.php\/wp-json\/wp\/v2\/media\/10405"}],"wp:attachment":[{"href":"https:\/\/www.mpppst.gob.ve\/mpppstweb\/index.php\/wp-json\/wp\/v2\/media?parent=10404"}],"wp:term":[{"taxonomy":"category","embeddable":true,"href":"https:\/\/www.mpppst.gob.ve\/mpppstweb\/index.php\/wp-json\/wp\/v2\/categories?post=10404"},{"taxonomy":"post_tag","embeddable":true,"href":"https:\/\/www.mpppst.gob.ve\/mpppstweb\/index.php\/wp-json\/wp\/v2\/tags?post=10404"}],"curies":[{"name":"wp","href":"https:\/\/api.w.org\/{rel}","templated":true}]}}