{"id":10410,"date":"2017-01-31T23:29:58","date_gmt":"2017-01-31T23:29:58","guid":{"rendered":"http:\/\/www.mpppst.gob.ve\/mpppstweb\/?p=10410"},"modified":"2017-01-31T23:29:58","modified_gmt":"2017-01-31T23:29:58","slug":"cinco-lineas-de-accion-consolidaran-la-transformacion-social-impulsada-por-la-revolucion","status":"publish","type":"post","link":"https:\/\/www.mpppst.gob.ve\/mpppstweb\/index.php\/2017\/01\/31\/cinco-lineas-de-accion-consolidaran-la-transformacion-social-impulsada-por-la-revolucion\/","title":{"rendered":"Cinco l\u00edneas de acci\u00f3n consolidar\u00e1n la transformaci\u00f3n social impulsada por la Revoluci\u00f3n"},"content":{"rendered":"<p>AVN.- El ejecutivo nacional desarrollar\u00e1 cinco lineas de acci\u00f3n para consolidar el proceso de transformaci\u00f3n social impulsado por la Revoluci\u00f3n Bolivariana.<\/p>\n<p>\u00abHemos activado cinco l\u00edneas, que hemos revisado puntualmente su desarrollo durante el primer mes de 2017, \u00a0y que se proyecta su despliegue\u00a0hacia febrero, marzo y abril \u00ab, dijo el presidente de la Rep\u00fablica, Nicol\u00e1s Maduro, en transmisi\u00f3n conjunta de radio y televisi\u00f3n desde el Consejo de Ministros n\u00famero 250, realizado en el sal\u00f3n N\u00e9stor Kirchner del Palacio de Miraflores.<\/p>\n<p>El jefe de Estado, precis\u00f3 que las cinco l\u00edneas de acci\u00f3n son: la econ\u00f3mica, los cuadrantes de paz, el carnet de la patria, el plan de obras p\u00fablicas y la organizaci\u00f3n de un nuevo Poder Popular.<\/p>\n<p>La l\u00ednea econ\u00f3mica est\u00e1 orientada a la recuperaci\u00f3n productiva del pa\u00eds, \u00a0de la mano de la Agenda Econ\u00f3mica Bolivariana (AEB) y sus 15 motores, as\u00ed como de la Gran Misi\u00f3n Abastecimiento Soberano y la expansi\u00f3n de los Comit\u00e9s Locales de Abastecimiento (Clap).<\/p>\n<p>En ese sentido, el presidente Nicol\u00e1s Maduro, anunci\u00f3 que durante el mes de febrero comenzar\u00e1 a funcionar el sistema de tiendas de los Clap.<\/p>\n<p>La segunda l\u00ednea de acci\u00f3n se refiere al impulso de los cuadrantes de paz y la seguridad. A prop\u00f3sito de ello, el jefe de estado anunci\u00f3 que a partir del 15 de febrero comenzar\u00e1 el curso de formaci\u00f3n para los 10.000 nuevos funcionarios de la Polic\u00eda Nacional Bolivariana (PNB).<\/p>\n<p>La tercera l\u00ednea es el Carnet de la Patria, cuyo proceso de registro se llevar\u00e1 entre el jueves y domingo, a partir de esta semana.<\/p>\n<p>El jefe de Estado destac\u00f3 que se triplicar\u00e1n el n\u00famero de puntos de carnetizaci\u00f3n ubicados en todo el pa\u00eds.<\/p>\n<p>Como cuarta l\u00ednea est\u00e1 el Plan de Inversi\u00f3n de Obras P\u00fablicas que arrancar\u00e1 este mes de febrero \u00abpara ir a las obras p\u00fablicas que se quedaron congeladas producto de la guerra econ\u00f3mica\u00bb, detall\u00f3 el presidente.<\/p>\n<p>La \u00faltima li\u00ednea de acci\u00f3n es el fortalecimiento del Poder Popular, con el objetivo renovarlo, reimpulsarlo y expandirlo.<\/p>\n","protected":false},"excerpt":{"rendered":"<p>AVN.- El ejecutivo nacional desarrollar\u00e1 cinco lineas de acci\u00f3n para consolidar el proceso de transformaci\u00f3n social &hellip; <a title=\"Cinco l\u00edneas de acci\u00f3n consolidar\u00e1n la transformaci\u00f3n social impulsada por la Revoluci\u00f3n\" class=\"hm-read-more\" href=\"https:\/\/www.mpppst.gob.ve\/mpppstweb\/index.php\/2017\/01\/31\/cinco-lineas-de-accion-consolidaran-la-transformacion-social-impulsada-por-la-revolucion\/\"><span class=\"screen-reader-text\">Cinco l\u00edneas de acci\u00f3n consolidar\u00e1n la transformaci\u00f3n social impulsada por la Revoluci\u00f3n<\/span>Read more<\/a><\/p>\n","protected":false},"author":25,"featured_media":10411,"comment_status":"closed","ping_status":"closed","sticky":false,"template":"","format":"standard","meta":{"footnotes":""},"categories":[82,163],"tags":[222],"yoast_head":"<!-- This site is optimized with the Yoast SEO plugin v22.5 - https:\/\/yoast.com\/wordpress\/plugins\/seo\/ -->\n<title>Cinco l\u00edneas de acci\u00f3n consolidar\u00e1n la transformaci\u00f3n social impulsada por la Revoluci\u00f3n - MPPPST<\/title>\n<meta name=\"robots\" content=\"index, follow, max-snippet:-1, max-image-preview:large, max-video-preview:-1\" \/>\n<link rel=\"canonical\" href=\"https:\/\/www.mpppst.gob.ve\/mpppstweb\/index.php\/2017\/01\/31\/cinco-lineas-de-accion-consolidaran-la-transformacion-social-impulsada-por-la-revolucion\/\" \/>\n<meta property=\"og:locale\" content=\"es_ES\" \/>\n<meta property=\"og:type\" content=\"article\" \/>\n<meta property=\"og:title\" content=\"Cinco l\u00edneas de acci\u00f3n consolidar\u00e1n la transformaci\u00f3n social impulsada por la Revoluci\u00f3n - MPPPST\" \/>\n<meta property=\"og:description\" content=\"AVN.- El ejecutivo nacional desarrollar\u00e1 cinco lineas de acci\u00f3n para consolidar el proceso de transformaci\u00f3n social &hellip; Cinco l\u00edneas de acci\u00f3n consolidar\u00e1n la transformaci\u00f3n social impulsada por la Revoluci\u00f3nRead more\" \/>\n<meta property=\"og:url\" content=\"https:\/\/www.mpppst.gob.ve\/mpppstweb\/index.php\/2017\/01\/31\/cinco-lineas-de-accion-consolidaran-la-transformacion-social-impulsada-por-la-revolucion\/\" \/>\n<meta property=\"og:site_name\" content=\"MPPPST\" \/>\n<meta property=\"article:published_time\" content=\"2017-01-31T23:29:58+00:00\" \/>\n<meta property=\"og:image\" content=\"https:\/\/www.mpppst.gob.ve\/mpppstweb\/wp-content\/uploads\/2017\/01\/nico-consejo-ministros.jpg\" \/>\n\t<meta property=\"og:image:width\" content=\"800\" \/>\n\t<meta property=\"og:image:height\" content=\"445\" \/>\n\t<meta property=\"og:image:type\" content=\"image\/jpeg\" \/>\n<meta name=\"author\" content=\"MPPPST Prensa\" \/>\n<meta name=\"twitter:card\" content=\"summary_large_image\" \/>\n<meta name=\"twitter:label1\" content=\"Escrito por\" \/>\n\t<meta name=\"twitter:data1\" content=\"MPPPST Prensa\" \/>\n\t<meta name=\"twitter:label2\" content=\"Tiempo de lectura\" \/>\n\t<meta name=\"twitter:data2\" content=\"2 minutos\" \/>\n<script type=\"application\/ld+json\" class=\"yoast-schema-graph\">{\"@context\":\"https:\/\/schema.org\",\"@graph\":[{\"@type\":\"Article\",\"@id\":\"https:\/\/www.mpppst.gob.ve\/mpppstweb\/index.php\/2017\/01\/31\/cinco-lineas-de-accion-consolidaran-la-transformacion-social-impulsada-por-la-revolucion\/#article\",\"isPartOf\":{\"@id\":\"https:\/\/www.mpppst.gob.ve\/mpppstweb\/index.php\/2017\/01\/31\/cinco-lineas-de-accion-consolidaran-la-transformacion-social-impulsada-por-la-revolucion\/\"},\"author\":{\"name\":\"MPPPST Prensa\",\"@id\":\"https:\/\/www.mpppst.gob.ve\/mpppstweb\/#\/schema\/person\/fc187ee8ead412bd4c9304b62f900ea4\"},\"headline\":\"Cinco l\u00edneas de acci\u00f3n consolidar\u00e1n la transformaci\u00f3n social impulsada por la Revoluci\u00f3n\",\"datePublished\":\"2017-01-31T23:29:58+00:00\",\"dateModified\":\"2017-01-31T23:29:58+00:00\",\"mainEntityOfPage\":{\"@id\":\"https:\/\/www.mpppst.gob.ve\/mpppstweb\/index.php\/2017\/01\/31\/cinco-lineas-de-accion-consolidaran-la-transformacion-social-impulsada-por-la-revolucion\/\"},\"wordCount\":383,\"publisher\":{\"@id\":\"https:\/\/www.mpppst.gob.ve\/mpppstweb\/#organization\"},\"image\":{\"@id\":\"https:\/\/www.mpppst.gob.ve\/mpppstweb\/index.php\/2017\/01\/31\/cinco-lineas-de-accion-consolidaran-la-transformacion-social-impulsada-por-la-revolucion\/#primaryimage\"},\"thumbnailUrl\":\"https:\/\/www.mpppst.gob.ve\/mpppstweb\/wp-content\/uploads\/2017\/01\/nico-consejo-ministros.jpg\",\"keywords\":[\"Gobierno Bolivariano\"],\"articleSection\":[\"Gobierno Nacional\",\"Noticias\"],\"inLanguage\":\"es\"},{\"@type\":\"WebPage\",\"@id\":\"https:\/\/www.mpppst.gob.ve\/mpppstweb\/index.php\/2017\/01\/31\/cinco-lineas-de-accion-consolidaran-la-transformacion-social-impulsada-por-la-revolucion\/\",\"url\":\"https:\/\/www.mpppst.gob.ve\/mpppstweb\/index.php\/2017\/01\/31\/cinco-lineas-de-accion-consolidaran-la-transformacion-social-impulsada-por-la-revolucion\/\",\"name\":\"Cinco l\u00edneas de acci\u00f3n consolidar\u00e1n la transformaci\u00f3n social impulsada por la Revoluci\u00f3n - MPPPST\",\"isPartOf\":{\"@id\":\"https:\/\/www.mpppst.gob.ve\/mpppstweb\/#website\"},\"primaryImageOfPage\":{\"@id\":\"https:\/\/www.mpppst.gob.ve\/mpppstweb\/index.php\/2017\/01\/31\/cinco-lineas-de-accion-consolidaran-la-transformacion-social-impulsada-por-la-revolucion\/#primaryimage\"},\"image\":{\"@id\":\"https:\/\/www.mpppst.gob.ve\/mpppstweb\/index.php\/2017\/01\/31\/cinco-lineas-de-accion-consolidaran-la-transformacion-social-impulsada-por-la-revolucion\/#primaryimage\"},\"thumbnailUrl\":\"https:\/\/www.mpppst.gob.ve\/mpppstweb\/wp-content\/uploads\/2017\/01\/nico-consejo-ministros.jpg\",\"datePublished\":\"2017-01-31T23:29:58+00:00\",\"dateModified\":\"2017-01-31T23:29:58+00:00\",\"breadcrumb\":{\"@id\":\"https:\/\/www.mpppst.gob.ve\/mpppstweb\/index.php\/2017\/01\/31\/cinco-lineas-de-accion-consolidaran-la-transformacion-social-impulsada-por-la-revolucion\/#breadcrumb\"},\"inLanguage\":\"es\",\"potentialAction\":[{\"@type\":\"ReadAction\",\"target\":[\"https:\/\/www.mpppst.gob.ve\/mpppstweb\/index.php\/2017\/01\/31\/cinco-lineas-de-accion-consolidaran-la-transformacion-social-impulsada-por-la-revolucion\/\"]}]},{\"@type\":\"ImageObject\",\"inLanguage\":\"es\",\"@id\":\"https:\/\/www.mpppst.gob.ve\/mpppstweb\/index.php\/2017\/01\/31\/cinco-lineas-de-accion-consolidaran-la-transformacion-social-impulsada-por-la-revolucion\/#primaryimage\",\"url\":\"https:\/\/www.mpppst.gob.ve\/mpppstweb\/wp-content\/uploads\/2017\/01\/nico-consejo-ministros.jpg\",\"contentUrl\":\"https:\/\/www.mpppst.gob.ve\/mpppstweb\/wp-content\/uploads\/2017\/01\/nico-consejo-ministros.jpg\",\"width\":800,\"height\":445},{\"@type\":\"BreadcrumbList\",\"@id\":\"https:\/\/www.mpppst.gob.ve\/mpppstweb\/index.php\/2017\/01\/31\/cinco-lineas-de-accion-consolidaran-la-transformacion-social-impulsada-por-la-revolucion\/#breadcrumb\",\"itemListElement\":[{\"@type\":\"ListItem\",\"position\":1,\"name\":\"Home\",\"item\":\"https:\/\/www.mpppst.gob.ve\/mpppstweb\/\"},{\"@type\":\"ListItem\",\"position\":2,\"name\":\"Cinco l\u00edneas de acci\u00f3n consolidar\u00e1n la transformaci\u00f3n social impulsada por la Revoluci\u00f3n\"}]},{\"@type\":\"WebSite\",\"@id\":\"https:\/\/www.mpppst.gob.ve\/mpppstweb\/#website\",\"url\":\"https:\/\/www.mpppst.gob.ve\/mpppstweb\/\",\"name\":\"MPPPST\",\"description\":\"Ministerio del Poder Popular para el Proceso Social de Trabajo\",\"publisher\":{\"@id\":\"https:\/\/www.mpppst.gob.ve\/mpppstweb\/#organization\"},\"potentialAction\":[{\"@type\":\"SearchAction\",\"target\":{\"@type\":\"EntryPoint\",\"urlTemplate\":\"https:\/\/www.mpppst.gob.ve\/mpppstweb\/?s={search_term_string}\"},\"query-input\":\"required name=search_term_string\"}],\"inLanguage\":\"es\"},{\"@type\":\"Organization\",\"@id\":\"https:\/\/www.mpppst.gob.ve\/mpppstweb\/#organization\",\"name\":\"mpppst\",\"url\":\"https:\/\/www.mpppst.gob.ve\/mpppstweb\/\",\"logo\":{\"@type\":\"ImageObject\",\"inLanguage\":\"es\",\"@id\":\"https:\/\/www.mpppst.gob.ve\/mpppstweb\/#\/schema\/logo\/image\/\",\"url\":\"https:\/\/www.mpppst.gob.ve\/mpppstweb\/wp-content\/uploads\/2025\/07\/cropped-cropped-g910.png\",\"contentUrl\":\"https:\/\/www.mpppst.gob.ve\/mpppstweb\/wp-content\/uploads\/2025\/07\/cropped-cropped-g910.png\",\"width\":1080,\"height\":241,\"caption\":\"mpppst\"},\"image\":{\"@id\":\"https:\/\/www.mpppst.gob.ve\/mpppstweb\/#\/schema\/logo\/image\/\"}},{\"@type\":\"Person\",\"@id\":\"https:\/\/www.mpppst.gob.ve\/mpppstweb\/#\/schema\/person\/fc187ee8ead412bd4c9304b62f900ea4\",\"name\":\"MPPPST Prensa\",\"url\":\"https:\/\/www.mpppst.gob.ve\/mpppstweb\/index.php\/author\/prensa-mpppst\/\"}]}<\/script>\n<!-- \/ Yoast SEO plugin. -->","yoast_head_json":{"title":"Cinco l\u00edneas de acci\u00f3n consolidar\u00e1n la transformaci\u00f3n social impulsada por la Revoluci\u00f3n - MPPPST","robots":{"index":"index","follow":"follow","max-snippet":"max-snippet:-1","max-image-preview":"max-image-preview:large","max-video-preview":"max-video-preview:-1"},"canonical":"https:\/\/www.mpppst.gob.ve\/mpppstweb\/index.php\/2017\/01\/31\/cinco-lineas-de-accion-consolidaran-la-transformacion-social-impulsada-por-la-revolucion\/","og_locale":"es_ES","og_type":"article","og_title":"Cinco l\u00edneas de acci\u00f3n consolidar\u00e1n la transformaci\u00f3n social impulsada por la Revoluci\u00f3n - MPPPST","og_description":"AVN.- El ejecutivo nacional desarrollar\u00e1 cinco lineas de acci\u00f3n para consolidar el proceso de transformaci\u00f3n social &hellip; Cinco l\u00edneas de acci\u00f3n consolidar\u00e1n la transformaci\u00f3n social impulsada por la Revoluci\u00f3nRead more","og_url":"https:\/\/www.mpppst.gob.ve\/mpppstweb\/index.php\/2017\/01\/31\/cinco-lineas-de-accion-consolidaran-la-transformacion-social-impulsada-por-la-revolucion\/","og_site_name":"MPPPST","article_published_time":"2017-01-31T23:29:58+00:00","og_image":[{"width":800,"height":445,"url":"https:\/\/www.mpppst.gob.ve\/mpppstweb\/wp-content\/uploads\/2017\/01\/nico-consejo-ministros.jpg","type":"image\/jpeg"}],"author":"MPPPST Prensa","twitter_card":"summary_large_image","twitter_misc":{"Escrito por":"MPPPST Prensa","Tiempo de lectura":"2 minutos"},"schema":{"@context":"https:\/\/schema.org","@graph":[{"@type":"Article","@id":"https:\/\/www.mpppst.gob.ve\/mpppstweb\/index.php\/2017\/01\/31\/cinco-lineas-de-accion-consolidaran-la-transformacion-social-impulsada-por-la-revolucion\/#article","isPartOf":{"@id":"https:\/\/www.mpppst.gob.ve\/mpppstweb\/index.php\/2017\/01\/31\/cinco-lineas-de-accion-consolidaran-la-transformacion-social-impulsada-por-la-revolucion\/"},"author":{"name":"MPPPST Prensa","@id":"https:\/\/www.mpppst.gob.ve\/mpppstweb\/#\/schema\/person\/fc187ee8ead412bd4c9304b62f900ea4"},"headline":"Cinco l\u00edneas de acci\u00f3n consolidar\u00e1n la transformaci\u00f3n social impulsada por la Revoluci\u00f3n","datePublished":"2017-01-31T23:29:58+00:00","dateModified":"2017-01-31T23:29:58+00:00","mainEntityOfPage":{"@id":"https:\/\/www.mpppst.gob.ve\/mpppstweb\/index.php\/2017\/01\/31\/cinco-lineas-de-accion-consolidaran-la-transformacion-social-impulsada-por-la-revolucion\/"},"wordCount":383,"publisher":{"@id":"https:\/\/www.mpppst.gob.ve\/mpppstweb\/#organization"},"image":{"@id":"https:\/\/www.mpppst.gob.ve\/mpppstweb\/index.php\/2017\/01\/31\/cinco-lineas-de-accion-consolidaran-la-transformacion-social-impulsada-por-la-revolucion\/#primaryimage"},"thumbnailUrl":"https:\/\/www.mpppst.gob.ve\/mpppstweb\/wp-content\/uploads\/2017\/01\/nico-consejo-ministros.jpg","keywords":["Gobierno Bolivariano"],"articleSection":["Gobierno Nacional","Noticias"],"inLanguage":"es"},{"@type":"WebPage","@id":"https:\/\/www.mpppst.gob.ve\/mpppstweb\/index.php\/2017\/01\/31\/cinco-lineas-de-accion-consolidaran-la-transformacion-social-impulsada-por-la-revolucion\/","url":"https:\/\/www.mpppst.gob.ve\/mpppstweb\/index.php\/2017\/01\/31\/cinco-lineas-de-accion-consolidaran-la-transformacion-social-impulsada-por-la-revolucion\/","name":"Cinco l\u00edneas de acci\u00f3n consolidar\u00e1n la transformaci\u00f3n social impulsada por la Revoluci\u00f3n - MPPPST","isPartOf":{"@id":"https:\/\/www.mpppst.gob.ve\/mpppstweb\/#website"},"primaryImageOfPage":{"@id":"https:\/\/www.mpppst.gob.ve\/mpppstweb\/index.php\/2017\/01\/31\/cinco-lineas-de-accion-consolidaran-la-transformacion-social-impulsada-por-la-revolucion\/#primaryimage"},"image":{"@id":"https:\/\/www.mpppst.gob.ve\/mpppstweb\/index.php\/2017\/01\/31\/cinco-lineas-de-accion-consolidaran-la-transformacion-social-impulsada-por-la-revolucion\/#primaryimage"},"thumbnailUrl":"https:\/\/www.mpppst.gob.ve\/mpppstweb\/wp-content\/uploads\/2017\/01\/nico-consejo-ministros.jpg","datePublished":"2017-01-31T23:29:58+00:00","dateModified":"2017-01-31T23:29:58+00:00","breadcrumb":{"@id":"https:\/\/www.mpppst.gob.ve\/mpppstweb\/index.php\/2017\/01\/31\/cinco-lineas-de-accion-consolidaran-la-transformacion-social-impulsada-por-la-revolucion\/#breadcrumb"},"inLanguage":"es","potentialAction":[{"@type":"ReadAction","target":["https:\/\/www.mpppst.gob.ve\/mpppstweb\/index.php\/2017\/01\/31\/cinco-lineas-de-accion-consolidaran-la-transformacion-social-impulsada-por-la-revolucion\/"]}]},{"@type":"ImageObject","inLanguage":"es","@id":"https:\/\/www.mpppst.gob.ve\/mpppstweb\/index.php\/2017\/01\/31\/cinco-lineas-de-accion-consolidaran-la-transformacion-social-impulsada-por-la-revolucion\/#primaryimage","url":"https:\/\/www.mpppst.gob.ve\/mpppstweb\/wp-content\/uploads\/2017\/01\/nico-consejo-ministros.jpg","contentUrl":"https:\/\/www.mpppst.gob.ve\/mpppstweb\/wp-content\/uploads\/2017\/01\/nico-consejo-ministros.jpg","width":800,"height":445},{"@type":"BreadcrumbList","@id":"https:\/\/www.mpppst.gob.ve\/mpppstweb\/index.php\/2017\/01\/31\/cinco-lineas-de-accion-consolidaran-la-transformacion-social-impulsada-por-la-revolucion\/#breadcrumb","itemListElement":[{"@type":"ListItem","position":1,"name":"Home","item":"https:\/\/www.mpppst.gob.ve\/mpppstweb\/"},{"@type":"ListItem","position":2,"name":"Cinco l\u00edneas de acci\u00f3n consolidar\u00e1n la transformaci\u00f3n social impulsada por la Revoluci\u00f3n"}]},{"@type":"WebSite","@id":"https:\/\/www.mpppst.gob.ve\/mpppstweb\/#website","url":"https:\/\/www.mpppst.gob.ve\/mpppstweb\/","name":"MPPPST","description":"Ministerio del Poder Popular para el Proceso Social de Trabajo","publisher":{"@id":"https:\/\/www.mpppst.gob.ve\/mpppstweb\/#organization"},"potentialAction":[{"@type":"SearchAction","target":{"@type":"EntryPoint","urlTemplate":"https:\/\/www.mpppst.gob.ve\/mpppstweb\/?s={search_term_string}"},"query-input":"required name=search_term_string"}],"inLanguage":"es"},{"@type":"Organization","@id":"https:\/\/www.mpppst.gob.ve\/mpppstweb\/#organization","name":"mpppst","url":"https:\/\/www.mpppst.gob.ve\/mpppstweb\/","logo":{"@type":"ImageObject","inLanguage":"es","@id":"https:\/\/www.mpppst.gob.ve\/mpppstweb\/#\/schema\/logo\/image\/","url":"https:\/\/www.mpppst.gob.ve\/mpppstweb\/wp-content\/uploads\/2025\/07\/cropped-cropped-g910.png","contentUrl":"https:\/\/www.mpppst.gob.ve\/mpppstweb\/wp-content\/uploads\/2025\/07\/cropped-cropped-g910.png","width":1080,"height":241,"caption":"mpppst"},"image":{"@id":"https:\/\/www.mpppst.gob.ve\/mpppstweb\/#\/schema\/logo\/image\/"}},{"@type":"Person","@id":"https:\/\/www.mpppst.gob.ve\/mpppstweb\/#\/schema\/person\/fc187ee8ead412bd4c9304b62f900ea4","name":"MPPPST Prensa","url":"https:\/\/www.mpppst.gob.ve\/mpppstweb\/index.php\/author\/prensa-mpppst\/"}]}},"_links":{"self":[{"href":"https:\/\/www.mpppst.gob.ve\/mpppstweb\/index.php\/wp-json\/wp\/v2\/posts\/10410"}],"collection":[{"href":"https:\/\/www.mpppst.gob.ve\/mpppstweb\/index.php\/wp-json\/wp\/v2\/posts"}],"about":[{"href":"https:\/\/www.mpppst.gob.ve\/mpppstweb\/index.php\/wp-json\/wp\/v2\/types\/post"}],"author":[{"embeddable":true,"href":"https:\/\/www.mpppst.gob.ve\/mpppstweb\/index.php\/wp-json\/wp\/v2\/users\/25"}],"replies":[{"embeddable":true,"href":"https:\/\/www.mpppst.gob.ve\/mpppstweb\/index.php\/wp-json\/wp\/v2\/comments?post=10410"}],"version-history":[{"count":1,"href":"https:\/\/www.mpppst.gob.ve\/mpppstweb\/index.php\/wp-json\/wp\/v2\/posts\/10410\/revisions"}],"predecessor-version":[{"id":10412,"href":"https:\/\/www.mpppst.gob.ve\/mpppstweb\/index.php\/wp-json\/wp\/v2\/posts\/10410\/revisions\/10412"}],"wp:featuredmedia":[{"embeddable":true,"href":"https:\/\/www.mpppst.gob.ve\/mpppstweb\/index.php\/wp-json\/wp\/v2\/media\/10411"}],"wp:attachment":[{"href":"https:\/\/www.mpppst.gob.ve\/mpppstweb\/index.php\/wp-json\/wp\/v2\/media?parent=10410"}],"wp:term":[{"taxonomy":"category","embeddable":true,"href":"https:\/\/www.mpppst.gob.ve\/mpppstweb\/index.php\/wp-json\/wp\/v2\/categories?post=10410"},{"taxonomy":"post_tag","embeddable":true,"href":"https:\/\/www.mpppst.gob.ve\/mpppstweb\/index.php\/wp-json\/wp\/v2\/tags?post=10410"}],"curies":[{"name":"wp","href":"https:\/\/api.w.org\/{rel}","templated":true}]}}