{"id":10413,"date":"2017-02-01T21:02:52","date_gmt":"2017-02-01T21:02:52","guid":{"rendered":"http:\/\/www.mpppst.gob.ve\/mpppstweb\/?p=10413"},"modified":"2017-02-01T21:07:33","modified_gmt":"2017-02-01T21:07:33","slug":"maduro-el-pueblo-esta-preparado-para-seguir-el-camino-de-sus-heroes-y-seguir-victorioso-avn","status":"publish","type":"post","link":"https:\/\/www.mpppst.gob.ve\/mpppstweb\/index.php\/2017\/02\/01\/maduro-el-pueblo-esta-preparado-para-seguir-el-camino-de-sus-heroes-y-seguir-victorioso-avn\/","title":{"rendered":"Maduro: El pueblo est\u00e1 preparado para seguir el camino de sus h\u00e9roes y seguir victorioso"},"content":{"rendered":"<p>El presidente de la Rep\u00fablica, Nicol\u00e1s Maduro, llam\u00f3 este mi\u00e9rcoles a seguir el ejemplo del general de pueblo, Ezequiel Zamora, para defender la soberan\u00eda y dignidad de la Patria, y construir en conjunto un nuevo modelo econ\u00f3mico justo, eficiente, diversificado, y pr\u00f3spero.<\/p>\n<p>\u00abEstamos hechos de una madera especial de un esp\u00edritu especial y somos capaces de todo cuando se trata de defender esta tierra y la dignidad de un pueblo (&#8230;) este pueblo est\u00e1 preparado para seguir su camino, el camino de (Sim\u00f3n) Bol\u00edvar, de Fabricio Ojeda, de Zamora y seguir victorioso\u00bb, expres\u00f3 el Jefe de Estado durante el desfile conmemorativo de los 200 a\u00f1os del natalicio de Ezequiel Zamora, que tuvo lugar en el Paseo Los Pr\u00f3ceres, en Caracas.<\/p>\n<p>El Presidente indic\u00f3 que el nuevo reto para el siglo XXI est\u00e1 en logar la \u00abindependencia econ\u00f3mica definitiva de la patria, la construcci\u00f3n de un nuevo modelo econ\u00f3mico, justo e igualitario, eficiente, eficaz , a la altura de las potencialidades de una patria que tiene todas la riquezas y la mayor riqueza, su pueblo trabajador y su deseo de ser libre\u00bb, enfatiz\u00f3.<\/p>\n<p>Durante el evento de celebraci\u00f3n del bicentenario del natalicio de Zamora, el jefe de Estado record\u00f3 la dificultades que afront\u00f3 el General del Pueblo por defender los ideales de libertad e igualdad ante los conservadores, una \u00e9lite que buscaba mantener sus privilegios heredados de la \u00e9poca de la colonia.<\/p>\n<p>\u00abGracias a Dios por habernos permitido celebrar los 200 a\u00f1os de Ezequiel Zamora con la patria libre, con el pueblo libre, en revoluci\u00f3n mandando como estamos mandando junto el pueblo, con el pueblo y por el pueblo\u00bb.<\/p>\n<p>Tambi\u00e9n destac\u00f3 la convicci\u00f3n y lucha del comandante Hugo Ch\u00e1vez por reivindicar los derechos de los pueblos m\u00e1s vulnerables de Am\u00e9rica Latina frente a la opresi\u00f3n de los sectores de la oligarqu\u00eda internacional.<\/p>\n<p>\u00abCh\u00e1vez cada d\u00eda que pasa, cada a\u00f1o que pasa lo que hace es crecer en el impacto moral, espiritual en nuestro pueblo, en los pueblos del mundo. Ch\u00e1vez fue un l\u00edder venezolano latinoamericano y caribe\u00f1o y de la humanidad y Ch\u00e1vez hoy es y ser\u00e1 por los tiempos futuros el l\u00edder de la esperanza de los pueblos que sue\u00f1an con una vida de dignidad y respeto\u00bb.<\/p>\n<p>En este sentido se\u00f1al\u00f3 que en los pr\u00f3ximos d\u00edas se realizar\u00e1n los preparativos correspondientes para conmemorar los 25 a\u00f1os de la rebeli\u00f3n c\u00edvico-militar que dirigi\u00f3 el l\u00edder revolucionario el 4 de febrero de 1992 para luchar por la dignidad del pueblo.<\/p>\n<p>\u00abEl d\u00eda de la resurrecci\u00f3n de los gigantes, el d\u00eda en el que volvi\u00f3 Bol\u00edvar, Zamora, el d\u00eda en el que resucit\u00f3 un pueblo\u00bb.<\/p>\n<p>AVN<\/p>\n","protected":false},"excerpt":{"rendered":"<p>El presidente de la Rep\u00fablica, Nicol\u00e1s Maduro, llam\u00f3 este mi\u00e9rcoles a seguir el ejemplo del general &hellip; <a title=\"Maduro: El pueblo est\u00e1 preparado para seguir el camino de sus h\u00e9roes y seguir victorioso\" class=\"hm-read-more\" href=\"https:\/\/www.mpppst.gob.ve\/mpppstweb\/index.php\/2017\/02\/01\/maduro-el-pueblo-esta-preparado-para-seguir-el-camino-de-sus-heroes-y-seguir-victorioso-avn\/\"><span class=\"screen-reader-text\">Maduro: El pueblo est\u00e1 preparado para seguir el camino de sus h\u00e9roes y seguir victorioso<\/span>Read more<\/a><\/p>\n","protected":false},"author":25,"featured_media":10414,"comment_status":"closed","ping_status":"closed","sticky":false,"template":"","format":"standard","meta":{"footnotes":""},"categories":[82],"tags":[229,222],"yoast_head":"<!-- This site is optimized with the Yoast SEO plugin v22.5 - https:\/\/yoast.com\/wordpress\/plugins\/seo\/ -->\n<title>Maduro: El pueblo est\u00e1 preparado para seguir el camino de sus h\u00e9roes y seguir victorioso - MPPPST<\/title>\n<meta name=\"robots\" content=\"index, follow, max-snippet:-1, max-image-preview:large, max-video-preview:-1\" \/>\n<link rel=\"canonical\" href=\"https:\/\/www.mpppst.gob.ve\/mpppstweb\/index.php\/2017\/02\/01\/maduro-el-pueblo-esta-preparado-para-seguir-el-camino-de-sus-heroes-y-seguir-victorioso-avn\/\" \/>\n<meta property=\"og:locale\" content=\"es_ES\" \/>\n<meta property=\"og:type\" content=\"article\" \/>\n<meta property=\"og:title\" content=\"Maduro: El pueblo est\u00e1 preparado para seguir el camino de sus h\u00e9roes y seguir victorioso - MPPPST\" \/>\n<meta property=\"og:description\" content=\"El presidente de la Rep\u00fablica, Nicol\u00e1s Maduro, llam\u00f3 este mi\u00e9rcoles a seguir el ejemplo del general &hellip; Maduro: El pueblo est\u00e1 preparado para seguir el camino de sus h\u00e9roes y seguir victoriosoRead more\" \/>\n<meta property=\"og:url\" content=\"https:\/\/www.mpppst.gob.ve\/mpppstweb\/index.php\/2017\/02\/01\/maduro-el-pueblo-esta-preparado-para-seguir-el-camino-de-sus-heroes-y-seguir-victorioso-avn\/\" \/>\n<meta property=\"og:site_name\" content=\"MPPPST\" \/>\n<meta property=\"article:published_time\" content=\"2017-02-01T21:02:52+00:00\" \/>\n<meta property=\"article:modified_time\" content=\"2017-02-01T21:07:33+00:00\" \/>\n<meta property=\"og:image\" content=\"https:\/\/www.mpppst.gob.ve\/mpppstweb\/wp-content\/uploads\/2017\/02\/Maduro-en-desfile.jpg\" \/>\n\t<meta property=\"og:image:width\" content=\"627\" \/>\n\t<meta property=\"og:image:height\" content=\"349\" \/>\n\t<meta property=\"og:image:type\" content=\"image\/jpeg\" \/>\n<meta name=\"author\" content=\"MPPPST Prensa\" \/>\n<meta name=\"twitter:card\" content=\"summary_large_image\" \/>\n<meta name=\"twitter:label1\" content=\"Escrito por\" \/>\n\t<meta name=\"twitter:data1\" content=\"MPPPST Prensa\" \/>\n\t<meta name=\"twitter:label2\" content=\"Tiempo de lectura\" \/>\n\t<meta name=\"twitter:data2\" content=\"2 minutos\" \/>\n<script type=\"application\/ld+json\" class=\"yoast-schema-graph\">{\"@context\":\"https:\/\/schema.org\",\"@graph\":[{\"@type\":\"Article\",\"@id\":\"https:\/\/www.mpppst.gob.ve\/mpppstweb\/index.php\/2017\/02\/01\/maduro-el-pueblo-esta-preparado-para-seguir-el-camino-de-sus-heroes-y-seguir-victorioso-avn\/#article\",\"isPartOf\":{\"@id\":\"https:\/\/www.mpppst.gob.ve\/mpppstweb\/index.php\/2017\/02\/01\/maduro-el-pueblo-esta-preparado-para-seguir-el-camino-de-sus-heroes-y-seguir-victorioso-avn\/\"},\"author\":{\"name\":\"MPPPST Prensa\",\"@id\":\"https:\/\/www.mpppst.gob.ve\/mpppstweb\/#\/schema\/person\/fc187ee8ead412bd4c9304b62f900ea4\"},\"headline\":\"Maduro: El pueblo est\u00e1 preparado para seguir el camino de sus h\u00e9roes y seguir victorioso\",\"datePublished\":\"2017-02-01T21:02:52+00:00\",\"dateModified\":\"2017-02-01T21:07:33+00:00\",\"mainEntityOfPage\":{\"@id\":\"https:\/\/www.mpppst.gob.ve\/mpppstweb\/index.php\/2017\/02\/01\/maduro-el-pueblo-esta-preparado-para-seguir-el-camino-de-sus-heroes-y-seguir-victorioso-avn\/\"},\"wordCount\":488,\"publisher\":{\"@id\":\"https:\/\/www.mpppst.gob.ve\/mpppstweb\/#organization\"},\"image\":{\"@id\":\"https:\/\/www.mpppst.gob.ve\/mpppstweb\/index.php\/2017\/02\/01\/maduro-el-pueblo-esta-preparado-para-seguir-el-camino-de-sus-heroes-y-seguir-victorioso-avn\/#primaryimage\"},\"thumbnailUrl\":\"https:\/\/www.mpppst.gob.ve\/mpppstweb\/wp-content\/uploads\/2017\/02\/Maduro-en-desfile.jpg\",\"keywords\":[\"Defensa Integral\",\"Gobierno Bolivariano\"],\"articleSection\":[\"Gobierno Nacional\"],\"inLanguage\":\"es\"},{\"@type\":\"WebPage\",\"@id\":\"https:\/\/www.mpppst.gob.ve\/mpppstweb\/index.php\/2017\/02\/01\/maduro-el-pueblo-esta-preparado-para-seguir-el-camino-de-sus-heroes-y-seguir-victorioso-avn\/\",\"url\":\"https:\/\/www.mpppst.gob.ve\/mpppstweb\/index.php\/2017\/02\/01\/maduro-el-pueblo-esta-preparado-para-seguir-el-camino-de-sus-heroes-y-seguir-victorioso-avn\/\",\"name\":\"Maduro: El pueblo est\u00e1 preparado para seguir el camino de sus h\u00e9roes y seguir victorioso - MPPPST\",\"isPartOf\":{\"@id\":\"https:\/\/www.mpppst.gob.ve\/mpppstweb\/#website\"},\"primaryImageOfPage\":{\"@id\":\"https:\/\/www.mpppst.gob.ve\/mpppstweb\/index.php\/2017\/02\/01\/maduro-el-pueblo-esta-preparado-para-seguir-el-camino-de-sus-heroes-y-seguir-victorioso-avn\/#primaryimage\"},\"image\":{\"@id\":\"https:\/\/www.mpppst.gob.ve\/mpppstweb\/index.php\/2017\/02\/01\/maduro-el-pueblo-esta-preparado-para-seguir-el-camino-de-sus-heroes-y-seguir-victorioso-avn\/#primaryimage\"},\"thumbnailUrl\":\"https:\/\/www.mpppst.gob.ve\/mpppstweb\/wp-content\/uploads\/2017\/02\/Maduro-en-desfile.jpg\",\"datePublished\":\"2017-02-01T21:02:52+00:00\",\"dateModified\":\"2017-02-01T21:07:33+00:00\",\"breadcrumb\":{\"@id\":\"https:\/\/www.mpppst.gob.ve\/mpppstweb\/index.php\/2017\/02\/01\/maduro-el-pueblo-esta-preparado-para-seguir-el-camino-de-sus-heroes-y-seguir-victorioso-avn\/#breadcrumb\"},\"inLanguage\":\"es\",\"potentialAction\":[{\"@type\":\"ReadAction\",\"target\":[\"https:\/\/www.mpppst.gob.ve\/mpppstweb\/index.php\/2017\/02\/01\/maduro-el-pueblo-esta-preparado-para-seguir-el-camino-de-sus-heroes-y-seguir-victorioso-avn\/\"]}]},{\"@type\":\"ImageObject\",\"inLanguage\":\"es\",\"@id\":\"https:\/\/www.mpppst.gob.ve\/mpppstweb\/index.php\/2017\/02\/01\/maduro-el-pueblo-esta-preparado-para-seguir-el-camino-de-sus-heroes-y-seguir-victorioso-avn\/#primaryimage\",\"url\":\"https:\/\/www.mpppst.gob.ve\/mpppstweb\/wp-content\/uploads\/2017\/02\/Maduro-en-desfile.jpg\",\"contentUrl\":\"https:\/\/www.mpppst.gob.ve\/mpppstweb\/wp-content\/uploads\/2017\/02\/Maduro-en-desfile.jpg\",\"width\":627,\"height\":349},{\"@type\":\"BreadcrumbList\",\"@id\":\"https:\/\/www.mpppst.gob.ve\/mpppstweb\/index.php\/2017\/02\/01\/maduro-el-pueblo-esta-preparado-para-seguir-el-camino-de-sus-heroes-y-seguir-victorioso-avn\/#breadcrumb\",\"itemListElement\":[{\"@type\":\"ListItem\",\"position\":1,\"name\":\"Home\",\"item\":\"https:\/\/www.mpppst.gob.ve\/mpppstweb\/\"},{\"@type\":\"ListItem\",\"position\":2,\"name\":\"Maduro: El pueblo est\u00e1 preparado para seguir el camino de sus h\u00e9roes y seguir victorioso\"}]},{\"@type\":\"WebSite\",\"@id\":\"https:\/\/www.mpppst.gob.ve\/mpppstweb\/#website\",\"url\":\"https:\/\/www.mpppst.gob.ve\/mpppstweb\/\",\"name\":\"MPPPST\",\"description\":\"Ministerio del Poder Popular para el Proceso Social de Trabajo\",\"publisher\":{\"@id\":\"https:\/\/www.mpppst.gob.ve\/mpppstweb\/#organization\"},\"potentialAction\":[{\"@type\":\"SearchAction\",\"target\":{\"@type\":\"EntryPoint\",\"urlTemplate\":\"https:\/\/www.mpppst.gob.ve\/mpppstweb\/?s={search_term_string}\"},\"query-input\":\"required name=search_term_string\"}],\"inLanguage\":\"es\"},{\"@type\":\"Organization\",\"@id\":\"https:\/\/www.mpppst.gob.ve\/mpppstweb\/#organization\",\"name\":\"mpppst\",\"url\":\"https:\/\/www.mpppst.gob.ve\/mpppstweb\/\",\"logo\":{\"@type\":\"ImageObject\",\"inLanguage\":\"es\",\"@id\":\"https:\/\/www.mpppst.gob.ve\/mpppstweb\/#\/schema\/logo\/image\/\",\"url\":\"https:\/\/www.mpppst.gob.ve\/mpppstweb\/wp-content\/uploads\/2025\/07\/cropped-cropped-g910.png\",\"contentUrl\":\"https:\/\/www.mpppst.gob.ve\/mpppstweb\/wp-content\/uploads\/2025\/07\/cropped-cropped-g910.png\",\"width\":1080,\"height\":241,\"caption\":\"mpppst\"},\"image\":{\"@id\":\"https:\/\/www.mpppst.gob.ve\/mpppstweb\/#\/schema\/logo\/image\/\"}},{\"@type\":\"Person\",\"@id\":\"https:\/\/www.mpppst.gob.ve\/mpppstweb\/#\/schema\/person\/fc187ee8ead412bd4c9304b62f900ea4\",\"name\":\"MPPPST Prensa\",\"url\":\"https:\/\/www.mpppst.gob.ve\/mpppstweb\/index.php\/author\/prensa-mpppst\/\"}]}<\/script>\n<!-- \/ Yoast SEO plugin. -->","yoast_head_json":{"title":"Maduro: El pueblo est\u00e1 preparado para seguir el camino de sus h\u00e9roes y seguir victorioso - MPPPST","robots":{"index":"index","follow":"follow","max-snippet":"max-snippet:-1","max-image-preview":"max-image-preview:large","max-video-preview":"max-video-preview:-1"},"canonical":"https:\/\/www.mpppst.gob.ve\/mpppstweb\/index.php\/2017\/02\/01\/maduro-el-pueblo-esta-preparado-para-seguir-el-camino-de-sus-heroes-y-seguir-victorioso-avn\/","og_locale":"es_ES","og_type":"article","og_title":"Maduro: El pueblo est\u00e1 preparado para seguir el camino de sus h\u00e9roes y seguir victorioso - MPPPST","og_description":"El presidente de la Rep\u00fablica, Nicol\u00e1s Maduro, llam\u00f3 este mi\u00e9rcoles a seguir el ejemplo del general &hellip; Maduro: El pueblo est\u00e1 preparado para seguir el camino de sus h\u00e9roes y seguir victoriosoRead more","og_url":"https:\/\/www.mpppst.gob.ve\/mpppstweb\/index.php\/2017\/02\/01\/maduro-el-pueblo-esta-preparado-para-seguir-el-camino-de-sus-heroes-y-seguir-victorioso-avn\/","og_site_name":"MPPPST","article_published_time":"2017-02-01T21:02:52+00:00","article_modified_time":"2017-02-01T21:07:33+00:00","og_image":[{"width":627,"height":349,"url":"https:\/\/www.mpppst.gob.ve\/mpppstweb\/wp-content\/uploads\/2017\/02\/Maduro-en-desfile.jpg","type":"image\/jpeg"}],"author":"MPPPST Prensa","twitter_card":"summary_large_image","twitter_misc":{"Escrito por":"MPPPST Prensa","Tiempo de lectura":"2 minutos"},"schema":{"@context":"https:\/\/schema.org","@graph":[{"@type":"Article","@id":"https:\/\/www.mpppst.gob.ve\/mpppstweb\/index.php\/2017\/02\/01\/maduro-el-pueblo-esta-preparado-para-seguir-el-camino-de-sus-heroes-y-seguir-victorioso-avn\/#article","isPartOf":{"@id":"https:\/\/www.mpppst.gob.ve\/mpppstweb\/index.php\/2017\/02\/01\/maduro-el-pueblo-esta-preparado-para-seguir-el-camino-de-sus-heroes-y-seguir-victorioso-avn\/"},"author":{"name":"MPPPST Prensa","@id":"https:\/\/www.mpppst.gob.ve\/mpppstweb\/#\/schema\/person\/fc187ee8ead412bd4c9304b62f900ea4"},"headline":"Maduro: El pueblo est\u00e1 preparado para seguir el camino de sus h\u00e9roes y seguir victorioso","datePublished":"2017-02-01T21:02:52+00:00","dateModified":"2017-02-01T21:07:33+00:00","mainEntityOfPage":{"@id":"https:\/\/www.mpppst.gob.ve\/mpppstweb\/index.php\/2017\/02\/01\/maduro-el-pueblo-esta-preparado-para-seguir-el-camino-de-sus-heroes-y-seguir-victorioso-avn\/"},"wordCount":488,"publisher":{"@id":"https:\/\/www.mpppst.gob.ve\/mpppstweb\/#organization"},"image":{"@id":"https:\/\/www.mpppst.gob.ve\/mpppstweb\/index.php\/2017\/02\/01\/maduro-el-pueblo-esta-preparado-para-seguir-el-camino-de-sus-heroes-y-seguir-victorioso-avn\/#primaryimage"},"thumbnailUrl":"https:\/\/www.mpppst.gob.ve\/mpppstweb\/wp-content\/uploads\/2017\/02\/Maduro-en-desfile.jpg","keywords":["Defensa Integral","Gobierno Bolivariano"],"articleSection":["Gobierno Nacional"],"inLanguage":"es"},{"@type":"WebPage","@id":"https:\/\/www.mpppst.gob.ve\/mpppstweb\/index.php\/2017\/02\/01\/maduro-el-pueblo-esta-preparado-para-seguir-el-camino-de-sus-heroes-y-seguir-victorioso-avn\/","url":"https:\/\/www.mpppst.gob.ve\/mpppstweb\/index.php\/2017\/02\/01\/maduro-el-pueblo-esta-preparado-para-seguir-el-camino-de-sus-heroes-y-seguir-victorioso-avn\/","name":"Maduro: El pueblo est\u00e1 preparado para seguir el camino de sus h\u00e9roes y seguir victorioso - MPPPST","isPartOf":{"@id":"https:\/\/www.mpppst.gob.ve\/mpppstweb\/#website"},"primaryImageOfPage":{"@id":"https:\/\/www.mpppst.gob.ve\/mpppstweb\/index.php\/2017\/02\/01\/maduro-el-pueblo-esta-preparado-para-seguir-el-camino-de-sus-heroes-y-seguir-victorioso-avn\/#primaryimage"},"image":{"@id":"https:\/\/www.mpppst.gob.ve\/mpppstweb\/index.php\/2017\/02\/01\/maduro-el-pueblo-esta-preparado-para-seguir-el-camino-de-sus-heroes-y-seguir-victorioso-avn\/#primaryimage"},"thumbnailUrl":"https:\/\/www.mpppst.gob.ve\/mpppstweb\/wp-content\/uploads\/2017\/02\/Maduro-en-desfile.jpg","datePublished":"2017-02-01T21:02:52+00:00","dateModified":"2017-02-01T21:07:33+00:00","breadcrumb":{"@id":"https:\/\/www.mpppst.gob.ve\/mpppstweb\/index.php\/2017\/02\/01\/maduro-el-pueblo-esta-preparado-para-seguir-el-camino-de-sus-heroes-y-seguir-victorioso-avn\/#breadcrumb"},"inLanguage":"es","potentialAction":[{"@type":"ReadAction","target":["https:\/\/www.mpppst.gob.ve\/mpppstweb\/index.php\/2017\/02\/01\/maduro-el-pueblo-esta-preparado-para-seguir-el-camino-de-sus-heroes-y-seguir-victorioso-avn\/"]}]},{"@type":"ImageObject","inLanguage":"es","@id":"https:\/\/www.mpppst.gob.ve\/mpppstweb\/index.php\/2017\/02\/01\/maduro-el-pueblo-esta-preparado-para-seguir-el-camino-de-sus-heroes-y-seguir-victorioso-avn\/#primaryimage","url":"https:\/\/www.mpppst.gob.ve\/mpppstweb\/wp-content\/uploads\/2017\/02\/Maduro-en-desfile.jpg","contentUrl":"https:\/\/www.mpppst.gob.ve\/mpppstweb\/wp-content\/uploads\/2017\/02\/Maduro-en-desfile.jpg","width":627,"height":349},{"@type":"BreadcrumbList","@id":"https:\/\/www.mpppst.gob.ve\/mpppstweb\/index.php\/2017\/02\/01\/maduro-el-pueblo-esta-preparado-para-seguir-el-camino-de-sus-heroes-y-seguir-victorioso-avn\/#breadcrumb","itemListElement":[{"@type":"ListItem","position":1,"name":"Home","item":"https:\/\/www.mpppst.gob.ve\/mpppstweb\/"},{"@type":"ListItem","position":2,"name":"Maduro: El pueblo est\u00e1 preparado para seguir el camino de sus h\u00e9roes y seguir victorioso"}]},{"@type":"WebSite","@id":"https:\/\/www.mpppst.gob.ve\/mpppstweb\/#website","url":"https:\/\/www.mpppst.gob.ve\/mpppstweb\/","name":"MPPPST","description":"Ministerio del Poder Popular para el Proceso Social de Trabajo","publisher":{"@id":"https:\/\/www.mpppst.gob.ve\/mpppstweb\/#organization"},"potentialAction":[{"@type":"SearchAction","target":{"@type":"EntryPoint","urlTemplate":"https:\/\/www.mpppst.gob.ve\/mpppstweb\/?s={search_term_string}"},"query-input":"required name=search_term_string"}],"inLanguage":"es"},{"@type":"Organization","@id":"https:\/\/www.mpppst.gob.ve\/mpppstweb\/#organization","name":"mpppst","url":"https:\/\/www.mpppst.gob.ve\/mpppstweb\/","logo":{"@type":"ImageObject","inLanguage":"es","@id":"https:\/\/www.mpppst.gob.ve\/mpppstweb\/#\/schema\/logo\/image\/","url":"https:\/\/www.mpppst.gob.ve\/mpppstweb\/wp-content\/uploads\/2025\/07\/cropped-cropped-g910.png","contentUrl":"https:\/\/www.mpppst.gob.ve\/mpppstweb\/wp-content\/uploads\/2025\/07\/cropped-cropped-g910.png","width":1080,"height":241,"caption":"mpppst"},"image":{"@id":"https:\/\/www.mpppst.gob.ve\/mpppstweb\/#\/schema\/logo\/image\/"}},{"@type":"Person","@id":"https:\/\/www.mpppst.gob.ve\/mpppstweb\/#\/schema\/person\/fc187ee8ead412bd4c9304b62f900ea4","name":"MPPPST Prensa","url":"https:\/\/www.mpppst.gob.ve\/mpppstweb\/index.php\/author\/prensa-mpppst\/"}]}},"_links":{"self":[{"href":"https:\/\/www.mpppst.gob.ve\/mpppstweb\/index.php\/wp-json\/wp\/v2\/posts\/10413"}],"collection":[{"href":"https:\/\/www.mpppst.gob.ve\/mpppstweb\/index.php\/wp-json\/wp\/v2\/posts"}],"about":[{"href":"https:\/\/www.mpppst.gob.ve\/mpppstweb\/index.php\/wp-json\/wp\/v2\/types\/post"}],"author":[{"embeddable":true,"href":"https:\/\/www.mpppst.gob.ve\/mpppstweb\/index.php\/wp-json\/wp\/v2\/users\/25"}],"replies":[{"embeddable":true,"href":"https:\/\/www.mpppst.gob.ve\/mpppstweb\/index.php\/wp-json\/wp\/v2\/comments?post=10413"}],"version-history":[{"count":3,"href":"https:\/\/www.mpppst.gob.ve\/mpppstweb\/index.php\/wp-json\/wp\/v2\/posts\/10413\/revisions"}],"predecessor-version":[{"id":10421,"href":"https:\/\/www.mpppst.gob.ve\/mpppstweb\/index.php\/wp-json\/wp\/v2\/posts\/10413\/revisions\/10421"}],"wp:featuredmedia":[{"embeddable":true,"href":"https:\/\/www.mpppst.gob.ve\/mpppstweb\/index.php\/wp-json\/wp\/v2\/media\/10414"}],"wp:attachment":[{"href":"https:\/\/www.mpppst.gob.ve\/mpppstweb\/index.php\/wp-json\/wp\/v2\/media?parent=10413"}],"wp:term":[{"taxonomy":"category","embeddable":true,"href":"https:\/\/www.mpppst.gob.ve\/mpppstweb\/index.php\/wp-json\/wp\/v2\/categories?post=10413"},{"taxonomy":"post_tag","embeddable":true,"href":"https:\/\/www.mpppst.gob.ve\/mpppstweb\/index.php\/wp-json\/wp\/v2\/tags?post=10413"}],"curies":[{"name":"wp","href":"https:\/\/api.w.org\/{rel}","templated":true}]}}