{"id":10417,"date":"2017-02-01T21:06:42","date_gmt":"2017-02-01T21:06:42","guid":{"rendered":"http:\/\/www.mpppst.gob.ve\/mpppstweb\/?p=10417"},"modified":"2017-02-01T21:06:42","modified_gmt":"2017-02-01T21:06:42","slug":"fanb-ratifica-en-manifiesto-compromiso-con-legado-de-zamora","status":"publish","type":"post","link":"https:\/\/www.mpppst.gob.ve\/mpppstweb\/index.php\/2017\/02\/01\/fanb-ratifica-en-manifiesto-compromiso-con-legado-de-zamora\/","title":{"rendered":"FANB ratifica en manifiesto compromiso con legado de Zamora"},"content":{"rendered":"<p>Este mi\u00e9rcoles, d\u00eda del Bicentenario de Ezequiel Zamora, la Fuerza Armada Nacional Bolivariana (FANB) ratific\u00f3 su condici\u00f3n antiimperialista y se declar\u00f3 antiolig\u00e1rquica e insondablemente zamorista, en protecci\u00f3n del poder popular ante las nuevas arremetidas de las oligarqu\u00edas.<\/p>\n<p>Este pronunciamiento est\u00e1 plasmado en un manifiesto que, en honor a Zamora, ley\u00f3 el ministro para la Defensa, Vladimir Padrino L\u00f3pez, en los actos conmemorativos del bicentenario del natalicio del General del Pueblo Soberano, en Los Pr\u00f3ceres, Caracas.<\/p>\n<p>En el texto, la FANB recalca que ha internalizado en su doctrina y concepci\u00f3n filos\u00f3fica institucional como objetivo supremo servir incondicionalmente al pueblo, en consonancia con la gesta que emprendi\u00f3 Zamora por el reparto equitativo de la tierra y por una sociedad m\u00e1s justa.<\/p>\n<p>\u00abEzequiel, invocamos tu coraje para seguir enfrentando tales amenazas -de la oligarqu\u00eda- junto al presidente Nicol\u00e1s Maduro, nuestro comandante en Jefe, quien dirige los esfuerzos para proteger a los hermanos m\u00e1s vulnerables\u00bb, expresa el sector castrense en el documento.<\/p>\n<p>Hoy, los soldados y soldadas, \u00abrinden homenaje a tu ejemplo de m\u00e1rtir, a tu valor e inteligencia de guerrero, con fe, con esperanza, y con la frente en alto nos mantendremos en estoica vigilia para que tu legado nunca m\u00e1s sea traicionado y sigamos construyendo una patria grande, libre, soberana, regida por la ley y los principios de igualdad, la justicia, el bien com\u00fan, la solidaridad y la paz\u00bb.<\/p>\n<p>En el manifiesto, la FANB reconoce el valor de Zamora como estratega militar: \u00abHoy somos tropa hidalga tras de ti, que retoma tus banderas, las mismas de Bol\u00edvar para cristalizar ese hermoso sue\u00f1o redencionista esculpido con inmensurable amor patrio. Tu impronta es inmensa y ha quedado impregnada en la gen\u00e9tica de la venezolanidad y en el esp\u00edritu combativo de los hombres y mujeres de armas\u00bb.<\/p>\n<p>La instituci\u00f3n castrense mantendr\u00e1 su car\u00e1cter eminentemente popular mientras siga encendida la llama de la revoluci\u00f3n social de Zamora, quien utiliz\u00f3 su liderazgo para conformar un ej\u00e9rcito popular con concepci\u00f3n c\u00edvico militar junto al pueblo campesino, para la defensa integral de la naci\u00f3n. \u00abNo en vano te has convertido en el h\u00e9roe ep\u00f3nimo de la Milicia Bolivariana, magistral creaci\u00f3n del comandante Hugo Ch\u00e1vez\u00bb, puntualiza la FANB.<\/p>\n<p>AVN<\/p>\n","protected":false},"excerpt":{"rendered":"<p>Este mi\u00e9rcoles, d\u00eda del Bicentenario de Ezequiel Zamora, la Fuerza Armada Nacional Bolivariana (FANB) ratific\u00f3 su &hellip; <a title=\"FANB ratifica en manifiesto compromiso con legado de Zamora\" class=\"hm-read-more\" href=\"https:\/\/www.mpppst.gob.ve\/mpppstweb\/index.php\/2017\/02\/01\/fanb-ratifica-en-manifiesto-compromiso-con-legado-de-zamora\/\"><span class=\"screen-reader-text\">FANB ratifica en manifiesto compromiso con legado de Zamora<\/span>Read more<\/a><\/p>\n","protected":false},"author":25,"featured_media":10419,"comment_status":"closed","ping_status":"closed","sticky":false,"template":"","format":"standard","meta":{"footnotes":""},"categories":[82],"tags":[229,222],"yoast_head":"<!-- This site is optimized with the Yoast SEO plugin v22.5 - https:\/\/yoast.com\/wordpress\/plugins\/seo\/ -->\n<title>FANB ratifica en manifiesto compromiso con legado de Zamora - MPPPST<\/title>\n<meta name=\"robots\" content=\"index, follow, max-snippet:-1, max-image-preview:large, max-video-preview:-1\" \/>\n<link rel=\"canonical\" href=\"https:\/\/www.mpppst.gob.ve\/mpppstweb\/index.php\/2017\/02\/01\/fanb-ratifica-en-manifiesto-compromiso-con-legado-de-zamora\/\" \/>\n<meta property=\"og:locale\" content=\"es_ES\" \/>\n<meta property=\"og:type\" content=\"article\" \/>\n<meta property=\"og:title\" content=\"FANB ratifica en manifiesto compromiso con legado de Zamora - MPPPST\" \/>\n<meta property=\"og:description\" content=\"Este mi\u00e9rcoles, d\u00eda del Bicentenario de Ezequiel Zamora, la Fuerza Armada Nacional Bolivariana (FANB) ratific\u00f3 su &hellip; FANB ratifica en manifiesto compromiso con legado de ZamoraRead more\" \/>\n<meta property=\"og:url\" content=\"https:\/\/www.mpppst.gob.ve\/mpppstweb\/index.php\/2017\/02\/01\/fanb-ratifica-en-manifiesto-compromiso-con-legado-de-zamora\/\" \/>\n<meta property=\"og:site_name\" content=\"MPPPST\" \/>\n<meta property=\"article:published_time\" content=\"2017-02-01T21:06:42+00:00\" \/>\n<meta property=\"og:image\" content=\"https:\/\/www.mpppst.gob.ve\/mpppstweb\/wp-content\/uploads\/2017\/02\/fanb-ratifica-compromiso-con-el-pueblo-1.jpg\" \/>\n\t<meta property=\"og:image:width\" content=\"800\" \/>\n\t<meta property=\"og:image:height\" content=\"445\" \/>\n\t<meta property=\"og:image:type\" content=\"image\/jpeg\" \/>\n<meta name=\"author\" content=\"MPPPST Prensa\" \/>\n<meta name=\"twitter:card\" content=\"summary_large_image\" \/>\n<meta name=\"twitter:label1\" content=\"Escrito por\" \/>\n\t<meta name=\"twitter:data1\" content=\"MPPPST Prensa\" \/>\n\t<meta name=\"twitter:label2\" content=\"Tiempo de lectura\" \/>\n\t<meta name=\"twitter:data2\" content=\"2 minutos\" \/>\n<script type=\"application\/ld+json\" class=\"yoast-schema-graph\">{\"@context\":\"https:\/\/schema.org\",\"@graph\":[{\"@type\":\"Article\",\"@id\":\"https:\/\/www.mpppst.gob.ve\/mpppstweb\/index.php\/2017\/02\/01\/fanb-ratifica-en-manifiesto-compromiso-con-legado-de-zamora\/#article\",\"isPartOf\":{\"@id\":\"https:\/\/www.mpppst.gob.ve\/mpppstweb\/index.php\/2017\/02\/01\/fanb-ratifica-en-manifiesto-compromiso-con-legado-de-zamora\/\"},\"author\":{\"name\":\"MPPPST Prensa\",\"@id\":\"https:\/\/www.mpppst.gob.ve\/mpppstweb\/#\/schema\/person\/fc187ee8ead412bd4c9304b62f900ea4\"},\"headline\":\"FANB ratifica en manifiesto compromiso con legado de Zamora\",\"datePublished\":\"2017-02-01T21:06:42+00:00\",\"dateModified\":\"2017-02-01T21:06:42+00:00\",\"mainEntityOfPage\":{\"@id\":\"https:\/\/www.mpppst.gob.ve\/mpppstweb\/index.php\/2017\/02\/01\/fanb-ratifica-en-manifiesto-compromiso-con-legado-de-zamora\/\"},\"wordCount\":400,\"publisher\":{\"@id\":\"https:\/\/www.mpppst.gob.ve\/mpppstweb\/#organization\"},\"image\":{\"@id\":\"https:\/\/www.mpppst.gob.ve\/mpppstweb\/index.php\/2017\/02\/01\/fanb-ratifica-en-manifiesto-compromiso-con-legado-de-zamora\/#primaryimage\"},\"thumbnailUrl\":\"https:\/\/www.mpppst.gob.ve\/mpppstweb\/wp-content\/uploads\/2017\/02\/fanb-ratifica-compromiso-con-el-pueblo-1.jpg\",\"keywords\":[\"Defensa Integral\",\"Gobierno Bolivariano\"],\"articleSection\":[\"Gobierno Nacional\"],\"inLanguage\":\"es\"},{\"@type\":\"WebPage\",\"@id\":\"https:\/\/www.mpppst.gob.ve\/mpppstweb\/index.php\/2017\/02\/01\/fanb-ratifica-en-manifiesto-compromiso-con-legado-de-zamora\/\",\"url\":\"https:\/\/www.mpppst.gob.ve\/mpppstweb\/index.php\/2017\/02\/01\/fanb-ratifica-en-manifiesto-compromiso-con-legado-de-zamora\/\",\"name\":\"FANB ratifica en manifiesto compromiso con legado de Zamora - MPPPST\",\"isPartOf\":{\"@id\":\"https:\/\/www.mpppst.gob.ve\/mpppstweb\/#website\"},\"primaryImageOfPage\":{\"@id\":\"https:\/\/www.mpppst.gob.ve\/mpppstweb\/index.php\/2017\/02\/01\/fanb-ratifica-en-manifiesto-compromiso-con-legado-de-zamora\/#primaryimage\"},\"image\":{\"@id\":\"https:\/\/www.mpppst.gob.ve\/mpppstweb\/index.php\/2017\/02\/01\/fanb-ratifica-en-manifiesto-compromiso-con-legado-de-zamora\/#primaryimage\"},\"thumbnailUrl\":\"https:\/\/www.mpppst.gob.ve\/mpppstweb\/wp-content\/uploads\/2017\/02\/fanb-ratifica-compromiso-con-el-pueblo-1.jpg\",\"datePublished\":\"2017-02-01T21:06:42+00:00\",\"dateModified\":\"2017-02-01T21:06:42+00:00\",\"breadcrumb\":{\"@id\":\"https:\/\/www.mpppst.gob.ve\/mpppstweb\/index.php\/2017\/02\/01\/fanb-ratifica-en-manifiesto-compromiso-con-legado-de-zamora\/#breadcrumb\"},\"inLanguage\":\"es\",\"potentialAction\":[{\"@type\":\"ReadAction\",\"target\":[\"https:\/\/www.mpppst.gob.ve\/mpppstweb\/index.php\/2017\/02\/01\/fanb-ratifica-en-manifiesto-compromiso-con-legado-de-zamora\/\"]}]},{\"@type\":\"ImageObject\",\"inLanguage\":\"es\",\"@id\":\"https:\/\/www.mpppst.gob.ve\/mpppstweb\/index.php\/2017\/02\/01\/fanb-ratifica-en-manifiesto-compromiso-con-legado-de-zamora\/#primaryimage\",\"url\":\"https:\/\/www.mpppst.gob.ve\/mpppstweb\/wp-content\/uploads\/2017\/02\/fanb-ratifica-compromiso-con-el-pueblo-1.jpg\",\"contentUrl\":\"https:\/\/www.mpppst.gob.ve\/mpppstweb\/wp-content\/uploads\/2017\/02\/fanb-ratifica-compromiso-con-el-pueblo-1.jpg\",\"width\":800,\"height\":445},{\"@type\":\"BreadcrumbList\",\"@id\":\"https:\/\/www.mpppst.gob.ve\/mpppstweb\/index.php\/2017\/02\/01\/fanb-ratifica-en-manifiesto-compromiso-con-legado-de-zamora\/#breadcrumb\",\"itemListElement\":[{\"@type\":\"ListItem\",\"position\":1,\"name\":\"Home\",\"item\":\"https:\/\/www.mpppst.gob.ve\/mpppstweb\/\"},{\"@type\":\"ListItem\",\"position\":2,\"name\":\"FANB ratifica en manifiesto compromiso con legado de Zamora\"}]},{\"@type\":\"WebSite\",\"@id\":\"https:\/\/www.mpppst.gob.ve\/mpppstweb\/#website\",\"url\":\"https:\/\/www.mpppst.gob.ve\/mpppstweb\/\",\"name\":\"MPPPST\",\"description\":\"Ministerio del Poder Popular para el Proceso Social de Trabajo\",\"publisher\":{\"@id\":\"https:\/\/www.mpppst.gob.ve\/mpppstweb\/#organization\"},\"potentialAction\":[{\"@type\":\"SearchAction\",\"target\":{\"@type\":\"EntryPoint\",\"urlTemplate\":\"https:\/\/www.mpppst.gob.ve\/mpppstweb\/?s={search_term_string}\"},\"query-input\":\"required name=search_term_string\"}],\"inLanguage\":\"es\"},{\"@type\":\"Organization\",\"@id\":\"https:\/\/www.mpppst.gob.ve\/mpppstweb\/#organization\",\"name\":\"mpppst\",\"url\":\"https:\/\/www.mpppst.gob.ve\/mpppstweb\/\",\"logo\":{\"@type\":\"ImageObject\",\"inLanguage\":\"es\",\"@id\":\"https:\/\/www.mpppst.gob.ve\/mpppstweb\/#\/schema\/logo\/image\/\",\"url\":\"https:\/\/www.mpppst.gob.ve\/mpppstweb\/wp-content\/uploads\/2025\/07\/cropped-cropped-g910.png\",\"contentUrl\":\"https:\/\/www.mpppst.gob.ve\/mpppstweb\/wp-content\/uploads\/2025\/07\/cropped-cropped-g910.png\",\"width\":1080,\"height\":241,\"caption\":\"mpppst\"},\"image\":{\"@id\":\"https:\/\/www.mpppst.gob.ve\/mpppstweb\/#\/schema\/logo\/image\/\"}},{\"@type\":\"Person\",\"@id\":\"https:\/\/www.mpppst.gob.ve\/mpppstweb\/#\/schema\/person\/fc187ee8ead412bd4c9304b62f900ea4\",\"name\":\"MPPPST Prensa\",\"url\":\"https:\/\/www.mpppst.gob.ve\/mpppstweb\/index.php\/author\/prensa-mpppst\/\"}]}<\/script>\n<!-- \/ Yoast SEO plugin. -->","yoast_head_json":{"title":"FANB ratifica en manifiesto compromiso con legado de Zamora - MPPPST","robots":{"index":"index","follow":"follow","max-snippet":"max-snippet:-1","max-image-preview":"max-image-preview:large","max-video-preview":"max-video-preview:-1"},"canonical":"https:\/\/www.mpppst.gob.ve\/mpppstweb\/index.php\/2017\/02\/01\/fanb-ratifica-en-manifiesto-compromiso-con-legado-de-zamora\/","og_locale":"es_ES","og_type":"article","og_title":"FANB ratifica en manifiesto compromiso con legado de Zamora - MPPPST","og_description":"Este mi\u00e9rcoles, d\u00eda del Bicentenario de Ezequiel Zamora, la Fuerza Armada Nacional Bolivariana (FANB) ratific\u00f3 su &hellip; FANB ratifica en manifiesto compromiso con legado de ZamoraRead more","og_url":"https:\/\/www.mpppst.gob.ve\/mpppstweb\/index.php\/2017\/02\/01\/fanb-ratifica-en-manifiesto-compromiso-con-legado-de-zamora\/","og_site_name":"MPPPST","article_published_time":"2017-02-01T21:06:42+00:00","og_image":[{"width":800,"height":445,"url":"https:\/\/www.mpppst.gob.ve\/mpppstweb\/wp-content\/uploads\/2017\/02\/fanb-ratifica-compromiso-con-el-pueblo-1.jpg","type":"image\/jpeg"}],"author":"MPPPST Prensa","twitter_card":"summary_large_image","twitter_misc":{"Escrito por":"MPPPST Prensa","Tiempo de lectura":"2 minutos"},"schema":{"@context":"https:\/\/schema.org","@graph":[{"@type":"Article","@id":"https:\/\/www.mpppst.gob.ve\/mpppstweb\/index.php\/2017\/02\/01\/fanb-ratifica-en-manifiesto-compromiso-con-legado-de-zamora\/#article","isPartOf":{"@id":"https:\/\/www.mpppst.gob.ve\/mpppstweb\/index.php\/2017\/02\/01\/fanb-ratifica-en-manifiesto-compromiso-con-legado-de-zamora\/"},"author":{"name":"MPPPST Prensa","@id":"https:\/\/www.mpppst.gob.ve\/mpppstweb\/#\/schema\/person\/fc187ee8ead412bd4c9304b62f900ea4"},"headline":"FANB ratifica en manifiesto compromiso con legado de Zamora","datePublished":"2017-02-01T21:06:42+00:00","dateModified":"2017-02-01T21:06:42+00:00","mainEntityOfPage":{"@id":"https:\/\/www.mpppst.gob.ve\/mpppstweb\/index.php\/2017\/02\/01\/fanb-ratifica-en-manifiesto-compromiso-con-legado-de-zamora\/"},"wordCount":400,"publisher":{"@id":"https:\/\/www.mpppst.gob.ve\/mpppstweb\/#organization"},"image":{"@id":"https:\/\/www.mpppst.gob.ve\/mpppstweb\/index.php\/2017\/02\/01\/fanb-ratifica-en-manifiesto-compromiso-con-legado-de-zamora\/#primaryimage"},"thumbnailUrl":"https:\/\/www.mpppst.gob.ve\/mpppstweb\/wp-content\/uploads\/2017\/02\/fanb-ratifica-compromiso-con-el-pueblo-1.jpg","keywords":["Defensa Integral","Gobierno Bolivariano"],"articleSection":["Gobierno Nacional"],"inLanguage":"es"},{"@type":"WebPage","@id":"https:\/\/www.mpppst.gob.ve\/mpppstweb\/index.php\/2017\/02\/01\/fanb-ratifica-en-manifiesto-compromiso-con-legado-de-zamora\/","url":"https:\/\/www.mpppst.gob.ve\/mpppstweb\/index.php\/2017\/02\/01\/fanb-ratifica-en-manifiesto-compromiso-con-legado-de-zamora\/","name":"FANB ratifica en manifiesto compromiso con legado de Zamora - MPPPST","isPartOf":{"@id":"https:\/\/www.mpppst.gob.ve\/mpppstweb\/#website"},"primaryImageOfPage":{"@id":"https:\/\/www.mpppst.gob.ve\/mpppstweb\/index.php\/2017\/02\/01\/fanb-ratifica-en-manifiesto-compromiso-con-legado-de-zamora\/#primaryimage"},"image":{"@id":"https:\/\/www.mpppst.gob.ve\/mpppstweb\/index.php\/2017\/02\/01\/fanb-ratifica-en-manifiesto-compromiso-con-legado-de-zamora\/#primaryimage"},"thumbnailUrl":"https:\/\/www.mpppst.gob.ve\/mpppstweb\/wp-content\/uploads\/2017\/02\/fanb-ratifica-compromiso-con-el-pueblo-1.jpg","datePublished":"2017-02-01T21:06:42+00:00","dateModified":"2017-02-01T21:06:42+00:00","breadcrumb":{"@id":"https:\/\/www.mpppst.gob.ve\/mpppstweb\/index.php\/2017\/02\/01\/fanb-ratifica-en-manifiesto-compromiso-con-legado-de-zamora\/#breadcrumb"},"inLanguage":"es","potentialAction":[{"@type":"ReadAction","target":["https:\/\/www.mpppst.gob.ve\/mpppstweb\/index.php\/2017\/02\/01\/fanb-ratifica-en-manifiesto-compromiso-con-legado-de-zamora\/"]}]},{"@type":"ImageObject","inLanguage":"es","@id":"https:\/\/www.mpppst.gob.ve\/mpppstweb\/index.php\/2017\/02\/01\/fanb-ratifica-en-manifiesto-compromiso-con-legado-de-zamora\/#primaryimage","url":"https:\/\/www.mpppst.gob.ve\/mpppstweb\/wp-content\/uploads\/2017\/02\/fanb-ratifica-compromiso-con-el-pueblo-1.jpg","contentUrl":"https:\/\/www.mpppst.gob.ve\/mpppstweb\/wp-content\/uploads\/2017\/02\/fanb-ratifica-compromiso-con-el-pueblo-1.jpg","width":800,"height":445},{"@type":"BreadcrumbList","@id":"https:\/\/www.mpppst.gob.ve\/mpppstweb\/index.php\/2017\/02\/01\/fanb-ratifica-en-manifiesto-compromiso-con-legado-de-zamora\/#breadcrumb","itemListElement":[{"@type":"ListItem","position":1,"name":"Home","item":"https:\/\/www.mpppst.gob.ve\/mpppstweb\/"},{"@type":"ListItem","position":2,"name":"FANB ratifica en manifiesto compromiso con legado de Zamora"}]},{"@type":"WebSite","@id":"https:\/\/www.mpppst.gob.ve\/mpppstweb\/#website","url":"https:\/\/www.mpppst.gob.ve\/mpppstweb\/","name":"MPPPST","description":"Ministerio del Poder Popular para el Proceso Social de Trabajo","publisher":{"@id":"https:\/\/www.mpppst.gob.ve\/mpppstweb\/#organization"},"potentialAction":[{"@type":"SearchAction","target":{"@type":"EntryPoint","urlTemplate":"https:\/\/www.mpppst.gob.ve\/mpppstweb\/?s={search_term_string}"},"query-input":"required name=search_term_string"}],"inLanguage":"es"},{"@type":"Organization","@id":"https:\/\/www.mpppst.gob.ve\/mpppstweb\/#organization","name":"mpppst","url":"https:\/\/www.mpppst.gob.ve\/mpppstweb\/","logo":{"@type":"ImageObject","inLanguage":"es","@id":"https:\/\/www.mpppst.gob.ve\/mpppstweb\/#\/schema\/logo\/image\/","url":"https:\/\/www.mpppst.gob.ve\/mpppstweb\/wp-content\/uploads\/2025\/07\/cropped-cropped-g910.png","contentUrl":"https:\/\/www.mpppst.gob.ve\/mpppstweb\/wp-content\/uploads\/2025\/07\/cropped-cropped-g910.png","width":1080,"height":241,"caption":"mpppst"},"image":{"@id":"https:\/\/www.mpppst.gob.ve\/mpppstweb\/#\/schema\/logo\/image\/"}},{"@type":"Person","@id":"https:\/\/www.mpppst.gob.ve\/mpppstweb\/#\/schema\/person\/fc187ee8ead412bd4c9304b62f900ea4","name":"MPPPST Prensa","url":"https:\/\/www.mpppst.gob.ve\/mpppstweb\/index.php\/author\/prensa-mpppst\/"}]}},"_links":{"self":[{"href":"https:\/\/www.mpppst.gob.ve\/mpppstweb\/index.php\/wp-json\/wp\/v2\/posts\/10417"}],"collection":[{"href":"https:\/\/www.mpppst.gob.ve\/mpppstweb\/index.php\/wp-json\/wp\/v2\/posts"}],"about":[{"href":"https:\/\/www.mpppst.gob.ve\/mpppstweb\/index.php\/wp-json\/wp\/v2\/types\/post"}],"author":[{"embeddable":true,"href":"https:\/\/www.mpppst.gob.ve\/mpppstweb\/index.php\/wp-json\/wp\/v2\/users\/25"}],"replies":[{"embeddable":true,"href":"https:\/\/www.mpppst.gob.ve\/mpppstweb\/index.php\/wp-json\/wp\/v2\/comments?post=10417"}],"version-history":[{"count":1,"href":"https:\/\/www.mpppst.gob.ve\/mpppstweb\/index.php\/wp-json\/wp\/v2\/posts\/10417\/revisions"}],"predecessor-version":[{"id":10420,"href":"https:\/\/www.mpppst.gob.ve\/mpppstweb\/index.php\/wp-json\/wp\/v2\/posts\/10417\/revisions\/10420"}],"wp:featuredmedia":[{"embeddable":true,"href":"https:\/\/www.mpppst.gob.ve\/mpppstweb\/index.php\/wp-json\/wp\/v2\/media\/10419"}],"wp:attachment":[{"href":"https:\/\/www.mpppst.gob.ve\/mpppstweb\/index.php\/wp-json\/wp\/v2\/media?parent=10417"}],"wp:term":[{"taxonomy":"category","embeddable":true,"href":"https:\/\/www.mpppst.gob.ve\/mpppstweb\/index.php\/wp-json\/wp\/v2\/categories?post=10417"},{"taxonomy":"post_tag","embeddable":true,"href":"https:\/\/www.mpppst.gob.ve\/mpppstweb\/index.php\/wp-json\/wp\/v2\/tags?post=10417"}],"curies":[{"name":"wp","href":"https:\/\/api.w.org\/{rel}","templated":true}]}}