{"id":10422,"date":"2017-02-01T21:46:36","date_gmt":"2017-02-01T21:46:36","guid":{"rendered":"http:\/\/www.mpppst.gob.ve\/mpppstweb\/?p=10422"},"modified":"2017-02-01T21:47:46","modified_gmt":"2017-02-01T21:47:46","slug":"union-civico-militar-quedo-demostrada-en-desfile-en-conmemoracion-a-ezequiel-zamora","status":"publish","type":"post","link":"https:\/\/www.mpppst.gob.ve\/mpppstweb\/index.php\/2017\/02\/01\/union-civico-militar-quedo-demostrada-en-desfile-en-conmemoracion-a-ezequiel-zamora\/","title":{"rendered":"Uni\u00f3n c\u00edvico militar qued\u00f3 demostrada en desfile en conmemoraci\u00f3n a Ezequiel Zamora\u00a0"},"content":{"rendered":"<p>Tal como hace 200 a\u00f1os, la uni\u00f3n c\u00edvico militar \u00a0vuelve a ponerse de manifiesto\u00a0en Venezuela, tal como qued\u00f3 demostrado en el desfile realizado el 1 de febrero por\u00a0el pueblo soberano de la mano de\u00a0militares del pa\u00eds, \u00a0en conmemoraci\u00f3n de los 200 a\u00f1os del natalicio de Ezequiel Zamora, General de la Patria.<\/p>\n<p>Se trat\u00f3 de una\u00a0manifestaci\u00f3n\u00a0decidida de defensa de la Patria, tal como lo se\u00f1al\u00f3 el Presidente Obrero, Nicol\u00e1s Maduro Moros, quien agreg\u00f3 que debemos continuar con el mismo esp\u00edritu de lucha de nuestros pr\u00f3ceres para impedir que la oligarqu\u00eda o el Imperio se apropien de lo que, por derecho, pertenece a los venezolanos.<\/p>\n<p>Record\u00f3 que Zamora fue\u00a0militar, de los principales protagonistas de la Guerra Federal \u00a0que se llev\u00f3 a cabo durante el per\u00edodo de 1859-1863. Adem\u00e1s, asumi\u00f3 el liderazgo al \u00a0propugnar una extensa reforma agraria a favor de los campesinos, dado que la oligarqu\u00eda se apropi\u00f3 por \u00a0v\u00eda de \u00a0hecho de las tierras en el pa\u00eds. Por esta, entre otras razones, Zamora ser\u00e1 recordado como el General del Pueblo.<\/p>\n<p><strong>Potencialidades venezolanas\u00a0<\/strong><\/p>\n<p>Asimismo, \u00a0el desfile c\u00edvico militar hizo posible visibilizar, una vez m\u00e1s,\u00a0las potencialidades que tiene Venezuela en materia de armamento: sukhoi, misiles, tanques T72,\u00a0sistemas de misiles antia\u00e9reos de corto alcance S-125 Pechora-2M, helic\u00f3pteros de ataque Mi-28, cazas multifuncionales Su-30MK2, veh\u00edculos blindados de infanter\u00eda BMP-3\u041c y BTR-80\u0410, obuses autopropulsados 2S19 Msta-S, lanzamisiles m\u00faltiples y morteros autopropulsados, entre otros.<\/p>\n<p>Sin duda se trat\u00f3 una contundente demostraci\u00f3n \u00a0del poder que tiene la Fuerza Armada Nacional en este momento. Fue\u00a0un desfile en el cual, adem\u00e1s de dejar constancia del poder\u00edo militar, tambi\u00e9n se\u00a0demostr\u00f3\u00a0que el pueblo, cada vez m\u00e1s, se involucra en la defensa de la Patria.<\/p>\n<p>Por Marbelys Mav\u00e1rez Laguna<\/p>\n<p>Fotograf\u00eda: Maritza Higuera<\/p>\n","protected":false},"excerpt":{"rendered":"<p>Tal como hace 200 a\u00f1os, la uni\u00f3n c\u00edvico militar \u00a0vuelve a ponerse de manifiesto\u00a0en Venezuela, tal &hellip; <a title=\"Uni\u00f3n c\u00edvico militar qued\u00f3 demostrada en desfile en conmemoraci\u00f3n a Ezequiel Zamora\u00a0\" class=\"hm-read-more\" href=\"https:\/\/www.mpppst.gob.ve\/mpppstweb\/index.php\/2017\/02\/01\/union-civico-militar-quedo-demostrada-en-desfile-en-conmemoracion-a-ezequiel-zamora\/\"><span class=\"screen-reader-text\">Uni\u00f3n c\u00edvico militar qued\u00f3 demostrada en desfile en conmemoraci\u00f3n a Ezequiel Zamora\u00a0<\/span>Read more<\/a><\/p>\n","protected":false},"author":25,"featured_media":10423,"comment_status":"closed","ping_status":"closed","sticky":false,"template":"","format":"standard","meta":{"footnotes":""},"categories":[82],"tags":[229,222],"yoast_head":"<!-- This site is optimized with the Yoast SEO plugin v22.5 - https:\/\/yoast.com\/wordpress\/plugins\/seo\/ -->\n<title>Uni\u00f3n c\u00edvico militar qued\u00f3 demostrada en desfile en conmemoraci\u00f3n a Ezequiel Zamora\u00a0 - MPPPST<\/title>\n<meta name=\"robots\" content=\"index, follow, max-snippet:-1, max-image-preview:large, max-video-preview:-1\" \/>\n<link rel=\"canonical\" href=\"https:\/\/www.mpppst.gob.ve\/mpppstweb\/index.php\/2017\/02\/01\/union-civico-militar-quedo-demostrada-en-desfile-en-conmemoracion-a-ezequiel-zamora\/\" \/>\n<meta property=\"og:locale\" content=\"es_ES\" \/>\n<meta property=\"og:type\" content=\"article\" \/>\n<meta property=\"og:title\" content=\"Uni\u00f3n c\u00edvico militar qued\u00f3 demostrada en desfile en conmemoraci\u00f3n a Ezequiel Zamora\u00a0 - MPPPST\" \/>\n<meta property=\"og:description\" content=\"Tal como hace 200 a\u00f1os, la uni\u00f3n c\u00edvico militar \u00a0vuelve a ponerse de manifiesto\u00a0en Venezuela, tal &hellip; Uni\u00f3n c\u00edvico militar qued\u00f3 demostrada en desfile en conmemoraci\u00f3n a Ezequiel Zamora\u00a0Read more\" \/>\n<meta property=\"og:url\" content=\"https:\/\/www.mpppst.gob.ve\/mpppstweb\/index.php\/2017\/02\/01\/union-civico-militar-quedo-demostrada-en-desfile-en-conmemoracion-a-ezequiel-zamora\/\" \/>\n<meta property=\"og:site_name\" content=\"MPPPST\" \/>\n<meta property=\"article:published_time\" content=\"2017-02-01T21:46:36+00:00\" \/>\n<meta property=\"article:modified_time\" content=\"2017-02-01T21:47:46+00:00\" \/>\n<meta property=\"og:image\" content=\"https:\/\/www.mpppst.gob.ve\/mpppstweb\/wp-content\/uploads\/2017\/02\/DESFILE-EZEQUIEL-ZAMORA.jpg\" \/>\n\t<meta property=\"og:image:width\" content=\"800\" \/>\n\t<meta property=\"og:image:height\" content=\"445\" \/>\n\t<meta property=\"og:image:type\" content=\"image\/jpeg\" \/>\n<meta name=\"author\" content=\"MPPPST Prensa\" \/>\n<meta name=\"twitter:card\" content=\"summary_large_image\" \/>\n<meta name=\"twitter:label1\" content=\"Escrito por\" \/>\n\t<meta name=\"twitter:data1\" content=\"MPPPST Prensa\" \/>\n\t<meta name=\"twitter:label2\" content=\"Tiempo de lectura\" \/>\n\t<meta name=\"twitter:data2\" content=\"2 minutos\" \/>\n<script type=\"application\/ld+json\" class=\"yoast-schema-graph\">{\"@context\":\"https:\/\/schema.org\",\"@graph\":[{\"@type\":\"Article\",\"@id\":\"https:\/\/www.mpppst.gob.ve\/mpppstweb\/index.php\/2017\/02\/01\/union-civico-militar-quedo-demostrada-en-desfile-en-conmemoracion-a-ezequiel-zamora\/#article\",\"isPartOf\":{\"@id\":\"https:\/\/www.mpppst.gob.ve\/mpppstweb\/index.php\/2017\/02\/01\/union-civico-militar-quedo-demostrada-en-desfile-en-conmemoracion-a-ezequiel-zamora\/\"},\"author\":{\"name\":\"MPPPST Prensa\",\"@id\":\"https:\/\/www.mpppst.gob.ve\/mpppstweb\/#\/schema\/person\/fc187ee8ead412bd4c9304b62f900ea4\"},\"headline\":\"Uni\u00f3n c\u00edvico militar qued\u00f3 demostrada en desfile en conmemoraci\u00f3n a Ezequiel Zamora\u00a0\",\"datePublished\":\"2017-02-01T21:46:36+00:00\",\"dateModified\":\"2017-02-01T21:47:46+00:00\",\"mainEntityOfPage\":{\"@id\":\"https:\/\/www.mpppst.gob.ve\/mpppstweb\/index.php\/2017\/02\/01\/union-civico-militar-quedo-demostrada-en-desfile-en-conmemoracion-a-ezequiel-zamora\/\"},\"wordCount\":337,\"publisher\":{\"@id\":\"https:\/\/www.mpppst.gob.ve\/mpppstweb\/#organization\"},\"image\":{\"@id\":\"https:\/\/www.mpppst.gob.ve\/mpppstweb\/index.php\/2017\/02\/01\/union-civico-militar-quedo-demostrada-en-desfile-en-conmemoracion-a-ezequiel-zamora\/#primaryimage\"},\"thumbnailUrl\":\"https:\/\/www.mpppst.gob.ve\/mpppstweb\/wp-content\/uploads\/2017\/02\/DESFILE-EZEQUIEL-ZAMORA.jpg\",\"keywords\":[\"Defensa Integral\",\"Gobierno Bolivariano\"],\"articleSection\":[\"Gobierno Nacional\"],\"inLanguage\":\"es\"},{\"@type\":\"WebPage\",\"@id\":\"https:\/\/www.mpppst.gob.ve\/mpppstweb\/index.php\/2017\/02\/01\/union-civico-militar-quedo-demostrada-en-desfile-en-conmemoracion-a-ezequiel-zamora\/\",\"url\":\"https:\/\/www.mpppst.gob.ve\/mpppstweb\/index.php\/2017\/02\/01\/union-civico-militar-quedo-demostrada-en-desfile-en-conmemoracion-a-ezequiel-zamora\/\",\"name\":\"Uni\u00f3n c\u00edvico militar qued\u00f3 demostrada en desfile en conmemoraci\u00f3n a Ezequiel Zamora\u00a0 - MPPPST\",\"isPartOf\":{\"@id\":\"https:\/\/www.mpppst.gob.ve\/mpppstweb\/#website\"},\"primaryImageOfPage\":{\"@id\":\"https:\/\/www.mpppst.gob.ve\/mpppstweb\/index.php\/2017\/02\/01\/union-civico-militar-quedo-demostrada-en-desfile-en-conmemoracion-a-ezequiel-zamora\/#primaryimage\"},\"image\":{\"@id\":\"https:\/\/www.mpppst.gob.ve\/mpppstweb\/index.php\/2017\/02\/01\/union-civico-militar-quedo-demostrada-en-desfile-en-conmemoracion-a-ezequiel-zamora\/#primaryimage\"},\"thumbnailUrl\":\"https:\/\/www.mpppst.gob.ve\/mpppstweb\/wp-content\/uploads\/2017\/02\/DESFILE-EZEQUIEL-ZAMORA.jpg\",\"datePublished\":\"2017-02-01T21:46:36+00:00\",\"dateModified\":\"2017-02-01T21:47:46+00:00\",\"breadcrumb\":{\"@id\":\"https:\/\/www.mpppst.gob.ve\/mpppstweb\/index.php\/2017\/02\/01\/union-civico-militar-quedo-demostrada-en-desfile-en-conmemoracion-a-ezequiel-zamora\/#breadcrumb\"},\"inLanguage\":\"es\",\"potentialAction\":[{\"@type\":\"ReadAction\",\"target\":[\"https:\/\/www.mpppst.gob.ve\/mpppstweb\/index.php\/2017\/02\/01\/union-civico-militar-quedo-demostrada-en-desfile-en-conmemoracion-a-ezequiel-zamora\/\"]}]},{\"@type\":\"ImageObject\",\"inLanguage\":\"es\",\"@id\":\"https:\/\/www.mpppst.gob.ve\/mpppstweb\/index.php\/2017\/02\/01\/union-civico-militar-quedo-demostrada-en-desfile-en-conmemoracion-a-ezequiel-zamora\/#primaryimage\",\"url\":\"https:\/\/www.mpppst.gob.ve\/mpppstweb\/wp-content\/uploads\/2017\/02\/DESFILE-EZEQUIEL-ZAMORA.jpg\",\"contentUrl\":\"https:\/\/www.mpppst.gob.ve\/mpppstweb\/wp-content\/uploads\/2017\/02\/DESFILE-EZEQUIEL-ZAMORA.jpg\",\"width\":800,\"height\":445},{\"@type\":\"BreadcrumbList\",\"@id\":\"https:\/\/www.mpppst.gob.ve\/mpppstweb\/index.php\/2017\/02\/01\/union-civico-militar-quedo-demostrada-en-desfile-en-conmemoracion-a-ezequiel-zamora\/#breadcrumb\",\"itemListElement\":[{\"@type\":\"ListItem\",\"position\":1,\"name\":\"Home\",\"item\":\"https:\/\/www.mpppst.gob.ve\/mpppstweb\/\"},{\"@type\":\"ListItem\",\"position\":2,\"name\":\"Uni\u00f3n c\u00edvico militar qued\u00f3 demostrada en desfile en conmemoraci\u00f3n a Ezequiel Zamora\u00a0\"}]},{\"@type\":\"WebSite\",\"@id\":\"https:\/\/www.mpppst.gob.ve\/mpppstweb\/#website\",\"url\":\"https:\/\/www.mpppst.gob.ve\/mpppstweb\/\",\"name\":\"MPPPST\",\"description\":\"Ministerio del Poder Popular para el Proceso Social de Trabajo\",\"publisher\":{\"@id\":\"https:\/\/www.mpppst.gob.ve\/mpppstweb\/#organization\"},\"potentialAction\":[{\"@type\":\"SearchAction\",\"target\":{\"@type\":\"EntryPoint\",\"urlTemplate\":\"https:\/\/www.mpppst.gob.ve\/mpppstweb\/?s={search_term_string}\"},\"query-input\":\"required name=search_term_string\"}],\"inLanguage\":\"es\"},{\"@type\":\"Organization\",\"@id\":\"https:\/\/www.mpppst.gob.ve\/mpppstweb\/#organization\",\"name\":\"mpppst\",\"url\":\"https:\/\/www.mpppst.gob.ve\/mpppstweb\/\",\"logo\":{\"@type\":\"ImageObject\",\"inLanguage\":\"es\",\"@id\":\"https:\/\/www.mpppst.gob.ve\/mpppstweb\/#\/schema\/logo\/image\/\",\"url\":\"https:\/\/www.mpppst.gob.ve\/mpppstweb\/wp-content\/uploads\/2025\/07\/cropped-cropped-g910.png\",\"contentUrl\":\"https:\/\/www.mpppst.gob.ve\/mpppstweb\/wp-content\/uploads\/2025\/07\/cropped-cropped-g910.png\",\"width\":1080,\"height\":241,\"caption\":\"mpppst\"},\"image\":{\"@id\":\"https:\/\/www.mpppst.gob.ve\/mpppstweb\/#\/schema\/logo\/image\/\"}},{\"@type\":\"Person\",\"@id\":\"https:\/\/www.mpppst.gob.ve\/mpppstweb\/#\/schema\/person\/fc187ee8ead412bd4c9304b62f900ea4\",\"name\":\"MPPPST Prensa\",\"url\":\"https:\/\/www.mpppst.gob.ve\/mpppstweb\/index.php\/author\/prensa-mpppst\/\"}]}<\/script>\n<!-- \/ Yoast SEO plugin. -->","yoast_head_json":{"title":"Uni\u00f3n c\u00edvico militar qued\u00f3 demostrada en desfile en conmemoraci\u00f3n a Ezequiel Zamora\u00a0 - MPPPST","robots":{"index":"index","follow":"follow","max-snippet":"max-snippet:-1","max-image-preview":"max-image-preview:large","max-video-preview":"max-video-preview:-1"},"canonical":"https:\/\/www.mpppst.gob.ve\/mpppstweb\/index.php\/2017\/02\/01\/union-civico-militar-quedo-demostrada-en-desfile-en-conmemoracion-a-ezequiel-zamora\/","og_locale":"es_ES","og_type":"article","og_title":"Uni\u00f3n c\u00edvico militar qued\u00f3 demostrada en desfile en conmemoraci\u00f3n a Ezequiel Zamora\u00a0 - MPPPST","og_description":"Tal como hace 200 a\u00f1os, la uni\u00f3n c\u00edvico militar \u00a0vuelve a ponerse de manifiesto\u00a0en Venezuela, tal &hellip; Uni\u00f3n c\u00edvico militar qued\u00f3 demostrada en desfile en conmemoraci\u00f3n a Ezequiel Zamora\u00a0Read more","og_url":"https:\/\/www.mpppst.gob.ve\/mpppstweb\/index.php\/2017\/02\/01\/union-civico-militar-quedo-demostrada-en-desfile-en-conmemoracion-a-ezequiel-zamora\/","og_site_name":"MPPPST","article_published_time":"2017-02-01T21:46:36+00:00","article_modified_time":"2017-02-01T21:47:46+00:00","og_image":[{"width":800,"height":445,"url":"https:\/\/www.mpppst.gob.ve\/mpppstweb\/wp-content\/uploads\/2017\/02\/DESFILE-EZEQUIEL-ZAMORA.jpg","type":"image\/jpeg"}],"author":"MPPPST Prensa","twitter_card":"summary_large_image","twitter_misc":{"Escrito por":"MPPPST Prensa","Tiempo de lectura":"2 minutos"},"schema":{"@context":"https:\/\/schema.org","@graph":[{"@type":"Article","@id":"https:\/\/www.mpppst.gob.ve\/mpppstweb\/index.php\/2017\/02\/01\/union-civico-militar-quedo-demostrada-en-desfile-en-conmemoracion-a-ezequiel-zamora\/#article","isPartOf":{"@id":"https:\/\/www.mpppst.gob.ve\/mpppstweb\/index.php\/2017\/02\/01\/union-civico-militar-quedo-demostrada-en-desfile-en-conmemoracion-a-ezequiel-zamora\/"},"author":{"name":"MPPPST Prensa","@id":"https:\/\/www.mpppst.gob.ve\/mpppstweb\/#\/schema\/person\/fc187ee8ead412bd4c9304b62f900ea4"},"headline":"Uni\u00f3n c\u00edvico militar qued\u00f3 demostrada en desfile en conmemoraci\u00f3n a Ezequiel Zamora\u00a0","datePublished":"2017-02-01T21:46:36+00:00","dateModified":"2017-02-01T21:47:46+00:00","mainEntityOfPage":{"@id":"https:\/\/www.mpppst.gob.ve\/mpppstweb\/index.php\/2017\/02\/01\/union-civico-militar-quedo-demostrada-en-desfile-en-conmemoracion-a-ezequiel-zamora\/"},"wordCount":337,"publisher":{"@id":"https:\/\/www.mpppst.gob.ve\/mpppstweb\/#organization"},"image":{"@id":"https:\/\/www.mpppst.gob.ve\/mpppstweb\/index.php\/2017\/02\/01\/union-civico-militar-quedo-demostrada-en-desfile-en-conmemoracion-a-ezequiel-zamora\/#primaryimage"},"thumbnailUrl":"https:\/\/www.mpppst.gob.ve\/mpppstweb\/wp-content\/uploads\/2017\/02\/DESFILE-EZEQUIEL-ZAMORA.jpg","keywords":["Defensa Integral","Gobierno Bolivariano"],"articleSection":["Gobierno Nacional"],"inLanguage":"es"},{"@type":"WebPage","@id":"https:\/\/www.mpppst.gob.ve\/mpppstweb\/index.php\/2017\/02\/01\/union-civico-militar-quedo-demostrada-en-desfile-en-conmemoracion-a-ezequiel-zamora\/","url":"https:\/\/www.mpppst.gob.ve\/mpppstweb\/index.php\/2017\/02\/01\/union-civico-militar-quedo-demostrada-en-desfile-en-conmemoracion-a-ezequiel-zamora\/","name":"Uni\u00f3n c\u00edvico militar qued\u00f3 demostrada en desfile en conmemoraci\u00f3n a Ezequiel Zamora\u00a0 - MPPPST","isPartOf":{"@id":"https:\/\/www.mpppst.gob.ve\/mpppstweb\/#website"},"primaryImageOfPage":{"@id":"https:\/\/www.mpppst.gob.ve\/mpppstweb\/index.php\/2017\/02\/01\/union-civico-militar-quedo-demostrada-en-desfile-en-conmemoracion-a-ezequiel-zamora\/#primaryimage"},"image":{"@id":"https:\/\/www.mpppst.gob.ve\/mpppstweb\/index.php\/2017\/02\/01\/union-civico-militar-quedo-demostrada-en-desfile-en-conmemoracion-a-ezequiel-zamora\/#primaryimage"},"thumbnailUrl":"https:\/\/www.mpppst.gob.ve\/mpppstweb\/wp-content\/uploads\/2017\/02\/DESFILE-EZEQUIEL-ZAMORA.jpg","datePublished":"2017-02-01T21:46:36+00:00","dateModified":"2017-02-01T21:47:46+00:00","breadcrumb":{"@id":"https:\/\/www.mpppst.gob.ve\/mpppstweb\/index.php\/2017\/02\/01\/union-civico-militar-quedo-demostrada-en-desfile-en-conmemoracion-a-ezequiel-zamora\/#breadcrumb"},"inLanguage":"es","potentialAction":[{"@type":"ReadAction","target":["https:\/\/www.mpppst.gob.ve\/mpppstweb\/index.php\/2017\/02\/01\/union-civico-militar-quedo-demostrada-en-desfile-en-conmemoracion-a-ezequiel-zamora\/"]}]},{"@type":"ImageObject","inLanguage":"es","@id":"https:\/\/www.mpppst.gob.ve\/mpppstweb\/index.php\/2017\/02\/01\/union-civico-militar-quedo-demostrada-en-desfile-en-conmemoracion-a-ezequiel-zamora\/#primaryimage","url":"https:\/\/www.mpppst.gob.ve\/mpppstweb\/wp-content\/uploads\/2017\/02\/DESFILE-EZEQUIEL-ZAMORA.jpg","contentUrl":"https:\/\/www.mpppst.gob.ve\/mpppstweb\/wp-content\/uploads\/2017\/02\/DESFILE-EZEQUIEL-ZAMORA.jpg","width":800,"height":445},{"@type":"BreadcrumbList","@id":"https:\/\/www.mpppst.gob.ve\/mpppstweb\/index.php\/2017\/02\/01\/union-civico-militar-quedo-demostrada-en-desfile-en-conmemoracion-a-ezequiel-zamora\/#breadcrumb","itemListElement":[{"@type":"ListItem","position":1,"name":"Home","item":"https:\/\/www.mpppst.gob.ve\/mpppstweb\/"},{"@type":"ListItem","position":2,"name":"Uni\u00f3n c\u00edvico militar qued\u00f3 demostrada en desfile en conmemoraci\u00f3n a Ezequiel Zamora\u00a0"}]},{"@type":"WebSite","@id":"https:\/\/www.mpppst.gob.ve\/mpppstweb\/#website","url":"https:\/\/www.mpppst.gob.ve\/mpppstweb\/","name":"MPPPST","description":"Ministerio del Poder Popular para el Proceso Social de Trabajo","publisher":{"@id":"https:\/\/www.mpppst.gob.ve\/mpppstweb\/#organization"},"potentialAction":[{"@type":"SearchAction","target":{"@type":"EntryPoint","urlTemplate":"https:\/\/www.mpppst.gob.ve\/mpppstweb\/?s={search_term_string}"},"query-input":"required name=search_term_string"}],"inLanguage":"es"},{"@type":"Organization","@id":"https:\/\/www.mpppst.gob.ve\/mpppstweb\/#organization","name":"mpppst","url":"https:\/\/www.mpppst.gob.ve\/mpppstweb\/","logo":{"@type":"ImageObject","inLanguage":"es","@id":"https:\/\/www.mpppst.gob.ve\/mpppstweb\/#\/schema\/logo\/image\/","url":"https:\/\/www.mpppst.gob.ve\/mpppstweb\/wp-content\/uploads\/2025\/07\/cropped-cropped-g910.png","contentUrl":"https:\/\/www.mpppst.gob.ve\/mpppstweb\/wp-content\/uploads\/2025\/07\/cropped-cropped-g910.png","width":1080,"height":241,"caption":"mpppst"},"image":{"@id":"https:\/\/www.mpppst.gob.ve\/mpppstweb\/#\/schema\/logo\/image\/"}},{"@type":"Person","@id":"https:\/\/www.mpppst.gob.ve\/mpppstweb\/#\/schema\/person\/fc187ee8ead412bd4c9304b62f900ea4","name":"MPPPST Prensa","url":"https:\/\/www.mpppst.gob.ve\/mpppstweb\/index.php\/author\/prensa-mpppst\/"}]}},"_links":{"self":[{"href":"https:\/\/www.mpppst.gob.ve\/mpppstweb\/index.php\/wp-json\/wp\/v2\/posts\/10422"}],"collection":[{"href":"https:\/\/www.mpppst.gob.ve\/mpppstweb\/index.php\/wp-json\/wp\/v2\/posts"}],"about":[{"href":"https:\/\/www.mpppst.gob.ve\/mpppstweb\/index.php\/wp-json\/wp\/v2\/types\/post"}],"author":[{"embeddable":true,"href":"https:\/\/www.mpppst.gob.ve\/mpppstweb\/index.php\/wp-json\/wp\/v2\/users\/25"}],"replies":[{"embeddable":true,"href":"https:\/\/www.mpppst.gob.ve\/mpppstweb\/index.php\/wp-json\/wp\/v2\/comments?post=10422"}],"version-history":[{"count":2,"href":"https:\/\/www.mpppst.gob.ve\/mpppstweb\/index.php\/wp-json\/wp\/v2\/posts\/10422\/revisions"}],"predecessor-version":[{"id":10425,"href":"https:\/\/www.mpppst.gob.ve\/mpppstweb\/index.php\/wp-json\/wp\/v2\/posts\/10422\/revisions\/10425"}],"wp:featuredmedia":[{"embeddable":true,"href":"https:\/\/www.mpppst.gob.ve\/mpppstweb\/index.php\/wp-json\/wp\/v2\/media\/10423"}],"wp:attachment":[{"href":"https:\/\/www.mpppst.gob.ve\/mpppstweb\/index.php\/wp-json\/wp\/v2\/media?parent=10422"}],"wp:term":[{"taxonomy":"category","embeddable":true,"href":"https:\/\/www.mpppst.gob.ve\/mpppstweb\/index.php\/wp-json\/wp\/v2\/categories?post=10422"},{"taxonomy":"post_tag","embeddable":true,"href":"https:\/\/www.mpppst.gob.ve\/mpppstweb\/index.php\/wp-json\/wp\/v2\/tags?post=10422"}],"curies":[{"name":"wp","href":"https:\/\/api.w.org\/{rel}","templated":true}]}}