{"id":10433,"date":"2017-02-03T15:52:57","date_gmt":"2017-02-03T15:52:57","guid":{"rendered":"http:\/\/www.mpppst.gob.ve\/mpppstweb\/?p=10433"},"modified":"2017-02-03T15:52:57","modified_gmt":"2017-02-03T15:52:57","slug":"ministro-torrealba-traza-lineas-estrategicas-de-2017-con-directores-estadales-y-gerentes-regionales-de-inpsasel","status":"publish","type":"post","link":"https:\/\/www.mpppst.gob.ve\/mpppstweb\/index.php\/2017\/02\/03\/ministro-torrealba-traza-lineas-estrategicas-de-2017-con-directores-estadales-y-gerentes-regionales-de-inpsasel\/","title":{"rendered":"Ministro Torrealba traza l\u00edneas estrat\u00e9gicas de 2017 con Directores Estadales y Gerentes Regionales de Inpsasel"},"content":{"rendered":"<p>Prensa (MPPPST). El Ministro del Poder Popular para el Proceso Social de Trabajo, Francisco Torrealba, sostuvo una reuni\u00f3n con los Directores Estadales del Ministerio y con los Gerentes Regionales del Instituto Nacional de Prevenci\u00f3n, Salud y Seguridad Laboral (INPSASEL), con el fin de trazar las l\u00edneas estrat\u00e9gicas para este a\u00f1o 2017.<\/p>\n<p>El Ministro estuvo acompa\u00f1ado por el viceministro de Previsi\u00f3n Social, N\u00e9stor Ovalles, la viceministra para Derechos y Relaciones Laborales, Leninna Galindo y Jos\u00e9 Ram\u00f3n Rivero, viceministro para el Sistema Integrado de Inspecci\u00f3n Laboral y de la Seguridad Social.<\/p>\n<p>El ministro Torrealba inform\u00f3 que el Presidente Obrero Nicol\u00e1s Maduro Moros encomend\u00f3 al Ministerio del Trabajo dos tareas fundamentales para este a\u00f1o: \u201cLa primera es el fortalecimiento de los Consejos Productivo de Trabajadores (CPT) y la segunda acentuar el Congreso de la Patria cap\u00edtulo Trabajadores y Trabajadoras\u201d.<\/p>\n<p><strong>CPT para vencer la guerra econ\u00f3mica <\/strong><\/p>\n<p>Con respecto a los CPT el Ministro destac\u00f3 que esta instancia es fundamental para vencer la guerra econ\u00f3mica porque permitir\u00e1 constatar los niveles de producci\u00f3n de cada empresa con el fin de que la distribuci\u00f3n de los rubros llegue al pueblo venezolano.<\/p>\n<p>Inform\u00f3 adem\u00e1s que pr\u00f3ximamente el Ministerio del Proceso Social de Trabajo \u00a0realizar\u00e1 un despliegue en el estado Portuguesa para ir a cada empresa donde est\u00e9n conformados los Consejos Productivos de Trabajadores y determinar los avances que se han obtenido en materia productiva.<\/p>\n<p>Sobre la segunda tarea encomendada por el Primer Mandatario Nacional, sostuvo que se deben realizar Congresos de la Patria cap\u00edtulo Trabajadores y Trabajadoras en cada estado, tal como se hizo en Guayana cuando se realiz\u00f3 un acto donde participaron el\u00a0sector aluminio, hierro y acero, forestal, minero, mujeres, juventud, poder popular y briqueteras.<\/p>\n<p>Destac\u00f3 que el Ministerio del Poder Popular para el Proceso Social de Trabajo, junto con los entes adscritos, recorrer\u00e1n todo el pa\u00eds para trabajar con los Consejos Productivo de Trabajadores y el Congreso de la Patria cap\u00edtulo Trabajadores y Trabajadoras.<\/p>\n<p>Torrealba solicit\u00f3 \u00a0a los directores estadales la mayor articulaci\u00f3n posible con los coordinadores y directores de los entes adscritos para poder cumplir los objetivos planteados este a\u00f1o.<\/p>\n<p>Por Carlos Palacios<\/p>\n","protected":false},"excerpt":{"rendered":"<p>Prensa (MPPPST). El Ministro del Poder Popular para el Proceso Social de Trabajo, Francisco Torrealba, sostuvo &hellip; <a title=\"Ministro Torrealba traza l\u00edneas estrat\u00e9gicas de 2017 con Directores Estadales y Gerentes Regionales de Inpsasel\" class=\"hm-read-more\" href=\"https:\/\/www.mpppst.gob.ve\/mpppstweb\/index.php\/2017\/02\/03\/ministro-torrealba-traza-lineas-estrategicas-de-2017-con-directores-estadales-y-gerentes-regionales-de-inpsasel\/\"><span class=\"screen-reader-text\">Ministro Torrealba traza l\u00edneas estrat\u00e9gicas de 2017 con Directores Estadales y Gerentes Regionales de Inpsasel<\/span>Read more<\/a><\/p>\n","protected":false},"author":25,"featured_media":10434,"comment_status":"closed","ping_status":"closed","sticky":false,"template":"","format":"standard","meta":{"footnotes":""},"categories":[239,83,163,84],"tags":[244,225,250,223],"yoast_head":"<!-- This site is optimized with the Yoast SEO plugin v22.5 - https:\/\/yoast.com\/wordpress\/plugins\/seo\/ -->\n<title>Ministro Torrealba traza l\u00edneas estrat\u00e9gicas de 2017 con Directores Estadales y Gerentes Regionales de Inpsasel - MPPPST<\/title>\n<meta name=\"robots\" content=\"index, follow, max-snippet:-1, max-image-preview:large, max-video-preview:-1\" \/>\n<link rel=\"canonical\" href=\"https:\/\/www.mpppst.gob.ve\/mpppstweb\/index.php\/2017\/02\/03\/ministro-torrealba-traza-lineas-estrategicas-de-2017-con-directores-estadales-y-gerentes-regionales-de-inpsasel\/\" \/>\n<meta property=\"og:locale\" content=\"es_ES\" \/>\n<meta property=\"og:type\" content=\"article\" \/>\n<meta property=\"og:title\" content=\"Ministro Torrealba traza l\u00edneas estrat\u00e9gicas de 2017 con Directores Estadales y Gerentes Regionales de Inpsasel - MPPPST\" \/>\n<meta property=\"og:description\" content=\"Prensa (MPPPST). El Ministro del Poder Popular para el Proceso Social de Trabajo, Francisco Torrealba, sostuvo &hellip; Ministro Torrealba traza l\u00edneas estrat\u00e9gicas de 2017 con Directores Estadales y Gerentes Regionales de InpsaselRead more\" \/>\n<meta property=\"og:url\" content=\"https:\/\/www.mpppst.gob.ve\/mpppstweb\/index.php\/2017\/02\/03\/ministro-torrealba-traza-lineas-estrategicas-de-2017-con-directores-estadales-y-gerentes-regionales-de-inpsasel\/\" \/>\n<meta property=\"og:site_name\" content=\"MPPPST\" \/>\n<meta property=\"article:published_time\" content=\"2017-02-03T15:52:57+00:00\" \/>\n<meta property=\"og:image\" content=\"https:\/\/www.mpppst.gob.ve\/mpppstweb\/wp-content\/uploads\/2017\/02\/Foto.jpg\" \/>\n\t<meta property=\"og:image:width\" content=\"800\" \/>\n\t<meta property=\"og:image:height\" content=\"445\" \/>\n\t<meta property=\"og:image:type\" content=\"image\/jpeg\" \/>\n<meta name=\"author\" content=\"MPPPST Prensa\" \/>\n<meta name=\"twitter:card\" content=\"summary_large_image\" \/>\n<meta name=\"twitter:label1\" content=\"Escrito por\" \/>\n\t<meta name=\"twitter:data1\" content=\"MPPPST Prensa\" \/>\n\t<meta name=\"twitter:label2\" content=\"Tiempo de lectura\" \/>\n\t<meta name=\"twitter:data2\" content=\"2 minutos\" \/>\n<script type=\"application\/ld+json\" class=\"yoast-schema-graph\">{\"@context\":\"https:\/\/schema.org\",\"@graph\":[{\"@type\":\"Article\",\"@id\":\"https:\/\/www.mpppst.gob.ve\/mpppstweb\/index.php\/2017\/02\/03\/ministro-torrealba-traza-lineas-estrategicas-de-2017-con-directores-estadales-y-gerentes-regionales-de-inpsasel\/#article\",\"isPartOf\":{\"@id\":\"https:\/\/www.mpppst.gob.ve\/mpppstweb\/index.php\/2017\/02\/03\/ministro-torrealba-traza-lineas-estrategicas-de-2017-con-directores-estadales-y-gerentes-regionales-de-inpsasel\/\"},\"author\":{\"name\":\"MPPPST Prensa\",\"@id\":\"https:\/\/www.mpppst.gob.ve\/mpppstweb\/#\/schema\/person\/fc187ee8ead412bd4c9304b62f900ea4\"},\"headline\":\"Ministro Torrealba traza l\u00edneas estrat\u00e9gicas de 2017 con Directores Estadales y Gerentes Regionales de Inpsasel\",\"datePublished\":\"2017-02-03T15:52:57+00:00\",\"dateModified\":\"2017-02-03T15:52:57+00:00\",\"mainEntityOfPage\":{\"@id\":\"https:\/\/www.mpppst.gob.ve\/mpppstweb\/index.php\/2017\/02\/03\/ministro-torrealba-traza-lineas-estrategicas-de-2017-con-directores-estadales-y-gerentes-regionales-de-inpsasel\/\"},\"wordCount\":390,\"publisher\":{\"@id\":\"https:\/\/www.mpppst.gob.ve\/mpppstweb\/#organization\"},\"image\":{\"@id\":\"https:\/\/www.mpppst.gob.ve\/mpppstweb\/index.php\/2017\/02\/03\/ministro-torrealba-traza-lineas-estrategicas-de-2017-con-directores-estadales-y-gerentes-regionales-de-inpsasel\/#primaryimage\"},\"thumbnailUrl\":\"https:\/\/www.mpppst.gob.ve\/mpppstweb\/wp-content\/uploads\/2017\/02\/Foto.jpg\",\"keywords\":[\"AUTOFORMACI\u00d3N COLECTIVA\",\"Fuerza Laboral\",\"Inpsasel\",\"MPPPST\"],\"articleSection\":[\"Entes adscritos\",\"Ministerio\",\"Noticias\",\"Vida Laboral y Sindical\"],\"inLanguage\":\"es\"},{\"@type\":\"WebPage\",\"@id\":\"https:\/\/www.mpppst.gob.ve\/mpppstweb\/index.php\/2017\/02\/03\/ministro-torrealba-traza-lineas-estrategicas-de-2017-con-directores-estadales-y-gerentes-regionales-de-inpsasel\/\",\"url\":\"https:\/\/www.mpppst.gob.ve\/mpppstweb\/index.php\/2017\/02\/03\/ministro-torrealba-traza-lineas-estrategicas-de-2017-con-directores-estadales-y-gerentes-regionales-de-inpsasel\/\",\"name\":\"Ministro Torrealba traza l\u00edneas estrat\u00e9gicas de 2017 con Directores Estadales y Gerentes Regionales de Inpsasel - MPPPST\",\"isPartOf\":{\"@id\":\"https:\/\/www.mpppst.gob.ve\/mpppstweb\/#website\"},\"primaryImageOfPage\":{\"@id\":\"https:\/\/www.mpppst.gob.ve\/mpppstweb\/index.php\/2017\/02\/03\/ministro-torrealba-traza-lineas-estrategicas-de-2017-con-directores-estadales-y-gerentes-regionales-de-inpsasel\/#primaryimage\"},\"image\":{\"@id\":\"https:\/\/www.mpppst.gob.ve\/mpppstweb\/index.php\/2017\/02\/03\/ministro-torrealba-traza-lineas-estrategicas-de-2017-con-directores-estadales-y-gerentes-regionales-de-inpsasel\/#primaryimage\"},\"thumbnailUrl\":\"https:\/\/www.mpppst.gob.ve\/mpppstweb\/wp-content\/uploads\/2017\/02\/Foto.jpg\",\"datePublished\":\"2017-02-03T15:52:57+00:00\",\"dateModified\":\"2017-02-03T15:52:57+00:00\",\"breadcrumb\":{\"@id\":\"https:\/\/www.mpppst.gob.ve\/mpppstweb\/index.php\/2017\/02\/03\/ministro-torrealba-traza-lineas-estrategicas-de-2017-con-directores-estadales-y-gerentes-regionales-de-inpsasel\/#breadcrumb\"},\"inLanguage\":\"es\",\"potentialAction\":[{\"@type\":\"ReadAction\",\"target\":[\"https:\/\/www.mpppst.gob.ve\/mpppstweb\/index.php\/2017\/02\/03\/ministro-torrealba-traza-lineas-estrategicas-de-2017-con-directores-estadales-y-gerentes-regionales-de-inpsasel\/\"]}]},{\"@type\":\"ImageObject\",\"inLanguage\":\"es\",\"@id\":\"https:\/\/www.mpppst.gob.ve\/mpppstweb\/index.php\/2017\/02\/03\/ministro-torrealba-traza-lineas-estrategicas-de-2017-con-directores-estadales-y-gerentes-regionales-de-inpsasel\/#primaryimage\",\"url\":\"https:\/\/www.mpppst.gob.ve\/mpppstweb\/wp-content\/uploads\/2017\/02\/Foto.jpg\",\"contentUrl\":\"https:\/\/www.mpppst.gob.ve\/mpppstweb\/wp-content\/uploads\/2017\/02\/Foto.jpg\",\"width\":800,\"height\":445},{\"@type\":\"BreadcrumbList\",\"@id\":\"https:\/\/www.mpppst.gob.ve\/mpppstweb\/index.php\/2017\/02\/03\/ministro-torrealba-traza-lineas-estrategicas-de-2017-con-directores-estadales-y-gerentes-regionales-de-inpsasel\/#breadcrumb\",\"itemListElement\":[{\"@type\":\"ListItem\",\"position\":1,\"name\":\"Home\",\"item\":\"https:\/\/www.mpppst.gob.ve\/mpppstweb\/\"},{\"@type\":\"ListItem\",\"position\":2,\"name\":\"Ministro Torrealba traza l\u00edneas estrat\u00e9gicas de 2017 con Directores Estadales y Gerentes Regionales de Inpsasel\"}]},{\"@type\":\"WebSite\",\"@id\":\"https:\/\/www.mpppst.gob.ve\/mpppstweb\/#website\",\"url\":\"https:\/\/www.mpppst.gob.ve\/mpppstweb\/\",\"name\":\"MPPPST\",\"description\":\"Ministerio del Poder Popular para el Proceso Social de Trabajo\",\"publisher\":{\"@id\":\"https:\/\/www.mpppst.gob.ve\/mpppstweb\/#organization\"},\"potentialAction\":[{\"@type\":\"SearchAction\",\"target\":{\"@type\":\"EntryPoint\",\"urlTemplate\":\"https:\/\/www.mpppst.gob.ve\/mpppstweb\/?s={search_term_string}\"},\"query-input\":\"required name=search_term_string\"}],\"inLanguage\":\"es\"},{\"@type\":\"Organization\",\"@id\":\"https:\/\/www.mpppst.gob.ve\/mpppstweb\/#organization\",\"name\":\"mpppst\",\"url\":\"https:\/\/www.mpppst.gob.ve\/mpppstweb\/\",\"logo\":{\"@type\":\"ImageObject\",\"inLanguage\":\"es\",\"@id\":\"https:\/\/www.mpppst.gob.ve\/mpppstweb\/#\/schema\/logo\/image\/\",\"url\":\"https:\/\/www.mpppst.gob.ve\/mpppstweb\/wp-content\/uploads\/2025\/07\/cropped-cropped-g910.png\",\"contentUrl\":\"https:\/\/www.mpppst.gob.ve\/mpppstweb\/wp-content\/uploads\/2025\/07\/cropped-cropped-g910.png\",\"width\":1080,\"height\":241,\"caption\":\"mpppst\"},\"image\":{\"@id\":\"https:\/\/www.mpppst.gob.ve\/mpppstweb\/#\/schema\/logo\/image\/\"}},{\"@type\":\"Person\",\"@id\":\"https:\/\/www.mpppst.gob.ve\/mpppstweb\/#\/schema\/person\/fc187ee8ead412bd4c9304b62f900ea4\",\"name\":\"MPPPST Prensa\",\"url\":\"https:\/\/www.mpppst.gob.ve\/mpppstweb\/index.php\/author\/prensa-mpppst\/\"}]}<\/script>\n<!-- \/ Yoast SEO plugin. -->","yoast_head_json":{"title":"Ministro Torrealba traza l\u00edneas estrat\u00e9gicas de 2017 con Directores Estadales y Gerentes Regionales de Inpsasel - MPPPST","robots":{"index":"index","follow":"follow","max-snippet":"max-snippet:-1","max-image-preview":"max-image-preview:large","max-video-preview":"max-video-preview:-1"},"canonical":"https:\/\/www.mpppst.gob.ve\/mpppstweb\/index.php\/2017\/02\/03\/ministro-torrealba-traza-lineas-estrategicas-de-2017-con-directores-estadales-y-gerentes-regionales-de-inpsasel\/","og_locale":"es_ES","og_type":"article","og_title":"Ministro Torrealba traza l\u00edneas estrat\u00e9gicas de 2017 con Directores Estadales y Gerentes Regionales de Inpsasel - MPPPST","og_description":"Prensa (MPPPST). El Ministro del Poder Popular para el Proceso Social de Trabajo, Francisco Torrealba, sostuvo &hellip; Ministro Torrealba traza l\u00edneas estrat\u00e9gicas de 2017 con Directores Estadales y Gerentes Regionales de InpsaselRead more","og_url":"https:\/\/www.mpppst.gob.ve\/mpppstweb\/index.php\/2017\/02\/03\/ministro-torrealba-traza-lineas-estrategicas-de-2017-con-directores-estadales-y-gerentes-regionales-de-inpsasel\/","og_site_name":"MPPPST","article_published_time":"2017-02-03T15:52:57+00:00","og_image":[{"width":800,"height":445,"url":"https:\/\/www.mpppst.gob.ve\/mpppstweb\/wp-content\/uploads\/2017\/02\/Foto.jpg","type":"image\/jpeg"}],"author":"MPPPST Prensa","twitter_card":"summary_large_image","twitter_misc":{"Escrito por":"MPPPST Prensa","Tiempo de lectura":"2 minutos"},"schema":{"@context":"https:\/\/schema.org","@graph":[{"@type":"Article","@id":"https:\/\/www.mpppst.gob.ve\/mpppstweb\/index.php\/2017\/02\/03\/ministro-torrealba-traza-lineas-estrategicas-de-2017-con-directores-estadales-y-gerentes-regionales-de-inpsasel\/#article","isPartOf":{"@id":"https:\/\/www.mpppst.gob.ve\/mpppstweb\/index.php\/2017\/02\/03\/ministro-torrealba-traza-lineas-estrategicas-de-2017-con-directores-estadales-y-gerentes-regionales-de-inpsasel\/"},"author":{"name":"MPPPST Prensa","@id":"https:\/\/www.mpppst.gob.ve\/mpppstweb\/#\/schema\/person\/fc187ee8ead412bd4c9304b62f900ea4"},"headline":"Ministro Torrealba traza l\u00edneas estrat\u00e9gicas de 2017 con Directores Estadales y Gerentes Regionales de Inpsasel","datePublished":"2017-02-03T15:52:57+00:00","dateModified":"2017-02-03T15:52:57+00:00","mainEntityOfPage":{"@id":"https:\/\/www.mpppst.gob.ve\/mpppstweb\/index.php\/2017\/02\/03\/ministro-torrealba-traza-lineas-estrategicas-de-2017-con-directores-estadales-y-gerentes-regionales-de-inpsasel\/"},"wordCount":390,"publisher":{"@id":"https:\/\/www.mpppst.gob.ve\/mpppstweb\/#organization"},"image":{"@id":"https:\/\/www.mpppst.gob.ve\/mpppstweb\/index.php\/2017\/02\/03\/ministro-torrealba-traza-lineas-estrategicas-de-2017-con-directores-estadales-y-gerentes-regionales-de-inpsasel\/#primaryimage"},"thumbnailUrl":"https:\/\/www.mpppst.gob.ve\/mpppstweb\/wp-content\/uploads\/2017\/02\/Foto.jpg","keywords":["AUTOFORMACI\u00d3N COLECTIVA","Fuerza Laboral","Inpsasel","MPPPST"],"articleSection":["Entes adscritos","Ministerio","Noticias","Vida Laboral y Sindical"],"inLanguage":"es"},{"@type":"WebPage","@id":"https:\/\/www.mpppst.gob.ve\/mpppstweb\/index.php\/2017\/02\/03\/ministro-torrealba-traza-lineas-estrategicas-de-2017-con-directores-estadales-y-gerentes-regionales-de-inpsasel\/","url":"https:\/\/www.mpppst.gob.ve\/mpppstweb\/index.php\/2017\/02\/03\/ministro-torrealba-traza-lineas-estrategicas-de-2017-con-directores-estadales-y-gerentes-regionales-de-inpsasel\/","name":"Ministro Torrealba traza l\u00edneas estrat\u00e9gicas de 2017 con Directores Estadales y Gerentes Regionales de Inpsasel - MPPPST","isPartOf":{"@id":"https:\/\/www.mpppst.gob.ve\/mpppstweb\/#website"},"primaryImageOfPage":{"@id":"https:\/\/www.mpppst.gob.ve\/mpppstweb\/index.php\/2017\/02\/03\/ministro-torrealba-traza-lineas-estrategicas-de-2017-con-directores-estadales-y-gerentes-regionales-de-inpsasel\/#primaryimage"},"image":{"@id":"https:\/\/www.mpppst.gob.ve\/mpppstweb\/index.php\/2017\/02\/03\/ministro-torrealba-traza-lineas-estrategicas-de-2017-con-directores-estadales-y-gerentes-regionales-de-inpsasel\/#primaryimage"},"thumbnailUrl":"https:\/\/www.mpppst.gob.ve\/mpppstweb\/wp-content\/uploads\/2017\/02\/Foto.jpg","datePublished":"2017-02-03T15:52:57+00:00","dateModified":"2017-02-03T15:52:57+00:00","breadcrumb":{"@id":"https:\/\/www.mpppst.gob.ve\/mpppstweb\/index.php\/2017\/02\/03\/ministro-torrealba-traza-lineas-estrategicas-de-2017-con-directores-estadales-y-gerentes-regionales-de-inpsasel\/#breadcrumb"},"inLanguage":"es","potentialAction":[{"@type":"ReadAction","target":["https:\/\/www.mpppst.gob.ve\/mpppstweb\/index.php\/2017\/02\/03\/ministro-torrealba-traza-lineas-estrategicas-de-2017-con-directores-estadales-y-gerentes-regionales-de-inpsasel\/"]}]},{"@type":"ImageObject","inLanguage":"es","@id":"https:\/\/www.mpppst.gob.ve\/mpppstweb\/index.php\/2017\/02\/03\/ministro-torrealba-traza-lineas-estrategicas-de-2017-con-directores-estadales-y-gerentes-regionales-de-inpsasel\/#primaryimage","url":"https:\/\/www.mpppst.gob.ve\/mpppstweb\/wp-content\/uploads\/2017\/02\/Foto.jpg","contentUrl":"https:\/\/www.mpppst.gob.ve\/mpppstweb\/wp-content\/uploads\/2017\/02\/Foto.jpg","width":800,"height":445},{"@type":"BreadcrumbList","@id":"https:\/\/www.mpppst.gob.ve\/mpppstweb\/index.php\/2017\/02\/03\/ministro-torrealba-traza-lineas-estrategicas-de-2017-con-directores-estadales-y-gerentes-regionales-de-inpsasel\/#breadcrumb","itemListElement":[{"@type":"ListItem","position":1,"name":"Home","item":"https:\/\/www.mpppst.gob.ve\/mpppstweb\/"},{"@type":"ListItem","position":2,"name":"Ministro Torrealba traza l\u00edneas estrat\u00e9gicas de 2017 con Directores Estadales y Gerentes Regionales de Inpsasel"}]},{"@type":"WebSite","@id":"https:\/\/www.mpppst.gob.ve\/mpppstweb\/#website","url":"https:\/\/www.mpppst.gob.ve\/mpppstweb\/","name":"MPPPST","description":"Ministerio del Poder Popular para el Proceso Social de Trabajo","publisher":{"@id":"https:\/\/www.mpppst.gob.ve\/mpppstweb\/#organization"},"potentialAction":[{"@type":"SearchAction","target":{"@type":"EntryPoint","urlTemplate":"https:\/\/www.mpppst.gob.ve\/mpppstweb\/?s={search_term_string}"},"query-input":"required name=search_term_string"}],"inLanguage":"es"},{"@type":"Organization","@id":"https:\/\/www.mpppst.gob.ve\/mpppstweb\/#organization","name":"mpppst","url":"https:\/\/www.mpppst.gob.ve\/mpppstweb\/","logo":{"@type":"ImageObject","inLanguage":"es","@id":"https:\/\/www.mpppst.gob.ve\/mpppstweb\/#\/schema\/logo\/image\/","url":"https:\/\/www.mpppst.gob.ve\/mpppstweb\/wp-content\/uploads\/2025\/07\/cropped-cropped-g910.png","contentUrl":"https:\/\/www.mpppst.gob.ve\/mpppstweb\/wp-content\/uploads\/2025\/07\/cropped-cropped-g910.png","width":1080,"height":241,"caption":"mpppst"},"image":{"@id":"https:\/\/www.mpppst.gob.ve\/mpppstweb\/#\/schema\/logo\/image\/"}},{"@type":"Person","@id":"https:\/\/www.mpppst.gob.ve\/mpppstweb\/#\/schema\/person\/fc187ee8ead412bd4c9304b62f900ea4","name":"MPPPST Prensa","url":"https:\/\/www.mpppst.gob.ve\/mpppstweb\/index.php\/author\/prensa-mpppst\/"}]}},"_links":{"self":[{"href":"https:\/\/www.mpppst.gob.ve\/mpppstweb\/index.php\/wp-json\/wp\/v2\/posts\/10433"}],"collection":[{"href":"https:\/\/www.mpppst.gob.ve\/mpppstweb\/index.php\/wp-json\/wp\/v2\/posts"}],"about":[{"href":"https:\/\/www.mpppst.gob.ve\/mpppstweb\/index.php\/wp-json\/wp\/v2\/types\/post"}],"author":[{"embeddable":true,"href":"https:\/\/www.mpppst.gob.ve\/mpppstweb\/index.php\/wp-json\/wp\/v2\/users\/25"}],"replies":[{"embeddable":true,"href":"https:\/\/www.mpppst.gob.ve\/mpppstweb\/index.php\/wp-json\/wp\/v2\/comments?post=10433"}],"version-history":[{"count":1,"href":"https:\/\/www.mpppst.gob.ve\/mpppstweb\/index.php\/wp-json\/wp\/v2\/posts\/10433\/revisions"}],"predecessor-version":[{"id":10435,"href":"https:\/\/www.mpppst.gob.ve\/mpppstweb\/index.php\/wp-json\/wp\/v2\/posts\/10433\/revisions\/10435"}],"wp:featuredmedia":[{"embeddable":true,"href":"https:\/\/www.mpppst.gob.ve\/mpppstweb\/index.php\/wp-json\/wp\/v2\/media\/10434"}],"wp:attachment":[{"href":"https:\/\/www.mpppst.gob.ve\/mpppstweb\/index.php\/wp-json\/wp\/v2\/media?parent=10433"}],"wp:term":[{"taxonomy":"category","embeddable":true,"href":"https:\/\/www.mpppst.gob.ve\/mpppstweb\/index.php\/wp-json\/wp\/v2\/categories?post=10433"},{"taxonomy":"post_tag","embeddable":true,"href":"https:\/\/www.mpppst.gob.ve\/mpppstweb\/index.php\/wp-json\/wp\/v2\/tags?post=10433"}],"curies":[{"name":"wp","href":"https:\/\/api.w.org\/{rel}","templated":true}]}}