{"id":10436,"date":"2017-02-03T21:14:43","date_gmt":"2017-02-03T21:14:43","guid":{"rendered":"http:\/\/www.mpppst.gob.ve\/mpppstweb\/?p=10436"},"modified":"2017-02-03T21:14:43","modified_gmt":"2017-02-03T21:14:43","slug":"la-historia-del-gran-mariscal-de-ayacucho-antonio-jose-de-sucre","status":"publish","type":"post","link":"https:\/\/www.mpppst.gob.ve\/mpppstweb\/index.php\/2017\/02\/03\/la-historia-del-gran-mariscal-de-ayacucho-antonio-jose-de-sucre\/","title":{"rendered":"La historia del Gran Mariscal de Ayacucho: Antonio Jos\u00e9 de Sucre"},"content":{"rendered":"<p>Hoy se cumplen 222 a\u00f1os del natalicio del Gran Mariscal Antonio Jos\u00e9 de Sucre, quien naci\u00f3 en Cuman\u00e1 el 3 de febrero del a\u00f1o 1795.<\/p>\n<p>Sus padres fueron el teniente Vicente de Sucre y Urbaneja y Mar\u00eda Manuela de Alcal\u00e1 y S\u00e1nchez, quien muri\u00f3 cuando Sucre ten\u00eda siete a\u00f1os de edad. La partida de su madre a temprana edad llev\u00f3 a su t\u00edo Jos\u00e9 Manuel a educarlo hasta que cumpli\u00f3 15 a\u00f1os de edad, \u00e9poca en que comienza a estudiar matem\u00e1ticas y fortificaciones en la Escuela de Ingenieros de Caracas en 1808.<\/p>\n<p>Su calidad humana, actividad pol\u00edtica y efectividad militar lo llev\u00f3 a ascender en 1810 a la posici\u00f3n de alf\u00e9rez del ej\u00e9rcito.<\/p>\n<p>En 1812 fue ascendido a teniente bajo el mando de Francisco de Miranda, y sirvi\u00f3 con distinci\u00f3n en las campa\u00f1as contra los realistas; al caer la primera rep\u00fablica emigr\u00f3 a Trinidad, de donde regres\u00f3 en 1813, bajo las \u00f3rdenes de Santiago Mari\u00f1o.<\/p>\n<p>Durante ese per\u00edodo Sucre contribuy\u00f3 a organizar el Ej\u00e9rcito de Oriente en el que obtuvo el rango de teniente coronel.<\/p>\n<p>Para el a\u00f1o 1817 fue ascendido a Coronel por parte de Sim\u00f3n Bol\u00edvar y en 1818 se dirigi\u00f3 a Angostura, donde El Libertador emplaz\u00f3 su Cuartel General y ofreci\u00f3 su Discurso de Angostura; es en este momento cuando se convierte en uno de los mejores lugartenientes de Bol\u00edvar, y comienza una duradera amistad entre ellos.<\/p>\n<p>Sucre dirigi\u00f3 con \u00e9xito grandes ej\u00e9rcitos y particip\u00f3 en la redacci\u00f3n de los tratados m\u00e1s importantes entre la Gran Colombia y Espa\u00f1a, logr\u00f3 conducir la liberaci\u00f3n de Per\u00fa, Bolivia y Ecuador donde sali\u00f3 victorioso en la Batalla de Ayacucho (1824), por ello recibi\u00f3 el t\u00edtulo de Gran Mariscal de Ayacucho. Esta batalla represent\u00f3 la expulsi\u00f3n definitiva de los imperialistas espa\u00f1oles del continente americano.<\/p>\n<p>Fue el primer presidente vitalicio de Bolivia, cargo que ocup\u00f3 por dos a\u00f1os. Desde all\u00ed promovi\u00f3 varias pol\u00edticas: entre ellas la libertad de los esclavos y el reparto de tierras a los indios.<\/p>\n<p>Sin embargo, ante la presi\u00f3n de los peruanos, que se opon\u00edan a la independencia boliviana, y a los varios motines que se sucedieron a continuaci\u00f3n, el Gran Mariscal de Ayacucho decidi\u00f3 renunciar a la presidencia en 1828.<\/p>\n<p>Fue el personaje de la \u00e9poca ya que representaba la figura con m\u00e1s posibilidades de continuar el proyecto emprendido por Bol\u00edvar.<\/p>\n<p>Su muerte se produjo por una emboscada el 4 de junio de 1830 en la sierra de Berruecos, ubicada en Colombia, tras conocer las noticias sobre esta gran p\u00e9rdida el Libertador Sim\u00f3n Bol\u00edvar dijo: \u201cLo han matado porque era mi sucesor\u201d.<\/p>\n","protected":false},"excerpt":{"rendered":"<p>Hoy se cumplen 222 a\u00f1os del natalicio del Gran Mariscal Antonio Jos\u00e9 de Sucre, quien naci\u00f3 &hellip; <a title=\"La historia del Gran Mariscal de Ayacucho: Antonio Jos\u00e9 de Sucre\" class=\"hm-read-more\" href=\"https:\/\/www.mpppst.gob.ve\/mpppstweb\/index.php\/2017\/02\/03\/la-historia-del-gran-mariscal-de-ayacucho-antonio-jose-de-sucre\/\"><span class=\"screen-reader-text\">La historia del Gran Mariscal de Ayacucho: Antonio Jos\u00e9 de Sucre<\/span>Read more<\/a><\/p>\n","protected":false},"author":25,"featured_media":10437,"comment_status":"closed","ping_status":"closed","sticky":false,"template":"","format":"standard","meta":{"footnotes":""},"categories":[82,83],"tags":[222],"yoast_head":"<!-- This site is optimized with the Yoast SEO plugin v22.5 - https:\/\/yoast.com\/wordpress\/plugins\/seo\/ -->\n<title>La historia del Gran Mariscal de Ayacucho: Antonio Jos\u00e9 de Sucre - MPPPST<\/title>\n<meta name=\"robots\" content=\"index, follow, max-snippet:-1, max-image-preview:large, max-video-preview:-1\" \/>\n<link rel=\"canonical\" href=\"https:\/\/www.mpppst.gob.ve\/mpppstweb\/index.php\/2017\/02\/03\/la-historia-del-gran-mariscal-de-ayacucho-antonio-jose-de-sucre\/\" \/>\n<meta property=\"og:locale\" content=\"es_ES\" \/>\n<meta property=\"og:type\" content=\"article\" \/>\n<meta property=\"og:title\" content=\"La historia del Gran Mariscal de Ayacucho: Antonio Jos\u00e9 de Sucre - MPPPST\" \/>\n<meta property=\"og:description\" content=\"Hoy se cumplen 222 a\u00f1os del natalicio del Gran Mariscal Antonio Jos\u00e9 de Sucre, quien naci\u00f3 &hellip; La historia del Gran Mariscal de Ayacucho: Antonio Jos\u00e9 de SucreRead more\" \/>\n<meta property=\"og:url\" content=\"https:\/\/www.mpppst.gob.ve\/mpppstweb\/index.php\/2017\/02\/03\/la-historia-del-gran-mariscal-de-ayacucho-antonio-jose-de-sucre\/\" \/>\n<meta property=\"og:site_name\" content=\"MPPPST\" \/>\n<meta property=\"article:published_time\" content=\"2017-02-03T21:14:43+00:00\" \/>\n<meta property=\"og:image\" content=\"https:\/\/www.mpppst.gob.ve\/mpppstweb\/wp-content\/uploads\/2017\/02\/sucre_bolivar.jpg\" \/>\n\t<meta property=\"og:image:width\" content=\"800\" \/>\n\t<meta property=\"og:image:height\" content=\"445\" \/>\n\t<meta property=\"og:image:type\" content=\"image\/jpeg\" \/>\n<meta name=\"author\" content=\"MPPPST Prensa\" \/>\n<meta name=\"twitter:card\" content=\"summary_large_image\" \/>\n<meta name=\"twitter:label1\" content=\"Escrito por\" \/>\n\t<meta name=\"twitter:data1\" content=\"MPPPST Prensa\" \/>\n\t<meta name=\"twitter:label2\" content=\"Tiempo de lectura\" \/>\n\t<meta name=\"twitter:data2\" content=\"2 minutos\" \/>\n<script type=\"application\/ld+json\" class=\"yoast-schema-graph\">{\"@context\":\"https:\/\/schema.org\",\"@graph\":[{\"@type\":\"Article\",\"@id\":\"https:\/\/www.mpppst.gob.ve\/mpppstweb\/index.php\/2017\/02\/03\/la-historia-del-gran-mariscal-de-ayacucho-antonio-jose-de-sucre\/#article\",\"isPartOf\":{\"@id\":\"https:\/\/www.mpppst.gob.ve\/mpppstweb\/index.php\/2017\/02\/03\/la-historia-del-gran-mariscal-de-ayacucho-antonio-jose-de-sucre\/\"},\"author\":{\"name\":\"MPPPST Prensa\",\"@id\":\"https:\/\/www.mpppst.gob.ve\/mpppstweb\/#\/schema\/person\/fc187ee8ead412bd4c9304b62f900ea4\"},\"headline\":\"La historia del Gran Mariscal de Ayacucho: Antonio Jos\u00e9 de Sucre\",\"datePublished\":\"2017-02-03T21:14:43+00:00\",\"dateModified\":\"2017-02-03T21:14:43+00:00\",\"mainEntityOfPage\":{\"@id\":\"https:\/\/www.mpppst.gob.ve\/mpppstweb\/index.php\/2017\/02\/03\/la-historia-del-gran-mariscal-de-ayacucho-antonio-jose-de-sucre\/\"},\"wordCount\":463,\"publisher\":{\"@id\":\"https:\/\/www.mpppst.gob.ve\/mpppstweb\/#organization\"},\"image\":{\"@id\":\"https:\/\/www.mpppst.gob.ve\/mpppstweb\/index.php\/2017\/02\/03\/la-historia-del-gran-mariscal-de-ayacucho-antonio-jose-de-sucre\/#primaryimage\"},\"thumbnailUrl\":\"https:\/\/www.mpppst.gob.ve\/mpppstweb\/wp-content\/uploads\/2017\/02\/sucre_bolivar.jpg\",\"keywords\":[\"Gobierno Bolivariano\"],\"articleSection\":[\"Gobierno Nacional\",\"Ministerio\"],\"inLanguage\":\"es\"},{\"@type\":\"WebPage\",\"@id\":\"https:\/\/www.mpppst.gob.ve\/mpppstweb\/index.php\/2017\/02\/03\/la-historia-del-gran-mariscal-de-ayacucho-antonio-jose-de-sucre\/\",\"url\":\"https:\/\/www.mpppst.gob.ve\/mpppstweb\/index.php\/2017\/02\/03\/la-historia-del-gran-mariscal-de-ayacucho-antonio-jose-de-sucre\/\",\"name\":\"La historia del Gran Mariscal de Ayacucho: Antonio Jos\u00e9 de Sucre - MPPPST\",\"isPartOf\":{\"@id\":\"https:\/\/www.mpppst.gob.ve\/mpppstweb\/#website\"},\"primaryImageOfPage\":{\"@id\":\"https:\/\/www.mpppst.gob.ve\/mpppstweb\/index.php\/2017\/02\/03\/la-historia-del-gran-mariscal-de-ayacucho-antonio-jose-de-sucre\/#primaryimage\"},\"image\":{\"@id\":\"https:\/\/www.mpppst.gob.ve\/mpppstweb\/index.php\/2017\/02\/03\/la-historia-del-gran-mariscal-de-ayacucho-antonio-jose-de-sucre\/#primaryimage\"},\"thumbnailUrl\":\"https:\/\/www.mpppst.gob.ve\/mpppstweb\/wp-content\/uploads\/2017\/02\/sucre_bolivar.jpg\",\"datePublished\":\"2017-02-03T21:14:43+00:00\",\"dateModified\":\"2017-02-03T21:14:43+00:00\",\"breadcrumb\":{\"@id\":\"https:\/\/www.mpppst.gob.ve\/mpppstweb\/index.php\/2017\/02\/03\/la-historia-del-gran-mariscal-de-ayacucho-antonio-jose-de-sucre\/#breadcrumb\"},\"inLanguage\":\"es\",\"potentialAction\":[{\"@type\":\"ReadAction\",\"target\":[\"https:\/\/www.mpppst.gob.ve\/mpppstweb\/index.php\/2017\/02\/03\/la-historia-del-gran-mariscal-de-ayacucho-antonio-jose-de-sucre\/\"]}]},{\"@type\":\"ImageObject\",\"inLanguage\":\"es\",\"@id\":\"https:\/\/www.mpppst.gob.ve\/mpppstweb\/index.php\/2017\/02\/03\/la-historia-del-gran-mariscal-de-ayacucho-antonio-jose-de-sucre\/#primaryimage\",\"url\":\"https:\/\/www.mpppst.gob.ve\/mpppstweb\/wp-content\/uploads\/2017\/02\/sucre_bolivar.jpg\",\"contentUrl\":\"https:\/\/www.mpppst.gob.ve\/mpppstweb\/wp-content\/uploads\/2017\/02\/sucre_bolivar.jpg\",\"width\":800,\"height\":445},{\"@type\":\"BreadcrumbList\",\"@id\":\"https:\/\/www.mpppst.gob.ve\/mpppstweb\/index.php\/2017\/02\/03\/la-historia-del-gran-mariscal-de-ayacucho-antonio-jose-de-sucre\/#breadcrumb\",\"itemListElement\":[{\"@type\":\"ListItem\",\"position\":1,\"name\":\"Home\",\"item\":\"https:\/\/www.mpppst.gob.ve\/mpppstweb\/\"},{\"@type\":\"ListItem\",\"position\":2,\"name\":\"La historia del Gran Mariscal de Ayacucho: Antonio Jos\u00e9 de Sucre\"}]},{\"@type\":\"WebSite\",\"@id\":\"https:\/\/www.mpppst.gob.ve\/mpppstweb\/#website\",\"url\":\"https:\/\/www.mpppst.gob.ve\/mpppstweb\/\",\"name\":\"MPPPST\",\"description\":\"Ministerio del Poder Popular para el Proceso Social de Trabajo\",\"publisher\":{\"@id\":\"https:\/\/www.mpppst.gob.ve\/mpppstweb\/#organization\"},\"potentialAction\":[{\"@type\":\"SearchAction\",\"target\":{\"@type\":\"EntryPoint\",\"urlTemplate\":\"https:\/\/www.mpppst.gob.ve\/mpppstweb\/?s={search_term_string}\"},\"query-input\":\"required name=search_term_string\"}],\"inLanguage\":\"es\"},{\"@type\":\"Organization\",\"@id\":\"https:\/\/www.mpppst.gob.ve\/mpppstweb\/#organization\",\"name\":\"mpppst\",\"url\":\"https:\/\/www.mpppst.gob.ve\/mpppstweb\/\",\"logo\":{\"@type\":\"ImageObject\",\"inLanguage\":\"es\",\"@id\":\"https:\/\/www.mpppst.gob.ve\/mpppstweb\/#\/schema\/logo\/image\/\",\"url\":\"https:\/\/www.mpppst.gob.ve\/mpppstweb\/wp-content\/uploads\/2025\/07\/cropped-cropped-g910.png\",\"contentUrl\":\"https:\/\/www.mpppst.gob.ve\/mpppstweb\/wp-content\/uploads\/2025\/07\/cropped-cropped-g910.png\",\"width\":1080,\"height\":241,\"caption\":\"mpppst\"},\"image\":{\"@id\":\"https:\/\/www.mpppst.gob.ve\/mpppstweb\/#\/schema\/logo\/image\/\"}},{\"@type\":\"Person\",\"@id\":\"https:\/\/www.mpppst.gob.ve\/mpppstweb\/#\/schema\/person\/fc187ee8ead412bd4c9304b62f900ea4\",\"name\":\"MPPPST Prensa\",\"url\":\"https:\/\/www.mpppst.gob.ve\/mpppstweb\/index.php\/author\/prensa-mpppst\/\"}]}<\/script>\n<!-- \/ Yoast SEO plugin. -->","yoast_head_json":{"title":"La historia del Gran Mariscal de Ayacucho: Antonio Jos\u00e9 de Sucre - MPPPST","robots":{"index":"index","follow":"follow","max-snippet":"max-snippet:-1","max-image-preview":"max-image-preview:large","max-video-preview":"max-video-preview:-1"},"canonical":"https:\/\/www.mpppst.gob.ve\/mpppstweb\/index.php\/2017\/02\/03\/la-historia-del-gran-mariscal-de-ayacucho-antonio-jose-de-sucre\/","og_locale":"es_ES","og_type":"article","og_title":"La historia del Gran Mariscal de Ayacucho: Antonio Jos\u00e9 de Sucre - MPPPST","og_description":"Hoy se cumplen 222 a\u00f1os del natalicio del Gran Mariscal Antonio Jos\u00e9 de Sucre, quien naci\u00f3 &hellip; La historia del Gran Mariscal de Ayacucho: Antonio Jos\u00e9 de SucreRead more","og_url":"https:\/\/www.mpppst.gob.ve\/mpppstweb\/index.php\/2017\/02\/03\/la-historia-del-gran-mariscal-de-ayacucho-antonio-jose-de-sucre\/","og_site_name":"MPPPST","article_published_time":"2017-02-03T21:14:43+00:00","og_image":[{"width":800,"height":445,"url":"https:\/\/www.mpppst.gob.ve\/mpppstweb\/wp-content\/uploads\/2017\/02\/sucre_bolivar.jpg","type":"image\/jpeg"}],"author":"MPPPST Prensa","twitter_card":"summary_large_image","twitter_misc":{"Escrito por":"MPPPST Prensa","Tiempo de lectura":"2 minutos"},"schema":{"@context":"https:\/\/schema.org","@graph":[{"@type":"Article","@id":"https:\/\/www.mpppst.gob.ve\/mpppstweb\/index.php\/2017\/02\/03\/la-historia-del-gran-mariscal-de-ayacucho-antonio-jose-de-sucre\/#article","isPartOf":{"@id":"https:\/\/www.mpppst.gob.ve\/mpppstweb\/index.php\/2017\/02\/03\/la-historia-del-gran-mariscal-de-ayacucho-antonio-jose-de-sucre\/"},"author":{"name":"MPPPST Prensa","@id":"https:\/\/www.mpppst.gob.ve\/mpppstweb\/#\/schema\/person\/fc187ee8ead412bd4c9304b62f900ea4"},"headline":"La historia del Gran Mariscal de Ayacucho: Antonio Jos\u00e9 de Sucre","datePublished":"2017-02-03T21:14:43+00:00","dateModified":"2017-02-03T21:14:43+00:00","mainEntityOfPage":{"@id":"https:\/\/www.mpppst.gob.ve\/mpppstweb\/index.php\/2017\/02\/03\/la-historia-del-gran-mariscal-de-ayacucho-antonio-jose-de-sucre\/"},"wordCount":463,"publisher":{"@id":"https:\/\/www.mpppst.gob.ve\/mpppstweb\/#organization"},"image":{"@id":"https:\/\/www.mpppst.gob.ve\/mpppstweb\/index.php\/2017\/02\/03\/la-historia-del-gran-mariscal-de-ayacucho-antonio-jose-de-sucre\/#primaryimage"},"thumbnailUrl":"https:\/\/www.mpppst.gob.ve\/mpppstweb\/wp-content\/uploads\/2017\/02\/sucre_bolivar.jpg","keywords":["Gobierno Bolivariano"],"articleSection":["Gobierno Nacional","Ministerio"],"inLanguage":"es"},{"@type":"WebPage","@id":"https:\/\/www.mpppst.gob.ve\/mpppstweb\/index.php\/2017\/02\/03\/la-historia-del-gran-mariscal-de-ayacucho-antonio-jose-de-sucre\/","url":"https:\/\/www.mpppst.gob.ve\/mpppstweb\/index.php\/2017\/02\/03\/la-historia-del-gran-mariscal-de-ayacucho-antonio-jose-de-sucre\/","name":"La historia del Gran Mariscal de Ayacucho: Antonio Jos\u00e9 de Sucre - MPPPST","isPartOf":{"@id":"https:\/\/www.mpppst.gob.ve\/mpppstweb\/#website"},"primaryImageOfPage":{"@id":"https:\/\/www.mpppst.gob.ve\/mpppstweb\/index.php\/2017\/02\/03\/la-historia-del-gran-mariscal-de-ayacucho-antonio-jose-de-sucre\/#primaryimage"},"image":{"@id":"https:\/\/www.mpppst.gob.ve\/mpppstweb\/index.php\/2017\/02\/03\/la-historia-del-gran-mariscal-de-ayacucho-antonio-jose-de-sucre\/#primaryimage"},"thumbnailUrl":"https:\/\/www.mpppst.gob.ve\/mpppstweb\/wp-content\/uploads\/2017\/02\/sucre_bolivar.jpg","datePublished":"2017-02-03T21:14:43+00:00","dateModified":"2017-02-03T21:14:43+00:00","breadcrumb":{"@id":"https:\/\/www.mpppst.gob.ve\/mpppstweb\/index.php\/2017\/02\/03\/la-historia-del-gran-mariscal-de-ayacucho-antonio-jose-de-sucre\/#breadcrumb"},"inLanguage":"es","potentialAction":[{"@type":"ReadAction","target":["https:\/\/www.mpppst.gob.ve\/mpppstweb\/index.php\/2017\/02\/03\/la-historia-del-gran-mariscal-de-ayacucho-antonio-jose-de-sucre\/"]}]},{"@type":"ImageObject","inLanguage":"es","@id":"https:\/\/www.mpppst.gob.ve\/mpppstweb\/index.php\/2017\/02\/03\/la-historia-del-gran-mariscal-de-ayacucho-antonio-jose-de-sucre\/#primaryimage","url":"https:\/\/www.mpppst.gob.ve\/mpppstweb\/wp-content\/uploads\/2017\/02\/sucre_bolivar.jpg","contentUrl":"https:\/\/www.mpppst.gob.ve\/mpppstweb\/wp-content\/uploads\/2017\/02\/sucre_bolivar.jpg","width":800,"height":445},{"@type":"BreadcrumbList","@id":"https:\/\/www.mpppst.gob.ve\/mpppstweb\/index.php\/2017\/02\/03\/la-historia-del-gran-mariscal-de-ayacucho-antonio-jose-de-sucre\/#breadcrumb","itemListElement":[{"@type":"ListItem","position":1,"name":"Home","item":"https:\/\/www.mpppst.gob.ve\/mpppstweb\/"},{"@type":"ListItem","position":2,"name":"La historia del Gran Mariscal de Ayacucho: Antonio Jos\u00e9 de Sucre"}]},{"@type":"WebSite","@id":"https:\/\/www.mpppst.gob.ve\/mpppstweb\/#website","url":"https:\/\/www.mpppst.gob.ve\/mpppstweb\/","name":"MPPPST","description":"Ministerio del Poder Popular para el Proceso Social de Trabajo","publisher":{"@id":"https:\/\/www.mpppst.gob.ve\/mpppstweb\/#organization"},"potentialAction":[{"@type":"SearchAction","target":{"@type":"EntryPoint","urlTemplate":"https:\/\/www.mpppst.gob.ve\/mpppstweb\/?s={search_term_string}"},"query-input":"required name=search_term_string"}],"inLanguage":"es"},{"@type":"Organization","@id":"https:\/\/www.mpppst.gob.ve\/mpppstweb\/#organization","name":"mpppst","url":"https:\/\/www.mpppst.gob.ve\/mpppstweb\/","logo":{"@type":"ImageObject","inLanguage":"es","@id":"https:\/\/www.mpppst.gob.ve\/mpppstweb\/#\/schema\/logo\/image\/","url":"https:\/\/www.mpppst.gob.ve\/mpppstweb\/wp-content\/uploads\/2025\/07\/cropped-cropped-g910.png","contentUrl":"https:\/\/www.mpppst.gob.ve\/mpppstweb\/wp-content\/uploads\/2025\/07\/cropped-cropped-g910.png","width":1080,"height":241,"caption":"mpppst"},"image":{"@id":"https:\/\/www.mpppst.gob.ve\/mpppstweb\/#\/schema\/logo\/image\/"}},{"@type":"Person","@id":"https:\/\/www.mpppst.gob.ve\/mpppstweb\/#\/schema\/person\/fc187ee8ead412bd4c9304b62f900ea4","name":"MPPPST Prensa","url":"https:\/\/www.mpppst.gob.ve\/mpppstweb\/index.php\/author\/prensa-mpppst\/"}]}},"_links":{"self":[{"href":"https:\/\/www.mpppst.gob.ve\/mpppstweb\/index.php\/wp-json\/wp\/v2\/posts\/10436"}],"collection":[{"href":"https:\/\/www.mpppst.gob.ve\/mpppstweb\/index.php\/wp-json\/wp\/v2\/posts"}],"about":[{"href":"https:\/\/www.mpppst.gob.ve\/mpppstweb\/index.php\/wp-json\/wp\/v2\/types\/post"}],"author":[{"embeddable":true,"href":"https:\/\/www.mpppst.gob.ve\/mpppstweb\/index.php\/wp-json\/wp\/v2\/users\/25"}],"replies":[{"embeddable":true,"href":"https:\/\/www.mpppst.gob.ve\/mpppstweb\/index.php\/wp-json\/wp\/v2\/comments?post=10436"}],"version-history":[{"count":1,"href":"https:\/\/www.mpppst.gob.ve\/mpppstweb\/index.php\/wp-json\/wp\/v2\/posts\/10436\/revisions"}],"predecessor-version":[{"id":10438,"href":"https:\/\/www.mpppst.gob.ve\/mpppstweb\/index.php\/wp-json\/wp\/v2\/posts\/10436\/revisions\/10438"}],"wp:featuredmedia":[{"embeddable":true,"href":"https:\/\/www.mpppst.gob.ve\/mpppstweb\/index.php\/wp-json\/wp\/v2\/media\/10437"}],"wp:attachment":[{"href":"https:\/\/www.mpppst.gob.ve\/mpppstweb\/index.php\/wp-json\/wp\/v2\/media?parent=10436"}],"wp:term":[{"taxonomy":"category","embeddable":true,"href":"https:\/\/www.mpppst.gob.ve\/mpppstweb\/index.php\/wp-json\/wp\/v2\/categories?post=10436"},{"taxonomy":"post_tag","embeddable":true,"href":"https:\/\/www.mpppst.gob.ve\/mpppstweb\/index.php\/wp-json\/wp\/v2\/tags?post=10436"}],"curies":[{"name":"wp","href":"https:\/\/api.w.org\/{rel}","templated":true}]}}