{"id":10439,"date":"2017-02-03T23:13:28","date_gmt":"2017-02-03T23:13:28","guid":{"rendered":"http:\/\/www.mpppst.gob.ve\/mpppstweb\/?p=10439"},"modified":"2017-02-03T23:13:28","modified_gmt":"2017-02-03T23:13:28","slug":"contrato-colectivo-de-sidor-beneficiara-a-mas-de-60-mil-trabajadores","status":"publish","type":"post","link":"https:\/\/www.mpppst.gob.ve\/mpppstweb\/index.php\/2017\/02\/03\/contrato-colectivo-de-sidor-beneficiara-a-mas-de-60-mil-trabajadores\/","title":{"rendered":"Contrato Colectivo de Sidor beneficiar\u00e1 a m\u00e1s de 60 mil trabajadores"},"content":{"rendered":"<p>Prensa (MPPPST). La nueva convenci\u00f3n colectiva de Sidor beneficiar\u00e1 de forma directa a 18 mil trabajadores y de forma indirecta a m\u00e1s de 60 mil trabajadores del sector hierro y acero, tal como lo inform\u00f3 el ministro del Poder Popular para el Proceso Social de Trabajo, Francisco Torrealba, durante una rueda de prensa realizada en el sal\u00f3n de Usos M\u00faltiples del MPPPST.<\/p>\n<p>Torrealba expres\u00f3 que Sidor es una empresa muy importante para la Revoluci\u00f3n Bolivariana. \u201cSidor es de un inter\u00e9s especial para Venezuela y la regi\u00f3n de Guayana en particular, por todo el aporte que est\u00e1 llamada a hacer en la contribuci\u00f3n del crecimiento de misiones importantes como La Gran Misi\u00f3n Vivienda Venezuela\u201d.<\/p>\n<p>El Ministro inform\u00f3 que el lunes 6 de febrero se proceder\u00e1 a entregar este proyecto de Contrataci\u00f3n Colectiva, el cual ser\u00e1 discutido luego. \u201cEstamos seguros que esta discusi\u00f3n se llevar\u00e1 en el mejor de los t\u00e9rminos. Auguramos que sea una enriquecedora discusi\u00f3n de Convenci\u00f3n Colectiva\u201d.<\/p>\n<p>Torrealba expres\u00f3 que esta es una demostraci\u00f3n que el Gobierno Revolucionario tiene un compromiso con los Trabajadores y Trabajadoras de toda la Rep\u00fablica Bolivariana de Venezuela.<\/p>\n<p><strong>Trabajadores comprometidos con la Revoluci\u00f3n<\/strong><\/p>\n<p>Por su parte, Jos\u00e9 Mel\u00e9ndez, secretario del Sindicato \u00danico de Trabajadores de la Industria Sider\u00fargica y sus Similares (Sutiss), destac\u00f3 que los trabajadores de Sidor est\u00e1n comprometidos con el Proceso Revolucionario y con el Presidente Obrero Nicol\u00e1s Maduro.<\/p>\n<p>\u201cLa mano de obra de Sidor es una mano de obra calificada consciente en lo pol\u00edtico, consciente del compromiso que tiene esta empresa con el pa\u00eds y consciente con lo que tenemos que hacer en el d\u00eda a d\u00eda\u201d.<\/p>\n<p>Mel\u00e9ndez inform\u00f3 que Sidor en estos momentos se encuentra produciendo para abastecer no solo a la Misi\u00f3n Vivienda Venezuela con insumos para construir las viviendas, sino tambi\u00e9n con los enlatados necesarios para la alimentaci\u00f3n de todos los venezolanos. El Sindicato \u00danico de Trabajadores de la Industria Sider\u00fargica y sus Similares (SUTISS) est\u00e1 comprometido en el modelo productivo para combatir la guerra econ\u00f3mica contra el pueblo venezolano, puntualiz\u00f3 Mel\u00e9ndez.<\/p>\n<p>Por Carlos Palacios<\/p>\n","protected":false},"excerpt":{"rendered":"<p>Prensa (MPPPST). La nueva convenci\u00f3n colectiva de Sidor beneficiar\u00e1 de forma directa a 18 mil trabajadores &hellip; <a title=\"Contrato Colectivo de Sidor beneficiar\u00e1 a m\u00e1s de 60 mil trabajadores\" class=\"hm-read-more\" href=\"https:\/\/www.mpppst.gob.ve\/mpppstweb\/index.php\/2017\/02\/03\/contrato-colectivo-de-sidor-beneficiara-a-mas-de-60-mil-trabajadores\/\"><span class=\"screen-reader-text\">Contrato Colectivo de Sidor beneficiar\u00e1 a m\u00e1s de 60 mil trabajadores<\/span>Read more<\/a><\/p>\n","protected":false},"author":25,"featured_media":10440,"comment_status":"closed","ping_status":"closed","sticky":false,"template":"","format":"standard","meta":{"footnotes":""},"categories":[163,84],"tags":[222,242,223,227,353,352,296],"yoast_head":"<!-- This site is optimized with the Yoast SEO plugin v22.5 - https:\/\/yoast.com\/wordpress\/plugins\/seo\/ -->\n<title>Contrato Colectivo de Sidor beneficiar\u00e1 a m\u00e1s de 60 mil trabajadores - MPPPST<\/title>\n<meta name=\"robots\" content=\"index, follow, max-snippet:-1, max-image-preview:large, max-video-preview:-1\" \/>\n<link rel=\"canonical\" href=\"https:\/\/www.mpppst.gob.ve\/mpppstweb\/index.php\/2017\/02\/03\/contrato-colectivo-de-sidor-beneficiara-a-mas-de-60-mil-trabajadores\/\" \/>\n<meta property=\"og:locale\" content=\"es_ES\" \/>\n<meta property=\"og:type\" content=\"article\" \/>\n<meta property=\"og:title\" content=\"Contrato Colectivo de Sidor beneficiar\u00e1 a m\u00e1s de 60 mil trabajadores - MPPPST\" \/>\n<meta property=\"og:description\" content=\"Prensa (MPPPST). La nueva convenci\u00f3n colectiva de Sidor beneficiar\u00e1 de forma directa a 18 mil trabajadores &hellip; Contrato Colectivo de Sidor beneficiar\u00e1 a m\u00e1s de 60 mil trabajadoresRead more\" \/>\n<meta property=\"og:url\" content=\"https:\/\/www.mpppst.gob.ve\/mpppstweb\/index.php\/2017\/02\/03\/contrato-colectivo-de-sidor-beneficiara-a-mas-de-60-mil-trabajadores\/\" \/>\n<meta property=\"og:site_name\" content=\"MPPPST\" \/>\n<meta property=\"article:published_time\" content=\"2017-02-03T23:13:28+00:00\" \/>\n<meta property=\"og:image\" content=\"https:\/\/www.mpppst.gob.ve\/mpppstweb\/wp-content\/uploads\/2017\/02\/con-sutiss.jpg\" \/>\n\t<meta property=\"og:image:width\" content=\"800\" \/>\n\t<meta property=\"og:image:height\" content=\"445\" \/>\n\t<meta property=\"og:image:type\" content=\"image\/jpeg\" \/>\n<meta name=\"author\" content=\"MPPPST Prensa\" \/>\n<meta name=\"twitter:card\" content=\"summary_large_image\" \/>\n<meta name=\"twitter:label1\" content=\"Escrito por\" \/>\n\t<meta name=\"twitter:data1\" content=\"MPPPST Prensa\" \/>\n\t<meta name=\"twitter:label2\" content=\"Tiempo de lectura\" \/>\n\t<meta name=\"twitter:data2\" content=\"2 minutos\" \/>\n<script type=\"application\/ld+json\" class=\"yoast-schema-graph\">{\"@context\":\"https:\/\/schema.org\",\"@graph\":[{\"@type\":\"Article\",\"@id\":\"https:\/\/www.mpppst.gob.ve\/mpppstweb\/index.php\/2017\/02\/03\/contrato-colectivo-de-sidor-beneficiara-a-mas-de-60-mil-trabajadores\/#article\",\"isPartOf\":{\"@id\":\"https:\/\/www.mpppst.gob.ve\/mpppstweb\/index.php\/2017\/02\/03\/contrato-colectivo-de-sidor-beneficiara-a-mas-de-60-mil-trabajadores\/\"},\"author\":{\"name\":\"MPPPST Prensa\",\"@id\":\"https:\/\/www.mpppst.gob.ve\/mpppstweb\/#\/schema\/person\/fc187ee8ead412bd4c9304b62f900ea4\"},\"headline\":\"Contrato Colectivo de Sidor beneficiar\u00e1 a m\u00e1s de 60 mil trabajadores\",\"datePublished\":\"2017-02-03T23:13:28+00:00\",\"dateModified\":\"2017-02-03T23:13:28+00:00\",\"mainEntityOfPage\":{\"@id\":\"https:\/\/www.mpppst.gob.ve\/mpppstweb\/index.php\/2017\/02\/03\/contrato-colectivo-de-sidor-beneficiara-a-mas-de-60-mil-trabajadores\/\"},\"wordCount\":377,\"publisher\":{\"@id\":\"https:\/\/www.mpppst.gob.ve\/mpppstweb\/#organization\"},\"image\":{\"@id\":\"https:\/\/www.mpppst.gob.ve\/mpppstweb\/index.php\/2017\/02\/03\/contrato-colectivo-de-sidor-beneficiara-a-mas-de-60-mil-trabajadores\/#primaryimage\"},\"thumbnailUrl\":\"https:\/\/www.mpppst.gob.ve\/mpppstweb\/wp-content\/uploads\/2017\/02\/con-sutiss.jpg\",\"keywords\":[\"Gobierno Bolivariano\",\"Justa distribuci\u00f3n de la riqueza\",\"MPPPST\",\"Proceso Social\",\"Sidor\",\"Sutiss\",\"Torrealba\"],\"articleSection\":[\"Noticias\",\"Vida Laboral y Sindical\"],\"inLanguage\":\"es\"},{\"@type\":\"WebPage\",\"@id\":\"https:\/\/www.mpppst.gob.ve\/mpppstweb\/index.php\/2017\/02\/03\/contrato-colectivo-de-sidor-beneficiara-a-mas-de-60-mil-trabajadores\/\",\"url\":\"https:\/\/www.mpppst.gob.ve\/mpppstweb\/index.php\/2017\/02\/03\/contrato-colectivo-de-sidor-beneficiara-a-mas-de-60-mil-trabajadores\/\",\"name\":\"Contrato Colectivo de Sidor beneficiar\u00e1 a m\u00e1s de 60 mil trabajadores - MPPPST\",\"isPartOf\":{\"@id\":\"https:\/\/www.mpppst.gob.ve\/mpppstweb\/#website\"},\"primaryImageOfPage\":{\"@id\":\"https:\/\/www.mpppst.gob.ve\/mpppstweb\/index.php\/2017\/02\/03\/contrato-colectivo-de-sidor-beneficiara-a-mas-de-60-mil-trabajadores\/#primaryimage\"},\"image\":{\"@id\":\"https:\/\/www.mpppst.gob.ve\/mpppstweb\/index.php\/2017\/02\/03\/contrato-colectivo-de-sidor-beneficiara-a-mas-de-60-mil-trabajadores\/#primaryimage\"},\"thumbnailUrl\":\"https:\/\/www.mpppst.gob.ve\/mpppstweb\/wp-content\/uploads\/2017\/02\/con-sutiss.jpg\",\"datePublished\":\"2017-02-03T23:13:28+00:00\",\"dateModified\":\"2017-02-03T23:13:28+00:00\",\"breadcrumb\":{\"@id\":\"https:\/\/www.mpppst.gob.ve\/mpppstweb\/index.php\/2017\/02\/03\/contrato-colectivo-de-sidor-beneficiara-a-mas-de-60-mil-trabajadores\/#breadcrumb\"},\"inLanguage\":\"es\",\"potentialAction\":[{\"@type\":\"ReadAction\",\"target\":[\"https:\/\/www.mpppst.gob.ve\/mpppstweb\/index.php\/2017\/02\/03\/contrato-colectivo-de-sidor-beneficiara-a-mas-de-60-mil-trabajadores\/\"]}]},{\"@type\":\"ImageObject\",\"inLanguage\":\"es\",\"@id\":\"https:\/\/www.mpppst.gob.ve\/mpppstweb\/index.php\/2017\/02\/03\/contrato-colectivo-de-sidor-beneficiara-a-mas-de-60-mil-trabajadores\/#primaryimage\",\"url\":\"https:\/\/www.mpppst.gob.ve\/mpppstweb\/wp-content\/uploads\/2017\/02\/con-sutiss.jpg\",\"contentUrl\":\"https:\/\/www.mpppst.gob.ve\/mpppstweb\/wp-content\/uploads\/2017\/02\/con-sutiss.jpg\",\"width\":800,\"height\":445},{\"@type\":\"BreadcrumbList\",\"@id\":\"https:\/\/www.mpppst.gob.ve\/mpppstweb\/index.php\/2017\/02\/03\/contrato-colectivo-de-sidor-beneficiara-a-mas-de-60-mil-trabajadores\/#breadcrumb\",\"itemListElement\":[{\"@type\":\"ListItem\",\"position\":1,\"name\":\"Home\",\"item\":\"https:\/\/www.mpppst.gob.ve\/mpppstweb\/\"},{\"@type\":\"ListItem\",\"position\":2,\"name\":\"Contrato Colectivo de Sidor beneficiar\u00e1 a m\u00e1s de 60 mil trabajadores\"}]},{\"@type\":\"WebSite\",\"@id\":\"https:\/\/www.mpppst.gob.ve\/mpppstweb\/#website\",\"url\":\"https:\/\/www.mpppst.gob.ve\/mpppstweb\/\",\"name\":\"MPPPST\",\"description\":\"Ministerio del Poder Popular para el Proceso Social de Trabajo\",\"publisher\":{\"@id\":\"https:\/\/www.mpppst.gob.ve\/mpppstweb\/#organization\"},\"potentialAction\":[{\"@type\":\"SearchAction\",\"target\":{\"@type\":\"EntryPoint\",\"urlTemplate\":\"https:\/\/www.mpppst.gob.ve\/mpppstweb\/?s={search_term_string}\"},\"query-input\":\"required name=search_term_string\"}],\"inLanguage\":\"es\"},{\"@type\":\"Organization\",\"@id\":\"https:\/\/www.mpppst.gob.ve\/mpppstweb\/#organization\",\"name\":\"mpppst\",\"url\":\"https:\/\/www.mpppst.gob.ve\/mpppstweb\/\",\"logo\":{\"@type\":\"ImageObject\",\"inLanguage\":\"es\",\"@id\":\"https:\/\/www.mpppst.gob.ve\/mpppstweb\/#\/schema\/logo\/image\/\",\"url\":\"https:\/\/www.mpppst.gob.ve\/mpppstweb\/wp-content\/uploads\/2025\/07\/cropped-cropped-g910.png\",\"contentUrl\":\"https:\/\/www.mpppst.gob.ve\/mpppstweb\/wp-content\/uploads\/2025\/07\/cropped-cropped-g910.png\",\"width\":1080,\"height\":241,\"caption\":\"mpppst\"},\"image\":{\"@id\":\"https:\/\/www.mpppst.gob.ve\/mpppstweb\/#\/schema\/logo\/image\/\"}},{\"@type\":\"Person\",\"@id\":\"https:\/\/www.mpppst.gob.ve\/mpppstweb\/#\/schema\/person\/fc187ee8ead412bd4c9304b62f900ea4\",\"name\":\"MPPPST Prensa\",\"url\":\"https:\/\/www.mpppst.gob.ve\/mpppstweb\/index.php\/author\/prensa-mpppst\/\"}]}<\/script>\n<!-- \/ Yoast SEO plugin. -->","yoast_head_json":{"title":"Contrato Colectivo de Sidor beneficiar\u00e1 a m\u00e1s de 60 mil trabajadores - MPPPST","robots":{"index":"index","follow":"follow","max-snippet":"max-snippet:-1","max-image-preview":"max-image-preview:large","max-video-preview":"max-video-preview:-1"},"canonical":"https:\/\/www.mpppst.gob.ve\/mpppstweb\/index.php\/2017\/02\/03\/contrato-colectivo-de-sidor-beneficiara-a-mas-de-60-mil-trabajadores\/","og_locale":"es_ES","og_type":"article","og_title":"Contrato Colectivo de Sidor beneficiar\u00e1 a m\u00e1s de 60 mil trabajadores - MPPPST","og_description":"Prensa (MPPPST). La nueva convenci\u00f3n colectiva de Sidor beneficiar\u00e1 de forma directa a 18 mil trabajadores &hellip; Contrato Colectivo de Sidor beneficiar\u00e1 a m\u00e1s de 60 mil trabajadoresRead more","og_url":"https:\/\/www.mpppst.gob.ve\/mpppstweb\/index.php\/2017\/02\/03\/contrato-colectivo-de-sidor-beneficiara-a-mas-de-60-mil-trabajadores\/","og_site_name":"MPPPST","article_published_time":"2017-02-03T23:13:28+00:00","og_image":[{"width":800,"height":445,"url":"https:\/\/www.mpppst.gob.ve\/mpppstweb\/wp-content\/uploads\/2017\/02\/con-sutiss.jpg","type":"image\/jpeg"}],"author":"MPPPST Prensa","twitter_card":"summary_large_image","twitter_misc":{"Escrito por":"MPPPST Prensa","Tiempo de lectura":"2 minutos"},"schema":{"@context":"https:\/\/schema.org","@graph":[{"@type":"Article","@id":"https:\/\/www.mpppst.gob.ve\/mpppstweb\/index.php\/2017\/02\/03\/contrato-colectivo-de-sidor-beneficiara-a-mas-de-60-mil-trabajadores\/#article","isPartOf":{"@id":"https:\/\/www.mpppst.gob.ve\/mpppstweb\/index.php\/2017\/02\/03\/contrato-colectivo-de-sidor-beneficiara-a-mas-de-60-mil-trabajadores\/"},"author":{"name":"MPPPST Prensa","@id":"https:\/\/www.mpppst.gob.ve\/mpppstweb\/#\/schema\/person\/fc187ee8ead412bd4c9304b62f900ea4"},"headline":"Contrato Colectivo de Sidor beneficiar\u00e1 a m\u00e1s de 60 mil trabajadores","datePublished":"2017-02-03T23:13:28+00:00","dateModified":"2017-02-03T23:13:28+00:00","mainEntityOfPage":{"@id":"https:\/\/www.mpppst.gob.ve\/mpppstweb\/index.php\/2017\/02\/03\/contrato-colectivo-de-sidor-beneficiara-a-mas-de-60-mil-trabajadores\/"},"wordCount":377,"publisher":{"@id":"https:\/\/www.mpppst.gob.ve\/mpppstweb\/#organization"},"image":{"@id":"https:\/\/www.mpppst.gob.ve\/mpppstweb\/index.php\/2017\/02\/03\/contrato-colectivo-de-sidor-beneficiara-a-mas-de-60-mil-trabajadores\/#primaryimage"},"thumbnailUrl":"https:\/\/www.mpppst.gob.ve\/mpppstweb\/wp-content\/uploads\/2017\/02\/con-sutiss.jpg","keywords":["Gobierno Bolivariano","Justa distribuci\u00f3n de la riqueza","MPPPST","Proceso Social","Sidor","Sutiss","Torrealba"],"articleSection":["Noticias","Vida Laboral y Sindical"],"inLanguage":"es"},{"@type":"WebPage","@id":"https:\/\/www.mpppst.gob.ve\/mpppstweb\/index.php\/2017\/02\/03\/contrato-colectivo-de-sidor-beneficiara-a-mas-de-60-mil-trabajadores\/","url":"https:\/\/www.mpppst.gob.ve\/mpppstweb\/index.php\/2017\/02\/03\/contrato-colectivo-de-sidor-beneficiara-a-mas-de-60-mil-trabajadores\/","name":"Contrato Colectivo de Sidor beneficiar\u00e1 a m\u00e1s de 60 mil trabajadores - MPPPST","isPartOf":{"@id":"https:\/\/www.mpppst.gob.ve\/mpppstweb\/#website"},"primaryImageOfPage":{"@id":"https:\/\/www.mpppst.gob.ve\/mpppstweb\/index.php\/2017\/02\/03\/contrato-colectivo-de-sidor-beneficiara-a-mas-de-60-mil-trabajadores\/#primaryimage"},"image":{"@id":"https:\/\/www.mpppst.gob.ve\/mpppstweb\/index.php\/2017\/02\/03\/contrato-colectivo-de-sidor-beneficiara-a-mas-de-60-mil-trabajadores\/#primaryimage"},"thumbnailUrl":"https:\/\/www.mpppst.gob.ve\/mpppstweb\/wp-content\/uploads\/2017\/02\/con-sutiss.jpg","datePublished":"2017-02-03T23:13:28+00:00","dateModified":"2017-02-03T23:13:28+00:00","breadcrumb":{"@id":"https:\/\/www.mpppst.gob.ve\/mpppstweb\/index.php\/2017\/02\/03\/contrato-colectivo-de-sidor-beneficiara-a-mas-de-60-mil-trabajadores\/#breadcrumb"},"inLanguage":"es","potentialAction":[{"@type":"ReadAction","target":["https:\/\/www.mpppst.gob.ve\/mpppstweb\/index.php\/2017\/02\/03\/contrato-colectivo-de-sidor-beneficiara-a-mas-de-60-mil-trabajadores\/"]}]},{"@type":"ImageObject","inLanguage":"es","@id":"https:\/\/www.mpppst.gob.ve\/mpppstweb\/index.php\/2017\/02\/03\/contrato-colectivo-de-sidor-beneficiara-a-mas-de-60-mil-trabajadores\/#primaryimage","url":"https:\/\/www.mpppst.gob.ve\/mpppstweb\/wp-content\/uploads\/2017\/02\/con-sutiss.jpg","contentUrl":"https:\/\/www.mpppst.gob.ve\/mpppstweb\/wp-content\/uploads\/2017\/02\/con-sutiss.jpg","width":800,"height":445},{"@type":"BreadcrumbList","@id":"https:\/\/www.mpppst.gob.ve\/mpppstweb\/index.php\/2017\/02\/03\/contrato-colectivo-de-sidor-beneficiara-a-mas-de-60-mil-trabajadores\/#breadcrumb","itemListElement":[{"@type":"ListItem","position":1,"name":"Home","item":"https:\/\/www.mpppst.gob.ve\/mpppstweb\/"},{"@type":"ListItem","position":2,"name":"Contrato Colectivo de Sidor beneficiar\u00e1 a m\u00e1s de 60 mil trabajadores"}]},{"@type":"WebSite","@id":"https:\/\/www.mpppst.gob.ve\/mpppstweb\/#website","url":"https:\/\/www.mpppst.gob.ve\/mpppstweb\/","name":"MPPPST","description":"Ministerio del Poder Popular para el Proceso Social de Trabajo","publisher":{"@id":"https:\/\/www.mpppst.gob.ve\/mpppstweb\/#organization"},"potentialAction":[{"@type":"SearchAction","target":{"@type":"EntryPoint","urlTemplate":"https:\/\/www.mpppst.gob.ve\/mpppstweb\/?s={search_term_string}"},"query-input":"required name=search_term_string"}],"inLanguage":"es"},{"@type":"Organization","@id":"https:\/\/www.mpppst.gob.ve\/mpppstweb\/#organization","name":"mpppst","url":"https:\/\/www.mpppst.gob.ve\/mpppstweb\/","logo":{"@type":"ImageObject","inLanguage":"es","@id":"https:\/\/www.mpppst.gob.ve\/mpppstweb\/#\/schema\/logo\/image\/","url":"https:\/\/www.mpppst.gob.ve\/mpppstweb\/wp-content\/uploads\/2025\/07\/cropped-cropped-g910.png","contentUrl":"https:\/\/www.mpppst.gob.ve\/mpppstweb\/wp-content\/uploads\/2025\/07\/cropped-cropped-g910.png","width":1080,"height":241,"caption":"mpppst"},"image":{"@id":"https:\/\/www.mpppst.gob.ve\/mpppstweb\/#\/schema\/logo\/image\/"}},{"@type":"Person","@id":"https:\/\/www.mpppst.gob.ve\/mpppstweb\/#\/schema\/person\/fc187ee8ead412bd4c9304b62f900ea4","name":"MPPPST Prensa","url":"https:\/\/www.mpppst.gob.ve\/mpppstweb\/index.php\/author\/prensa-mpppst\/"}]}},"_links":{"self":[{"href":"https:\/\/www.mpppst.gob.ve\/mpppstweb\/index.php\/wp-json\/wp\/v2\/posts\/10439"}],"collection":[{"href":"https:\/\/www.mpppst.gob.ve\/mpppstweb\/index.php\/wp-json\/wp\/v2\/posts"}],"about":[{"href":"https:\/\/www.mpppst.gob.ve\/mpppstweb\/index.php\/wp-json\/wp\/v2\/types\/post"}],"author":[{"embeddable":true,"href":"https:\/\/www.mpppst.gob.ve\/mpppstweb\/index.php\/wp-json\/wp\/v2\/users\/25"}],"replies":[{"embeddable":true,"href":"https:\/\/www.mpppst.gob.ve\/mpppstweb\/index.php\/wp-json\/wp\/v2\/comments?post=10439"}],"version-history":[{"count":1,"href":"https:\/\/www.mpppst.gob.ve\/mpppstweb\/index.php\/wp-json\/wp\/v2\/posts\/10439\/revisions"}],"predecessor-version":[{"id":10441,"href":"https:\/\/www.mpppst.gob.ve\/mpppstweb\/index.php\/wp-json\/wp\/v2\/posts\/10439\/revisions\/10441"}],"wp:featuredmedia":[{"embeddable":true,"href":"https:\/\/www.mpppst.gob.ve\/mpppstweb\/index.php\/wp-json\/wp\/v2\/media\/10440"}],"wp:attachment":[{"href":"https:\/\/www.mpppst.gob.ve\/mpppstweb\/index.php\/wp-json\/wp\/v2\/media?parent=10439"}],"wp:term":[{"taxonomy":"category","embeddable":true,"href":"https:\/\/www.mpppst.gob.ve\/mpppstweb\/index.php\/wp-json\/wp\/v2\/categories?post=10439"},{"taxonomy":"post_tag","embeddable":true,"href":"https:\/\/www.mpppst.gob.ve\/mpppstweb\/index.php\/wp-json\/wp\/v2\/tags?post=10439"}],"curies":[{"name":"wp","href":"https:\/\/api.w.org\/{rel}","templated":true}]}}