{"id":10442,"date":"2017-02-04T18:51:17","date_gmt":"2017-02-04T18:51:17","guid":{"rendered":"http:\/\/www.mpppst.gob.ve\/mpppstweb\/?p=10442"},"modified":"2017-02-04T18:51:17","modified_gmt":"2017-02-04T18:51:17","slug":"4f-de-1992-el-quiebre-historico-que-impulso-chavez","status":"publish","type":"post","link":"https:\/\/www.mpppst.gob.ve\/mpppstweb\/index.php\/2017\/02\/04\/4f-de-1992-el-quiebre-historico-que-impulso-chavez\/","title":{"rendered":"4F de 1992: el quiebre hist\u00f3rico que impuls\u00f3 Ch\u00e1vez"},"content":{"rendered":"<p>Luego de la rebeli\u00f3n militar del 4 de Febrero de 1992, mucho se ha escrito. Las interpretaciones sobre este hecho pululan, tanto las que han sido sistematizadas como las que se encuentran en el imaginario colectivo. En uno y en otro caso, lo cierto es que el 4 de Febrero de 1992 nos present\u00f3 a un hombre nada com\u00fan. \u201cEse es el hombre\u201d, fue una de las expresiones que m\u00e1s se dej\u00f3 escuchar en aquellos tiempos. Para las grandes masas se trat\u00f3 de\u00a0 una acci\u00f3n liberadora\u2026 La rebeli\u00f3n hab\u00eda abierto la posibilidad real de dar al traste con una la imposici\u00f3n de un modelo econ\u00f3mico, pol\u00edtico, social, cultural\u00a0 que gener\u00f3 un verdadero shock social: la llamada yatrogenia.<\/p>\n<p>Quienes vivimos los d\u00edas intensos de la d\u00e9cada de los a\u00f1os 80 o de los infelices 90, podemos ahora ver con claridad la diferencia de los pensamientos: el inherente al modelo neoliberal y el que acompa\u00f1\u00f3 al Comandante Ch\u00e1vez, un paradigma centrado en los seres humanos.<\/p>\n<p><strong>De la desmoralizaci\u00f3n a la acci\u00f3n<\/strong><\/p>\n<p>Durante esos d\u00edas, en especial los que transcurrieron en la d\u00e9cada de los 90, no era extra\u00f1o encontrar noticias seg\u00fan las cuales Venezuela deb\u00eda acudir al Fondo Monetario Internacional, (FMI) al Banco Mundial (BM) o al Banco Interamericano de Desarrollo (BID) y atarse a sus designios. Tambi\u00e9n se dejaban leer informaciones que revelaban la imperiosa necesidad de reducir el gasto (lo cual obviamente inclu\u00eda la inversi\u00f3n \u00a0social) y, no menos importante, que deb\u00edamos \u201capretarnos el cintur\u00f3n\u201d, \u201cendeudarnos con los organismos financieros internacionales\u201d, \u201caplicar el recetario\u201d con las consecuencias de una inevitable terapia de shock. Era, sin duda un tratamiento que implosionaba la dimensi\u00f3n\u00a0 social. \u00bfEl resultado?: m\u00e1s del 80% de la poblaci\u00f3n venezolana en estado de pobreza.<\/p>\n<p>La lectura que se da al 4F no puede ser otra que la necesidad de dar al traste con el <em>status quo<\/em>, con el orden reinante que asfixiaba a la gran mayor\u00eda del pueblo venezolano. Para lograr ese objetivo, el Ej\u00e9rcito venezolano no tuvo desmayo alguno, pues algunos oficiales ven\u00edan experimentando una gran desmoralizaci\u00f3n producto de lo que ocurr\u00eda en la Fuerza Armada\u2026 y, peor a\u00fan, como consecuencia de la cr\u00edtica situaci\u00f3n en la que estaba inmerso el pa\u00eds.<\/p>\n<p><strong>Una nueva conciencia<\/strong><\/p>\n<p>Con el\u00a0 4-F se crearon las condiciones para que la poblaci\u00f3n venezolana asumiera una nueva conciencia en torno a su realidad y comenzara a asumir el poder para la transformaci\u00f3n del orden establecido por imposici\u00f3n (de los pol\u00edticos, de las transnacionales, del Imperio. En fin\u2026 Se trataba de un orden en el cual el pueblo no ten\u00eda lugar alguno).<\/p>\n<p>Lo cierto es que la historia, con sus lugares complejos, extra\u00f1os y a ratos hasta injustos, ahora nos dice que las cosas debieron ocurrir tal cual pasaron. Es altamente probable que un golpe de Estado hubiera dejado sin mayor efecto la verdadera acci\u00f3n que persegu\u00eda el Comandante Ch\u00e1vez. Y la asunci\u00f3n al poder no habr\u00eda llegado, pues de lo que s\u00ed estaba claro el pueblo \u2013lo cual se mantiene hoy en d\u00eda- es que las f\u00f3rmulas antidemocr\u00e1ticas no eran salida alguna.<\/p>\n<p>Por tal raz\u00f3n, insisto, no hubo golpe de Estado el 4F de 1992. Hubo, eso s\u00ed, unos oficiales rebeldes que insurreccionaron la vida del pa\u00eds y con esto empezaron a cambiar las estructuras de poder que hab\u00edan privado en Venezuela. Asunto realmente revolucionario, negador del orden, acci\u00f3n irreverente\u2026 Sin duda fue una vapuleada al bipartidismo y a la seudo democracia.<\/p>\n<p><strong>2F: se oficializa la sublevaci\u00f3n<\/strong><\/p>\n<p>Para conocer un poco el detalle de la sublevaci\u00f3n militar, encontramos los siguientes datos: El domingo 2 de Febrero, el capit\u00e1n Antonio Rojas Su\u00e1rez se reuni\u00f3, a la una de la tarde, con el cap. Gerardo M\u00e1rquez en la Escuela de Infanter\u00eda. El cap. M\u00e1rquez ven\u00eda desde Maracay a informarle a Rojas Su\u00e1rez que el d\u00eda 3 de febrero, a las 12:00 de la noche, se realizar\u00eda la sublevaci\u00f3n militar. As\u00ed, el cap. Rojas Su\u00e1rez protest\u00f3, pues no hab\u00eda suficiente tiempo para alertar a los oficiales comprometidos en la rebeli\u00f3n. Pero el cap. M\u00e1rquez le ratific\u00f3 la decisi\u00f3n. De esta forma, el cap. Rojas Su\u00e1rez procedi\u00f3 a contactar a Ronald Blanco La Cruz. A partir de este momento se dedicaron a visitar a las unidades comprometidas: el Regimiento de Ingenieros Codazzi, el grupo de caballer\u00eda Ayala, los batallones Bol\u00edvar, Caracas, O\u2019 Leary, Carmona y Figueredo; el grupo de artiller\u00eda Ribas y la Academia Militar del Ej\u00e9rcito. Sin embargo, no lograron contactar a la mayor\u00eda de los oficiales por encontrarse en franco de servicio.<\/p>\n<p>Los oficiales no estaban en las unidades por ser d\u00eda domingo y, adem\u00e1s, en su mayor\u00eda, los que apoyaban la sublevaci\u00f3n se encontraban haciendo curso en las distintas Escuelas.\u00a0 Ambas condiciones dificultaban sin duda alguna la ubicaci\u00f3n de los oficiales. Posteriormente, a las 6:00 de la tarde se reunieron con l\u00edderes de izquierda para informarles la decisi\u00f3n tomada. Los civiles tambi\u00e9n consideraron que el tiempo era poco para ubicar y alertar a sus militantes. Esta fue una de las razones por las cuales se argumenta que la insurgencia fue de naturaleza militar, s\u00f3lo militar.<\/p>\n<p>No obstante, hay quienes aseguran que los civiles no actuaron, pues no les entregaron las armas, tesis que no debe desecharse, considerando que el pueblo hab\u00eda capitalizado un gran descontento en ese momento y estaba dispuesto a resistirse\u2026<\/p>\n<p><strong>3F: acuartelamiento, delaci\u00f3n y pa\u00b4 lante <\/strong><\/p>\n<p>Aproximadamente a las 6:00 p.m se orden\u00f3 el acuartelamiento de todas las unidades del Ej\u00e9rcito que estaban en la Guarnici\u00f3n de Caracas. La insurgencia estaba descubierta\u2026 Ya a las 7:00 p.m, la situaci\u00f3n para los rebeldes se hab\u00eda tornado compleja. Los oficiales pertenecientes a la AME y a los Batallones Caracas, O Leary, Bol\u00edvar, Figueredo y Carmona, y que se encontraban comprometidos con el alzamiento, informaron a los capitanes Rojas Su\u00e1rez y Blanco La Cruz que no los acompa\u00f1ar\u00edan en la sublevaci\u00f3n porque el movimiento hab\u00eda sido descubierto. Por el contrario, los oficiales juramentados del Regimiento Codazzi, y de los grupos de caballer\u00eda y artiller\u00eda, Ayala y Ribas, ratificaron la decisi\u00f3n de respaldar la insurgencia.<\/p>\n<p>Rojas Su\u00e1rez y Blanco La Cruz se reunieron aproximadamente a las 8;00 de la noche en la sala de operaciones de la Escuela de Infanter\u00eda con un grupo de oficiales comprometidos que prestaban servicio en la Escuela Superior del Ej\u00e9rcito y en las Escuelas de Blindado, Infanter\u00eda, Comunicaciones y Electr\u00f3nica, Ingenier\u00eda y Servicios. El objeto de la reuni\u00f3n: evaluar la situaci\u00f3n militar. Por esta raz\u00f3n, el cap. Rojas Su\u00e1rez trat\u00f3 de alertar a todos los comprometidos, pero sin \u00e9xito.<\/p>\n<p>El Batall\u00f3n de Paracaidistas Jos\u00e9 Leonardo Chirinos, al mando del Teniente Coronel Joel Acosta Chirinos, inici\u00f3 su marcha de aproximaci\u00f3n hacia Caracas en\u00a0 la noche. Y a las 10.00 de la noche cruz\u00f3 el Peaje de Palo Negro. Entretanto, el Ministro de la Defensa recib\u00eda al Presidente de la Rep\u00fablica, CAP, quien se encontraba en una Cumbre, en Davos (citas t\u00edpicas de la \u00e9poca). Sin embargo, las medidas tomadas por la Casa Militar, la Disip, Guardia de Honor y la Guardia Nacional del Destacamento 53, impidieron que los oficiales rebeldes pudieran detener al Presidente de la Rep\u00fablica.<\/p>\n<p><strong>CAP: \u00a1\u00c9cheles plomo\u00a1<\/strong><\/p>\n<p>Pues bien, como colof\u00f3n se debe aludir la orden emitida por el ex Presidente Carlos Andr\u00e9s P\u00e9rez de echar plomo a los rebeldes del 4F. Ah, por cierto, dicho por sus propios colaboradores:\u00a0 \u201cEl general Fernando Ochoa Antich, se encuentra en Fuerte Tiuna, en la sede del Ministerio, a las 01: 25 Hrs. Se comunica\u00a0 con el Presidente, le informa que se encuentra en negociaciones con los rebeldes, en Miraflores el Presidente deja brotar sus experiencias de cuando era Ministro del Interior en el Gobierno de Betancourt en los tiempos de El Porte\u00f1azo: \u201c\u00a1No quiero negociaciones de ninguna \u00edndole, \u00e9cheles plomo\u00a1\u201d<\/p>\n<p>Por\u00a0 Marbelys Mav\u00e1rez Laguna<\/p>\n","protected":false},"excerpt":{"rendered":"<p>Luego de la rebeli\u00f3n militar del 4 de Febrero de 1992, mucho se ha escrito. Las &hellip; <a title=\"4F de 1992: el quiebre hist\u00f3rico que impuls\u00f3 Ch\u00e1vez\" class=\"hm-read-more\" href=\"https:\/\/www.mpppst.gob.ve\/mpppstweb\/index.php\/2017\/02\/04\/4f-de-1992-el-quiebre-historico-que-impulso-chavez\/\"><span class=\"screen-reader-text\">4F de 1992: el quiebre hist\u00f3rico que impuls\u00f3 Ch\u00e1vez<\/span>Read more<\/a><\/p>\n","protected":false},"author":25,"featured_media":10443,"comment_status":"closed","ping_status":"closed","sticky":false,"template":"","format":"standard","meta":{"footnotes":""},"categories":[82],"tags":[229,254],"yoast_head":"<!-- This site is optimized with the Yoast SEO plugin v22.5 - https:\/\/yoast.com\/wordpress\/plugins\/seo\/ -->\n<title>4F de 1992: el quiebre hist\u00f3rico que impuls\u00f3 Ch\u00e1vez - MPPPST<\/title>\n<meta name=\"robots\" content=\"index, follow, max-snippet:-1, max-image-preview:large, max-video-preview:-1\" \/>\n<link rel=\"canonical\" href=\"https:\/\/www.mpppst.gob.ve\/mpppstweb\/index.php\/2017\/02\/04\/4f-de-1992-el-quiebre-historico-que-impulso-chavez\/\" \/>\n<meta property=\"og:locale\" content=\"es_ES\" \/>\n<meta property=\"og:type\" content=\"article\" \/>\n<meta property=\"og:title\" content=\"4F de 1992: el quiebre hist\u00f3rico que impuls\u00f3 Ch\u00e1vez - MPPPST\" \/>\n<meta property=\"og:description\" content=\"Luego de la rebeli\u00f3n militar del 4 de Febrero de 1992, mucho se ha escrito. Las &hellip; 4F de 1992: el quiebre hist\u00f3rico que impuls\u00f3 Ch\u00e1vezRead more\" \/>\n<meta property=\"og:url\" content=\"https:\/\/www.mpppst.gob.ve\/mpppstweb\/index.php\/2017\/02\/04\/4f-de-1992-el-quiebre-historico-que-impulso-chavez\/\" \/>\n<meta property=\"og:site_name\" content=\"MPPPST\" \/>\n<meta property=\"article:published_time\" content=\"2017-02-04T18:51:17+00:00\" \/>\n<meta property=\"og:image\" content=\"https:\/\/www.mpppst.gob.ve\/mpppstweb\/wp-content\/uploads\/2017\/02\/4F.jpg\" \/>\n\t<meta property=\"og:image:width\" content=\"800\" \/>\n\t<meta property=\"og:image:height\" content=\"445\" \/>\n\t<meta property=\"og:image:type\" content=\"image\/jpeg\" \/>\n<meta name=\"author\" content=\"MPPPST Prensa\" \/>\n<meta name=\"twitter:card\" content=\"summary_large_image\" \/>\n<meta name=\"twitter:label1\" content=\"Escrito por\" \/>\n\t<meta name=\"twitter:data1\" content=\"MPPPST Prensa\" \/>\n\t<meta name=\"twitter:label2\" content=\"Tiempo de lectura\" \/>\n\t<meta name=\"twitter:data2\" content=\"7 minutos\" \/>\n<script type=\"application\/ld+json\" class=\"yoast-schema-graph\">{\"@context\":\"https:\/\/schema.org\",\"@graph\":[{\"@type\":\"Article\",\"@id\":\"https:\/\/www.mpppst.gob.ve\/mpppstweb\/index.php\/2017\/02\/04\/4f-de-1992-el-quiebre-historico-que-impulso-chavez\/#article\",\"isPartOf\":{\"@id\":\"https:\/\/www.mpppst.gob.ve\/mpppstweb\/index.php\/2017\/02\/04\/4f-de-1992-el-quiebre-historico-que-impulso-chavez\/\"},\"author\":{\"name\":\"MPPPST Prensa\",\"@id\":\"https:\/\/www.mpppst.gob.ve\/mpppstweb\/#\/schema\/person\/fc187ee8ead412bd4c9304b62f900ea4\"},\"headline\":\"4F de 1992: el quiebre hist\u00f3rico que impuls\u00f3 Ch\u00e1vez\",\"datePublished\":\"2017-02-04T18:51:17+00:00\",\"dateModified\":\"2017-02-04T18:51:17+00:00\",\"mainEntityOfPage\":{\"@id\":\"https:\/\/www.mpppst.gob.ve\/mpppstweb\/index.php\/2017\/02\/04\/4f-de-1992-el-quiebre-historico-que-impulso-chavez\/\"},\"wordCount\":1398,\"publisher\":{\"@id\":\"https:\/\/www.mpppst.gob.ve\/mpppstweb\/#organization\"},\"image\":{\"@id\":\"https:\/\/www.mpppst.gob.ve\/mpppstweb\/index.php\/2017\/02\/04\/4f-de-1992-el-quiebre-historico-que-impulso-chavez\/#primaryimage\"},\"thumbnailUrl\":\"https:\/\/www.mpppst.gob.ve\/mpppstweb\/wp-content\/uploads\/2017\/02\/4F.jpg\",\"keywords\":[\"Defensa Integral\",\"Efem\u00e9rides\"],\"articleSection\":[\"Gobierno Nacional\"],\"inLanguage\":\"es\"},{\"@type\":\"WebPage\",\"@id\":\"https:\/\/www.mpppst.gob.ve\/mpppstweb\/index.php\/2017\/02\/04\/4f-de-1992-el-quiebre-historico-que-impulso-chavez\/\",\"url\":\"https:\/\/www.mpppst.gob.ve\/mpppstweb\/index.php\/2017\/02\/04\/4f-de-1992-el-quiebre-historico-que-impulso-chavez\/\",\"name\":\"4F de 1992: el quiebre hist\u00f3rico que impuls\u00f3 Ch\u00e1vez - MPPPST\",\"isPartOf\":{\"@id\":\"https:\/\/www.mpppst.gob.ve\/mpppstweb\/#website\"},\"primaryImageOfPage\":{\"@id\":\"https:\/\/www.mpppst.gob.ve\/mpppstweb\/index.php\/2017\/02\/04\/4f-de-1992-el-quiebre-historico-que-impulso-chavez\/#primaryimage\"},\"image\":{\"@id\":\"https:\/\/www.mpppst.gob.ve\/mpppstweb\/index.php\/2017\/02\/04\/4f-de-1992-el-quiebre-historico-que-impulso-chavez\/#primaryimage\"},\"thumbnailUrl\":\"https:\/\/www.mpppst.gob.ve\/mpppstweb\/wp-content\/uploads\/2017\/02\/4F.jpg\",\"datePublished\":\"2017-02-04T18:51:17+00:00\",\"dateModified\":\"2017-02-04T18:51:17+00:00\",\"breadcrumb\":{\"@id\":\"https:\/\/www.mpppst.gob.ve\/mpppstweb\/index.php\/2017\/02\/04\/4f-de-1992-el-quiebre-historico-que-impulso-chavez\/#breadcrumb\"},\"inLanguage\":\"es\",\"potentialAction\":[{\"@type\":\"ReadAction\",\"target\":[\"https:\/\/www.mpppst.gob.ve\/mpppstweb\/index.php\/2017\/02\/04\/4f-de-1992-el-quiebre-historico-que-impulso-chavez\/\"]}]},{\"@type\":\"ImageObject\",\"inLanguage\":\"es\",\"@id\":\"https:\/\/www.mpppst.gob.ve\/mpppstweb\/index.php\/2017\/02\/04\/4f-de-1992-el-quiebre-historico-que-impulso-chavez\/#primaryimage\",\"url\":\"https:\/\/www.mpppst.gob.ve\/mpppstweb\/wp-content\/uploads\/2017\/02\/4F.jpg\",\"contentUrl\":\"https:\/\/www.mpppst.gob.ve\/mpppstweb\/wp-content\/uploads\/2017\/02\/4F.jpg\",\"width\":800,\"height\":445},{\"@type\":\"BreadcrumbList\",\"@id\":\"https:\/\/www.mpppst.gob.ve\/mpppstweb\/index.php\/2017\/02\/04\/4f-de-1992-el-quiebre-historico-que-impulso-chavez\/#breadcrumb\",\"itemListElement\":[{\"@type\":\"ListItem\",\"position\":1,\"name\":\"Home\",\"item\":\"https:\/\/www.mpppst.gob.ve\/mpppstweb\/\"},{\"@type\":\"ListItem\",\"position\":2,\"name\":\"4F de 1992: el quiebre hist\u00f3rico que impuls\u00f3 Ch\u00e1vez\"}]},{\"@type\":\"WebSite\",\"@id\":\"https:\/\/www.mpppst.gob.ve\/mpppstweb\/#website\",\"url\":\"https:\/\/www.mpppst.gob.ve\/mpppstweb\/\",\"name\":\"MPPPST\",\"description\":\"Ministerio del Poder Popular para el Proceso Social de Trabajo\",\"publisher\":{\"@id\":\"https:\/\/www.mpppst.gob.ve\/mpppstweb\/#organization\"},\"potentialAction\":[{\"@type\":\"SearchAction\",\"target\":{\"@type\":\"EntryPoint\",\"urlTemplate\":\"https:\/\/www.mpppst.gob.ve\/mpppstweb\/?s={search_term_string}\"},\"query-input\":\"required name=search_term_string\"}],\"inLanguage\":\"es\"},{\"@type\":\"Organization\",\"@id\":\"https:\/\/www.mpppst.gob.ve\/mpppstweb\/#organization\",\"name\":\"mpppst\",\"url\":\"https:\/\/www.mpppst.gob.ve\/mpppstweb\/\",\"logo\":{\"@type\":\"ImageObject\",\"inLanguage\":\"es\",\"@id\":\"https:\/\/www.mpppst.gob.ve\/mpppstweb\/#\/schema\/logo\/image\/\",\"url\":\"https:\/\/www.mpppst.gob.ve\/mpppstweb\/wp-content\/uploads\/2025\/07\/cropped-cropped-g910.png\",\"contentUrl\":\"https:\/\/www.mpppst.gob.ve\/mpppstweb\/wp-content\/uploads\/2025\/07\/cropped-cropped-g910.png\",\"width\":1080,\"height\":241,\"caption\":\"mpppst\"},\"image\":{\"@id\":\"https:\/\/www.mpppst.gob.ve\/mpppstweb\/#\/schema\/logo\/image\/\"}},{\"@type\":\"Person\",\"@id\":\"https:\/\/www.mpppst.gob.ve\/mpppstweb\/#\/schema\/person\/fc187ee8ead412bd4c9304b62f900ea4\",\"name\":\"MPPPST Prensa\",\"url\":\"https:\/\/www.mpppst.gob.ve\/mpppstweb\/index.php\/author\/prensa-mpppst\/\"}]}<\/script>\n<!-- \/ Yoast SEO plugin. -->","yoast_head_json":{"title":"4F de 1992: el quiebre hist\u00f3rico que impuls\u00f3 Ch\u00e1vez - MPPPST","robots":{"index":"index","follow":"follow","max-snippet":"max-snippet:-1","max-image-preview":"max-image-preview:large","max-video-preview":"max-video-preview:-1"},"canonical":"https:\/\/www.mpppst.gob.ve\/mpppstweb\/index.php\/2017\/02\/04\/4f-de-1992-el-quiebre-historico-que-impulso-chavez\/","og_locale":"es_ES","og_type":"article","og_title":"4F de 1992: el quiebre hist\u00f3rico que impuls\u00f3 Ch\u00e1vez - MPPPST","og_description":"Luego de la rebeli\u00f3n militar del 4 de Febrero de 1992, mucho se ha escrito. Las &hellip; 4F de 1992: el quiebre hist\u00f3rico que impuls\u00f3 Ch\u00e1vezRead more","og_url":"https:\/\/www.mpppst.gob.ve\/mpppstweb\/index.php\/2017\/02\/04\/4f-de-1992-el-quiebre-historico-que-impulso-chavez\/","og_site_name":"MPPPST","article_published_time":"2017-02-04T18:51:17+00:00","og_image":[{"width":800,"height":445,"url":"https:\/\/www.mpppst.gob.ve\/mpppstweb\/wp-content\/uploads\/2017\/02\/4F.jpg","type":"image\/jpeg"}],"author":"MPPPST Prensa","twitter_card":"summary_large_image","twitter_misc":{"Escrito por":"MPPPST Prensa","Tiempo de lectura":"7 minutos"},"schema":{"@context":"https:\/\/schema.org","@graph":[{"@type":"Article","@id":"https:\/\/www.mpppst.gob.ve\/mpppstweb\/index.php\/2017\/02\/04\/4f-de-1992-el-quiebre-historico-que-impulso-chavez\/#article","isPartOf":{"@id":"https:\/\/www.mpppst.gob.ve\/mpppstweb\/index.php\/2017\/02\/04\/4f-de-1992-el-quiebre-historico-que-impulso-chavez\/"},"author":{"name":"MPPPST Prensa","@id":"https:\/\/www.mpppst.gob.ve\/mpppstweb\/#\/schema\/person\/fc187ee8ead412bd4c9304b62f900ea4"},"headline":"4F de 1992: el quiebre hist\u00f3rico que impuls\u00f3 Ch\u00e1vez","datePublished":"2017-02-04T18:51:17+00:00","dateModified":"2017-02-04T18:51:17+00:00","mainEntityOfPage":{"@id":"https:\/\/www.mpppst.gob.ve\/mpppstweb\/index.php\/2017\/02\/04\/4f-de-1992-el-quiebre-historico-que-impulso-chavez\/"},"wordCount":1398,"publisher":{"@id":"https:\/\/www.mpppst.gob.ve\/mpppstweb\/#organization"},"image":{"@id":"https:\/\/www.mpppst.gob.ve\/mpppstweb\/index.php\/2017\/02\/04\/4f-de-1992-el-quiebre-historico-que-impulso-chavez\/#primaryimage"},"thumbnailUrl":"https:\/\/www.mpppst.gob.ve\/mpppstweb\/wp-content\/uploads\/2017\/02\/4F.jpg","keywords":["Defensa Integral","Efem\u00e9rides"],"articleSection":["Gobierno Nacional"],"inLanguage":"es"},{"@type":"WebPage","@id":"https:\/\/www.mpppst.gob.ve\/mpppstweb\/index.php\/2017\/02\/04\/4f-de-1992-el-quiebre-historico-que-impulso-chavez\/","url":"https:\/\/www.mpppst.gob.ve\/mpppstweb\/index.php\/2017\/02\/04\/4f-de-1992-el-quiebre-historico-que-impulso-chavez\/","name":"4F de 1992: el quiebre hist\u00f3rico que impuls\u00f3 Ch\u00e1vez - MPPPST","isPartOf":{"@id":"https:\/\/www.mpppst.gob.ve\/mpppstweb\/#website"},"primaryImageOfPage":{"@id":"https:\/\/www.mpppst.gob.ve\/mpppstweb\/index.php\/2017\/02\/04\/4f-de-1992-el-quiebre-historico-que-impulso-chavez\/#primaryimage"},"image":{"@id":"https:\/\/www.mpppst.gob.ve\/mpppstweb\/index.php\/2017\/02\/04\/4f-de-1992-el-quiebre-historico-que-impulso-chavez\/#primaryimage"},"thumbnailUrl":"https:\/\/www.mpppst.gob.ve\/mpppstweb\/wp-content\/uploads\/2017\/02\/4F.jpg","datePublished":"2017-02-04T18:51:17+00:00","dateModified":"2017-02-04T18:51:17+00:00","breadcrumb":{"@id":"https:\/\/www.mpppst.gob.ve\/mpppstweb\/index.php\/2017\/02\/04\/4f-de-1992-el-quiebre-historico-que-impulso-chavez\/#breadcrumb"},"inLanguage":"es","potentialAction":[{"@type":"ReadAction","target":["https:\/\/www.mpppst.gob.ve\/mpppstweb\/index.php\/2017\/02\/04\/4f-de-1992-el-quiebre-historico-que-impulso-chavez\/"]}]},{"@type":"ImageObject","inLanguage":"es","@id":"https:\/\/www.mpppst.gob.ve\/mpppstweb\/index.php\/2017\/02\/04\/4f-de-1992-el-quiebre-historico-que-impulso-chavez\/#primaryimage","url":"https:\/\/www.mpppst.gob.ve\/mpppstweb\/wp-content\/uploads\/2017\/02\/4F.jpg","contentUrl":"https:\/\/www.mpppst.gob.ve\/mpppstweb\/wp-content\/uploads\/2017\/02\/4F.jpg","width":800,"height":445},{"@type":"BreadcrumbList","@id":"https:\/\/www.mpppst.gob.ve\/mpppstweb\/index.php\/2017\/02\/04\/4f-de-1992-el-quiebre-historico-que-impulso-chavez\/#breadcrumb","itemListElement":[{"@type":"ListItem","position":1,"name":"Home","item":"https:\/\/www.mpppst.gob.ve\/mpppstweb\/"},{"@type":"ListItem","position":2,"name":"4F de 1992: el quiebre hist\u00f3rico que impuls\u00f3 Ch\u00e1vez"}]},{"@type":"WebSite","@id":"https:\/\/www.mpppst.gob.ve\/mpppstweb\/#website","url":"https:\/\/www.mpppst.gob.ve\/mpppstweb\/","name":"MPPPST","description":"Ministerio del Poder Popular para el Proceso Social de Trabajo","publisher":{"@id":"https:\/\/www.mpppst.gob.ve\/mpppstweb\/#organization"},"potentialAction":[{"@type":"SearchAction","target":{"@type":"EntryPoint","urlTemplate":"https:\/\/www.mpppst.gob.ve\/mpppstweb\/?s={search_term_string}"},"query-input":"required name=search_term_string"}],"inLanguage":"es"},{"@type":"Organization","@id":"https:\/\/www.mpppst.gob.ve\/mpppstweb\/#organization","name":"mpppst","url":"https:\/\/www.mpppst.gob.ve\/mpppstweb\/","logo":{"@type":"ImageObject","inLanguage":"es","@id":"https:\/\/www.mpppst.gob.ve\/mpppstweb\/#\/schema\/logo\/image\/","url":"https:\/\/www.mpppst.gob.ve\/mpppstweb\/wp-content\/uploads\/2025\/07\/cropped-cropped-g910.png","contentUrl":"https:\/\/www.mpppst.gob.ve\/mpppstweb\/wp-content\/uploads\/2025\/07\/cropped-cropped-g910.png","width":1080,"height":241,"caption":"mpppst"},"image":{"@id":"https:\/\/www.mpppst.gob.ve\/mpppstweb\/#\/schema\/logo\/image\/"}},{"@type":"Person","@id":"https:\/\/www.mpppst.gob.ve\/mpppstweb\/#\/schema\/person\/fc187ee8ead412bd4c9304b62f900ea4","name":"MPPPST Prensa","url":"https:\/\/www.mpppst.gob.ve\/mpppstweb\/index.php\/author\/prensa-mpppst\/"}]}},"_links":{"self":[{"href":"https:\/\/www.mpppst.gob.ve\/mpppstweb\/index.php\/wp-json\/wp\/v2\/posts\/10442"}],"collection":[{"href":"https:\/\/www.mpppst.gob.ve\/mpppstweb\/index.php\/wp-json\/wp\/v2\/posts"}],"about":[{"href":"https:\/\/www.mpppst.gob.ve\/mpppstweb\/index.php\/wp-json\/wp\/v2\/types\/post"}],"author":[{"embeddable":true,"href":"https:\/\/www.mpppst.gob.ve\/mpppstweb\/index.php\/wp-json\/wp\/v2\/users\/25"}],"replies":[{"embeddable":true,"href":"https:\/\/www.mpppst.gob.ve\/mpppstweb\/index.php\/wp-json\/wp\/v2\/comments?post=10442"}],"version-history":[{"count":1,"href":"https:\/\/www.mpppst.gob.ve\/mpppstweb\/index.php\/wp-json\/wp\/v2\/posts\/10442\/revisions"}],"predecessor-version":[{"id":10444,"href":"https:\/\/www.mpppst.gob.ve\/mpppstweb\/index.php\/wp-json\/wp\/v2\/posts\/10442\/revisions\/10444"}],"wp:featuredmedia":[{"embeddable":true,"href":"https:\/\/www.mpppst.gob.ve\/mpppstweb\/index.php\/wp-json\/wp\/v2\/media\/10443"}],"wp:attachment":[{"href":"https:\/\/www.mpppst.gob.ve\/mpppstweb\/index.php\/wp-json\/wp\/v2\/media?parent=10442"}],"wp:term":[{"taxonomy":"category","embeddable":true,"href":"https:\/\/www.mpppst.gob.ve\/mpppstweb\/index.php\/wp-json\/wp\/v2\/categories?post=10442"},{"taxonomy":"post_tag","embeddable":true,"href":"https:\/\/www.mpppst.gob.ve\/mpppstweb\/index.php\/wp-json\/wp\/v2\/tags?post=10442"}],"curies":[{"name":"wp","href":"https:\/\/api.w.org\/{rel}","templated":true}]}}