{"id":10446,"date":"2017-02-06T16:04:19","date_gmt":"2017-02-06T16:04:19","guid":{"rendered":"http:\/\/www.mpppst.gob.ve\/mpppstweb\/?p=10446"},"modified":"2017-02-06T16:04:19","modified_gmt":"2017-02-06T16:04:19","slug":"ministerio-del-proceso-social-de-trabajo-se-desplegara-con-los-cpt-para-garantizar-la-produccion-de-las-empresas","status":"publish","type":"post","link":"https:\/\/www.mpppst.gob.ve\/mpppstweb\/index.php\/2017\/02\/06\/ministerio-del-proceso-social-de-trabajo-se-desplegara-con-los-cpt-para-garantizar-la-produccion-de-las-empresas\/","title":{"rendered":"Ministerio del Proceso Social de Trabajo se desplegar\u00e1 con los CPT para garantizar la producci\u00f3n de las empresas"},"content":{"rendered":"<p>Prensa (MPPPST). El Ministerio del Poder Popular para el Proceso Social de Trabajo, ir\u00e1 estado por estado para desplegar los Consejos Productivos de Trabajadores para verificar el estado de producci\u00f3n de las empresas, as\u00ed lo inform\u00f3 el Ministro del Despacho del Trabajo, Francisco Torrealba.<\/p>\n<p>Durante el programa Fuerza Trabajadora, transmitido por Radio Miraflores 95.9 FM, el Ministro inform\u00f3 que el pr\u00f3ximo fin de semana estar\u00e1n desplegados en el estado Portuguesa, F\u00e1brica Adentro, port\u00f3n adentro, a las catatumbas a contactar a los Trabajadores y Trabajadoras directamente en sus entidades de trabajo para ver c\u00f3mo est\u00e1 la producci\u00f3n de las empresas.<\/p>\n<p>El Ministro Torrealba inform\u00f3 que el Ministerio del Poder Popular para el Proceso Social de Trabajo ha notificado a m\u00e1s de un 90% de los Trabajadores y Trabajadoras pertenecientes a los Consejos Productivos de Trabajadores en el territorio nacional para que tengan un amparo y puedan ejercer las funciones correspondientes a los CPT.<\/p>\n<p>Laura Alarc\u00f3n, profesora encargada del proceso de formaci\u00f3n de los Consejos Productivos de Trabajadores e invitada en el Programa de radio Fuerza Trabajadora, \u00a0conducido por el ministro Torrealba, inform\u00f3 que ya inici\u00f3 el proceso de formaci\u00f3n de esta instancia para capacitar a los trabajadores para las inspecciones de las Empresas.<\/p>\n<p>\u201cDesde el 5 de diciembre arranc\u00f3 el proceso de formaci\u00f3n. Ya est\u00e1 conformado el equipo de formadores\u201d, precis\u00f3 al tiempo que agregaba que por orden del Presidente Obrero Nicol\u00e1s Maduro se le ha dado prioridad a la formaci\u00f3n de los Consejos Productivos de Trabajadores en los sectores m\u00e1s afectados por la guerra econ\u00f3mica, como lo son el sector agroalimentario, farmac\u00e9utico y productos para la higiene y el hogar.<\/p>\n<p><strong>Avances en los CPT<\/strong><\/p>\n<p>Alarc\u00f3n Inform\u00f3 que se han visto avances importantes en los CPT. \u201cHemos visto avances importantes. Ya han informado que hay empresas donde las infraestructuras no est\u00e1n adecuadas y los patronos no han querido adecuar las instalaciones para poder trabajar de la mejor forma\u201d.<\/p>\n<p>Alarc\u00f3n destac\u00f3 que mientras m\u00e1s Consejos Productivos de Trabajadores se conformen m\u00e1s informaci\u00f3n tendr\u00e1 el estado de la capacidad producci\u00f3n de cada Empresa, as\u00ed como de las trabas que presentan para poder producir.<\/p>\n<p><strong>Inversi\u00f3n en salud solo en Revoluci\u00f3n<\/strong><\/p>\n<p>Octavio Sol\u00f3rzano, presidente de la Federaci\u00f3n Nacional de Sindicatos Regionales, Sectoriales y Conexos de Trabajadores del Sector Salud, \u00a0Fenasirtrasalud, destac\u00f3 que el presupuesto para la salud en la \u00e9poca de la cuarta Rep\u00fablica era el 1%. Ahora el Gobierno Nacional invierte una gran cantidad de recursos para garantizar la salud a los venezolanos.<\/p>\n<p>Sol\u00f3rzano expres\u00f3 que hay una guerra econ\u00f3mica que se viene forjando desde el sector qu\u00edmico farmac\u00e9utico y que lamentablemente existe una gran dependencia del sector externo con respecto a los insumos para la salud. Por eso es importante la decisi\u00f3n del presidente de la Rep\u00fablica, Nicol\u00e1s Maduro Moros, \u00a0de crear un conglomerado para definir pol\u00edticas integrales para poder producir los insumos para la salud.<\/p>\n<p>Destac\u00f3 adem\u00e1s que las empresas privadas nunca se preocuparon por producir estos insumos para eliminar esta dependencia en el pa\u00eds, sino que se aprovechaban de las divisas del Estado.<\/p>\n<p>Por Carlos Palacios<\/p>\n<p>&nbsp;<\/p>\n<p>&nbsp;<\/p>\n<p>&nbsp;<\/p>\n<p>&nbsp;<\/p>\n<p>&nbsp;<\/p>\n<p>&nbsp;<\/p>\n<p>&nbsp;<\/p>\n","protected":false},"excerpt":{"rendered":"<p>Prensa (MPPPST). El Ministerio del Poder Popular para el Proceso Social de Trabajo, ir\u00e1 estado por &hellip; <a title=\"Ministerio del Proceso Social de Trabajo se desplegar\u00e1 con los CPT para garantizar la producci\u00f3n de las empresas\" class=\"hm-read-more\" href=\"https:\/\/www.mpppst.gob.ve\/mpppstweb\/index.php\/2017\/02\/06\/ministerio-del-proceso-social-de-trabajo-se-desplegara-con-los-cpt-para-garantizar-la-produccion-de-las-empresas\/\"><span class=\"screen-reader-text\">Ministerio del Proceso Social de Trabajo se desplegar\u00e1 con los CPT para garantizar la producci\u00f3n de las empresas<\/span>Read more<\/a><\/p>\n","protected":false},"author":25,"featured_media":10448,"comment_status":"closed","ping_status":"closed","sticky":false,"template":"","format":"standard","meta":{"footnotes":""},"categories":[197,83,84],"tags":[344,225,242],"yoast_head":"<!-- This site is optimized with the Yoast SEO plugin v22.5 - https:\/\/yoast.com\/wordpress\/plugins\/seo\/ -->\n<title>Ministerio del Proceso Social de Trabajo se desplegar\u00e1 con los CPT para garantizar la producci\u00f3n de las empresas - MPPPST<\/title>\n<meta name=\"robots\" content=\"index, follow, max-snippet:-1, max-image-preview:large, max-video-preview:-1\" \/>\n<link rel=\"canonical\" href=\"https:\/\/www.mpppst.gob.ve\/mpppstweb\/index.php\/2017\/02\/06\/ministerio-del-proceso-social-de-trabajo-se-desplegara-con-los-cpt-para-garantizar-la-produccion-de-las-empresas\/\" \/>\n<meta property=\"og:locale\" content=\"es_ES\" \/>\n<meta property=\"og:type\" content=\"article\" \/>\n<meta property=\"og:title\" content=\"Ministerio del Proceso Social de Trabajo se desplegar\u00e1 con los CPT para garantizar la producci\u00f3n de las empresas - MPPPST\" \/>\n<meta property=\"og:description\" content=\"Prensa (MPPPST). El Ministerio del Poder Popular para el Proceso Social de Trabajo, ir\u00e1 estado por &hellip; Ministerio del Proceso Social de Trabajo se desplegar\u00e1 con los CPT para garantizar la producci\u00f3n de las empresasRead more\" \/>\n<meta property=\"og:url\" content=\"https:\/\/www.mpppst.gob.ve\/mpppstweb\/index.php\/2017\/02\/06\/ministerio-del-proceso-social-de-trabajo-se-desplegara-con-los-cpt-para-garantizar-la-produccion-de-las-empresas\/\" \/>\n<meta property=\"og:site_name\" content=\"MPPPST\" \/>\n<meta property=\"article:published_time\" content=\"2017-02-06T16:04:19+00:00\" \/>\n<meta property=\"og:image\" content=\"https:\/\/www.mpppst.gob.ve\/mpppstweb\/wp-content\/uploads\/2017\/02\/Ministro-Torrealba-Programa-de-Radio-1.jpg\" \/>\n\t<meta property=\"og:image:width\" content=\"800\" \/>\n\t<meta property=\"og:image:height\" content=\"445\" \/>\n\t<meta property=\"og:image:type\" content=\"image\/jpeg\" \/>\n<meta name=\"author\" content=\"MPPPST Prensa\" \/>\n<meta name=\"twitter:card\" content=\"summary_large_image\" \/>\n<meta name=\"twitter:label1\" content=\"Escrito por\" \/>\n\t<meta name=\"twitter:data1\" content=\"MPPPST Prensa\" \/>\n\t<meta name=\"twitter:label2\" content=\"Tiempo de lectura\" \/>\n\t<meta name=\"twitter:data2\" content=\"3 minutos\" \/>\n<script type=\"application\/ld+json\" class=\"yoast-schema-graph\">{\"@context\":\"https:\/\/schema.org\",\"@graph\":[{\"@type\":\"Article\",\"@id\":\"https:\/\/www.mpppst.gob.ve\/mpppstweb\/index.php\/2017\/02\/06\/ministerio-del-proceso-social-de-trabajo-se-desplegara-con-los-cpt-para-garantizar-la-produccion-de-las-empresas\/#article\",\"isPartOf\":{\"@id\":\"https:\/\/www.mpppst.gob.ve\/mpppstweb\/index.php\/2017\/02\/06\/ministerio-del-proceso-social-de-trabajo-se-desplegara-con-los-cpt-para-garantizar-la-produccion-de-las-empresas\/\"},\"author\":{\"name\":\"MPPPST Prensa\",\"@id\":\"https:\/\/www.mpppst.gob.ve\/mpppstweb\/#\/schema\/person\/fc187ee8ead412bd4c9304b62f900ea4\"},\"headline\":\"Ministerio del Proceso Social de Trabajo se desplegar\u00e1 con los CPT para garantizar la producci\u00f3n de las empresas\",\"datePublished\":\"2017-02-06T16:04:19+00:00\",\"dateModified\":\"2017-02-06T16:04:19+00:00\",\"mainEntityOfPage\":{\"@id\":\"https:\/\/www.mpppst.gob.ve\/mpppstweb\/index.php\/2017\/02\/06\/ministerio-del-proceso-social-de-trabajo-se-desplegara-con-los-cpt-para-garantizar-la-produccion-de-las-empresas\/\"},\"wordCount\":566,\"publisher\":{\"@id\":\"https:\/\/www.mpppst.gob.ve\/mpppstweb\/#organization\"},\"image\":{\"@id\":\"https:\/\/www.mpppst.gob.ve\/mpppstweb\/index.php\/2017\/02\/06\/ministerio-del-proceso-social-de-trabajo-se-desplegara-con-los-cpt-para-garantizar-la-produccion-de-las-empresas\/#primaryimage\"},\"thumbnailUrl\":\"https:\/\/www.mpppst.gob.ve\/mpppstweb\/wp-content\/uploads\/2017\/02\/Ministro-Torrealba-Programa-de-Radio-1.jpg\",\"keywords\":[\"CPT\",\"Fuerza Laboral\",\"Justa distribuci\u00f3n de la riqueza\"],\"articleSection\":[\"Defensa de Trabajadores y Trabajadoras\",\"Ministerio\",\"Vida Laboral y Sindical\"],\"inLanguage\":\"es\"},{\"@type\":\"WebPage\",\"@id\":\"https:\/\/www.mpppst.gob.ve\/mpppstweb\/index.php\/2017\/02\/06\/ministerio-del-proceso-social-de-trabajo-se-desplegara-con-los-cpt-para-garantizar-la-produccion-de-las-empresas\/\",\"url\":\"https:\/\/www.mpppst.gob.ve\/mpppstweb\/index.php\/2017\/02\/06\/ministerio-del-proceso-social-de-trabajo-se-desplegara-con-los-cpt-para-garantizar-la-produccion-de-las-empresas\/\",\"name\":\"Ministerio del Proceso Social de Trabajo se desplegar\u00e1 con los CPT para garantizar la producci\u00f3n de las empresas - MPPPST\",\"isPartOf\":{\"@id\":\"https:\/\/www.mpppst.gob.ve\/mpppstweb\/#website\"},\"primaryImageOfPage\":{\"@id\":\"https:\/\/www.mpppst.gob.ve\/mpppstweb\/index.php\/2017\/02\/06\/ministerio-del-proceso-social-de-trabajo-se-desplegara-con-los-cpt-para-garantizar-la-produccion-de-las-empresas\/#primaryimage\"},\"image\":{\"@id\":\"https:\/\/www.mpppst.gob.ve\/mpppstweb\/index.php\/2017\/02\/06\/ministerio-del-proceso-social-de-trabajo-se-desplegara-con-los-cpt-para-garantizar-la-produccion-de-las-empresas\/#primaryimage\"},\"thumbnailUrl\":\"https:\/\/www.mpppst.gob.ve\/mpppstweb\/wp-content\/uploads\/2017\/02\/Ministro-Torrealba-Programa-de-Radio-1.jpg\",\"datePublished\":\"2017-02-06T16:04:19+00:00\",\"dateModified\":\"2017-02-06T16:04:19+00:00\",\"breadcrumb\":{\"@id\":\"https:\/\/www.mpppst.gob.ve\/mpppstweb\/index.php\/2017\/02\/06\/ministerio-del-proceso-social-de-trabajo-se-desplegara-con-los-cpt-para-garantizar-la-produccion-de-las-empresas\/#breadcrumb\"},\"inLanguage\":\"es\",\"potentialAction\":[{\"@type\":\"ReadAction\",\"target\":[\"https:\/\/www.mpppst.gob.ve\/mpppstweb\/index.php\/2017\/02\/06\/ministerio-del-proceso-social-de-trabajo-se-desplegara-con-los-cpt-para-garantizar-la-produccion-de-las-empresas\/\"]}]},{\"@type\":\"ImageObject\",\"inLanguage\":\"es\",\"@id\":\"https:\/\/www.mpppst.gob.ve\/mpppstweb\/index.php\/2017\/02\/06\/ministerio-del-proceso-social-de-trabajo-se-desplegara-con-los-cpt-para-garantizar-la-produccion-de-las-empresas\/#primaryimage\",\"url\":\"https:\/\/www.mpppst.gob.ve\/mpppstweb\/wp-content\/uploads\/2017\/02\/Ministro-Torrealba-Programa-de-Radio-1.jpg\",\"contentUrl\":\"https:\/\/www.mpppst.gob.ve\/mpppstweb\/wp-content\/uploads\/2017\/02\/Ministro-Torrealba-Programa-de-Radio-1.jpg\",\"width\":800,\"height\":445},{\"@type\":\"BreadcrumbList\",\"@id\":\"https:\/\/www.mpppst.gob.ve\/mpppstweb\/index.php\/2017\/02\/06\/ministerio-del-proceso-social-de-trabajo-se-desplegara-con-los-cpt-para-garantizar-la-produccion-de-las-empresas\/#breadcrumb\",\"itemListElement\":[{\"@type\":\"ListItem\",\"position\":1,\"name\":\"Home\",\"item\":\"https:\/\/www.mpppst.gob.ve\/mpppstweb\/\"},{\"@type\":\"ListItem\",\"position\":2,\"name\":\"Ministerio del Proceso Social de Trabajo se desplegar\u00e1 con los CPT para garantizar la producci\u00f3n de las empresas\"}]},{\"@type\":\"WebSite\",\"@id\":\"https:\/\/www.mpppst.gob.ve\/mpppstweb\/#website\",\"url\":\"https:\/\/www.mpppst.gob.ve\/mpppstweb\/\",\"name\":\"MPPPST\",\"description\":\"Ministerio del Poder Popular para el Proceso Social de Trabajo\",\"publisher\":{\"@id\":\"https:\/\/www.mpppst.gob.ve\/mpppstweb\/#organization\"},\"potentialAction\":[{\"@type\":\"SearchAction\",\"target\":{\"@type\":\"EntryPoint\",\"urlTemplate\":\"https:\/\/www.mpppst.gob.ve\/mpppstweb\/?s={search_term_string}\"},\"query-input\":\"required name=search_term_string\"}],\"inLanguage\":\"es\"},{\"@type\":\"Organization\",\"@id\":\"https:\/\/www.mpppst.gob.ve\/mpppstweb\/#organization\",\"name\":\"mpppst\",\"url\":\"https:\/\/www.mpppst.gob.ve\/mpppstweb\/\",\"logo\":{\"@type\":\"ImageObject\",\"inLanguage\":\"es\",\"@id\":\"https:\/\/www.mpppst.gob.ve\/mpppstweb\/#\/schema\/logo\/image\/\",\"url\":\"https:\/\/www.mpppst.gob.ve\/mpppstweb\/wp-content\/uploads\/2025\/07\/cropped-cropped-g910.png\",\"contentUrl\":\"https:\/\/www.mpppst.gob.ve\/mpppstweb\/wp-content\/uploads\/2025\/07\/cropped-cropped-g910.png\",\"width\":1080,\"height\":241,\"caption\":\"mpppst\"},\"image\":{\"@id\":\"https:\/\/www.mpppst.gob.ve\/mpppstweb\/#\/schema\/logo\/image\/\"}},{\"@type\":\"Person\",\"@id\":\"https:\/\/www.mpppst.gob.ve\/mpppstweb\/#\/schema\/person\/fc187ee8ead412bd4c9304b62f900ea4\",\"name\":\"MPPPST Prensa\",\"url\":\"https:\/\/www.mpppst.gob.ve\/mpppstweb\/index.php\/author\/prensa-mpppst\/\"}]}<\/script>\n<!-- \/ Yoast SEO plugin. -->","yoast_head_json":{"title":"Ministerio del Proceso Social de Trabajo se desplegar\u00e1 con los CPT para garantizar la producci\u00f3n de las empresas - MPPPST","robots":{"index":"index","follow":"follow","max-snippet":"max-snippet:-1","max-image-preview":"max-image-preview:large","max-video-preview":"max-video-preview:-1"},"canonical":"https:\/\/www.mpppst.gob.ve\/mpppstweb\/index.php\/2017\/02\/06\/ministerio-del-proceso-social-de-trabajo-se-desplegara-con-los-cpt-para-garantizar-la-produccion-de-las-empresas\/","og_locale":"es_ES","og_type":"article","og_title":"Ministerio del Proceso Social de Trabajo se desplegar\u00e1 con los CPT para garantizar la producci\u00f3n de las empresas - MPPPST","og_description":"Prensa (MPPPST). El Ministerio del Poder Popular para el Proceso Social de Trabajo, ir\u00e1 estado por &hellip; Ministerio del Proceso Social de Trabajo se desplegar\u00e1 con los CPT para garantizar la producci\u00f3n de las empresasRead more","og_url":"https:\/\/www.mpppst.gob.ve\/mpppstweb\/index.php\/2017\/02\/06\/ministerio-del-proceso-social-de-trabajo-se-desplegara-con-los-cpt-para-garantizar-la-produccion-de-las-empresas\/","og_site_name":"MPPPST","article_published_time":"2017-02-06T16:04:19+00:00","og_image":[{"width":800,"height":445,"url":"https:\/\/www.mpppst.gob.ve\/mpppstweb\/wp-content\/uploads\/2017\/02\/Ministro-Torrealba-Programa-de-Radio-1.jpg","type":"image\/jpeg"}],"author":"MPPPST Prensa","twitter_card":"summary_large_image","twitter_misc":{"Escrito por":"MPPPST Prensa","Tiempo de lectura":"3 minutos"},"schema":{"@context":"https:\/\/schema.org","@graph":[{"@type":"Article","@id":"https:\/\/www.mpppst.gob.ve\/mpppstweb\/index.php\/2017\/02\/06\/ministerio-del-proceso-social-de-trabajo-se-desplegara-con-los-cpt-para-garantizar-la-produccion-de-las-empresas\/#article","isPartOf":{"@id":"https:\/\/www.mpppst.gob.ve\/mpppstweb\/index.php\/2017\/02\/06\/ministerio-del-proceso-social-de-trabajo-se-desplegara-con-los-cpt-para-garantizar-la-produccion-de-las-empresas\/"},"author":{"name":"MPPPST Prensa","@id":"https:\/\/www.mpppst.gob.ve\/mpppstweb\/#\/schema\/person\/fc187ee8ead412bd4c9304b62f900ea4"},"headline":"Ministerio del Proceso Social de Trabajo se desplegar\u00e1 con los CPT para garantizar la producci\u00f3n de las empresas","datePublished":"2017-02-06T16:04:19+00:00","dateModified":"2017-02-06T16:04:19+00:00","mainEntityOfPage":{"@id":"https:\/\/www.mpppst.gob.ve\/mpppstweb\/index.php\/2017\/02\/06\/ministerio-del-proceso-social-de-trabajo-se-desplegara-con-los-cpt-para-garantizar-la-produccion-de-las-empresas\/"},"wordCount":566,"publisher":{"@id":"https:\/\/www.mpppst.gob.ve\/mpppstweb\/#organization"},"image":{"@id":"https:\/\/www.mpppst.gob.ve\/mpppstweb\/index.php\/2017\/02\/06\/ministerio-del-proceso-social-de-trabajo-se-desplegara-con-los-cpt-para-garantizar-la-produccion-de-las-empresas\/#primaryimage"},"thumbnailUrl":"https:\/\/www.mpppst.gob.ve\/mpppstweb\/wp-content\/uploads\/2017\/02\/Ministro-Torrealba-Programa-de-Radio-1.jpg","keywords":["CPT","Fuerza Laboral","Justa distribuci\u00f3n de la riqueza"],"articleSection":["Defensa de Trabajadores y Trabajadoras","Ministerio","Vida Laboral y Sindical"],"inLanguage":"es"},{"@type":"WebPage","@id":"https:\/\/www.mpppst.gob.ve\/mpppstweb\/index.php\/2017\/02\/06\/ministerio-del-proceso-social-de-trabajo-se-desplegara-con-los-cpt-para-garantizar-la-produccion-de-las-empresas\/","url":"https:\/\/www.mpppst.gob.ve\/mpppstweb\/index.php\/2017\/02\/06\/ministerio-del-proceso-social-de-trabajo-se-desplegara-con-los-cpt-para-garantizar-la-produccion-de-las-empresas\/","name":"Ministerio del Proceso Social de Trabajo se desplegar\u00e1 con los CPT para garantizar la producci\u00f3n de las empresas - MPPPST","isPartOf":{"@id":"https:\/\/www.mpppst.gob.ve\/mpppstweb\/#website"},"primaryImageOfPage":{"@id":"https:\/\/www.mpppst.gob.ve\/mpppstweb\/index.php\/2017\/02\/06\/ministerio-del-proceso-social-de-trabajo-se-desplegara-con-los-cpt-para-garantizar-la-produccion-de-las-empresas\/#primaryimage"},"image":{"@id":"https:\/\/www.mpppst.gob.ve\/mpppstweb\/index.php\/2017\/02\/06\/ministerio-del-proceso-social-de-trabajo-se-desplegara-con-los-cpt-para-garantizar-la-produccion-de-las-empresas\/#primaryimage"},"thumbnailUrl":"https:\/\/www.mpppst.gob.ve\/mpppstweb\/wp-content\/uploads\/2017\/02\/Ministro-Torrealba-Programa-de-Radio-1.jpg","datePublished":"2017-02-06T16:04:19+00:00","dateModified":"2017-02-06T16:04:19+00:00","breadcrumb":{"@id":"https:\/\/www.mpppst.gob.ve\/mpppstweb\/index.php\/2017\/02\/06\/ministerio-del-proceso-social-de-trabajo-se-desplegara-con-los-cpt-para-garantizar-la-produccion-de-las-empresas\/#breadcrumb"},"inLanguage":"es","potentialAction":[{"@type":"ReadAction","target":["https:\/\/www.mpppst.gob.ve\/mpppstweb\/index.php\/2017\/02\/06\/ministerio-del-proceso-social-de-trabajo-se-desplegara-con-los-cpt-para-garantizar-la-produccion-de-las-empresas\/"]}]},{"@type":"ImageObject","inLanguage":"es","@id":"https:\/\/www.mpppst.gob.ve\/mpppstweb\/index.php\/2017\/02\/06\/ministerio-del-proceso-social-de-trabajo-se-desplegara-con-los-cpt-para-garantizar-la-produccion-de-las-empresas\/#primaryimage","url":"https:\/\/www.mpppst.gob.ve\/mpppstweb\/wp-content\/uploads\/2017\/02\/Ministro-Torrealba-Programa-de-Radio-1.jpg","contentUrl":"https:\/\/www.mpppst.gob.ve\/mpppstweb\/wp-content\/uploads\/2017\/02\/Ministro-Torrealba-Programa-de-Radio-1.jpg","width":800,"height":445},{"@type":"BreadcrumbList","@id":"https:\/\/www.mpppst.gob.ve\/mpppstweb\/index.php\/2017\/02\/06\/ministerio-del-proceso-social-de-trabajo-se-desplegara-con-los-cpt-para-garantizar-la-produccion-de-las-empresas\/#breadcrumb","itemListElement":[{"@type":"ListItem","position":1,"name":"Home","item":"https:\/\/www.mpppst.gob.ve\/mpppstweb\/"},{"@type":"ListItem","position":2,"name":"Ministerio del Proceso Social de Trabajo se desplegar\u00e1 con los CPT para garantizar la producci\u00f3n de las empresas"}]},{"@type":"WebSite","@id":"https:\/\/www.mpppst.gob.ve\/mpppstweb\/#website","url":"https:\/\/www.mpppst.gob.ve\/mpppstweb\/","name":"MPPPST","description":"Ministerio del Poder Popular para el Proceso Social de Trabajo","publisher":{"@id":"https:\/\/www.mpppst.gob.ve\/mpppstweb\/#organization"},"potentialAction":[{"@type":"SearchAction","target":{"@type":"EntryPoint","urlTemplate":"https:\/\/www.mpppst.gob.ve\/mpppstweb\/?s={search_term_string}"},"query-input":"required name=search_term_string"}],"inLanguage":"es"},{"@type":"Organization","@id":"https:\/\/www.mpppst.gob.ve\/mpppstweb\/#organization","name":"mpppst","url":"https:\/\/www.mpppst.gob.ve\/mpppstweb\/","logo":{"@type":"ImageObject","inLanguage":"es","@id":"https:\/\/www.mpppst.gob.ve\/mpppstweb\/#\/schema\/logo\/image\/","url":"https:\/\/www.mpppst.gob.ve\/mpppstweb\/wp-content\/uploads\/2025\/07\/cropped-cropped-g910.png","contentUrl":"https:\/\/www.mpppst.gob.ve\/mpppstweb\/wp-content\/uploads\/2025\/07\/cropped-cropped-g910.png","width":1080,"height":241,"caption":"mpppst"},"image":{"@id":"https:\/\/www.mpppst.gob.ve\/mpppstweb\/#\/schema\/logo\/image\/"}},{"@type":"Person","@id":"https:\/\/www.mpppst.gob.ve\/mpppstweb\/#\/schema\/person\/fc187ee8ead412bd4c9304b62f900ea4","name":"MPPPST Prensa","url":"https:\/\/www.mpppst.gob.ve\/mpppstweb\/index.php\/author\/prensa-mpppst\/"}]}},"_links":{"self":[{"href":"https:\/\/www.mpppst.gob.ve\/mpppstweb\/index.php\/wp-json\/wp\/v2\/posts\/10446"}],"collection":[{"href":"https:\/\/www.mpppst.gob.ve\/mpppstweb\/index.php\/wp-json\/wp\/v2\/posts"}],"about":[{"href":"https:\/\/www.mpppst.gob.ve\/mpppstweb\/index.php\/wp-json\/wp\/v2\/types\/post"}],"author":[{"embeddable":true,"href":"https:\/\/www.mpppst.gob.ve\/mpppstweb\/index.php\/wp-json\/wp\/v2\/users\/25"}],"replies":[{"embeddable":true,"href":"https:\/\/www.mpppst.gob.ve\/mpppstweb\/index.php\/wp-json\/wp\/v2\/comments?post=10446"}],"version-history":[{"count":1,"href":"https:\/\/www.mpppst.gob.ve\/mpppstweb\/index.php\/wp-json\/wp\/v2\/posts\/10446\/revisions"}],"predecessor-version":[{"id":10449,"href":"https:\/\/www.mpppst.gob.ve\/mpppstweb\/index.php\/wp-json\/wp\/v2\/posts\/10446\/revisions\/10449"}],"wp:featuredmedia":[{"embeddable":true,"href":"https:\/\/www.mpppst.gob.ve\/mpppstweb\/index.php\/wp-json\/wp\/v2\/media\/10448"}],"wp:attachment":[{"href":"https:\/\/www.mpppst.gob.ve\/mpppstweb\/index.php\/wp-json\/wp\/v2\/media?parent=10446"}],"wp:term":[{"taxonomy":"category","embeddable":true,"href":"https:\/\/www.mpppst.gob.ve\/mpppstweb\/index.php\/wp-json\/wp\/v2\/categories?post=10446"},{"taxonomy":"post_tag","embeddable":true,"href":"https:\/\/www.mpppst.gob.ve\/mpppstweb\/index.php\/wp-json\/wp\/v2\/tags?post=10446"}],"curies":[{"name":"wp","href":"https:\/\/api.w.org\/{rel}","templated":true}]}}