{"id":10453,"date":"2017-02-06T20:34:50","date_gmt":"2017-02-06T20:34:50","guid":{"rendered":"http:\/\/www.mpppst.gob.ve\/mpppstweb\/?p=10453"},"modified":"2017-02-06T20:34:50","modified_gmt":"2017-02-06T20:34:50","slug":"hoy-se-cumplen-88-anos-del-natalicio-del-lider-revolucionario-fabricio-ojeda","status":"publish","type":"post","link":"https:\/\/www.mpppst.gob.ve\/mpppstweb\/index.php\/2017\/02\/06\/hoy-se-cumplen-88-anos-del-natalicio-del-lider-revolucionario-fabricio-ojeda\/","title":{"rendered":"Hoy se cumplen 88 a\u00f1os del natalicio del l\u00edder revolucionario Fabricio Ojeda"},"content":{"rendered":"<p>VTV.- Fabricio Ojeda, conocido como \u201cRoberto\u201d, periodista venezolano que luch\u00f3 por la Liberaci\u00f3n Nacional y el Socialismo,\u00a0naci\u00f3 el 06 de febrero de 1929 en la poblaci\u00f3n de Bocon\u00f3, estado Trujillo.<\/p>\n<p>A\u00f1os despu\u00e9s se convirti\u00f3 en el l\u00edder de la Revoluci\u00f3n popular del 23 de enero de 1958, que derroc\u00f3 la dictadura de Marcos P\u00e9rez Jim\u00e9nez, adem\u00e1s que es el primero, en la \u00e9poca del puntofijismo, en convocar a una Asamblea Constituyente.<\/p>\n<p>Trabaj\u00f3 en los peri\u00f3dicos La Calle, El Heraldo y El Nacional. Lider\u00f3 a la Uni\u00f3n Republicana Democr\u00e1tica (URD).<\/p>\n<p>En 1958 represent\u00f3 la Junta Patri\u00f3tica que reun\u00eda a todos los partidos, movimientos, gremios con un solo fin: acabar con la dictadura de Marcos P\u00e9rez Jim\u00e9nez.<\/p>\n<p>Fue nombrado diputado al Congreso por la URD, luego de las elecciones generales de 1958, donde obtuvo la victoria R\u00f3mulo Betancourt (1959-1964).<\/p>\n<p>Se cumpli\u00f3 el pacto de Punto Fijo, el gabinete Betancourt lo formaron adecos, copeyanos y urredistas, y el tripartito se reparti\u00f3 entre su militancia cargos y gobernaciones, hasta que la URD se retir\u00f3 del gobierno y del pacto en 1962, a\u00f1o en el que surgen las primeras guerrillas organizadas de Venezuela en el siglo XX.<\/p>\n<p>Ojeda renunci\u00f3 a su cargo en 1962 y se uni\u00f3 a las guerrillas. Fue uno de los fundadores de las Fuerzas Armadas de Liberaci\u00f3n Nacional (FALN), constituidas formalmente el primeor de enero de 1963.<\/p>\n<p>En las guerrillas lleg\u00f3 a obtener el grado de comandante y presidi\u00f3 el Frente de Liberaci\u00f3n Nacional en el distrito Argimiro Gabald\u00f3n.<\/p>\n<p>El l\u00edder fue un defensor de la Revoluci\u00f3n Cubana y uno los m\u00e1s fervientes auspiciadores. Es detenido y un Consejo de Guerra lo sentencia a 18 a\u00f1os de presidio por Rebeli\u00f3n Militar y recluido en la c\u00e1rcel de Trujillo, c\u00e1rcel de la cual se fuga en compa\u00f1\u00eda de otros compa\u00f1eros.<\/p>\n<p>Es asesinado en los calabozos del Servicio de Inteligencia de la Fuerza Armada (Sifa) el d\u00eda 21 de julio de 1966, por miembros de los cuerpos represivos del r\u00e9gimen de Ra\u00fal Leoni. Al morir ostentaba, el cargo de Presidente de la Comandancia FLN-FALN.<\/p>\n<p>El recuerdo de la figura de Fabricio Ojeda se ha fortalecido en Venezuela en los primeros a\u00f1os del siglo XXI, en reconocimiento a su entrega de llevar las banderas de la Revoluci\u00f3n y la Independencia en el pa\u00eds.<\/p>\n<p>Por ello el 23 de enero de 2017, sus restos fueron trasladados al Pante\u00f3n Nacional como muestra de agradecimiento a \u00e9ste m\u00e1rtir de la lucha obrera en Venezuela.<\/p>\n","protected":false},"excerpt":{"rendered":"<p>VTV.- Fabricio Ojeda, conocido como \u201cRoberto\u201d, periodista venezolano que luch\u00f3 por la Liberaci\u00f3n Nacional y el &hellip; <a title=\"Hoy se cumplen 88 a\u00f1os del natalicio del l\u00edder revolucionario Fabricio Ojeda\" class=\"hm-read-more\" href=\"https:\/\/www.mpppst.gob.ve\/mpppstweb\/index.php\/2017\/02\/06\/hoy-se-cumplen-88-anos-del-natalicio-del-lider-revolucionario-fabricio-ojeda\/\"><span class=\"screen-reader-text\">Hoy se cumplen 88 a\u00f1os del natalicio del l\u00edder revolucionario Fabricio Ojeda<\/span>Read more<\/a><\/p>\n","protected":false},"author":25,"featured_media":10454,"comment_status":"closed","ping_status":"closed","sticky":false,"template":"","format":"standard","meta":{"footnotes":""},"categories":[82,83,163],"tags":[254,222],"yoast_head":"<!-- This site is optimized with the Yoast SEO plugin v22.5 - https:\/\/yoast.com\/wordpress\/plugins\/seo\/ -->\n<title>Hoy se cumplen 88 a\u00f1os del natalicio del l\u00edder revolucionario Fabricio Ojeda - MPPPST<\/title>\n<meta name=\"robots\" content=\"index, follow, max-snippet:-1, max-image-preview:large, max-video-preview:-1\" \/>\n<link rel=\"canonical\" href=\"https:\/\/www.mpppst.gob.ve\/mpppstweb\/index.php\/2017\/02\/06\/hoy-se-cumplen-88-anos-del-natalicio-del-lider-revolucionario-fabricio-ojeda\/\" \/>\n<meta property=\"og:locale\" content=\"es_ES\" \/>\n<meta property=\"og:type\" content=\"article\" \/>\n<meta property=\"og:title\" content=\"Hoy se cumplen 88 a\u00f1os del natalicio del l\u00edder revolucionario Fabricio Ojeda - MPPPST\" \/>\n<meta property=\"og:description\" content=\"VTV.- Fabricio Ojeda, conocido como \u201cRoberto\u201d, periodista venezolano que luch\u00f3 por la Liberaci\u00f3n Nacional y el &hellip; Hoy se cumplen 88 a\u00f1os del natalicio del l\u00edder revolucionario Fabricio OjedaRead more\" \/>\n<meta property=\"og:url\" content=\"https:\/\/www.mpppst.gob.ve\/mpppstweb\/index.php\/2017\/02\/06\/hoy-se-cumplen-88-anos-del-natalicio-del-lider-revolucionario-fabricio-ojeda\/\" \/>\n<meta property=\"og:site_name\" content=\"MPPPST\" \/>\n<meta property=\"article:published_time\" content=\"2017-02-06T20:34:50+00:00\" \/>\n<meta property=\"og:image\" content=\"https:\/\/www.mpppst.gob.ve\/mpppstweb\/wp-content\/uploads\/2017\/02\/mural-fabricio-768x470.jpg\" \/>\n\t<meta property=\"og:image:width\" content=\"800\" \/>\n\t<meta property=\"og:image:height\" content=\"445\" \/>\n\t<meta property=\"og:image:type\" content=\"image\/jpeg\" \/>\n<meta name=\"author\" content=\"MPPPST Prensa\" \/>\n<meta name=\"twitter:card\" content=\"summary_large_image\" \/>\n<meta name=\"twitter:label1\" content=\"Escrito por\" \/>\n\t<meta name=\"twitter:data1\" content=\"MPPPST Prensa\" \/>\n\t<meta name=\"twitter:label2\" content=\"Tiempo de lectura\" \/>\n\t<meta name=\"twitter:data2\" content=\"2 minutos\" \/>\n<script type=\"application\/ld+json\" class=\"yoast-schema-graph\">{\"@context\":\"https:\/\/schema.org\",\"@graph\":[{\"@type\":\"Article\",\"@id\":\"https:\/\/www.mpppst.gob.ve\/mpppstweb\/index.php\/2017\/02\/06\/hoy-se-cumplen-88-anos-del-natalicio-del-lider-revolucionario-fabricio-ojeda\/#article\",\"isPartOf\":{\"@id\":\"https:\/\/www.mpppst.gob.ve\/mpppstweb\/index.php\/2017\/02\/06\/hoy-se-cumplen-88-anos-del-natalicio-del-lider-revolucionario-fabricio-ojeda\/\"},\"author\":{\"name\":\"MPPPST Prensa\",\"@id\":\"https:\/\/www.mpppst.gob.ve\/mpppstweb\/#\/schema\/person\/fc187ee8ead412bd4c9304b62f900ea4\"},\"headline\":\"Hoy se cumplen 88 a\u00f1os del natalicio del l\u00edder revolucionario Fabricio Ojeda\",\"datePublished\":\"2017-02-06T20:34:50+00:00\",\"dateModified\":\"2017-02-06T20:34:50+00:00\",\"mainEntityOfPage\":{\"@id\":\"https:\/\/www.mpppst.gob.ve\/mpppstweb\/index.php\/2017\/02\/06\/hoy-se-cumplen-88-anos-del-natalicio-del-lider-revolucionario-fabricio-ojeda\/\"},\"wordCount\":446,\"publisher\":{\"@id\":\"https:\/\/www.mpppst.gob.ve\/mpppstweb\/#organization\"},\"image\":{\"@id\":\"https:\/\/www.mpppst.gob.ve\/mpppstweb\/index.php\/2017\/02\/06\/hoy-se-cumplen-88-anos-del-natalicio-del-lider-revolucionario-fabricio-ojeda\/#primaryimage\"},\"thumbnailUrl\":\"https:\/\/www.mpppst.gob.ve\/mpppstweb\/wp-content\/uploads\/2017\/02\/mural-fabricio-768x470.jpg\",\"keywords\":[\"Efem\u00e9rides\",\"Gobierno Bolivariano\"],\"articleSection\":[\"Gobierno Nacional\",\"Ministerio\",\"Noticias\"],\"inLanguage\":\"es\"},{\"@type\":\"WebPage\",\"@id\":\"https:\/\/www.mpppst.gob.ve\/mpppstweb\/index.php\/2017\/02\/06\/hoy-se-cumplen-88-anos-del-natalicio-del-lider-revolucionario-fabricio-ojeda\/\",\"url\":\"https:\/\/www.mpppst.gob.ve\/mpppstweb\/index.php\/2017\/02\/06\/hoy-se-cumplen-88-anos-del-natalicio-del-lider-revolucionario-fabricio-ojeda\/\",\"name\":\"Hoy se cumplen 88 a\u00f1os del natalicio del l\u00edder revolucionario Fabricio Ojeda - MPPPST\",\"isPartOf\":{\"@id\":\"https:\/\/www.mpppst.gob.ve\/mpppstweb\/#website\"},\"primaryImageOfPage\":{\"@id\":\"https:\/\/www.mpppst.gob.ve\/mpppstweb\/index.php\/2017\/02\/06\/hoy-se-cumplen-88-anos-del-natalicio-del-lider-revolucionario-fabricio-ojeda\/#primaryimage\"},\"image\":{\"@id\":\"https:\/\/www.mpppst.gob.ve\/mpppstweb\/index.php\/2017\/02\/06\/hoy-se-cumplen-88-anos-del-natalicio-del-lider-revolucionario-fabricio-ojeda\/#primaryimage\"},\"thumbnailUrl\":\"https:\/\/www.mpppst.gob.ve\/mpppstweb\/wp-content\/uploads\/2017\/02\/mural-fabricio-768x470.jpg\",\"datePublished\":\"2017-02-06T20:34:50+00:00\",\"dateModified\":\"2017-02-06T20:34:50+00:00\",\"breadcrumb\":{\"@id\":\"https:\/\/www.mpppst.gob.ve\/mpppstweb\/index.php\/2017\/02\/06\/hoy-se-cumplen-88-anos-del-natalicio-del-lider-revolucionario-fabricio-ojeda\/#breadcrumb\"},\"inLanguage\":\"es\",\"potentialAction\":[{\"@type\":\"ReadAction\",\"target\":[\"https:\/\/www.mpppst.gob.ve\/mpppstweb\/index.php\/2017\/02\/06\/hoy-se-cumplen-88-anos-del-natalicio-del-lider-revolucionario-fabricio-ojeda\/\"]}]},{\"@type\":\"ImageObject\",\"inLanguage\":\"es\",\"@id\":\"https:\/\/www.mpppst.gob.ve\/mpppstweb\/index.php\/2017\/02\/06\/hoy-se-cumplen-88-anos-del-natalicio-del-lider-revolucionario-fabricio-ojeda\/#primaryimage\",\"url\":\"https:\/\/www.mpppst.gob.ve\/mpppstweb\/wp-content\/uploads\/2017\/02\/mural-fabricio-768x470.jpg\",\"contentUrl\":\"https:\/\/www.mpppst.gob.ve\/mpppstweb\/wp-content\/uploads\/2017\/02\/mural-fabricio-768x470.jpg\",\"width\":800,\"height\":445},{\"@type\":\"BreadcrumbList\",\"@id\":\"https:\/\/www.mpppst.gob.ve\/mpppstweb\/index.php\/2017\/02\/06\/hoy-se-cumplen-88-anos-del-natalicio-del-lider-revolucionario-fabricio-ojeda\/#breadcrumb\",\"itemListElement\":[{\"@type\":\"ListItem\",\"position\":1,\"name\":\"Home\",\"item\":\"https:\/\/www.mpppst.gob.ve\/mpppstweb\/\"},{\"@type\":\"ListItem\",\"position\":2,\"name\":\"Hoy se cumplen 88 a\u00f1os del natalicio del l\u00edder revolucionario Fabricio Ojeda\"}]},{\"@type\":\"WebSite\",\"@id\":\"https:\/\/www.mpppst.gob.ve\/mpppstweb\/#website\",\"url\":\"https:\/\/www.mpppst.gob.ve\/mpppstweb\/\",\"name\":\"MPPPST\",\"description\":\"Ministerio del Poder Popular para el Proceso Social de Trabajo\",\"publisher\":{\"@id\":\"https:\/\/www.mpppst.gob.ve\/mpppstweb\/#organization\"},\"potentialAction\":[{\"@type\":\"SearchAction\",\"target\":{\"@type\":\"EntryPoint\",\"urlTemplate\":\"https:\/\/www.mpppst.gob.ve\/mpppstweb\/?s={search_term_string}\"},\"query-input\":\"required name=search_term_string\"}],\"inLanguage\":\"es\"},{\"@type\":\"Organization\",\"@id\":\"https:\/\/www.mpppst.gob.ve\/mpppstweb\/#organization\",\"name\":\"mpppst\",\"url\":\"https:\/\/www.mpppst.gob.ve\/mpppstweb\/\",\"logo\":{\"@type\":\"ImageObject\",\"inLanguage\":\"es\",\"@id\":\"https:\/\/www.mpppst.gob.ve\/mpppstweb\/#\/schema\/logo\/image\/\",\"url\":\"https:\/\/www.mpppst.gob.ve\/mpppstweb\/wp-content\/uploads\/2025\/07\/cropped-cropped-g910.png\",\"contentUrl\":\"https:\/\/www.mpppst.gob.ve\/mpppstweb\/wp-content\/uploads\/2025\/07\/cropped-cropped-g910.png\",\"width\":1080,\"height\":241,\"caption\":\"mpppst\"},\"image\":{\"@id\":\"https:\/\/www.mpppst.gob.ve\/mpppstweb\/#\/schema\/logo\/image\/\"}},{\"@type\":\"Person\",\"@id\":\"https:\/\/www.mpppst.gob.ve\/mpppstweb\/#\/schema\/person\/fc187ee8ead412bd4c9304b62f900ea4\",\"name\":\"MPPPST Prensa\",\"url\":\"https:\/\/www.mpppst.gob.ve\/mpppstweb\/index.php\/author\/prensa-mpppst\/\"}]}<\/script>\n<!-- \/ Yoast SEO plugin. -->","yoast_head_json":{"title":"Hoy se cumplen 88 a\u00f1os del natalicio del l\u00edder revolucionario Fabricio Ojeda - MPPPST","robots":{"index":"index","follow":"follow","max-snippet":"max-snippet:-1","max-image-preview":"max-image-preview:large","max-video-preview":"max-video-preview:-1"},"canonical":"https:\/\/www.mpppst.gob.ve\/mpppstweb\/index.php\/2017\/02\/06\/hoy-se-cumplen-88-anos-del-natalicio-del-lider-revolucionario-fabricio-ojeda\/","og_locale":"es_ES","og_type":"article","og_title":"Hoy se cumplen 88 a\u00f1os del natalicio del l\u00edder revolucionario Fabricio Ojeda - MPPPST","og_description":"VTV.- Fabricio Ojeda, conocido como \u201cRoberto\u201d, periodista venezolano que luch\u00f3 por la Liberaci\u00f3n Nacional y el &hellip; Hoy se cumplen 88 a\u00f1os del natalicio del l\u00edder revolucionario Fabricio OjedaRead more","og_url":"https:\/\/www.mpppst.gob.ve\/mpppstweb\/index.php\/2017\/02\/06\/hoy-se-cumplen-88-anos-del-natalicio-del-lider-revolucionario-fabricio-ojeda\/","og_site_name":"MPPPST","article_published_time":"2017-02-06T20:34:50+00:00","og_image":[{"width":800,"height":445,"url":"https:\/\/www.mpppst.gob.ve\/mpppstweb\/wp-content\/uploads\/2017\/02\/mural-fabricio-768x470.jpg","type":"image\/jpeg"}],"author":"MPPPST Prensa","twitter_card":"summary_large_image","twitter_misc":{"Escrito por":"MPPPST Prensa","Tiempo de lectura":"2 minutos"},"schema":{"@context":"https:\/\/schema.org","@graph":[{"@type":"Article","@id":"https:\/\/www.mpppst.gob.ve\/mpppstweb\/index.php\/2017\/02\/06\/hoy-se-cumplen-88-anos-del-natalicio-del-lider-revolucionario-fabricio-ojeda\/#article","isPartOf":{"@id":"https:\/\/www.mpppst.gob.ve\/mpppstweb\/index.php\/2017\/02\/06\/hoy-se-cumplen-88-anos-del-natalicio-del-lider-revolucionario-fabricio-ojeda\/"},"author":{"name":"MPPPST Prensa","@id":"https:\/\/www.mpppst.gob.ve\/mpppstweb\/#\/schema\/person\/fc187ee8ead412bd4c9304b62f900ea4"},"headline":"Hoy se cumplen 88 a\u00f1os del natalicio del l\u00edder revolucionario Fabricio Ojeda","datePublished":"2017-02-06T20:34:50+00:00","dateModified":"2017-02-06T20:34:50+00:00","mainEntityOfPage":{"@id":"https:\/\/www.mpppst.gob.ve\/mpppstweb\/index.php\/2017\/02\/06\/hoy-se-cumplen-88-anos-del-natalicio-del-lider-revolucionario-fabricio-ojeda\/"},"wordCount":446,"publisher":{"@id":"https:\/\/www.mpppst.gob.ve\/mpppstweb\/#organization"},"image":{"@id":"https:\/\/www.mpppst.gob.ve\/mpppstweb\/index.php\/2017\/02\/06\/hoy-se-cumplen-88-anos-del-natalicio-del-lider-revolucionario-fabricio-ojeda\/#primaryimage"},"thumbnailUrl":"https:\/\/www.mpppst.gob.ve\/mpppstweb\/wp-content\/uploads\/2017\/02\/mural-fabricio-768x470.jpg","keywords":["Efem\u00e9rides","Gobierno Bolivariano"],"articleSection":["Gobierno Nacional","Ministerio","Noticias"],"inLanguage":"es"},{"@type":"WebPage","@id":"https:\/\/www.mpppst.gob.ve\/mpppstweb\/index.php\/2017\/02\/06\/hoy-se-cumplen-88-anos-del-natalicio-del-lider-revolucionario-fabricio-ojeda\/","url":"https:\/\/www.mpppst.gob.ve\/mpppstweb\/index.php\/2017\/02\/06\/hoy-se-cumplen-88-anos-del-natalicio-del-lider-revolucionario-fabricio-ojeda\/","name":"Hoy se cumplen 88 a\u00f1os del natalicio del l\u00edder revolucionario Fabricio Ojeda - MPPPST","isPartOf":{"@id":"https:\/\/www.mpppst.gob.ve\/mpppstweb\/#website"},"primaryImageOfPage":{"@id":"https:\/\/www.mpppst.gob.ve\/mpppstweb\/index.php\/2017\/02\/06\/hoy-se-cumplen-88-anos-del-natalicio-del-lider-revolucionario-fabricio-ojeda\/#primaryimage"},"image":{"@id":"https:\/\/www.mpppst.gob.ve\/mpppstweb\/index.php\/2017\/02\/06\/hoy-se-cumplen-88-anos-del-natalicio-del-lider-revolucionario-fabricio-ojeda\/#primaryimage"},"thumbnailUrl":"https:\/\/www.mpppst.gob.ve\/mpppstweb\/wp-content\/uploads\/2017\/02\/mural-fabricio-768x470.jpg","datePublished":"2017-02-06T20:34:50+00:00","dateModified":"2017-02-06T20:34:50+00:00","breadcrumb":{"@id":"https:\/\/www.mpppst.gob.ve\/mpppstweb\/index.php\/2017\/02\/06\/hoy-se-cumplen-88-anos-del-natalicio-del-lider-revolucionario-fabricio-ojeda\/#breadcrumb"},"inLanguage":"es","potentialAction":[{"@type":"ReadAction","target":["https:\/\/www.mpppst.gob.ve\/mpppstweb\/index.php\/2017\/02\/06\/hoy-se-cumplen-88-anos-del-natalicio-del-lider-revolucionario-fabricio-ojeda\/"]}]},{"@type":"ImageObject","inLanguage":"es","@id":"https:\/\/www.mpppst.gob.ve\/mpppstweb\/index.php\/2017\/02\/06\/hoy-se-cumplen-88-anos-del-natalicio-del-lider-revolucionario-fabricio-ojeda\/#primaryimage","url":"https:\/\/www.mpppst.gob.ve\/mpppstweb\/wp-content\/uploads\/2017\/02\/mural-fabricio-768x470.jpg","contentUrl":"https:\/\/www.mpppst.gob.ve\/mpppstweb\/wp-content\/uploads\/2017\/02\/mural-fabricio-768x470.jpg","width":800,"height":445},{"@type":"BreadcrumbList","@id":"https:\/\/www.mpppst.gob.ve\/mpppstweb\/index.php\/2017\/02\/06\/hoy-se-cumplen-88-anos-del-natalicio-del-lider-revolucionario-fabricio-ojeda\/#breadcrumb","itemListElement":[{"@type":"ListItem","position":1,"name":"Home","item":"https:\/\/www.mpppst.gob.ve\/mpppstweb\/"},{"@type":"ListItem","position":2,"name":"Hoy se cumplen 88 a\u00f1os del natalicio del l\u00edder revolucionario Fabricio Ojeda"}]},{"@type":"WebSite","@id":"https:\/\/www.mpppst.gob.ve\/mpppstweb\/#website","url":"https:\/\/www.mpppst.gob.ve\/mpppstweb\/","name":"MPPPST","description":"Ministerio del Poder Popular para el Proceso Social de Trabajo","publisher":{"@id":"https:\/\/www.mpppst.gob.ve\/mpppstweb\/#organization"},"potentialAction":[{"@type":"SearchAction","target":{"@type":"EntryPoint","urlTemplate":"https:\/\/www.mpppst.gob.ve\/mpppstweb\/?s={search_term_string}"},"query-input":"required name=search_term_string"}],"inLanguage":"es"},{"@type":"Organization","@id":"https:\/\/www.mpppst.gob.ve\/mpppstweb\/#organization","name":"mpppst","url":"https:\/\/www.mpppst.gob.ve\/mpppstweb\/","logo":{"@type":"ImageObject","inLanguage":"es","@id":"https:\/\/www.mpppst.gob.ve\/mpppstweb\/#\/schema\/logo\/image\/","url":"https:\/\/www.mpppst.gob.ve\/mpppstweb\/wp-content\/uploads\/2025\/07\/cropped-cropped-g910.png","contentUrl":"https:\/\/www.mpppst.gob.ve\/mpppstweb\/wp-content\/uploads\/2025\/07\/cropped-cropped-g910.png","width":1080,"height":241,"caption":"mpppst"},"image":{"@id":"https:\/\/www.mpppst.gob.ve\/mpppstweb\/#\/schema\/logo\/image\/"}},{"@type":"Person","@id":"https:\/\/www.mpppst.gob.ve\/mpppstweb\/#\/schema\/person\/fc187ee8ead412bd4c9304b62f900ea4","name":"MPPPST Prensa","url":"https:\/\/www.mpppst.gob.ve\/mpppstweb\/index.php\/author\/prensa-mpppst\/"}]}},"_links":{"self":[{"href":"https:\/\/www.mpppst.gob.ve\/mpppstweb\/index.php\/wp-json\/wp\/v2\/posts\/10453"}],"collection":[{"href":"https:\/\/www.mpppst.gob.ve\/mpppstweb\/index.php\/wp-json\/wp\/v2\/posts"}],"about":[{"href":"https:\/\/www.mpppst.gob.ve\/mpppstweb\/index.php\/wp-json\/wp\/v2\/types\/post"}],"author":[{"embeddable":true,"href":"https:\/\/www.mpppst.gob.ve\/mpppstweb\/index.php\/wp-json\/wp\/v2\/users\/25"}],"replies":[{"embeddable":true,"href":"https:\/\/www.mpppst.gob.ve\/mpppstweb\/index.php\/wp-json\/wp\/v2\/comments?post=10453"}],"version-history":[{"count":1,"href":"https:\/\/www.mpppst.gob.ve\/mpppstweb\/index.php\/wp-json\/wp\/v2\/posts\/10453\/revisions"}],"predecessor-version":[{"id":10455,"href":"https:\/\/www.mpppst.gob.ve\/mpppstweb\/index.php\/wp-json\/wp\/v2\/posts\/10453\/revisions\/10455"}],"wp:featuredmedia":[{"embeddable":true,"href":"https:\/\/www.mpppst.gob.ve\/mpppstweb\/index.php\/wp-json\/wp\/v2\/media\/10454"}],"wp:attachment":[{"href":"https:\/\/www.mpppst.gob.ve\/mpppstweb\/index.php\/wp-json\/wp\/v2\/media?parent=10453"}],"wp:term":[{"taxonomy":"category","embeddable":true,"href":"https:\/\/www.mpppst.gob.ve\/mpppstweb\/index.php\/wp-json\/wp\/v2\/categories?post=10453"},{"taxonomy":"post_tag","embeddable":true,"href":"https:\/\/www.mpppst.gob.ve\/mpppstweb\/index.php\/wp-json\/wp\/v2\/tags?post=10453"}],"curies":[{"name":"wp","href":"https:\/\/api.w.org\/{rel}","templated":true}]}}