{"id":10474,"date":"2017-02-08T14:00:56","date_gmt":"2017-02-08T14:00:56","guid":{"rendered":"http:\/\/www.mpppst.gob.ve\/mpppstweb\/?p=10474"},"modified":"2017-02-08T14:00:56","modified_gmt":"2017-02-08T14:00:56","slug":"canciller-rodriguez-arribo-a-irak-como-parte-de-la-gira-por-paises-petroleros","status":"publish","type":"post","link":"https:\/\/www.mpppst.gob.ve\/mpppstweb\/index.php\/2017\/02\/08\/canciller-rodriguez-arribo-a-irak-como-parte-de-la-gira-por-paises-petroleros\/","title":{"rendered":"Canciller Rodr\u00edguez arrib\u00f3 a Irak como parte de la gira por pa\u00edses petroleros"},"content":{"rendered":"<p>AVN.- La ministra para Relaciones Exteriores, Delcy Rodr\u00edguez, arrib\u00f3 este mi\u00e9rcoles a Irak, como parte de la gira que realiza por pa\u00edses petroleros para evaluar el avance del acuerdo suscrito el a\u00f1o pasado entre los pa\u00edses de la Organizaci\u00f3n de Pa\u00edses Exportadores de Petr\u00f3leo (Opep) y productores externos para estabilizar el mercado de hidrocarburos.<\/p>\n<p>A su llegada a Irak, Rodr\u00edguez fue recibida por el viceministro de Relaciones Bilaterales del pa\u00eds, Nizar al-Khierallah, inform\u00f3 la Canciller\u00eda venezolana, a trav\u00e9s de Twitter.<\/p>\n","protected":false},"excerpt":{"rendered":"<p>AVN.- La ministra para Relaciones Exteriores, Delcy Rodr\u00edguez, arrib\u00f3 este mi\u00e9rcoles a Irak, como parte de &hellip; <a title=\"Canciller Rodr\u00edguez arrib\u00f3 a Irak como parte de la gira por pa\u00edses petroleros\" class=\"hm-read-more\" href=\"https:\/\/www.mpppst.gob.ve\/mpppstweb\/index.php\/2017\/02\/08\/canciller-rodriguez-arribo-a-irak-como-parte-de-la-gira-por-paises-petroleros\/\"><span class=\"screen-reader-text\">Canciller Rodr\u00edguez arrib\u00f3 a Irak como parte de la gira por pa\u00edses petroleros<\/span>Leer m\u00e1s<\/a><\/p>\n","protected":false},"author":25,"featured_media":10475,"comment_status":"closed","ping_status":"closed","sticky":false,"template":"","format":"standard","meta":{"footnotes":""},"categories":[8,163,166],"tags":[222,245],"class_list":["post-10474","post","type-post","status-publish","format-standard","has-post-thumbnail","hentry","category-internacionales","category-noticias","category-informacion-veraz-de-venezuela-y-el-mundo","tag-gobierno-bolivariano","tag-internacionales"],"yoast_head":"<!-- This site is optimized with the Yoast SEO plugin v28.4 - https:\/\/yoast.com\/product\/yoast-seo-wordpress\/ -->\n<title>Canciller Rodr\u00edguez arrib\u00f3 a Irak como parte de la gira por pa\u00edses petroleros - MPPPST<\/title>\n<meta name=\"robots\" content=\"index, follow, max-snippet:-1, max-image-preview:large, max-video-preview:-1\" \/>\n<link rel=\"canonical\" href=\"https:\/\/www.mpppst.gob.ve\/mpppstweb\/index.php\/2017\/02\/08\/canciller-rodriguez-arribo-a-irak-como-parte-de-la-gira-por-paises-petroleros\/\" \/>\n<meta property=\"og:locale\" content=\"es_ES\" \/>\n<meta property=\"og:type\" content=\"article\" \/>\n<meta property=\"og:title\" content=\"Canciller Rodr\u00edguez arrib\u00f3 a Irak como parte de la gira por pa\u00edses petroleros - MPPPST\" \/>\n<meta property=\"og:description\" content=\"AVN.- La ministra para Relaciones Exteriores, Delcy Rodr\u00edguez, arrib\u00f3 este mi\u00e9rcoles a Irak, como parte de &hellip; Canciller Rodr\u00edguez arrib\u00f3 a Irak como parte de la gira por pa\u00edses petrolerosLeer m\u00e1s\" \/>\n<meta property=\"og:url\" content=\"https:\/\/www.mpppst.gob.ve\/mpppstweb\/index.php\/2017\/02\/08\/canciller-rodriguez-arribo-a-irak-como-parte-de-la-gira-por-paises-petroleros\/\" \/>\n<meta property=\"og:site_name\" content=\"MPPPST\" \/>\n<meta property=\"article:publisher\" content=\"https:\/\/www.facebook.com\/mintrabajo_ve\" \/>\n<meta property=\"article:published_time\" content=\"2017-02-08T14:00:56+00:00\" \/>\n<meta property=\"og:image\" content=\"https:\/\/www.mpppst.gob.ve\/mpppstweb\/wp-content\/uploads\/2017\/02\/Delcy.jpg\" \/>\n\t<meta property=\"og:image:width\" content=\"800\" \/>\n\t<meta property=\"og:image:height\" content=\"445\" \/>\n\t<meta property=\"og:image:type\" content=\"image\/jpeg\" \/>\n<meta name=\"author\" content=\"MPPPST Prensa\" \/>\n<meta name=\"twitter:card\" content=\"summary_large_image\" \/>\n<script type=\"application\/ld+json\" class=\"yoast-schema-graph\">{\"@context\":\"https:\\\/\\\/schema.org\",\"@graph\":[{\"@type\":\"Article\",\"@id\":\"https:\\\/\\\/www.mpppst.gob.ve\\\/mpppstweb\\\/index.php\\\/2017\\\/02\\\/08\\\/canciller-rodriguez-arribo-a-irak-como-parte-de-la-gira-por-paises-petroleros\\\/#article\",\"isPartOf\":{\"@id\":\"https:\\\/\\\/www.mpppst.gob.ve\\\/mpppstweb\\\/index.php\\\/2017\\\/02\\\/08\\\/canciller-rodriguez-arribo-a-irak-como-parte-de-la-gira-por-paises-petroleros\\\/\"},\"author\":{\"name\":\"MPPPST Prensa\",\"@id\":\"https:\\\/\\\/www.mpppst.gob.ve\\\/mpppstweb\\\/#\\\/schema\\\/person\\\/fc187ee8ead412bd4c9304b62f900ea4\"},\"headline\":\"Canciller Rodr\u00edguez arrib\u00f3 a Irak como parte de la gira por pa\u00edses petroleros\",\"datePublished\":\"2017-02-08T14:00:56+00:00\",\"mainEntityOfPage\":{\"@id\":\"https:\\\/\\\/www.mpppst.gob.ve\\\/mpppstweb\\\/index.php\\\/2017\\\/02\\\/08\\\/canciller-rodriguez-arribo-a-irak-como-parte-de-la-gira-por-paises-petroleros\\\/\"},\"wordCount\":108,\"publisher\":{\"@id\":\"https:\\\/\\\/www.mpppst.gob.ve\\\/mpppstweb\\\/#organization\"},\"image\":{\"@id\":\"https:\\\/\\\/www.mpppst.gob.ve\\\/mpppstweb\\\/index.php\\\/2017\\\/02\\\/08\\\/canciller-rodriguez-arribo-a-irak-como-parte-de-la-gira-por-paises-petroleros\\\/#primaryimage\"},\"thumbnailUrl\":\"https:\\\/\\\/www.mpppst.gob.ve\\\/mpppstweb\\\/wp-content\\\/uploads\\\/2017\\\/02\\\/Delcy.jpg\",\"keywords\":[\"Gobierno Bolivariano\",\"internacionales\"],\"articleSection\":[\"Internacionales\",\"Noticias\",\"Venezuela y el Mundo\"],\"inLanguage\":\"es\"},{\"@type\":\"WebPage\",\"@id\":\"https:\\\/\\\/www.mpppst.gob.ve\\\/mpppstweb\\\/index.php\\\/2017\\\/02\\\/08\\\/canciller-rodriguez-arribo-a-irak-como-parte-de-la-gira-por-paises-petroleros\\\/\",\"url\":\"https:\\\/\\\/www.mpppst.gob.ve\\\/mpppstweb\\\/index.php\\\/2017\\\/02\\\/08\\\/canciller-rodriguez-arribo-a-irak-como-parte-de-la-gira-por-paises-petroleros\\\/\",\"name\":\"Canciller Rodr\u00edguez arrib\u00f3 a Irak como parte de la gira por pa\u00edses petroleros - MPPPST\",\"isPartOf\":{\"@id\":\"https:\\\/\\\/www.mpppst.gob.ve\\\/mpppstweb\\\/#website\"},\"primaryImageOfPage\":{\"@id\":\"https:\\\/\\\/www.mpppst.gob.ve\\\/mpppstweb\\\/index.php\\\/2017\\\/02\\\/08\\\/canciller-rodriguez-arribo-a-irak-como-parte-de-la-gira-por-paises-petroleros\\\/#primaryimage\"},\"image\":{\"@id\":\"https:\\\/\\\/www.mpppst.gob.ve\\\/mpppstweb\\\/index.php\\\/2017\\\/02\\\/08\\\/canciller-rodriguez-arribo-a-irak-como-parte-de-la-gira-por-paises-petroleros\\\/#primaryimage\"},\"thumbnailUrl\":\"https:\\\/\\\/www.mpppst.gob.ve\\\/mpppstweb\\\/wp-content\\\/uploads\\\/2017\\\/02\\\/Delcy.jpg\",\"datePublished\":\"2017-02-08T14:00:56+00:00\",\"breadcrumb\":{\"@id\":\"https:\\\/\\\/www.mpppst.gob.ve\\\/mpppstweb\\\/index.php\\\/2017\\\/02\\\/08\\\/canciller-rodriguez-arribo-a-irak-como-parte-de-la-gira-por-paises-petroleros\\\/#breadcrumb\"},\"inLanguage\":\"es\",\"potentialAction\":[{\"@type\":\"ReadAction\",\"target\":[\"https:\\\/\\\/www.mpppst.gob.ve\\\/mpppstweb\\\/index.php\\\/2017\\\/02\\\/08\\\/canciller-rodriguez-arribo-a-irak-como-parte-de-la-gira-por-paises-petroleros\\\/\"]}]},{\"@type\":\"ImageObject\",\"inLanguage\":\"es\",\"@id\":\"https:\\\/\\\/www.mpppst.gob.ve\\\/mpppstweb\\\/index.php\\\/2017\\\/02\\\/08\\\/canciller-rodriguez-arribo-a-irak-como-parte-de-la-gira-por-paises-petroleros\\\/#primaryimage\",\"url\":\"https:\\\/\\\/www.mpppst.gob.ve\\\/mpppstweb\\\/wp-content\\\/uploads\\\/2017\\\/02\\\/Delcy.jpg\",\"contentUrl\":\"https:\\\/\\\/www.mpppst.gob.ve\\\/mpppstweb\\\/wp-content\\\/uploads\\\/2017\\\/02\\\/Delcy.jpg\",\"width\":800,\"height\":445},{\"@type\":\"BreadcrumbList\",\"@id\":\"https:\\\/\\\/www.mpppst.gob.ve\\\/mpppstweb\\\/index.php\\\/2017\\\/02\\\/08\\\/canciller-rodriguez-arribo-a-irak-como-parte-de-la-gira-por-paises-petroleros\\\/#breadcrumb\",\"itemListElement\":[{\"@type\":\"ListItem\",\"position\":1,\"name\":\"Home\",\"item\":\"https:\\\/\\\/www.mpppst.gob.ve\\\/mpppstweb\\\/\"},{\"@type\":\"ListItem\",\"position\":2,\"name\":\"Canciller Rodr\u00edguez arrib\u00f3 a Irak como parte de la gira por pa\u00edses petroleros\"}]},{\"@type\":\"WebSite\",\"@id\":\"https:\\\/\\\/www.mpppst.gob.ve\\\/mpppstweb\\\/#website\",\"url\":\"https:\\\/\\\/www.mpppst.gob.ve\\\/mpppstweb\\\/\",\"name\":\"MPPPST\",\"description\":\"Sitio web oficial del Ministerio del Poder Popular para el Proceso Social de Trabajo\",\"publisher\":{\"@id\":\"https:\\\/\\\/www.mpppst.gob.ve\\\/mpppstweb\\\/#organization\"},\"alternateName\":\"Ministerio del Poder Popular para el Proceso Social de Trabajo\",\"potentialAction\":[{\"@type\":\"SearchAction\",\"target\":{\"@type\":\"EntryPoint\",\"urlTemplate\":\"https:\\\/\\\/www.mpppst.gob.ve\\\/mpppstweb\\\/?s={search_term_string}\"},\"query-input\":{\"@type\":\"PropertyValueSpecification\",\"valueRequired\":true,\"valueName\":\"search_term_string\"}}],\"inLanguage\":\"es\"},{\"@type\":\"Organization\",\"@id\":\"https:\\\/\\\/www.mpppst.gob.ve\\\/mpppstweb\\\/#organization\",\"name\":\"Ministerio del Poder Popular para el Proceso Social de Trabajo\",\"alternateName\":\"MPPPST\",\"url\":\"https:\\\/\\\/www.mpppst.gob.ve\\\/mpppstweb\\\/\",\"logo\":{\"@type\":\"ImageObject\",\"inLanguage\":\"es\",\"@id\":\"https:\\\/\\\/www.mpppst.gob.ve\\\/mpppstweb\\\/#\\\/schema\\\/logo\\\/image\\\/\",\"url\":\"https:\\\/\\\/www.mpppst.gob.ve\\\/mpppstweb\\\/wp-content\\\/uploads\\\/2025\\\/07\\\/cropped-cropped-g910.png\",\"contentUrl\":\"https:\\\/\\\/www.mpppst.gob.ve\\\/mpppstweb\\\/wp-content\\\/uploads\\\/2025\\\/07\\\/cropped-cropped-g910.png\",\"width\":1080,\"height\":241,\"caption\":\"Ministerio del Poder Popular para el Proceso Social de Trabajo\"},\"image\":{\"@id\":\"https:\\\/\\\/www.mpppst.gob.ve\\\/mpppstweb\\\/#\\\/schema\\\/logo\\\/image\\\/\"},\"sameAs\":[\"https:\\\/\\\/www.facebook.com\\\/mintrabajo_ve\",\"https:\\\/\\\/www.instagram.com\\\/mintrabajo_ve\\\/\",\"https:\\\/\\\/www.tiktok.com\\\/@mintrabajo_ve\",\"https:\\\/\\\/t.me\\\/mpppst\"]},{\"@type\":\"Person\",\"@id\":\"https:\\\/\\\/www.mpppst.gob.ve\\\/mpppstweb\\\/#\\\/schema\\\/person\\\/fc187ee8ead412bd4c9304b62f900ea4\",\"name\":\"MPPPST Prensa\",\"url\":\"https:\\\/\\\/www.mpppst.gob.ve\\\/mpppstweb\\\/index.php\\\/author\\\/prensa-mpppst\\\/\"}]}<\/script>\n<!-- \/ Yoast SEO plugin. -->","yoast_head_json":{"title":"Canciller Rodr\u00edguez arrib\u00f3 a Irak como parte de la gira por pa\u00edses petroleros - MPPPST","robots":{"index":"index","follow":"follow","max-snippet":"max-snippet:-1","max-image-preview":"max-image-preview:large","max-video-preview":"max-video-preview:-1"},"canonical":"https:\/\/www.mpppst.gob.ve\/mpppstweb\/index.php\/2017\/02\/08\/canciller-rodriguez-arribo-a-irak-como-parte-de-la-gira-por-paises-petroleros\/","og_locale":"es_ES","og_type":"article","og_title":"Canciller Rodr\u00edguez arrib\u00f3 a Irak como parte de la gira por pa\u00edses petroleros - MPPPST","og_description":"AVN.- La ministra para Relaciones Exteriores, Delcy Rodr\u00edguez, arrib\u00f3 este mi\u00e9rcoles a Irak, como parte de &hellip; Canciller Rodr\u00edguez arrib\u00f3 a Irak como parte de la gira por pa\u00edses petrolerosLeer m\u00e1s","og_url":"https:\/\/www.mpppst.gob.ve\/mpppstweb\/index.php\/2017\/02\/08\/canciller-rodriguez-arribo-a-irak-como-parte-de-la-gira-por-paises-petroleros\/","og_site_name":"MPPPST","article_publisher":"https:\/\/www.facebook.com\/mintrabajo_ve","article_published_time":"2017-02-08T14:00:56+00:00","og_image":[{"width":800,"height":445,"url":"https:\/\/www.mpppst.gob.ve\/mpppstweb\/wp-content\/uploads\/2017\/02\/Delcy.jpg","type":"image\/jpeg"}],"author":"MPPPST Prensa","twitter_card":"summary_large_image","schema":{"@context":"https:\/\/schema.org","@graph":[{"@type":"Article","@id":"https:\/\/www.mpppst.gob.ve\/mpppstweb\/index.php\/2017\/02\/08\/canciller-rodriguez-arribo-a-irak-como-parte-de-la-gira-por-paises-petroleros\/#article","isPartOf":{"@id":"https:\/\/www.mpppst.gob.ve\/mpppstweb\/index.php\/2017\/02\/08\/canciller-rodriguez-arribo-a-irak-como-parte-de-la-gira-por-paises-petroleros\/"},"author":{"name":"MPPPST Prensa","@id":"https:\/\/www.mpppst.gob.ve\/mpppstweb\/#\/schema\/person\/fc187ee8ead412bd4c9304b62f900ea4"},"headline":"Canciller Rodr\u00edguez arrib\u00f3 a Irak como parte de la gira por pa\u00edses petroleros","datePublished":"2017-02-08T14:00:56+00:00","mainEntityOfPage":{"@id":"https:\/\/www.mpppst.gob.ve\/mpppstweb\/index.php\/2017\/02\/08\/canciller-rodriguez-arribo-a-irak-como-parte-de-la-gira-por-paises-petroleros\/"},"wordCount":108,"publisher":{"@id":"https:\/\/www.mpppst.gob.ve\/mpppstweb\/#organization"},"image":{"@id":"https:\/\/www.mpppst.gob.ve\/mpppstweb\/index.php\/2017\/02\/08\/canciller-rodriguez-arribo-a-irak-como-parte-de-la-gira-por-paises-petroleros\/#primaryimage"},"thumbnailUrl":"https:\/\/www.mpppst.gob.ve\/mpppstweb\/wp-content\/uploads\/2017\/02\/Delcy.jpg","keywords":["Gobierno Bolivariano","internacionales"],"articleSection":["Internacionales","Noticias","Venezuela y el Mundo"],"inLanguage":"es"},{"@type":"WebPage","@id":"https:\/\/www.mpppst.gob.ve\/mpppstweb\/index.php\/2017\/02\/08\/canciller-rodriguez-arribo-a-irak-como-parte-de-la-gira-por-paises-petroleros\/","url":"https:\/\/www.mpppst.gob.ve\/mpppstweb\/index.php\/2017\/02\/08\/canciller-rodriguez-arribo-a-irak-como-parte-de-la-gira-por-paises-petroleros\/","name":"Canciller Rodr\u00edguez arrib\u00f3 a Irak como parte de la gira por pa\u00edses petroleros - MPPPST","isPartOf":{"@id":"https:\/\/www.mpppst.gob.ve\/mpppstweb\/#website"},"primaryImageOfPage":{"@id":"https:\/\/www.mpppst.gob.ve\/mpppstweb\/index.php\/2017\/02\/08\/canciller-rodriguez-arribo-a-irak-como-parte-de-la-gira-por-paises-petroleros\/#primaryimage"},"image":{"@id":"https:\/\/www.mpppst.gob.ve\/mpppstweb\/index.php\/2017\/02\/08\/canciller-rodriguez-arribo-a-irak-como-parte-de-la-gira-por-paises-petroleros\/#primaryimage"},"thumbnailUrl":"https:\/\/www.mpppst.gob.ve\/mpppstweb\/wp-content\/uploads\/2017\/02\/Delcy.jpg","datePublished":"2017-02-08T14:00:56+00:00","breadcrumb":{"@id":"https:\/\/www.mpppst.gob.ve\/mpppstweb\/index.php\/2017\/02\/08\/canciller-rodriguez-arribo-a-irak-como-parte-de-la-gira-por-paises-petroleros\/#breadcrumb"},"inLanguage":"es","potentialAction":[{"@type":"ReadAction","target":["https:\/\/www.mpppst.gob.ve\/mpppstweb\/index.php\/2017\/02\/08\/canciller-rodriguez-arribo-a-irak-como-parte-de-la-gira-por-paises-petroleros\/"]}]},{"@type":"ImageObject","inLanguage":"es","@id":"https:\/\/www.mpppst.gob.ve\/mpppstweb\/index.php\/2017\/02\/08\/canciller-rodriguez-arribo-a-irak-como-parte-de-la-gira-por-paises-petroleros\/#primaryimage","url":"https:\/\/www.mpppst.gob.ve\/mpppstweb\/wp-content\/uploads\/2017\/02\/Delcy.jpg","contentUrl":"https:\/\/www.mpppst.gob.ve\/mpppstweb\/wp-content\/uploads\/2017\/02\/Delcy.jpg","width":800,"height":445},{"@type":"BreadcrumbList","@id":"https:\/\/www.mpppst.gob.ve\/mpppstweb\/index.php\/2017\/02\/08\/canciller-rodriguez-arribo-a-irak-como-parte-de-la-gira-por-paises-petroleros\/#breadcrumb","itemListElement":[{"@type":"ListItem","position":1,"name":"Home","item":"https:\/\/www.mpppst.gob.ve\/mpppstweb\/"},{"@type":"ListItem","position":2,"name":"Canciller Rodr\u00edguez arrib\u00f3 a Irak como parte de la gira por pa\u00edses petroleros"}]},{"@type":"WebSite","@id":"https:\/\/www.mpppst.gob.ve\/mpppstweb\/#website","url":"https:\/\/www.mpppst.gob.ve\/mpppstweb\/","name":"MPPPST","description":"Sitio web oficial del Ministerio del Poder Popular para el Proceso Social de Trabajo","publisher":{"@id":"https:\/\/www.mpppst.gob.ve\/mpppstweb\/#organization"},"alternateName":"Ministerio del Poder Popular para el Proceso Social de Trabajo","potentialAction":[{"@type":"SearchAction","target":{"@type":"EntryPoint","urlTemplate":"https:\/\/www.mpppst.gob.ve\/mpppstweb\/?s={search_term_string}"},"query-input":{"@type":"PropertyValueSpecification","valueRequired":true,"valueName":"search_term_string"}}],"inLanguage":"es"},{"@type":"Organization","@id":"https:\/\/www.mpppst.gob.ve\/mpppstweb\/#organization","name":"Ministerio del Poder Popular para el Proceso Social de Trabajo","alternateName":"MPPPST","url":"https:\/\/www.mpppst.gob.ve\/mpppstweb\/","logo":{"@type":"ImageObject","inLanguage":"es","@id":"https:\/\/www.mpppst.gob.ve\/mpppstweb\/#\/schema\/logo\/image\/","url":"https:\/\/www.mpppst.gob.ve\/mpppstweb\/wp-content\/uploads\/2025\/07\/cropped-cropped-g910.png","contentUrl":"https:\/\/www.mpppst.gob.ve\/mpppstweb\/wp-content\/uploads\/2025\/07\/cropped-cropped-g910.png","width":1080,"height":241,"caption":"Ministerio del Poder Popular para el Proceso Social de Trabajo"},"image":{"@id":"https:\/\/www.mpppst.gob.ve\/mpppstweb\/#\/schema\/logo\/image\/"},"sameAs":["https:\/\/www.facebook.com\/mintrabajo_ve","https:\/\/www.instagram.com\/mintrabajo_ve\/","https:\/\/www.tiktok.com\/@mintrabajo_ve","https:\/\/t.me\/mpppst"]},{"@type":"Person","@id":"https:\/\/www.mpppst.gob.ve\/mpppstweb\/#\/schema\/person\/fc187ee8ead412bd4c9304b62f900ea4","name":"MPPPST Prensa","url":"https:\/\/www.mpppst.gob.ve\/mpppstweb\/index.php\/author\/prensa-mpppst\/"}]}},"_links":{"self":[{"href":"https:\/\/www.mpppst.gob.ve\/mpppstweb\/index.php\/wp-json\/wp\/v2\/posts\/10474","targetHints":{"allow":["GET"]}}],"collection":[{"href":"https:\/\/www.mpppst.gob.ve\/mpppstweb\/index.php\/wp-json\/wp\/v2\/posts"}],"about":[{"href":"https:\/\/www.mpppst.gob.ve\/mpppstweb\/index.php\/wp-json\/wp\/v2\/types\/post"}],"author":[{"embeddable":true,"href":"https:\/\/www.mpppst.gob.ve\/mpppstweb\/index.php\/wp-json\/wp\/v2\/users\/25"}],"replies":[{"embeddable":true,"href":"https:\/\/www.mpppst.gob.ve\/mpppstweb\/index.php\/wp-json\/wp\/v2\/comments?post=10474"}],"version-history":[{"count":1,"href":"https:\/\/www.mpppst.gob.ve\/mpppstweb\/index.php\/wp-json\/wp\/v2\/posts\/10474\/revisions"}],"predecessor-version":[{"id":10476,"href":"https:\/\/www.mpppst.gob.ve\/mpppstweb\/index.php\/wp-json\/wp\/v2\/posts\/10474\/revisions\/10476"}],"wp:featuredmedia":[{"embeddable":true,"href":"https:\/\/www.mpppst.gob.ve\/mpppstweb\/index.php\/wp-json\/wp\/v2\/media\/10475"}],"wp:attachment":[{"href":"https:\/\/www.mpppst.gob.ve\/mpppstweb\/index.php\/wp-json\/wp\/v2\/media?parent=10474"}],"wp:term":[{"taxonomy":"category","embeddable":true,"href":"https:\/\/www.mpppst.gob.ve\/mpppstweb\/index.php\/wp-json\/wp\/v2\/categories?post=10474"},{"taxonomy":"post_tag","embeddable":true,"href":"https:\/\/www.mpppst.gob.ve\/mpppstweb\/index.php\/wp-json\/wp\/v2\/tags?post=10474"}],"curies":[{"name":"wp","href":"https:\/\/api.w.org\/{rel}","templated":true}]}}