{"id":10489,"date":"2017-02-09T14:47:03","date_gmt":"2017-02-09T14:47:03","guid":{"rendered":"http:\/\/www.mpppst.gob.ve\/mpppstweb\/?p=10489"},"modified":"2017-02-09T14:47:03","modified_gmt":"2017-02-09T14:47:03","slug":"ministro-torrealba-cpt-permitiran-elevar-los-niveles-de-produccion-y-vencer-la-guerra-economica","status":"publish","type":"post","link":"https:\/\/www.mpppst.gob.ve\/mpppstweb\/index.php\/2017\/02\/09\/ministro-torrealba-cpt-permitiran-elevar-los-niveles-de-produccion-y-vencer-la-guerra-economica\/","title":{"rendered":"Ministro Torrealba: CPT permitir\u00e1n elevar los niveles de producci\u00f3n y vencer la guerra econ\u00f3mica"},"content":{"rendered":"<p>Prensa (MPPPST). Los Consejos Productivos de Trabajadores (CPT) permitir\u00e1n elevar los niveles de producci\u00f3n en las empresas, tal como lo ha instruido el Presidente Obrero, Nicol\u00e1s Maduro. Esta aseveraci\u00f3n corresponde al Ministro del Poder Popular para el Proceso Social de Trabajo, Francisco Torrealba, durante una entrevista realizada el d\u00eda de hoy.<\/p>\n<p>El Ministro expres\u00f3 que desde el Gobierno Nacional han realizado un llamado constante a los empresarios honestos del pa\u00eds para que se sumen a los Consejos Productivos \u00a0de Trabajadores con la finalidad de aumentar la producci\u00f3n en el pa\u00eds y vencer la guerra econ\u00f3mica.<\/p>\n<p>Torrealba inform\u00f3 que seguir\u00e1n la orden del Presidente Obrero Nicol\u00e1s Maduro de desplegar el Estado Mayor de la Clase Obrera (EMCO), para conversar con los trabajadores y trabajadoras que son quienes conocen las empresas desde adentro para elevar a los m\u00e1ximos niveles la producci\u00f3n en el pa\u00eds.<\/p>\n<p>Sostuvo adem\u00e1s que pr\u00f3ximamente ser\u00e1 publicado en Gaceta Oficial \u00a0un manual de los Consejos Productivos de Trabajadores que ser\u00e1 \u00a0aprobado de manera conjunta entre el Ministerio del Poder Popular para la \u00a0Defensa y el Ministerio del Poder Popular para el Proceso Social del Trabajo. La finalidad consiste en regir el funcionamiento y el rol de cada Trabajador y Trabajadora.<\/p>\n<p><strong>Aumento del Cesta Ticket<\/strong><\/p>\n<p>El Ministro inform\u00f3 que pr\u00f3ximamente ser\u00e1 aumentado el Cesta Ticket Socialista, en funci\u00f3n del \u00a0\u00a0aumento de la unidad tributaria para el beneficio de los Trabajadores y Trabajadoras, \u00a0que no representar\u00e1 un incremento de la inflaci\u00f3n.<\/p>\n<p>Torrealba se\u00f1al\u00f3 que dicho ajuste no tendr\u00e1 un impacto negativo en la salud de las empresas, sino que es una reivindicaci\u00f3n que permite que el trabajador pueda sostener el poder adquisitivo. Asimismo, desminti\u00f3 la teor\u00eda seg\u00fan la cual cada vez que se aumenta el sueldo se incrementa la inflaci\u00f3n.<\/p>\n<p>Indic\u00f3 que la base del c\u00e1lculo del cesta ticket socialista se mantiene en 12 Unidades Tributarias. Cuando se anuncie el nuevo monto de la unidad tributaria inmediatamente se debe aumentar el monto neto del beneficio.<\/p>\n<p><strong>Jornadas del Carnet de la Patria para los Trabajadores<\/strong><\/p>\n<p>El Ministro inform\u00f3 que se est\u00e1 trabajando con la Central Bolivariana Socialista de Trabajadores (CBST) para coordinar operativos con el fin de que los trabajadores puedan obtener el Carnet de la Patria y evitar que se ausenten de sus puestos de trabajo. En tal sentido, solicit\u00f3 paciencia a la poblaci\u00f3n ya que las jornadas se extender\u00e1n el tiempo que sea necesario.<\/p>\n<p>Por Carlos Palacios<\/p>\n<p>&nbsp;<\/p>\n<p>&nbsp;<\/p>\n","protected":false},"excerpt":{"rendered":"<p>Prensa (MPPPST). Los Consejos Productivos de Trabajadores (CPT) permitir\u00e1n elevar los niveles de producci\u00f3n en las &hellip; <a title=\"Ministro Torrealba: CPT permitir\u00e1n elevar los niveles de producci\u00f3n y vencer la guerra econ\u00f3mica\" class=\"hm-read-more\" href=\"https:\/\/www.mpppst.gob.ve\/mpppstweb\/index.php\/2017\/02\/09\/ministro-torrealba-cpt-permitiran-elevar-los-niveles-de-produccion-y-vencer-la-guerra-economica\/\"><span class=\"screen-reader-text\">Ministro Torrealba: CPT permitir\u00e1n elevar los niveles de producci\u00f3n y vencer la guerra econ\u00f3mica<\/span>Read more<\/a><\/p>\n","protected":false},"author":25,"featured_media":10490,"comment_status":"closed","ping_status":"closed","sticky":false,"template":"","format":"standard","meta":{"footnotes":""},"categories":[167,82,83,163,84],"tags":[229,225,222,356,223],"yoast_head":"<!-- This site is optimized with the Yoast SEO plugin v22.5 - https:\/\/yoast.com\/wordpress\/plugins\/seo\/ -->\n<title>Ministro Torrealba: CPT permitir\u00e1n elevar los niveles de producci\u00f3n y vencer la guerra econ\u00f3mica - MPPPST<\/title>\n<meta name=\"robots\" content=\"index, follow, max-snippet:-1, max-image-preview:large, max-video-preview:-1\" \/>\n<link rel=\"canonical\" href=\"https:\/\/www.mpppst.gob.ve\/mpppstweb\/index.php\/2017\/02\/09\/ministro-torrealba-cpt-permitiran-elevar-los-niveles-de-produccion-y-vencer-la-guerra-economica\/\" \/>\n<meta property=\"og:locale\" content=\"es_ES\" \/>\n<meta property=\"og:type\" content=\"article\" \/>\n<meta property=\"og:title\" content=\"Ministro Torrealba: CPT permitir\u00e1n elevar los niveles de producci\u00f3n y vencer la guerra econ\u00f3mica - MPPPST\" \/>\n<meta property=\"og:description\" content=\"Prensa (MPPPST). Los Consejos Productivos de Trabajadores (CPT) permitir\u00e1n elevar los niveles de producci\u00f3n en las &hellip; Ministro Torrealba: CPT permitir\u00e1n elevar los niveles de producci\u00f3n y vencer la guerra econ\u00f3micaRead more\" \/>\n<meta property=\"og:url\" content=\"https:\/\/www.mpppst.gob.ve\/mpppstweb\/index.php\/2017\/02\/09\/ministro-torrealba-cpt-permitiran-elevar-los-niveles-de-produccion-y-vencer-la-guerra-economica\/\" \/>\n<meta property=\"og:site_name\" content=\"MPPPST\" \/>\n<meta property=\"article:published_time\" content=\"2017-02-09T14:47:03+00:00\" \/>\n<meta property=\"og:image\" content=\"https:\/\/www.mpppst.gob.ve\/mpppstweb\/wp-content\/uploads\/2017\/02\/Ministro-Venevisi\u00f3n.jpg\" \/>\n\t<meta property=\"og:image:width\" content=\"1200\" \/>\n\t<meta property=\"og:image:height\" content=\"720\" \/>\n\t<meta property=\"og:image:type\" content=\"image\/jpeg\" \/>\n<meta name=\"author\" content=\"MPPPST Prensa\" \/>\n<meta name=\"twitter:card\" content=\"summary_large_image\" \/>\n<meta name=\"twitter:label1\" content=\"Escrito por\" \/>\n\t<meta name=\"twitter:data1\" content=\"MPPPST Prensa\" \/>\n\t<meta name=\"twitter:label2\" content=\"Tiempo de lectura\" \/>\n\t<meta name=\"twitter:data2\" content=\"2 minutos\" \/>\n<script type=\"application\/ld+json\" class=\"yoast-schema-graph\">{\"@context\":\"https:\/\/schema.org\",\"@graph\":[{\"@type\":\"Article\",\"@id\":\"https:\/\/www.mpppst.gob.ve\/mpppstweb\/index.php\/2017\/02\/09\/ministro-torrealba-cpt-permitiran-elevar-los-niveles-de-produccion-y-vencer-la-guerra-economica\/#article\",\"isPartOf\":{\"@id\":\"https:\/\/www.mpppst.gob.ve\/mpppstweb\/index.php\/2017\/02\/09\/ministro-torrealba-cpt-permitiran-elevar-los-niveles-de-produccion-y-vencer-la-guerra-economica\/\"},\"author\":{\"name\":\"MPPPST Prensa\",\"@id\":\"https:\/\/www.mpppst.gob.ve\/mpppstweb\/#\/schema\/person\/fc187ee8ead412bd4c9304b62f900ea4\"},\"headline\":\"Ministro Torrealba: CPT permitir\u00e1n elevar los niveles de producci\u00f3n y vencer la guerra econ\u00f3mica\",\"datePublished\":\"2017-02-09T14:47:03+00:00\",\"dateModified\":\"2017-02-09T14:47:03+00:00\",\"mainEntityOfPage\":{\"@id\":\"https:\/\/www.mpppst.gob.ve\/mpppstweb\/index.php\/2017\/02\/09\/ministro-torrealba-cpt-permitiran-elevar-los-niveles-de-produccion-y-vencer-la-guerra-economica\/\"},\"wordCount\":442,\"publisher\":{\"@id\":\"https:\/\/www.mpppst.gob.ve\/mpppstweb\/#organization\"},\"image\":{\"@id\":\"https:\/\/www.mpppst.gob.ve\/mpppstweb\/index.php\/2017\/02\/09\/ministro-torrealba-cpt-permitiran-elevar-los-niveles-de-produccion-y-vencer-la-guerra-economica\/#primaryimage\"},\"thumbnailUrl\":\"https:\/\/www.mpppst.gob.ve\/mpppstweb\/wp-content\/uploads\/2017\/02\/Ministro-Venevisi\u00f3n.jpg\",\"keywords\":[\"Defensa Integral\",\"Fuerza Laboral\",\"Gobierno Bolivariano\",\"Ministro Torrelba\",\"MPPPST\"],\"articleSection\":[\"Defensa Integral\",\"Gobierno Nacional\",\"Ministerio\",\"Noticias\",\"Vida Laboral y Sindical\"],\"inLanguage\":\"es\"},{\"@type\":\"WebPage\",\"@id\":\"https:\/\/www.mpppst.gob.ve\/mpppstweb\/index.php\/2017\/02\/09\/ministro-torrealba-cpt-permitiran-elevar-los-niveles-de-produccion-y-vencer-la-guerra-economica\/\",\"url\":\"https:\/\/www.mpppst.gob.ve\/mpppstweb\/index.php\/2017\/02\/09\/ministro-torrealba-cpt-permitiran-elevar-los-niveles-de-produccion-y-vencer-la-guerra-economica\/\",\"name\":\"Ministro Torrealba: CPT permitir\u00e1n elevar los niveles de producci\u00f3n y vencer la guerra econ\u00f3mica - MPPPST\",\"isPartOf\":{\"@id\":\"https:\/\/www.mpppst.gob.ve\/mpppstweb\/#website\"},\"primaryImageOfPage\":{\"@id\":\"https:\/\/www.mpppst.gob.ve\/mpppstweb\/index.php\/2017\/02\/09\/ministro-torrealba-cpt-permitiran-elevar-los-niveles-de-produccion-y-vencer-la-guerra-economica\/#primaryimage\"},\"image\":{\"@id\":\"https:\/\/www.mpppst.gob.ve\/mpppstweb\/index.php\/2017\/02\/09\/ministro-torrealba-cpt-permitiran-elevar-los-niveles-de-produccion-y-vencer-la-guerra-economica\/#primaryimage\"},\"thumbnailUrl\":\"https:\/\/www.mpppst.gob.ve\/mpppstweb\/wp-content\/uploads\/2017\/02\/Ministro-Venevisi\u00f3n.jpg\",\"datePublished\":\"2017-02-09T14:47:03+00:00\",\"dateModified\":\"2017-02-09T14:47:03+00:00\",\"breadcrumb\":{\"@id\":\"https:\/\/www.mpppst.gob.ve\/mpppstweb\/index.php\/2017\/02\/09\/ministro-torrealba-cpt-permitiran-elevar-los-niveles-de-produccion-y-vencer-la-guerra-economica\/#breadcrumb\"},\"inLanguage\":\"es\",\"potentialAction\":[{\"@type\":\"ReadAction\",\"target\":[\"https:\/\/www.mpppst.gob.ve\/mpppstweb\/index.php\/2017\/02\/09\/ministro-torrealba-cpt-permitiran-elevar-los-niveles-de-produccion-y-vencer-la-guerra-economica\/\"]}]},{\"@type\":\"ImageObject\",\"inLanguage\":\"es\",\"@id\":\"https:\/\/www.mpppst.gob.ve\/mpppstweb\/index.php\/2017\/02\/09\/ministro-torrealba-cpt-permitiran-elevar-los-niveles-de-produccion-y-vencer-la-guerra-economica\/#primaryimage\",\"url\":\"https:\/\/www.mpppst.gob.ve\/mpppstweb\/wp-content\/uploads\/2017\/02\/Ministro-Venevisi\u00f3n.jpg\",\"contentUrl\":\"https:\/\/www.mpppst.gob.ve\/mpppstweb\/wp-content\/uploads\/2017\/02\/Ministro-Venevisi\u00f3n.jpg\",\"width\":1200,\"height\":720},{\"@type\":\"BreadcrumbList\",\"@id\":\"https:\/\/www.mpppst.gob.ve\/mpppstweb\/index.php\/2017\/02\/09\/ministro-torrealba-cpt-permitiran-elevar-los-niveles-de-produccion-y-vencer-la-guerra-economica\/#breadcrumb\",\"itemListElement\":[{\"@type\":\"ListItem\",\"position\":1,\"name\":\"Home\",\"item\":\"https:\/\/www.mpppst.gob.ve\/mpppstweb\/\"},{\"@type\":\"ListItem\",\"position\":2,\"name\":\"Ministro Torrealba: CPT permitir\u00e1n elevar los niveles de producci\u00f3n y vencer la guerra econ\u00f3mica\"}]},{\"@type\":\"WebSite\",\"@id\":\"https:\/\/www.mpppst.gob.ve\/mpppstweb\/#website\",\"url\":\"https:\/\/www.mpppst.gob.ve\/mpppstweb\/\",\"name\":\"MPPPST\",\"description\":\"Ministerio del Poder Popular para el Proceso Social de Trabajo\",\"publisher\":{\"@id\":\"https:\/\/www.mpppst.gob.ve\/mpppstweb\/#organization\"},\"potentialAction\":[{\"@type\":\"SearchAction\",\"target\":{\"@type\":\"EntryPoint\",\"urlTemplate\":\"https:\/\/www.mpppst.gob.ve\/mpppstweb\/?s={search_term_string}\"},\"query-input\":\"required name=search_term_string\"}],\"inLanguage\":\"es\"},{\"@type\":\"Organization\",\"@id\":\"https:\/\/www.mpppst.gob.ve\/mpppstweb\/#organization\",\"name\":\"mpppst\",\"url\":\"https:\/\/www.mpppst.gob.ve\/mpppstweb\/\",\"logo\":{\"@type\":\"ImageObject\",\"inLanguage\":\"es\",\"@id\":\"https:\/\/www.mpppst.gob.ve\/mpppstweb\/#\/schema\/logo\/image\/\",\"url\":\"https:\/\/www.mpppst.gob.ve\/mpppstweb\/wp-content\/uploads\/2025\/07\/cropped-cropped-g910.png\",\"contentUrl\":\"https:\/\/www.mpppst.gob.ve\/mpppstweb\/wp-content\/uploads\/2025\/07\/cropped-cropped-g910.png\",\"width\":1080,\"height\":241,\"caption\":\"mpppst\"},\"image\":{\"@id\":\"https:\/\/www.mpppst.gob.ve\/mpppstweb\/#\/schema\/logo\/image\/\"}},{\"@type\":\"Person\",\"@id\":\"https:\/\/www.mpppst.gob.ve\/mpppstweb\/#\/schema\/person\/fc187ee8ead412bd4c9304b62f900ea4\",\"name\":\"MPPPST Prensa\",\"url\":\"https:\/\/www.mpppst.gob.ve\/mpppstweb\/index.php\/author\/prensa-mpppst\/\"}]}<\/script>\n<!-- \/ Yoast SEO plugin. -->","yoast_head_json":{"title":"Ministro Torrealba: CPT permitir\u00e1n elevar los niveles de producci\u00f3n y vencer la guerra econ\u00f3mica - MPPPST","robots":{"index":"index","follow":"follow","max-snippet":"max-snippet:-1","max-image-preview":"max-image-preview:large","max-video-preview":"max-video-preview:-1"},"canonical":"https:\/\/www.mpppst.gob.ve\/mpppstweb\/index.php\/2017\/02\/09\/ministro-torrealba-cpt-permitiran-elevar-los-niveles-de-produccion-y-vencer-la-guerra-economica\/","og_locale":"es_ES","og_type":"article","og_title":"Ministro Torrealba: CPT permitir\u00e1n elevar los niveles de producci\u00f3n y vencer la guerra econ\u00f3mica - MPPPST","og_description":"Prensa (MPPPST). Los Consejos Productivos de Trabajadores (CPT) permitir\u00e1n elevar los niveles de producci\u00f3n en las &hellip; Ministro Torrealba: CPT permitir\u00e1n elevar los niveles de producci\u00f3n y vencer la guerra econ\u00f3micaRead more","og_url":"https:\/\/www.mpppst.gob.ve\/mpppstweb\/index.php\/2017\/02\/09\/ministro-torrealba-cpt-permitiran-elevar-los-niveles-de-produccion-y-vencer-la-guerra-economica\/","og_site_name":"MPPPST","article_published_time":"2017-02-09T14:47:03+00:00","og_image":[{"width":1200,"height":720,"url":"https:\/\/www.mpppst.gob.ve\/mpppstweb\/wp-content\/uploads\/2017\/02\/Ministro-Venevisi\u00f3n.jpg","type":"image\/jpeg"}],"author":"MPPPST Prensa","twitter_card":"summary_large_image","twitter_misc":{"Escrito por":"MPPPST Prensa","Tiempo de lectura":"2 minutos"},"schema":{"@context":"https:\/\/schema.org","@graph":[{"@type":"Article","@id":"https:\/\/www.mpppst.gob.ve\/mpppstweb\/index.php\/2017\/02\/09\/ministro-torrealba-cpt-permitiran-elevar-los-niveles-de-produccion-y-vencer-la-guerra-economica\/#article","isPartOf":{"@id":"https:\/\/www.mpppst.gob.ve\/mpppstweb\/index.php\/2017\/02\/09\/ministro-torrealba-cpt-permitiran-elevar-los-niveles-de-produccion-y-vencer-la-guerra-economica\/"},"author":{"name":"MPPPST Prensa","@id":"https:\/\/www.mpppst.gob.ve\/mpppstweb\/#\/schema\/person\/fc187ee8ead412bd4c9304b62f900ea4"},"headline":"Ministro Torrealba: CPT permitir\u00e1n elevar los niveles de producci\u00f3n y vencer la guerra econ\u00f3mica","datePublished":"2017-02-09T14:47:03+00:00","dateModified":"2017-02-09T14:47:03+00:00","mainEntityOfPage":{"@id":"https:\/\/www.mpppst.gob.ve\/mpppstweb\/index.php\/2017\/02\/09\/ministro-torrealba-cpt-permitiran-elevar-los-niveles-de-produccion-y-vencer-la-guerra-economica\/"},"wordCount":442,"publisher":{"@id":"https:\/\/www.mpppst.gob.ve\/mpppstweb\/#organization"},"image":{"@id":"https:\/\/www.mpppst.gob.ve\/mpppstweb\/index.php\/2017\/02\/09\/ministro-torrealba-cpt-permitiran-elevar-los-niveles-de-produccion-y-vencer-la-guerra-economica\/#primaryimage"},"thumbnailUrl":"https:\/\/www.mpppst.gob.ve\/mpppstweb\/wp-content\/uploads\/2017\/02\/Ministro-Venevisi\u00f3n.jpg","keywords":["Defensa Integral","Fuerza Laboral","Gobierno Bolivariano","Ministro Torrelba","MPPPST"],"articleSection":["Defensa Integral","Gobierno Nacional","Ministerio","Noticias","Vida Laboral y Sindical"],"inLanguage":"es"},{"@type":"WebPage","@id":"https:\/\/www.mpppst.gob.ve\/mpppstweb\/index.php\/2017\/02\/09\/ministro-torrealba-cpt-permitiran-elevar-los-niveles-de-produccion-y-vencer-la-guerra-economica\/","url":"https:\/\/www.mpppst.gob.ve\/mpppstweb\/index.php\/2017\/02\/09\/ministro-torrealba-cpt-permitiran-elevar-los-niveles-de-produccion-y-vencer-la-guerra-economica\/","name":"Ministro Torrealba: CPT permitir\u00e1n elevar los niveles de producci\u00f3n y vencer la guerra econ\u00f3mica - MPPPST","isPartOf":{"@id":"https:\/\/www.mpppst.gob.ve\/mpppstweb\/#website"},"primaryImageOfPage":{"@id":"https:\/\/www.mpppst.gob.ve\/mpppstweb\/index.php\/2017\/02\/09\/ministro-torrealba-cpt-permitiran-elevar-los-niveles-de-produccion-y-vencer-la-guerra-economica\/#primaryimage"},"image":{"@id":"https:\/\/www.mpppst.gob.ve\/mpppstweb\/index.php\/2017\/02\/09\/ministro-torrealba-cpt-permitiran-elevar-los-niveles-de-produccion-y-vencer-la-guerra-economica\/#primaryimage"},"thumbnailUrl":"https:\/\/www.mpppst.gob.ve\/mpppstweb\/wp-content\/uploads\/2017\/02\/Ministro-Venevisi\u00f3n.jpg","datePublished":"2017-02-09T14:47:03+00:00","dateModified":"2017-02-09T14:47:03+00:00","breadcrumb":{"@id":"https:\/\/www.mpppst.gob.ve\/mpppstweb\/index.php\/2017\/02\/09\/ministro-torrealba-cpt-permitiran-elevar-los-niveles-de-produccion-y-vencer-la-guerra-economica\/#breadcrumb"},"inLanguage":"es","potentialAction":[{"@type":"ReadAction","target":["https:\/\/www.mpppst.gob.ve\/mpppstweb\/index.php\/2017\/02\/09\/ministro-torrealba-cpt-permitiran-elevar-los-niveles-de-produccion-y-vencer-la-guerra-economica\/"]}]},{"@type":"ImageObject","inLanguage":"es","@id":"https:\/\/www.mpppst.gob.ve\/mpppstweb\/index.php\/2017\/02\/09\/ministro-torrealba-cpt-permitiran-elevar-los-niveles-de-produccion-y-vencer-la-guerra-economica\/#primaryimage","url":"https:\/\/www.mpppst.gob.ve\/mpppstweb\/wp-content\/uploads\/2017\/02\/Ministro-Venevisi\u00f3n.jpg","contentUrl":"https:\/\/www.mpppst.gob.ve\/mpppstweb\/wp-content\/uploads\/2017\/02\/Ministro-Venevisi\u00f3n.jpg","width":1200,"height":720},{"@type":"BreadcrumbList","@id":"https:\/\/www.mpppst.gob.ve\/mpppstweb\/index.php\/2017\/02\/09\/ministro-torrealba-cpt-permitiran-elevar-los-niveles-de-produccion-y-vencer-la-guerra-economica\/#breadcrumb","itemListElement":[{"@type":"ListItem","position":1,"name":"Home","item":"https:\/\/www.mpppst.gob.ve\/mpppstweb\/"},{"@type":"ListItem","position":2,"name":"Ministro Torrealba: CPT permitir\u00e1n elevar los niveles de producci\u00f3n y vencer la guerra econ\u00f3mica"}]},{"@type":"WebSite","@id":"https:\/\/www.mpppst.gob.ve\/mpppstweb\/#website","url":"https:\/\/www.mpppst.gob.ve\/mpppstweb\/","name":"MPPPST","description":"Ministerio del Poder Popular para el Proceso Social de Trabajo","publisher":{"@id":"https:\/\/www.mpppst.gob.ve\/mpppstweb\/#organization"},"potentialAction":[{"@type":"SearchAction","target":{"@type":"EntryPoint","urlTemplate":"https:\/\/www.mpppst.gob.ve\/mpppstweb\/?s={search_term_string}"},"query-input":"required name=search_term_string"}],"inLanguage":"es"},{"@type":"Organization","@id":"https:\/\/www.mpppst.gob.ve\/mpppstweb\/#organization","name":"mpppst","url":"https:\/\/www.mpppst.gob.ve\/mpppstweb\/","logo":{"@type":"ImageObject","inLanguage":"es","@id":"https:\/\/www.mpppst.gob.ve\/mpppstweb\/#\/schema\/logo\/image\/","url":"https:\/\/www.mpppst.gob.ve\/mpppstweb\/wp-content\/uploads\/2025\/07\/cropped-cropped-g910.png","contentUrl":"https:\/\/www.mpppst.gob.ve\/mpppstweb\/wp-content\/uploads\/2025\/07\/cropped-cropped-g910.png","width":1080,"height":241,"caption":"mpppst"},"image":{"@id":"https:\/\/www.mpppst.gob.ve\/mpppstweb\/#\/schema\/logo\/image\/"}},{"@type":"Person","@id":"https:\/\/www.mpppst.gob.ve\/mpppstweb\/#\/schema\/person\/fc187ee8ead412bd4c9304b62f900ea4","name":"MPPPST Prensa","url":"https:\/\/www.mpppst.gob.ve\/mpppstweb\/index.php\/author\/prensa-mpppst\/"}]}},"_links":{"self":[{"href":"https:\/\/www.mpppst.gob.ve\/mpppstweb\/index.php\/wp-json\/wp\/v2\/posts\/10489"}],"collection":[{"href":"https:\/\/www.mpppst.gob.ve\/mpppstweb\/index.php\/wp-json\/wp\/v2\/posts"}],"about":[{"href":"https:\/\/www.mpppst.gob.ve\/mpppstweb\/index.php\/wp-json\/wp\/v2\/types\/post"}],"author":[{"embeddable":true,"href":"https:\/\/www.mpppst.gob.ve\/mpppstweb\/index.php\/wp-json\/wp\/v2\/users\/25"}],"replies":[{"embeddable":true,"href":"https:\/\/www.mpppst.gob.ve\/mpppstweb\/index.php\/wp-json\/wp\/v2\/comments?post=10489"}],"version-history":[{"count":1,"href":"https:\/\/www.mpppst.gob.ve\/mpppstweb\/index.php\/wp-json\/wp\/v2\/posts\/10489\/revisions"}],"predecessor-version":[{"id":10491,"href":"https:\/\/www.mpppst.gob.ve\/mpppstweb\/index.php\/wp-json\/wp\/v2\/posts\/10489\/revisions\/10491"}],"wp:featuredmedia":[{"embeddable":true,"href":"https:\/\/www.mpppst.gob.ve\/mpppstweb\/index.php\/wp-json\/wp\/v2\/media\/10490"}],"wp:attachment":[{"href":"https:\/\/www.mpppst.gob.ve\/mpppstweb\/index.php\/wp-json\/wp\/v2\/media?parent=10489"}],"wp:term":[{"taxonomy":"category","embeddable":true,"href":"https:\/\/www.mpppst.gob.ve\/mpppstweb\/index.php\/wp-json\/wp\/v2\/categories?post=10489"},{"taxonomy":"post_tag","embeddable":true,"href":"https:\/\/www.mpppst.gob.ve\/mpppstweb\/index.php\/wp-json\/wp\/v2\/tags?post=10489"}],"curies":[{"name":"wp","href":"https:\/\/api.w.org\/{rel}","templated":true}]}}