{"id":10493,"date":"2017-02-10T13:11:22","date_gmt":"2017-02-10T13:11:22","guid":{"rendered":"http:\/\/www.mpppst.gob.ve\/mpppstweb\/?p=10493"},"modified":"2017-02-10T13:11:22","modified_gmt":"2017-02-10T13:11:22","slug":"marcha-de-la-juventud-ira-desde-la-plaza-morelos-hasta-el-palacio-de-miraflores","status":"publish","type":"post","link":"https:\/\/www.mpppst.gob.ve\/mpppstweb\/index.php\/2017\/02\/10\/marcha-de-la-juventud-ira-desde-la-plaza-morelos-hasta-el-palacio-de-miraflores\/","title":{"rendered":"Marcha de la juventud ir\u00e1 desde la Plaza Morelos hasta el Palacio de Miraflores"},"content":{"rendered":"<div class=\"cuerpo\">\n<div class=\"contenido\">\n<div>\n<p>Caracas, 09 Feb. AVN.- Este domingo 12 de febrero la juventud venezolana se movilizar\u00e1 desde la Plaza Morelos, en Bellas Artes, hasta el Palacio de Miraflores, para conmemorar los 203 a\u00f1os de la Batalla de La Victoria, inform\u00f3 este jueves el presidente del Instituto Municipal de Deporte y Recreaci\u00f3n (Imdere), \u00c1ngelo Rivas.<\/p>\n<p>\u00abNosotros, la juventud patriota y chavista, conmemorar\u00e1 por todo lo alto, como todos los a\u00f1os, el D\u00eda de la Juventud. La movilizaci\u00f3n partir\u00e1 desde las nueve de la ma\u00f1ana en la Plaza Morelos, en la Unearte, hasta el Palacio del pueblo\u00bb, indic\u00f3, durante una entrevista en el programa Al Aire, que transmite Venezolana de Televisi\u00f3n.<\/p>\n<p>Rivas mencion\u00f3 que la movilizaci\u00f3n de este domingo, adem\u00e1s de acompa\u00f1ar y respaldar las decisiones del presidente de la Rep\u00fablica, Nicol\u00e1s Maduro, se inscribe en la conciencia de la juventud venezolana por todos los logros sociales alcanzados en revoluci\u00f3n.<\/p>\n<p>\u00abTenemos los motivos suficientes para conmemorar (&#8230;) educaci\u00f3n gratuita, el acceso a la tecnolog\u00eda totalmente gratis, el acceso a las pol\u00edticas p\u00fablicas dirigidas a la juventud. Tenemos un ministerio creado en revoluci\u00f3n, vemos c\u00f3mo nuestros gobernantes y alcaldes crean institutos de m\u00e1xima instancia para la atenci\u00f3n a nuestros j\u00f3venes\u00bb, destac\u00f3.<\/p>\n<p>Apunt\u00f3 que la movilizaci\u00f3n tambi\u00e9n ser\u00e1 para conmemorar la lucha de la juventud que dio su vida para construir una mejor Venezuela.<\/p>\n<p>\u00abLa invitaci\u00f3n es a toda la juventud para luego (de la marcha) disfrutar del concierto de la salsa anunciado por el presidente Nicol\u00e1s Maduro para el d\u00eda domingo. Estaremos a partir de las nueve de la ma\u00f1ana con la alegr\u00eda y con el amor que nos caracteriza\u00bb, expres\u00f3.<\/p>\n<\/div>\n<\/div>\n<\/div>\n<div class=\"contenedor-fecha-hora clearfix\">\n<div class=\"autor\"><a href=\"http:\/\/www.avn.info.ve\/titulares-autores?autor=AVN\">AVN &#8211;<\/a><\/div>\n<div class=\"fecha-hora\">09\/02\/2017 &#8211; 08:05 am<\/div>\n<\/div>\n","protected":false},"excerpt":{"rendered":"<p>Caracas, 09 Feb. AVN.- Este domingo 12 de febrero la juventud venezolana se movilizar\u00e1 desde la &hellip; <a title=\"Marcha de la juventud ir\u00e1 desde la Plaza Morelos hasta el Palacio de Miraflores\" class=\"hm-read-more\" href=\"https:\/\/www.mpppst.gob.ve\/mpppstweb\/index.php\/2017\/02\/10\/marcha-de-la-juventud-ira-desde-la-plaza-morelos-hasta-el-palacio-de-miraflores\/\"><span class=\"screen-reader-text\">Marcha de la juventud ir\u00e1 desde la Plaza Morelos hasta el Palacio de Miraflores<\/span>Read more<\/a><\/p>\n","protected":false},"author":25,"featured_media":10494,"comment_status":"closed","ping_status":"closed","sticky":false,"template":"","format":"standard","meta":{"footnotes":""},"categories":[82,175,272,163],"tags":[],"yoast_head":"<!-- This site is optimized with the Yoast SEO plugin v22.5 - https:\/\/yoast.com\/wordpress\/plugins\/seo\/ -->\n<title>Marcha de la juventud ir\u00e1 desde la Plaza Morelos hasta el Palacio de Miraflores - MPPPST<\/title>\n<meta name=\"robots\" content=\"index, follow, max-snippet:-1, max-image-preview:large, max-video-preview:-1\" \/>\n<link rel=\"canonical\" href=\"https:\/\/www.mpppst.gob.ve\/mpppstweb\/index.php\/2017\/02\/10\/marcha-de-la-juventud-ira-desde-la-plaza-morelos-hasta-el-palacio-de-miraflores\/\" \/>\n<meta property=\"og:locale\" content=\"es_ES\" \/>\n<meta property=\"og:type\" content=\"article\" \/>\n<meta property=\"og:title\" content=\"Marcha de la juventud ir\u00e1 desde la Plaza Morelos hasta el Palacio de Miraflores - MPPPST\" \/>\n<meta property=\"og:description\" content=\"Caracas, 09 Feb. AVN.- Este domingo 12 de febrero la juventud venezolana se movilizar\u00e1 desde la &hellip; Marcha de la juventud ir\u00e1 desde la Plaza Morelos hasta el Palacio de MirafloresRead more\" \/>\n<meta property=\"og:url\" content=\"https:\/\/www.mpppst.gob.ve\/mpppstweb\/index.php\/2017\/02\/10\/marcha-de-la-juventud-ira-desde-la-plaza-morelos-hasta-el-palacio-de-miraflores\/\" \/>\n<meta property=\"og:site_name\" content=\"MPPPST\" \/>\n<meta property=\"article:published_time\" content=\"2017-02-10T13:11:22+00:00\" \/>\n<meta property=\"og:image\" content=\"https:\/\/www.mpppst.gob.ve\/mpppstweb\/wp-content\/uploads\/2017\/02\/img_9149ft1464809272.jpg\" \/>\n\t<meta property=\"og:image:width\" content=\"800\" \/>\n\t<meta property=\"og:image:height\" content=\"455\" \/>\n\t<meta property=\"og:image:type\" content=\"image\/jpeg\" \/>\n<meta name=\"author\" content=\"MPPPST Prensa\" \/>\n<meta name=\"twitter:card\" content=\"summary_large_image\" \/>\n<meta name=\"twitter:label1\" content=\"Escrito por\" \/>\n\t<meta name=\"twitter:data1\" content=\"MPPPST Prensa\" \/>\n\t<meta name=\"twitter:label2\" content=\"Tiempo de lectura\" \/>\n\t<meta name=\"twitter:data2\" content=\"1 minuto\" \/>\n<script type=\"application\/ld+json\" class=\"yoast-schema-graph\">{\"@context\":\"https:\/\/schema.org\",\"@graph\":[{\"@type\":\"Article\",\"@id\":\"https:\/\/www.mpppst.gob.ve\/mpppstweb\/index.php\/2017\/02\/10\/marcha-de-la-juventud-ira-desde-la-plaza-morelos-hasta-el-palacio-de-miraflores\/#article\",\"isPartOf\":{\"@id\":\"https:\/\/www.mpppst.gob.ve\/mpppstweb\/index.php\/2017\/02\/10\/marcha-de-la-juventud-ira-desde-la-plaza-morelos-hasta-el-palacio-de-miraflores\/\"},\"author\":{\"name\":\"MPPPST Prensa\",\"@id\":\"https:\/\/www.mpppst.gob.ve\/mpppstweb\/#\/schema\/person\/fc187ee8ead412bd4c9304b62f900ea4\"},\"headline\":\"Marcha de la juventud ir\u00e1 desde la Plaza Morelos hasta el Palacio de Miraflores\",\"datePublished\":\"2017-02-10T13:11:22+00:00\",\"dateModified\":\"2017-02-10T13:11:22+00:00\",\"mainEntityOfPage\":{\"@id\":\"https:\/\/www.mpppst.gob.ve\/mpppstweb\/index.php\/2017\/02\/10\/marcha-de-la-juventud-ira-desde-la-plaza-morelos-hasta-el-palacio-de-miraflores\/\"},\"wordCount\":310,\"publisher\":{\"@id\":\"https:\/\/www.mpppst.gob.ve\/mpppstweb\/#organization\"},\"image\":{\"@id\":\"https:\/\/www.mpppst.gob.ve\/mpppstweb\/index.php\/2017\/02\/10\/marcha-de-la-juventud-ira-desde-la-plaza-morelos-hasta-el-palacio-de-miraflores\/#primaryimage\"},\"thumbnailUrl\":\"https:\/\/www.mpppst.gob.ve\/mpppstweb\/wp-content\/uploads\/2017\/02\/img_9149ft1464809272.jpg\",\"articleSection\":[\"Gobierno Nacional\",\"J\u00f3venes de la Patria\",\"Movilizaciones\",\"Noticias\"],\"inLanguage\":\"es\"},{\"@type\":\"WebPage\",\"@id\":\"https:\/\/www.mpppst.gob.ve\/mpppstweb\/index.php\/2017\/02\/10\/marcha-de-la-juventud-ira-desde-la-plaza-morelos-hasta-el-palacio-de-miraflores\/\",\"url\":\"https:\/\/www.mpppst.gob.ve\/mpppstweb\/index.php\/2017\/02\/10\/marcha-de-la-juventud-ira-desde-la-plaza-morelos-hasta-el-palacio-de-miraflores\/\",\"name\":\"Marcha de la juventud ir\u00e1 desde la Plaza Morelos hasta el Palacio de Miraflores - MPPPST\",\"isPartOf\":{\"@id\":\"https:\/\/www.mpppst.gob.ve\/mpppstweb\/#website\"},\"primaryImageOfPage\":{\"@id\":\"https:\/\/www.mpppst.gob.ve\/mpppstweb\/index.php\/2017\/02\/10\/marcha-de-la-juventud-ira-desde-la-plaza-morelos-hasta-el-palacio-de-miraflores\/#primaryimage\"},\"image\":{\"@id\":\"https:\/\/www.mpppst.gob.ve\/mpppstweb\/index.php\/2017\/02\/10\/marcha-de-la-juventud-ira-desde-la-plaza-morelos-hasta-el-palacio-de-miraflores\/#primaryimage\"},\"thumbnailUrl\":\"https:\/\/www.mpppst.gob.ve\/mpppstweb\/wp-content\/uploads\/2017\/02\/img_9149ft1464809272.jpg\",\"datePublished\":\"2017-02-10T13:11:22+00:00\",\"dateModified\":\"2017-02-10T13:11:22+00:00\",\"breadcrumb\":{\"@id\":\"https:\/\/www.mpppst.gob.ve\/mpppstweb\/index.php\/2017\/02\/10\/marcha-de-la-juventud-ira-desde-la-plaza-morelos-hasta-el-palacio-de-miraflores\/#breadcrumb\"},\"inLanguage\":\"es\",\"potentialAction\":[{\"@type\":\"ReadAction\",\"target\":[\"https:\/\/www.mpppst.gob.ve\/mpppstweb\/index.php\/2017\/02\/10\/marcha-de-la-juventud-ira-desde-la-plaza-morelos-hasta-el-palacio-de-miraflores\/\"]}]},{\"@type\":\"ImageObject\",\"inLanguage\":\"es\",\"@id\":\"https:\/\/www.mpppst.gob.ve\/mpppstweb\/index.php\/2017\/02\/10\/marcha-de-la-juventud-ira-desde-la-plaza-morelos-hasta-el-palacio-de-miraflores\/#primaryimage\",\"url\":\"https:\/\/www.mpppst.gob.ve\/mpppstweb\/wp-content\/uploads\/2017\/02\/img_9149ft1464809272.jpg\",\"contentUrl\":\"https:\/\/www.mpppst.gob.ve\/mpppstweb\/wp-content\/uploads\/2017\/02\/img_9149ft1464809272.jpg\",\"width\":800,\"height\":455},{\"@type\":\"BreadcrumbList\",\"@id\":\"https:\/\/www.mpppst.gob.ve\/mpppstweb\/index.php\/2017\/02\/10\/marcha-de-la-juventud-ira-desde-la-plaza-morelos-hasta-el-palacio-de-miraflores\/#breadcrumb\",\"itemListElement\":[{\"@type\":\"ListItem\",\"position\":1,\"name\":\"Home\",\"item\":\"https:\/\/www.mpppst.gob.ve\/mpppstweb\/\"},{\"@type\":\"ListItem\",\"position\":2,\"name\":\"Marcha de la juventud ir\u00e1 desde la Plaza Morelos hasta el Palacio de Miraflores\"}]},{\"@type\":\"WebSite\",\"@id\":\"https:\/\/www.mpppst.gob.ve\/mpppstweb\/#website\",\"url\":\"https:\/\/www.mpppst.gob.ve\/mpppstweb\/\",\"name\":\"MPPPST\",\"description\":\"Ministerio del Poder Popular para el Proceso Social de Trabajo\",\"publisher\":{\"@id\":\"https:\/\/www.mpppst.gob.ve\/mpppstweb\/#organization\"},\"potentialAction\":[{\"@type\":\"SearchAction\",\"target\":{\"@type\":\"EntryPoint\",\"urlTemplate\":\"https:\/\/www.mpppst.gob.ve\/mpppstweb\/?s={search_term_string}\"},\"query-input\":\"required name=search_term_string\"}],\"inLanguage\":\"es\"},{\"@type\":\"Organization\",\"@id\":\"https:\/\/www.mpppst.gob.ve\/mpppstweb\/#organization\",\"name\":\"mpppst\",\"url\":\"https:\/\/www.mpppst.gob.ve\/mpppstweb\/\",\"logo\":{\"@type\":\"ImageObject\",\"inLanguage\":\"es\",\"@id\":\"https:\/\/www.mpppst.gob.ve\/mpppstweb\/#\/schema\/logo\/image\/\",\"url\":\"https:\/\/www.mpppst.gob.ve\/mpppstweb\/wp-content\/uploads\/2025\/07\/cropped-cropped-g910.png\",\"contentUrl\":\"https:\/\/www.mpppst.gob.ve\/mpppstweb\/wp-content\/uploads\/2025\/07\/cropped-cropped-g910.png\",\"width\":1080,\"height\":241,\"caption\":\"mpppst\"},\"image\":{\"@id\":\"https:\/\/www.mpppst.gob.ve\/mpppstweb\/#\/schema\/logo\/image\/\"}},{\"@type\":\"Person\",\"@id\":\"https:\/\/www.mpppst.gob.ve\/mpppstweb\/#\/schema\/person\/fc187ee8ead412bd4c9304b62f900ea4\",\"name\":\"MPPPST Prensa\",\"url\":\"https:\/\/www.mpppst.gob.ve\/mpppstweb\/index.php\/author\/prensa-mpppst\/\"}]}<\/script>\n<!-- \/ Yoast SEO plugin. -->","yoast_head_json":{"title":"Marcha de la juventud ir\u00e1 desde la Plaza Morelos hasta el Palacio de Miraflores - MPPPST","robots":{"index":"index","follow":"follow","max-snippet":"max-snippet:-1","max-image-preview":"max-image-preview:large","max-video-preview":"max-video-preview:-1"},"canonical":"https:\/\/www.mpppst.gob.ve\/mpppstweb\/index.php\/2017\/02\/10\/marcha-de-la-juventud-ira-desde-la-plaza-morelos-hasta-el-palacio-de-miraflores\/","og_locale":"es_ES","og_type":"article","og_title":"Marcha de la juventud ir\u00e1 desde la Plaza Morelos hasta el Palacio de Miraflores - MPPPST","og_description":"Caracas, 09 Feb. AVN.- Este domingo 12 de febrero la juventud venezolana se movilizar\u00e1 desde la &hellip; Marcha de la juventud ir\u00e1 desde la Plaza Morelos hasta el Palacio de MirafloresRead more","og_url":"https:\/\/www.mpppst.gob.ve\/mpppstweb\/index.php\/2017\/02\/10\/marcha-de-la-juventud-ira-desde-la-plaza-morelos-hasta-el-palacio-de-miraflores\/","og_site_name":"MPPPST","article_published_time":"2017-02-10T13:11:22+00:00","og_image":[{"width":800,"height":455,"url":"https:\/\/www.mpppst.gob.ve\/mpppstweb\/wp-content\/uploads\/2017\/02\/img_9149ft1464809272.jpg","type":"image\/jpeg"}],"author":"MPPPST Prensa","twitter_card":"summary_large_image","twitter_misc":{"Escrito por":"MPPPST Prensa","Tiempo de lectura":"1 minuto"},"schema":{"@context":"https:\/\/schema.org","@graph":[{"@type":"Article","@id":"https:\/\/www.mpppst.gob.ve\/mpppstweb\/index.php\/2017\/02\/10\/marcha-de-la-juventud-ira-desde-la-plaza-morelos-hasta-el-palacio-de-miraflores\/#article","isPartOf":{"@id":"https:\/\/www.mpppst.gob.ve\/mpppstweb\/index.php\/2017\/02\/10\/marcha-de-la-juventud-ira-desde-la-plaza-morelos-hasta-el-palacio-de-miraflores\/"},"author":{"name":"MPPPST Prensa","@id":"https:\/\/www.mpppst.gob.ve\/mpppstweb\/#\/schema\/person\/fc187ee8ead412bd4c9304b62f900ea4"},"headline":"Marcha de la juventud ir\u00e1 desde la Plaza Morelos hasta el Palacio de Miraflores","datePublished":"2017-02-10T13:11:22+00:00","dateModified":"2017-02-10T13:11:22+00:00","mainEntityOfPage":{"@id":"https:\/\/www.mpppst.gob.ve\/mpppstweb\/index.php\/2017\/02\/10\/marcha-de-la-juventud-ira-desde-la-plaza-morelos-hasta-el-palacio-de-miraflores\/"},"wordCount":310,"publisher":{"@id":"https:\/\/www.mpppst.gob.ve\/mpppstweb\/#organization"},"image":{"@id":"https:\/\/www.mpppst.gob.ve\/mpppstweb\/index.php\/2017\/02\/10\/marcha-de-la-juventud-ira-desde-la-plaza-morelos-hasta-el-palacio-de-miraflores\/#primaryimage"},"thumbnailUrl":"https:\/\/www.mpppst.gob.ve\/mpppstweb\/wp-content\/uploads\/2017\/02\/img_9149ft1464809272.jpg","articleSection":["Gobierno Nacional","J\u00f3venes de la Patria","Movilizaciones","Noticias"],"inLanguage":"es"},{"@type":"WebPage","@id":"https:\/\/www.mpppst.gob.ve\/mpppstweb\/index.php\/2017\/02\/10\/marcha-de-la-juventud-ira-desde-la-plaza-morelos-hasta-el-palacio-de-miraflores\/","url":"https:\/\/www.mpppst.gob.ve\/mpppstweb\/index.php\/2017\/02\/10\/marcha-de-la-juventud-ira-desde-la-plaza-morelos-hasta-el-palacio-de-miraflores\/","name":"Marcha de la juventud ir\u00e1 desde la Plaza Morelos hasta el Palacio de Miraflores - MPPPST","isPartOf":{"@id":"https:\/\/www.mpppst.gob.ve\/mpppstweb\/#website"},"primaryImageOfPage":{"@id":"https:\/\/www.mpppst.gob.ve\/mpppstweb\/index.php\/2017\/02\/10\/marcha-de-la-juventud-ira-desde-la-plaza-morelos-hasta-el-palacio-de-miraflores\/#primaryimage"},"image":{"@id":"https:\/\/www.mpppst.gob.ve\/mpppstweb\/index.php\/2017\/02\/10\/marcha-de-la-juventud-ira-desde-la-plaza-morelos-hasta-el-palacio-de-miraflores\/#primaryimage"},"thumbnailUrl":"https:\/\/www.mpppst.gob.ve\/mpppstweb\/wp-content\/uploads\/2017\/02\/img_9149ft1464809272.jpg","datePublished":"2017-02-10T13:11:22+00:00","dateModified":"2017-02-10T13:11:22+00:00","breadcrumb":{"@id":"https:\/\/www.mpppst.gob.ve\/mpppstweb\/index.php\/2017\/02\/10\/marcha-de-la-juventud-ira-desde-la-plaza-morelos-hasta-el-palacio-de-miraflores\/#breadcrumb"},"inLanguage":"es","potentialAction":[{"@type":"ReadAction","target":["https:\/\/www.mpppst.gob.ve\/mpppstweb\/index.php\/2017\/02\/10\/marcha-de-la-juventud-ira-desde-la-plaza-morelos-hasta-el-palacio-de-miraflores\/"]}]},{"@type":"ImageObject","inLanguage":"es","@id":"https:\/\/www.mpppst.gob.ve\/mpppstweb\/index.php\/2017\/02\/10\/marcha-de-la-juventud-ira-desde-la-plaza-morelos-hasta-el-palacio-de-miraflores\/#primaryimage","url":"https:\/\/www.mpppst.gob.ve\/mpppstweb\/wp-content\/uploads\/2017\/02\/img_9149ft1464809272.jpg","contentUrl":"https:\/\/www.mpppst.gob.ve\/mpppstweb\/wp-content\/uploads\/2017\/02\/img_9149ft1464809272.jpg","width":800,"height":455},{"@type":"BreadcrumbList","@id":"https:\/\/www.mpppst.gob.ve\/mpppstweb\/index.php\/2017\/02\/10\/marcha-de-la-juventud-ira-desde-la-plaza-morelos-hasta-el-palacio-de-miraflores\/#breadcrumb","itemListElement":[{"@type":"ListItem","position":1,"name":"Home","item":"https:\/\/www.mpppst.gob.ve\/mpppstweb\/"},{"@type":"ListItem","position":2,"name":"Marcha de la juventud ir\u00e1 desde la Plaza Morelos hasta el Palacio de Miraflores"}]},{"@type":"WebSite","@id":"https:\/\/www.mpppst.gob.ve\/mpppstweb\/#website","url":"https:\/\/www.mpppst.gob.ve\/mpppstweb\/","name":"MPPPST","description":"Ministerio del Poder Popular para el Proceso Social de Trabajo","publisher":{"@id":"https:\/\/www.mpppst.gob.ve\/mpppstweb\/#organization"},"potentialAction":[{"@type":"SearchAction","target":{"@type":"EntryPoint","urlTemplate":"https:\/\/www.mpppst.gob.ve\/mpppstweb\/?s={search_term_string}"},"query-input":"required name=search_term_string"}],"inLanguage":"es"},{"@type":"Organization","@id":"https:\/\/www.mpppst.gob.ve\/mpppstweb\/#organization","name":"mpppst","url":"https:\/\/www.mpppst.gob.ve\/mpppstweb\/","logo":{"@type":"ImageObject","inLanguage":"es","@id":"https:\/\/www.mpppst.gob.ve\/mpppstweb\/#\/schema\/logo\/image\/","url":"https:\/\/www.mpppst.gob.ve\/mpppstweb\/wp-content\/uploads\/2025\/07\/cropped-cropped-g910.png","contentUrl":"https:\/\/www.mpppst.gob.ve\/mpppstweb\/wp-content\/uploads\/2025\/07\/cropped-cropped-g910.png","width":1080,"height":241,"caption":"mpppst"},"image":{"@id":"https:\/\/www.mpppst.gob.ve\/mpppstweb\/#\/schema\/logo\/image\/"}},{"@type":"Person","@id":"https:\/\/www.mpppst.gob.ve\/mpppstweb\/#\/schema\/person\/fc187ee8ead412bd4c9304b62f900ea4","name":"MPPPST Prensa","url":"https:\/\/www.mpppst.gob.ve\/mpppstweb\/index.php\/author\/prensa-mpppst\/"}]}},"_links":{"self":[{"href":"https:\/\/www.mpppst.gob.ve\/mpppstweb\/index.php\/wp-json\/wp\/v2\/posts\/10493"}],"collection":[{"href":"https:\/\/www.mpppst.gob.ve\/mpppstweb\/index.php\/wp-json\/wp\/v2\/posts"}],"about":[{"href":"https:\/\/www.mpppst.gob.ve\/mpppstweb\/index.php\/wp-json\/wp\/v2\/types\/post"}],"author":[{"embeddable":true,"href":"https:\/\/www.mpppst.gob.ve\/mpppstweb\/index.php\/wp-json\/wp\/v2\/users\/25"}],"replies":[{"embeddable":true,"href":"https:\/\/www.mpppst.gob.ve\/mpppstweb\/index.php\/wp-json\/wp\/v2\/comments?post=10493"}],"version-history":[{"count":1,"href":"https:\/\/www.mpppst.gob.ve\/mpppstweb\/index.php\/wp-json\/wp\/v2\/posts\/10493\/revisions"}],"predecessor-version":[{"id":10495,"href":"https:\/\/www.mpppst.gob.ve\/mpppstweb\/index.php\/wp-json\/wp\/v2\/posts\/10493\/revisions\/10495"}],"wp:featuredmedia":[{"embeddable":true,"href":"https:\/\/www.mpppst.gob.ve\/mpppstweb\/index.php\/wp-json\/wp\/v2\/media\/10494"}],"wp:attachment":[{"href":"https:\/\/www.mpppst.gob.ve\/mpppstweb\/index.php\/wp-json\/wp\/v2\/media?parent=10493"}],"wp:term":[{"taxonomy":"category","embeddable":true,"href":"https:\/\/www.mpppst.gob.ve\/mpppstweb\/index.php\/wp-json\/wp\/v2\/categories?post=10493"},{"taxonomy":"post_tag","embeddable":true,"href":"https:\/\/www.mpppst.gob.ve\/mpppstweb\/index.php\/wp-json\/wp\/v2\/tags?post=10493"}],"curies":[{"name":"wp","href":"https:\/\/api.w.org\/{rel}","templated":true}]}}