{"id":10496,"date":"2017-02-10T13:15:59","date_gmt":"2017-02-10T13:15:59","guid":{"rendered":"http:\/\/www.mpppst.gob.ve\/mpppstweb\/?p=10496"},"modified":"2017-02-10T13:15:59","modified_gmt":"2017-02-10T13:15:59","slug":"mercosur-sostendra-demanda-de-venezuela-para-restituir-sus-derechos-en-el-bloque","status":"publish","type":"post","link":"https:\/\/www.mpppst.gob.ve\/mpppstweb\/index.php\/2017\/02\/10\/mercosur-sostendra-demanda-de-venezuela-para-restituir-sus-derechos-en-el-bloque\/","title":{"rendered":"Mercosur sostendr\u00e1 demanda de Venezuela para restituir sus derechos en el bloque"},"content":{"rendered":"<div class=\"cuerpo\">\n<div class=\"contenido\">\n<div>\n<p>Caracas, 09 Feb. AVN.- Los pa\u00edses miembros del Mercado Com\u00fan del Sur (Mercosur) sostendr\u00e1n la demanda de Venezuela para restituir sus derechos como integrante del bloque regional tras realizarse este jueves una reuni\u00f3n para dar soluci\u00f3n al conflicto diplom\u00e1tico.<\/p>\n<p>La informaci\u00f3n la comparti\u00f3 Prensa Latina en una informaci\u00f3n donde se resalta que en el encuentro \u2014realizado en Monte Video, Uruguay\u2014 participaron cuatro de los representantes que integran el Mercosur (Argentina, Brasil, Uruguay, Venezuela) excepto Paraguay, y acordaron una nueva reuni\u00f3n para el pr\u00f3ximo 17 de marzo.<\/p>\n<p>\u00abEstamos absolutamente convencidos de que s\u00f3lo con el respeto del estado de derecho mercosuriano y del derecho internacional puede lograrse encauzar al Mercosur\u00bb, expres\u00f3 el representante de Venezuela en Mercosur, H\u00e9ctor Constant.<\/p>\n<p>Desde que Venezuela asumi\u00f3 \u2014el pasado a\u00f1o\u2014 por segunda vez la presidencia Pro T\u00e9mpore del organismo, gobiernos de derecha de la Triple Alianza \u00a0(Brasil, Argentina, Uruguay) han emprendido una campa\u00f1a para intentar anular su ejercicio en el organismo, lo que contraviene en las normas del bloque.<\/p>\n<p>En este sentido Venezuela comenz\u00f3 la batalla legal con una convocatoria en diciembre del a\u00f1o 2016 a una primera mesa de negociaciones en el marco del\u00a0<em>Protocolo de Olivos<\/em>, mecanismo de Mercosur para la resoluci\u00f3n de controversias.<\/p>\n<p>La Triple Alianza ha promovido argumentos t\u00e9cnicos contra la naci\u00f3n bolivariana. Uno de ellos es que Venezuela no ha \u00abinternalizado\u00bb la normativa mercosuriana. Sin embargo, la naci\u00f3n asumi\u00f3 en m\u00e1s de 90%, con mayor eficiencia t\u00e9cnica que otros pa\u00edses que tienen 25 a\u00f1os en el bloque, ha explicado la canciller de la Rep\u00fablica, Delcy Rodr\u00edguez.<\/p>\n<p>Esta meta de Venezuela en Mercosur es superior al de pa\u00edses fundadores de la instancia, que en 25 a\u00f1os registran una incorporaci\u00f3n que promedia el 40%.<\/p>\n<p>Ante estas acciones, diferentes movimientos sociales de la regi\u00f3n se han manifestado en contra de este nuevo atropello contra Venezuela y han manifestado su solidaridad para resguardar la institucionalidad y la unidad en el continente.<\/p>\n<\/div>\n<\/div>\n<\/div>\n<div class=\"contenedor-fecha-hora clearfix\">\n<div class=\"autor\"><a href=\"http:\/\/www.avn.info.ve\/titulares-autores?autor=AVN\">AVN &#8211;<\/a><\/div>\n<div class=\"fecha-hora\">09\/02\/2017 &#8211; 11:02 pm<\/div>\n<\/div>\n","protected":false},"excerpt":{"rendered":"<p>Caracas, 09 Feb. AVN.- Los pa\u00edses miembros del Mercado Com\u00fan del Sur (Mercosur) sostendr\u00e1n la demanda &hellip; <a title=\"Mercosur sostendr\u00e1 demanda de Venezuela para restituir sus derechos en el bloque\" class=\"hm-read-more\" href=\"https:\/\/www.mpppst.gob.ve\/mpppstweb\/index.php\/2017\/02\/10\/mercosur-sostendra-demanda-de-venezuela-para-restituir-sus-derechos-en-el-bloque\/\"><span class=\"screen-reader-text\">Mercosur sostendr\u00e1 demanda de Venezuela para restituir sus derechos en el bloque<\/span>Read more<\/a><\/p>\n","protected":false},"author":25,"featured_media":10497,"comment_status":"closed","ping_status":"closed","sticky":false,"template":"","format":"standard","meta":{"footnotes":""},"categories":[8,237,166],"tags":[],"yoast_head":"<!-- This site is optimized with the Yoast SEO plugin v22.5 - https:\/\/yoast.com\/wordpress\/plugins\/seo\/ -->\n<title>Mercosur sostendr\u00e1 demanda de Venezuela para restituir sus derechos en el bloque - MPPPST<\/title>\n<meta name=\"robots\" content=\"index, follow, max-snippet:-1, max-image-preview:large, max-video-preview:-1\" \/>\n<link rel=\"canonical\" href=\"https:\/\/www.mpppst.gob.ve\/mpppstweb\/index.php\/2017\/02\/10\/mercosur-sostendra-demanda-de-venezuela-para-restituir-sus-derechos-en-el-bloque\/\" \/>\n<meta property=\"og:locale\" content=\"es_ES\" \/>\n<meta property=\"og:type\" content=\"article\" \/>\n<meta property=\"og:title\" content=\"Mercosur sostendr\u00e1 demanda de Venezuela para restituir sus derechos en el bloque - MPPPST\" \/>\n<meta property=\"og:description\" content=\"Caracas, 09 Feb. AVN.- Los pa\u00edses miembros del Mercado Com\u00fan del Sur (Mercosur) sostendr\u00e1n la demanda &hellip; Mercosur sostendr\u00e1 demanda de Venezuela para restituir sus derechos en el bloqueRead more\" \/>\n<meta property=\"og:url\" content=\"https:\/\/www.mpppst.gob.ve\/mpppstweb\/index.php\/2017\/02\/10\/mercosur-sostendra-demanda-de-venezuela-para-restituir-sus-derechos-en-el-bloque\/\" \/>\n<meta property=\"og:site_name\" content=\"MPPPST\" \/>\n<meta property=\"article:published_time\" content=\"2017-02-10T13:15:59+00:00\" \/>\n<meta property=\"og:image\" content=\"https:\/\/www.mpppst.gob.ve\/mpppstweb\/wp-content\/uploads\/2017\/02\/mercosur_san_juan1324225545.jpg\" \/>\n\t<meta property=\"og:image:width\" content=\"800\" \/>\n\t<meta property=\"og:image:height\" content=\"455\" \/>\n\t<meta property=\"og:image:type\" content=\"image\/jpeg\" \/>\n<meta name=\"author\" content=\"MPPPST Prensa\" \/>\n<meta name=\"twitter:card\" content=\"summary_large_image\" \/>\n<meta name=\"twitter:label1\" content=\"Escrito por\" \/>\n\t<meta name=\"twitter:data1\" content=\"MPPPST Prensa\" \/>\n\t<meta name=\"twitter:label2\" content=\"Tiempo de lectura\" \/>\n\t<meta name=\"twitter:data2\" content=\"2 minutos\" \/>\n<script type=\"application\/ld+json\" class=\"yoast-schema-graph\">{\"@context\":\"https:\/\/schema.org\",\"@graph\":[{\"@type\":\"Article\",\"@id\":\"https:\/\/www.mpppst.gob.ve\/mpppstweb\/index.php\/2017\/02\/10\/mercosur-sostendra-demanda-de-venezuela-para-restituir-sus-derechos-en-el-bloque\/#article\",\"isPartOf\":{\"@id\":\"https:\/\/www.mpppst.gob.ve\/mpppstweb\/index.php\/2017\/02\/10\/mercosur-sostendra-demanda-de-venezuela-para-restituir-sus-derechos-en-el-bloque\/\"},\"author\":{\"name\":\"MPPPST Prensa\",\"@id\":\"https:\/\/www.mpppst.gob.ve\/mpppstweb\/#\/schema\/person\/fc187ee8ead412bd4c9304b62f900ea4\"},\"headline\":\"Mercosur sostendr\u00e1 demanda de Venezuela para restituir sus derechos en el bloque\",\"datePublished\":\"2017-02-10T13:15:59+00:00\",\"dateModified\":\"2017-02-10T13:15:59+00:00\",\"mainEntityOfPage\":{\"@id\":\"https:\/\/www.mpppst.gob.ve\/mpppstweb\/index.php\/2017\/02\/10\/mercosur-sostendra-demanda-de-venezuela-para-restituir-sus-derechos-en-el-bloque\/\"},\"wordCount\":357,\"publisher\":{\"@id\":\"https:\/\/www.mpppst.gob.ve\/mpppstweb\/#organization\"},\"image\":{\"@id\":\"https:\/\/www.mpppst.gob.ve\/mpppstweb\/index.php\/2017\/02\/10\/mercosur-sostendra-demanda-de-venezuela-para-restituir-sus-derechos-en-el-bloque\/#primaryimage\"},\"thumbnailUrl\":\"https:\/\/www.mpppst.gob.ve\/mpppstweb\/wp-content\/uploads\/2017\/02\/mercosur_san_juan1324225545.jpg\",\"articleSection\":[\"Internacionales\",\"Procesos y organismo internacionales\",\"Venezuela y el Mundo\"],\"inLanguage\":\"es\"},{\"@type\":\"WebPage\",\"@id\":\"https:\/\/www.mpppst.gob.ve\/mpppstweb\/index.php\/2017\/02\/10\/mercosur-sostendra-demanda-de-venezuela-para-restituir-sus-derechos-en-el-bloque\/\",\"url\":\"https:\/\/www.mpppst.gob.ve\/mpppstweb\/index.php\/2017\/02\/10\/mercosur-sostendra-demanda-de-venezuela-para-restituir-sus-derechos-en-el-bloque\/\",\"name\":\"Mercosur sostendr\u00e1 demanda de Venezuela para restituir sus derechos en el bloque - MPPPST\",\"isPartOf\":{\"@id\":\"https:\/\/www.mpppst.gob.ve\/mpppstweb\/#website\"},\"primaryImageOfPage\":{\"@id\":\"https:\/\/www.mpppst.gob.ve\/mpppstweb\/index.php\/2017\/02\/10\/mercosur-sostendra-demanda-de-venezuela-para-restituir-sus-derechos-en-el-bloque\/#primaryimage\"},\"image\":{\"@id\":\"https:\/\/www.mpppst.gob.ve\/mpppstweb\/index.php\/2017\/02\/10\/mercosur-sostendra-demanda-de-venezuela-para-restituir-sus-derechos-en-el-bloque\/#primaryimage\"},\"thumbnailUrl\":\"https:\/\/www.mpppst.gob.ve\/mpppstweb\/wp-content\/uploads\/2017\/02\/mercosur_san_juan1324225545.jpg\",\"datePublished\":\"2017-02-10T13:15:59+00:00\",\"dateModified\":\"2017-02-10T13:15:59+00:00\",\"breadcrumb\":{\"@id\":\"https:\/\/www.mpppst.gob.ve\/mpppstweb\/index.php\/2017\/02\/10\/mercosur-sostendra-demanda-de-venezuela-para-restituir-sus-derechos-en-el-bloque\/#breadcrumb\"},\"inLanguage\":\"es\",\"potentialAction\":[{\"@type\":\"ReadAction\",\"target\":[\"https:\/\/www.mpppst.gob.ve\/mpppstweb\/index.php\/2017\/02\/10\/mercosur-sostendra-demanda-de-venezuela-para-restituir-sus-derechos-en-el-bloque\/\"]}]},{\"@type\":\"ImageObject\",\"inLanguage\":\"es\",\"@id\":\"https:\/\/www.mpppst.gob.ve\/mpppstweb\/index.php\/2017\/02\/10\/mercosur-sostendra-demanda-de-venezuela-para-restituir-sus-derechos-en-el-bloque\/#primaryimage\",\"url\":\"https:\/\/www.mpppst.gob.ve\/mpppstweb\/wp-content\/uploads\/2017\/02\/mercosur_san_juan1324225545.jpg\",\"contentUrl\":\"https:\/\/www.mpppst.gob.ve\/mpppstweb\/wp-content\/uploads\/2017\/02\/mercosur_san_juan1324225545.jpg\",\"width\":800,\"height\":455},{\"@type\":\"BreadcrumbList\",\"@id\":\"https:\/\/www.mpppst.gob.ve\/mpppstweb\/index.php\/2017\/02\/10\/mercosur-sostendra-demanda-de-venezuela-para-restituir-sus-derechos-en-el-bloque\/#breadcrumb\",\"itemListElement\":[{\"@type\":\"ListItem\",\"position\":1,\"name\":\"Home\",\"item\":\"https:\/\/www.mpppst.gob.ve\/mpppstweb\/\"},{\"@type\":\"ListItem\",\"position\":2,\"name\":\"Mercosur sostendr\u00e1 demanda de Venezuela para restituir sus derechos en el bloque\"}]},{\"@type\":\"WebSite\",\"@id\":\"https:\/\/www.mpppst.gob.ve\/mpppstweb\/#website\",\"url\":\"https:\/\/www.mpppst.gob.ve\/mpppstweb\/\",\"name\":\"MPPPST\",\"description\":\"Ministerio del Poder Popular para el Proceso Social de Trabajo\",\"publisher\":{\"@id\":\"https:\/\/www.mpppst.gob.ve\/mpppstweb\/#organization\"},\"potentialAction\":[{\"@type\":\"SearchAction\",\"target\":{\"@type\":\"EntryPoint\",\"urlTemplate\":\"https:\/\/www.mpppst.gob.ve\/mpppstweb\/?s={search_term_string}\"},\"query-input\":\"required name=search_term_string\"}],\"inLanguage\":\"es\"},{\"@type\":\"Organization\",\"@id\":\"https:\/\/www.mpppst.gob.ve\/mpppstweb\/#organization\",\"name\":\"mpppst\",\"url\":\"https:\/\/www.mpppst.gob.ve\/mpppstweb\/\",\"logo\":{\"@type\":\"ImageObject\",\"inLanguage\":\"es\",\"@id\":\"https:\/\/www.mpppst.gob.ve\/mpppstweb\/#\/schema\/logo\/image\/\",\"url\":\"https:\/\/www.mpppst.gob.ve\/mpppstweb\/wp-content\/uploads\/2025\/07\/cropped-cropped-g910.png\",\"contentUrl\":\"https:\/\/www.mpppst.gob.ve\/mpppstweb\/wp-content\/uploads\/2025\/07\/cropped-cropped-g910.png\",\"width\":1080,\"height\":241,\"caption\":\"mpppst\"},\"image\":{\"@id\":\"https:\/\/www.mpppst.gob.ve\/mpppstweb\/#\/schema\/logo\/image\/\"}},{\"@type\":\"Person\",\"@id\":\"https:\/\/www.mpppst.gob.ve\/mpppstweb\/#\/schema\/person\/fc187ee8ead412bd4c9304b62f900ea4\",\"name\":\"MPPPST Prensa\",\"url\":\"https:\/\/www.mpppst.gob.ve\/mpppstweb\/index.php\/author\/prensa-mpppst\/\"}]}<\/script>\n<!-- \/ Yoast SEO plugin. -->","yoast_head_json":{"title":"Mercosur sostendr\u00e1 demanda de Venezuela para restituir sus derechos en el bloque - MPPPST","robots":{"index":"index","follow":"follow","max-snippet":"max-snippet:-1","max-image-preview":"max-image-preview:large","max-video-preview":"max-video-preview:-1"},"canonical":"https:\/\/www.mpppst.gob.ve\/mpppstweb\/index.php\/2017\/02\/10\/mercosur-sostendra-demanda-de-venezuela-para-restituir-sus-derechos-en-el-bloque\/","og_locale":"es_ES","og_type":"article","og_title":"Mercosur sostendr\u00e1 demanda de Venezuela para restituir sus derechos en el bloque - MPPPST","og_description":"Caracas, 09 Feb. AVN.- Los pa\u00edses miembros del Mercado Com\u00fan del Sur (Mercosur) sostendr\u00e1n la demanda &hellip; Mercosur sostendr\u00e1 demanda de Venezuela para restituir sus derechos en el bloqueRead more","og_url":"https:\/\/www.mpppst.gob.ve\/mpppstweb\/index.php\/2017\/02\/10\/mercosur-sostendra-demanda-de-venezuela-para-restituir-sus-derechos-en-el-bloque\/","og_site_name":"MPPPST","article_published_time":"2017-02-10T13:15:59+00:00","og_image":[{"width":800,"height":455,"url":"https:\/\/www.mpppst.gob.ve\/mpppstweb\/wp-content\/uploads\/2017\/02\/mercosur_san_juan1324225545.jpg","type":"image\/jpeg"}],"author":"MPPPST Prensa","twitter_card":"summary_large_image","twitter_misc":{"Escrito por":"MPPPST Prensa","Tiempo de lectura":"2 minutos"},"schema":{"@context":"https:\/\/schema.org","@graph":[{"@type":"Article","@id":"https:\/\/www.mpppst.gob.ve\/mpppstweb\/index.php\/2017\/02\/10\/mercosur-sostendra-demanda-de-venezuela-para-restituir-sus-derechos-en-el-bloque\/#article","isPartOf":{"@id":"https:\/\/www.mpppst.gob.ve\/mpppstweb\/index.php\/2017\/02\/10\/mercosur-sostendra-demanda-de-venezuela-para-restituir-sus-derechos-en-el-bloque\/"},"author":{"name":"MPPPST Prensa","@id":"https:\/\/www.mpppst.gob.ve\/mpppstweb\/#\/schema\/person\/fc187ee8ead412bd4c9304b62f900ea4"},"headline":"Mercosur sostendr\u00e1 demanda de Venezuela para restituir sus derechos en el bloque","datePublished":"2017-02-10T13:15:59+00:00","dateModified":"2017-02-10T13:15:59+00:00","mainEntityOfPage":{"@id":"https:\/\/www.mpppst.gob.ve\/mpppstweb\/index.php\/2017\/02\/10\/mercosur-sostendra-demanda-de-venezuela-para-restituir-sus-derechos-en-el-bloque\/"},"wordCount":357,"publisher":{"@id":"https:\/\/www.mpppst.gob.ve\/mpppstweb\/#organization"},"image":{"@id":"https:\/\/www.mpppst.gob.ve\/mpppstweb\/index.php\/2017\/02\/10\/mercosur-sostendra-demanda-de-venezuela-para-restituir-sus-derechos-en-el-bloque\/#primaryimage"},"thumbnailUrl":"https:\/\/www.mpppst.gob.ve\/mpppstweb\/wp-content\/uploads\/2017\/02\/mercosur_san_juan1324225545.jpg","articleSection":["Internacionales","Procesos y organismo internacionales","Venezuela y el Mundo"],"inLanguage":"es"},{"@type":"WebPage","@id":"https:\/\/www.mpppst.gob.ve\/mpppstweb\/index.php\/2017\/02\/10\/mercosur-sostendra-demanda-de-venezuela-para-restituir-sus-derechos-en-el-bloque\/","url":"https:\/\/www.mpppst.gob.ve\/mpppstweb\/index.php\/2017\/02\/10\/mercosur-sostendra-demanda-de-venezuela-para-restituir-sus-derechos-en-el-bloque\/","name":"Mercosur sostendr\u00e1 demanda de Venezuela para restituir sus derechos en el bloque - MPPPST","isPartOf":{"@id":"https:\/\/www.mpppst.gob.ve\/mpppstweb\/#website"},"primaryImageOfPage":{"@id":"https:\/\/www.mpppst.gob.ve\/mpppstweb\/index.php\/2017\/02\/10\/mercosur-sostendra-demanda-de-venezuela-para-restituir-sus-derechos-en-el-bloque\/#primaryimage"},"image":{"@id":"https:\/\/www.mpppst.gob.ve\/mpppstweb\/index.php\/2017\/02\/10\/mercosur-sostendra-demanda-de-venezuela-para-restituir-sus-derechos-en-el-bloque\/#primaryimage"},"thumbnailUrl":"https:\/\/www.mpppst.gob.ve\/mpppstweb\/wp-content\/uploads\/2017\/02\/mercosur_san_juan1324225545.jpg","datePublished":"2017-02-10T13:15:59+00:00","dateModified":"2017-02-10T13:15:59+00:00","breadcrumb":{"@id":"https:\/\/www.mpppst.gob.ve\/mpppstweb\/index.php\/2017\/02\/10\/mercosur-sostendra-demanda-de-venezuela-para-restituir-sus-derechos-en-el-bloque\/#breadcrumb"},"inLanguage":"es","potentialAction":[{"@type":"ReadAction","target":["https:\/\/www.mpppst.gob.ve\/mpppstweb\/index.php\/2017\/02\/10\/mercosur-sostendra-demanda-de-venezuela-para-restituir-sus-derechos-en-el-bloque\/"]}]},{"@type":"ImageObject","inLanguage":"es","@id":"https:\/\/www.mpppst.gob.ve\/mpppstweb\/index.php\/2017\/02\/10\/mercosur-sostendra-demanda-de-venezuela-para-restituir-sus-derechos-en-el-bloque\/#primaryimage","url":"https:\/\/www.mpppst.gob.ve\/mpppstweb\/wp-content\/uploads\/2017\/02\/mercosur_san_juan1324225545.jpg","contentUrl":"https:\/\/www.mpppst.gob.ve\/mpppstweb\/wp-content\/uploads\/2017\/02\/mercosur_san_juan1324225545.jpg","width":800,"height":455},{"@type":"BreadcrumbList","@id":"https:\/\/www.mpppst.gob.ve\/mpppstweb\/index.php\/2017\/02\/10\/mercosur-sostendra-demanda-de-venezuela-para-restituir-sus-derechos-en-el-bloque\/#breadcrumb","itemListElement":[{"@type":"ListItem","position":1,"name":"Home","item":"https:\/\/www.mpppst.gob.ve\/mpppstweb\/"},{"@type":"ListItem","position":2,"name":"Mercosur sostendr\u00e1 demanda de Venezuela para restituir sus derechos en el bloque"}]},{"@type":"WebSite","@id":"https:\/\/www.mpppst.gob.ve\/mpppstweb\/#website","url":"https:\/\/www.mpppst.gob.ve\/mpppstweb\/","name":"MPPPST","description":"Ministerio del Poder Popular para el Proceso Social de Trabajo","publisher":{"@id":"https:\/\/www.mpppst.gob.ve\/mpppstweb\/#organization"},"potentialAction":[{"@type":"SearchAction","target":{"@type":"EntryPoint","urlTemplate":"https:\/\/www.mpppst.gob.ve\/mpppstweb\/?s={search_term_string}"},"query-input":"required name=search_term_string"}],"inLanguage":"es"},{"@type":"Organization","@id":"https:\/\/www.mpppst.gob.ve\/mpppstweb\/#organization","name":"mpppst","url":"https:\/\/www.mpppst.gob.ve\/mpppstweb\/","logo":{"@type":"ImageObject","inLanguage":"es","@id":"https:\/\/www.mpppst.gob.ve\/mpppstweb\/#\/schema\/logo\/image\/","url":"https:\/\/www.mpppst.gob.ve\/mpppstweb\/wp-content\/uploads\/2025\/07\/cropped-cropped-g910.png","contentUrl":"https:\/\/www.mpppst.gob.ve\/mpppstweb\/wp-content\/uploads\/2025\/07\/cropped-cropped-g910.png","width":1080,"height":241,"caption":"mpppst"},"image":{"@id":"https:\/\/www.mpppst.gob.ve\/mpppstweb\/#\/schema\/logo\/image\/"}},{"@type":"Person","@id":"https:\/\/www.mpppst.gob.ve\/mpppstweb\/#\/schema\/person\/fc187ee8ead412bd4c9304b62f900ea4","name":"MPPPST Prensa","url":"https:\/\/www.mpppst.gob.ve\/mpppstweb\/index.php\/author\/prensa-mpppst\/"}]}},"_links":{"self":[{"href":"https:\/\/www.mpppst.gob.ve\/mpppstweb\/index.php\/wp-json\/wp\/v2\/posts\/10496"}],"collection":[{"href":"https:\/\/www.mpppst.gob.ve\/mpppstweb\/index.php\/wp-json\/wp\/v2\/posts"}],"about":[{"href":"https:\/\/www.mpppst.gob.ve\/mpppstweb\/index.php\/wp-json\/wp\/v2\/types\/post"}],"author":[{"embeddable":true,"href":"https:\/\/www.mpppst.gob.ve\/mpppstweb\/index.php\/wp-json\/wp\/v2\/users\/25"}],"replies":[{"embeddable":true,"href":"https:\/\/www.mpppst.gob.ve\/mpppstweb\/index.php\/wp-json\/wp\/v2\/comments?post=10496"}],"version-history":[{"count":1,"href":"https:\/\/www.mpppst.gob.ve\/mpppstweb\/index.php\/wp-json\/wp\/v2\/posts\/10496\/revisions"}],"predecessor-version":[{"id":10498,"href":"https:\/\/www.mpppst.gob.ve\/mpppstweb\/index.php\/wp-json\/wp\/v2\/posts\/10496\/revisions\/10498"}],"wp:featuredmedia":[{"embeddable":true,"href":"https:\/\/www.mpppst.gob.ve\/mpppstweb\/index.php\/wp-json\/wp\/v2\/media\/10497"}],"wp:attachment":[{"href":"https:\/\/www.mpppst.gob.ve\/mpppstweb\/index.php\/wp-json\/wp\/v2\/media?parent=10496"}],"wp:term":[{"taxonomy":"category","embeddable":true,"href":"https:\/\/www.mpppst.gob.ve\/mpppstweb\/index.php\/wp-json\/wp\/v2\/categories?post=10496"},{"taxonomy":"post_tag","embeddable":true,"href":"https:\/\/www.mpppst.gob.ve\/mpppstweb\/index.php\/wp-json\/wp\/v2\/tags?post=10496"}],"curies":[{"name":"wp","href":"https:\/\/api.w.org\/{rel}","templated":true}]}}