{"id":10599,"date":"2017-02-20T14:14:43","date_gmt":"2017-02-20T14:14:43","guid":{"rendered":"http:\/\/www.mpppst.gob.ve\/mpppstweb\/?p=10599"},"modified":"2017-02-20T14:14:43","modified_gmt":"2017-02-20T14:14:43","slug":"maduro-es-hora-del-desarrollo-definitivo-de-la-venezuela-potencia","status":"publish","type":"post","link":"https:\/\/www.mpppst.gob.ve\/mpppstweb\/index.php\/2017\/02\/20\/maduro-es-hora-del-desarrollo-definitivo-de-la-venezuela-potencia\/","title":{"rendered":"Maduro: Es hora del desarrollo definitivo de la Venezuela potencia"},"content":{"rendered":"<p>AVN.- El presidente de la Rep\u00fablica, Nicol\u00e1s Maduro, reiter\u00f3 este domingo que el pa\u00eds tiene hoy el proyecto y las condiciones -tanto sociales como morales- para su desarrollo definitivo en el campo econ\u00f3mico.<\/p>\n<p>\u00abEn los \u00faltimos 100 a\u00f1os de nuestra historia, el pueblo venezolano no ten\u00eda tan claro el proyecto de naci\u00f3n, las potencialidades y equipos a desarrollar. Es el momento de Venezuela para el desarrollo de potencialidad y las fuerzas productivas\u00bb, expres\u00f3 en su programa <em>Los Domingos con Maduro<\/em>.<\/p>\n<p>En dicho espacio, transmitido desde la Casa del Artista, en Caracas, el jefe de Estado anunci\u00f3 la designaci\u00f3n del almirante Gilberto Pinto Blanco como nuevo ministro de Pesca y Acuicultura y de Jorge Arreaza como ministro para el Desarrollo Minero Ecol\u00f3gico.<\/p>\n<p>Pinto Blanco, quien presidi\u00f3 la Comandancia General de la Armada, tendr\u00e1 la responsabilidad de impulsar y desarrollar los proyectos pesqueros en el pa\u00eds, mientras que Arreaza dar\u00e1 un nuevo impulso al motor minero, que hab\u00eda perdido su \u00edmpetu inicial, mencion\u00f3 el Presidente.<\/p>\n<p>El fortalecimiento de la Agenda Econ\u00f3mica Bolivariana se conjuga con alianzas en el \u00e1mbito productivo. En ese sentido, el jefe de Estado destac\u00f3 la fortaleza de las relaciones del pa\u00eds con la Rep\u00fablica Popular China, naci\u00f3n con la cual se firmaron esta semana 22 nuevos acuerdos de desarrollo econ\u00f3mico y cooperaci\u00f3n, que abarcan m\u00e1s 2 mil 700 millones de d\u00f3lares, y promueven el desarrollo econ\u00f3mico y bienestar social de ambos pueblos.<\/p>\n<p>\u00abSon importantes convenios para llevar herrer\u00eda, las carpinter\u00edas, la industria textil y todo el sistema de tienda de los Comit\u00e9s Locales de Abastecimiento y Producci\u00f3n (Clap) a las comunidades adentro, con la mejor tecnolog\u00eda china\u00bb, subray\u00f3 el Jefe de Estado.<\/p>\n<p>Desde 2001, tras la conformaci\u00f3n de dicha comisi\u00f3n con China, han sido un total de 790 proyectos concretos los que se han desarrollado, los cuales han contado con una inversi\u00f3n de 62.000 millones de d\u00f3lares. De esa cifra, 20.000 millones corresponden al Fondo Conjunto, creado en el 2008, y 42.000 millones del Fondo Pesado y a Largo Plazo, iniciado en el 2010.<\/p>\n<p><strong>Protecci\u00f3n social<\/strong><\/p>\n<p>La transformaci\u00f3n econ\u00f3mica va de la mano con la protecci\u00f3n de la clase trabajadora, que desde el 1 de marzo, cuando la unidad tributaria (UT) pase a 300 bol\u00edvares, cobrar\u00e1 108.000 bol\u00edvares mensuales por concepto de cesta ticket.<\/p>\n<p>\u00abA pesar de la guerra econ\u00f3mica y los planes imperialistas en contra de nuestro pueblo, no hemos detenido el fortalecimiento de los programas sociales y la protecci\u00f3n de los trabajadores\u00bb, destac\u00f3 el Mandatario.<\/p>\n<p>Explic\u00f3 que como la UT es el referente principal de este bono de alimentaci\u00f3n, decidi\u00f3 mantener la base de c\u00e1lculo en 12 UT e incrementar su valor, que representa 42% de incremento en el ingreso m\u00ednimo legal.<\/p>\n<p>El jefe de Estado, adem\u00e1s, anunci\u00f3 un conjunto de medidas para la protecci\u00f3n de artistas y la asignaci\u00f3n de 19.703 millones de bol\u00edvares para el sistema de orquestas.<\/p>\n<p>Entre las medidas destaca la inclusi\u00f3n de 1.860 nuevas pensiones para los artistas, y el inicio de entrega de 100 hogares de la Gran Misi\u00f3n Vivienda Venezuela (GMVV). Los primeros 20 se entregaron este domingo.<\/p>\n<p>Adem\u00e1s, inform\u00f3 que en los espacios de la Casa del Artista se construir\u00e1 un Centro de Diagn\u00f3stico Integral (CDI) y una Sala de Rehabilitaci\u00f3n Integral (SRI) de la Misi\u00f3n Barrio Adentro, y adem\u00e1s entrar\u00e1 en funcionamiento un Farmapatria a partir de este lunes.<\/p>\n<p>Orden\u00f3 tambi\u00e9n el levantamiento de 23 Casas del Artista en igual n\u00famero de estados, e increment\u00f3 la asignaci\u00f3n mensual que perciben los ganadores del Premio Nacional de Cultura, que pasar\u00e1 de 40.000 bol\u00edvares a 121.904 bol\u00edvares.<\/p>\n<p>En el programa presidencial, el m\u00e1s duradero hasta la fecha, con m\u00e1s de cinco horas de emisi\u00f3n, se transmiti\u00f3 la inauguraci\u00f3n de una cancha de grama artificial en el sector Nuevo Horizonte de Caracas, y se activ\u00f3 un corredor de seguridad ciudadana en el bulevar Amador Bendayan.<\/p>\n<p><strong>Un proceso colectivo<\/strong><\/p>\n<p>Maduro reiter\u00f3 la convocatoria a los sectores productivos y capitales privados, nacionales e internacionales, a invertir en los diversos motores productivos que integran la Agenda Econ\u00f3mica Bolivariana, impulsada en el a\u00f1o 2016 por el Gobierno nacional con el fin de diversificar la econom\u00eda venezolana y construir un nuevo modelo econ\u00f3mico productivo que logre superar el rentismo petrolero.<\/p>\n<p>\u00abYo convoco a toda la fuerza productiva del pa\u00eds, a todo el capital privado, nacional e internacional, los invito a que vengan a estrechar nuestras manos y a impulsar cada uno de los 15 motores de la Agenda Econ\u00f3mica Bolivariana (&#8230;) El a\u00f1o pasado lanzamos estos 15 motores que van avanzando a buen ritmo, y que todos constituyen grandes ventajas comparativas de Venezuela ante el mercado mundial\u00bb, asever\u00f3 el Presidente.<\/p>\n<p>Adem\u00e1s de los sectores productivos, el jefe de Estado reiter\u00f3 el llamado al pueblo venezolano a mantener su firme compromiso para trabajar en beneficio del crecimiento econ\u00f3mico, pol\u00edtico y social del pa\u00eds, as\u00ed como elevar su conciencia para la construcci\u00f3n del socialismo en lo econ\u00f3mico.<\/p>\n<p><strong>Respeto mutuo<\/strong><\/p>\n<p>En su alocuci\u00f3n, el jefe de Estado reafirm\u00f3 su compromiso de mantener relaciones de respeto y de di\u00e1logo con los Estados Unidos. \u00abVenezuela quiere relaciones de respeto, en el marco de igualdad, de comunicaci\u00f3n, de di\u00e1logo y de paz\u00bb, ratific\u00f3.<\/p>\n<p>El mandatario llam\u00f3 al presidente estadounidense Donald Trump a no continuar con las antiguas pol\u00edticas de agresi\u00f3n contra Venezuela impulsadas por los expresidente George Bush y Barack Obama.<\/p>\n<p>Alert\u00f3 que se est\u00e1n pagando \u00abmillonarias sumas de d\u00f3lares\u00bb en los pasillos y oficinas de la Casa Blanca para \u00abenredar\u00bb a Trump y conducirlo \u00aba una pol\u00edtica equivocada de agresi\u00f3n para Venezuela\u00bb.<\/p>\n<p>Denunci\u00f3 a los diputados de la Mesa de la Unidad Democr\u00e1tica (MUD) Julio Borges, Freddy Guevara y Luis Florido de promover la pol\u00edtica de agresi\u00f3n y de intervenci\u00f3n contra Venezuela en el pa\u00eds norteamericano.<\/p>\n<p>En tal sentido, el Presidente rechaz\u00f3 que las corporaciones medi\u00e1ticas internacionales se unan a la campa\u00f1a de desprestigio contra Venezuela, que se evidencia con las sanciones al vicepresidente Ejecutivo, Tareck El Aissami.<\/p>\n","protected":false},"excerpt":{"rendered":"<p>AVN.- El presidente de la Rep\u00fablica, Nicol\u00e1s Maduro, reiter\u00f3 este domingo que el pa\u00eds tiene hoy &hellip; <a title=\"Maduro: Es hora del desarrollo definitivo de la Venezuela potencia\" class=\"hm-read-more\" href=\"https:\/\/www.mpppst.gob.ve\/mpppstweb\/index.php\/2017\/02\/20\/maduro-es-hora-del-desarrollo-definitivo-de-la-venezuela-potencia\/\"><span class=\"screen-reader-text\">Maduro: Es hora del desarrollo definitivo de la Venezuela potencia<\/span>Read more<\/a><\/p>\n","protected":false},"author":25,"featured_media":10600,"comment_status":"closed","ping_status":"closed","sticky":false,"template":"","format":"standard","meta":{"footnotes":""},"categories":[82,163,213],"tags":[249,222,329,285],"yoast_head":"<!-- This site is optimized with the Yoast SEO plugin v22.5 - https:\/\/yoast.com\/wordpress\/plugins\/seo\/ -->\n<title>Maduro: Es hora del desarrollo definitivo de la Venezuela potencia - MPPPST<\/title>\n<meta name=\"robots\" content=\"index, follow, max-snippet:-1, max-image-preview:large, max-video-preview:-1\" \/>\n<link rel=\"canonical\" href=\"https:\/\/www.mpppst.gob.ve\/mpppstweb\/index.php\/2017\/02\/20\/maduro-es-hora-del-desarrollo-definitivo-de-la-venezuela-potencia\/\" \/>\n<meta property=\"og:locale\" content=\"es_ES\" \/>\n<meta property=\"og:type\" content=\"article\" \/>\n<meta property=\"og:title\" content=\"Maduro: Es hora del desarrollo definitivo de la Venezuela potencia - MPPPST\" \/>\n<meta property=\"og:description\" content=\"AVN.- El presidente de la Rep\u00fablica, Nicol\u00e1s Maduro, reiter\u00f3 este domingo que el pa\u00eds tiene hoy &hellip; Maduro: Es hora del desarrollo definitivo de la Venezuela potenciaRead more\" \/>\n<meta property=\"og:url\" content=\"https:\/\/www.mpppst.gob.ve\/mpppstweb\/index.php\/2017\/02\/20\/maduro-es-hora-del-desarrollo-definitivo-de-la-venezuela-potencia\/\" \/>\n<meta property=\"og:site_name\" content=\"MPPPST\" \/>\n<meta property=\"article:published_time\" content=\"2017-02-20T14:14:43+00:00\" \/>\n<meta property=\"og:image\" content=\"https:\/\/www.mpppst.gob.ve\/mpppstweb\/wp-content\/uploads\/2017\/02\/Maduro-2.jpg\" \/>\n\t<meta property=\"og:image:width\" content=\"800\" \/>\n\t<meta property=\"og:image:height\" content=\"445\" \/>\n\t<meta property=\"og:image:type\" content=\"image\/jpeg\" \/>\n<meta name=\"author\" content=\"MPPPST Prensa\" \/>\n<meta name=\"twitter:card\" content=\"summary_large_image\" \/>\n<meta name=\"twitter:label1\" content=\"Escrito por\" \/>\n\t<meta name=\"twitter:data1\" content=\"MPPPST Prensa\" \/>\n\t<meta name=\"twitter:label2\" content=\"Tiempo de lectura\" \/>\n\t<meta name=\"twitter:data2\" content=\"5 minutos\" \/>\n<script type=\"application\/ld+json\" class=\"yoast-schema-graph\">{\"@context\":\"https:\/\/schema.org\",\"@graph\":[{\"@type\":\"Article\",\"@id\":\"https:\/\/www.mpppst.gob.ve\/mpppstweb\/index.php\/2017\/02\/20\/maduro-es-hora-del-desarrollo-definitivo-de-la-venezuela-potencia\/#article\",\"isPartOf\":{\"@id\":\"https:\/\/www.mpppst.gob.ve\/mpppstweb\/index.php\/2017\/02\/20\/maduro-es-hora-del-desarrollo-definitivo-de-la-venezuela-potencia\/\"},\"author\":{\"name\":\"MPPPST Prensa\",\"@id\":\"https:\/\/www.mpppst.gob.ve\/mpppstweb\/#\/schema\/person\/fc187ee8ead412bd4c9304b62f900ea4\"},\"headline\":\"Maduro: Es hora del desarrollo definitivo de la Venezuela potencia\",\"datePublished\":\"2017-02-20T14:14:43+00:00\",\"dateModified\":\"2017-02-20T14:14:43+00:00\",\"mainEntityOfPage\":{\"@id\":\"https:\/\/www.mpppst.gob.ve\/mpppstweb\/index.php\/2017\/02\/20\/maduro-es-hora-del-desarrollo-definitivo-de-la-venezuela-potencia\/\"},\"wordCount\":1052,\"publisher\":{\"@id\":\"https:\/\/www.mpppst.gob.ve\/mpppstweb\/#organization\"},\"image\":{\"@id\":\"https:\/\/www.mpppst.gob.ve\/mpppstweb\/index.php\/2017\/02\/20\/maduro-es-hora-del-desarrollo-definitivo-de-la-venezuela-potencia\/#primaryimage\"},\"thumbnailUrl\":\"https:\/\/www.mpppst.gob.ve\/mpppstweb\/wp-content\/uploads\/2017\/02\/Maduro-2.jpg\",\"keywords\":[\"Econom\u00eda\",\"Gobierno Bolivariano\",\"Maduro\",\"Presidente Maduro\"],\"articleSection\":[\"Gobierno Nacional\",\"Noticias\",\"Presidencia de la Rep\u00fablica\"],\"inLanguage\":\"es\"},{\"@type\":\"WebPage\",\"@id\":\"https:\/\/www.mpppst.gob.ve\/mpppstweb\/index.php\/2017\/02\/20\/maduro-es-hora-del-desarrollo-definitivo-de-la-venezuela-potencia\/\",\"url\":\"https:\/\/www.mpppst.gob.ve\/mpppstweb\/index.php\/2017\/02\/20\/maduro-es-hora-del-desarrollo-definitivo-de-la-venezuela-potencia\/\",\"name\":\"Maduro: Es hora del desarrollo definitivo de la Venezuela potencia - MPPPST\",\"isPartOf\":{\"@id\":\"https:\/\/www.mpppst.gob.ve\/mpppstweb\/#website\"},\"primaryImageOfPage\":{\"@id\":\"https:\/\/www.mpppst.gob.ve\/mpppstweb\/index.php\/2017\/02\/20\/maduro-es-hora-del-desarrollo-definitivo-de-la-venezuela-potencia\/#primaryimage\"},\"image\":{\"@id\":\"https:\/\/www.mpppst.gob.ve\/mpppstweb\/index.php\/2017\/02\/20\/maduro-es-hora-del-desarrollo-definitivo-de-la-venezuela-potencia\/#primaryimage\"},\"thumbnailUrl\":\"https:\/\/www.mpppst.gob.ve\/mpppstweb\/wp-content\/uploads\/2017\/02\/Maduro-2.jpg\",\"datePublished\":\"2017-02-20T14:14:43+00:00\",\"dateModified\":\"2017-02-20T14:14:43+00:00\",\"breadcrumb\":{\"@id\":\"https:\/\/www.mpppst.gob.ve\/mpppstweb\/index.php\/2017\/02\/20\/maduro-es-hora-del-desarrollo-definitivo-de-la-venezuela-potencia\/#breadcrumb\"},\"inLanguage\":\"es\",\"potentialAction\":[{\"@type\":\"ReadAction\",\"target\":[\"https:\/\/www.mpppst.gob.ve\/mpppstweb\/index.php\/2017\/02\/20\/maduro-es-hora-del-desarrollo-definitivo-de-la-venezuela-potencia\/\"]}]},{\"@type\":\"ImageObject\",\"inLanguage\":\"es\",\"@id\":\"https:\/\/www.mpppst.gob.ve\/mpppstweb\/index.php\/2017\/02\/20\/maduro-es-hora-del-desarrollo-definitivo-de-la-venezuela-potencia\/#primaryimage\",\"url\":\"https:\/\/www.mpppst.gob.ve\/mpppstweb\/wp-content\/uploads\/2017\/02\/Maduro-2.jpg\",\"contentUrl\":\"https:\/\/www.mpppst.gob.ve\/mpppstweb\/wp-content\/uploads\/2017\/02\/Maduro-2.jpg\",\"width\":800,\"height\":445},{\"@type\":\"BreadcrumbList\",\"@id\":\"https:\/\/www.mpppst.gob.ve\/mpppstweb\/index.php\/2017\/02\/20\/maduro-es-hora-del-desarrollo-definitivo-de-la-venezuela-potencia\/#breadcrumb\",\"itemListElement\":[{\"@type\":\"ListItem\",\"position\":1,\"name\":\"Home\",\"item\":\"https:\/\/www.mpppst.gob.ve\/mpppstweb\/\"},{\"@type\":\"ListItem\",\"position\":2,\"name\":\"Maduro: Es hora del desarrollo definitivo de la Venezuela potencia\"}]},{\"@type\":\"WebSite\",\"@id\":\"https:\/\/www.mpppst.gob.ve\/mpppstweb\/#website\",\"url\":\"https:\/\/www.mpppst.gob.ve\/mpppstweb\/\",\"name\":\"MPPPST\",\"description\":\"Ministerio del Poder Popular para el Proceso Social de Trabajo\",\"publisher\":{\"@id\":\"https:\/\/www.mpppst.gob.ve\/mpppstweb\/#organization\"},\"potentialAction\":[{\"@type\":\"SearchAction\",\"target\":{\"@type\":\"EntryPoint\",\"urlTemplate\":\"https:\/\/www.mpppst.gob.ve\/mpppstweb\/?s={search_term_string}\"},\"query-input\":\"required name=search_term_string\"}],\"inLanguage\":\"es\"},{\"@type\":\"Organization\",\"@id\":\"https:\/\/www.mpppst.gob.ve\/mpppstweb\/#organization\",\"name\":\"mpppst\",\"url\":\"https:\/\/www.mpppst.gob.ve\/mpppstweb\/\",\"logo\":{\"@type\":\"ImageObject\",\"inLanguage\":\"es\",\"@id\":\"https:\/\/www.mpppst.gob.ve\/mpppstweb\/#\/schema\/logo\/image\/\",\"url\":\"https:\/\/www.mpppst.gob.ve\/mpppstweb\/wp-content\/uploads\/2025\/07\/cropped-cropped-g910.png\",\"contentUrl\":\"https:\/\/www.mpppst.gob.ve\/mpppstweb\/wp-content\/uploads\/2025\/07\/cropped-cropped-g910.png\",\"width\":1080,\"height\":241,\"caption\":\"mpppst\"},\"image\":{\"@id\":\"https:\/\/www.mpppst.gob.ve\/mpppstweb\/#\/schema\/logo\/image\/\"}},{\"@type\":\"Person\",\"@id\":\"https:\/\/www.mpppst.gob.ve\/mpppstweb\/#\/schema\/person\/fc187ee8ead412bd4c9304b62f900ea4\",\"name\":\"MPPPST Prensa\",\"url\":\"https:\/\/www.mpppst.gob.ve\/mpppstweb\/index.php\/author\/prensa-mpppst\/\"}]}<\/script>\n<!-- \/ Yoast SEO plugin. -->","yoast_head_json":{"title":"Maduro: Es hora del desarrollo definitivo de la Venezuela potencia - MPPPST","robots":{"index":"index","follow":"follow","max-snippet":"max-snippet:-1","max-image-preview":"max-image-preview:large","max-video-preview":"max-video-preview:-1"},"canonical":"https:\/\/www.mpppst.gob.ve\/mpppstweb\/index.php\/2017\/02\/20\/maduro-es-hora-del-desarrollo-definitivo-de-la-venezuela-potencia\/","og_locale":"es_ES","og_type":"article","og_title":"Maduro: Es hora del desarrollo definitivo de la Venezuela potencia - MPPPST","og_description":"AVN.- El presidente de la Rep\u00fablica, Nicol\u00e1s Maduro, reiter\u00f3 este domingo que el pa\u00eds tiene hoy &hellip; Maduro: Es hora del desarrollo definitivo de la Venezuela potenciaRead more","og_url":"https:\/\/www.mpppst.gob.ve\/mpppstweb\/index.php\/2017\/02\/20\/maduro-es-hora-del-desarrollo-definitivo-de-la-venezuela-potencia\/","og_site_name":"MPPPST","article_published_time":"2017-02-20T14:14:43+00:00","og_image":[{"width":800,"height":445,"url":"https:\/\/www.mpppst.gob.ve\/mpppstweb\/wp-content\/uploads\/2017\/02\/Maduro-2.jpg","type":"image\/jpeg"}],"author":"MPPPST Prensa","twitter_card":"summary_large_image","twitter_misc":{"Escrito por":"MPPPST Prensa","Tiempo de lectura":"5 minutos"},"schema":{"@context":"https:\/\/schema.org","@graph":[{"@type":"Article","@id":"https:\/\/www.mpppst.gob.ve\/mpppstweb\/index.php\/2017\/02\/20\/maduro-es-hora-del-desarrollo-definitivo-de-la-venezuela-potencia\/#article","isPartOf":{"@id":"https:\/\/www.mpppst.gob.ve\/mpppstweb\/index.php\/2017\/02\/20\/maduro-es-hora-del-desarrollo-definitivo-de-la-venezuela-potencia\/"},"author":{"name":"MPPPST Prensa","@id":"https:\/\/www.mpppst.gob.ve\/mpppstweb\/#\/schema\/person\/fc187ee8ead412bd4c9304b62f900ea4"},"headline":"Maduro: Es hora del desarrollo definitivo de la Venezuela potencia","datePublished":"2017-02-20T14:14:43+00:00","dateModified":"2017-02-20T14:14:43+00:00","mainEntityOfPage":{"@id":"https:\/\/www.mpppst.gob.ve\/mpppstweb\/index.php\/2017\/02\/20\/maduro-es-hora-del-desarrollo-definitivo-de-la-venezuela-potencia\/"},"wordCount":1052,"publisher":{"@id":"https:\/\/www.mpppst.gob.ve\/mpppstweb\/#organization"},"image":{"@id":"https:\/\/www.mpppst.gob.ve\/mpppstweb\/index.php\/2017\/02\/20\/maduro-es-hora-del-desarrollo-definitivo-de-la-venezuela-potencia\/#primaryimage"},"thumbnailUrl":"https:\/\/www.mpppst.gob.ve\/mpppstweb\/wp-content\/uploads\/2017\/02\/Maduro-2.jpg","keywords":["Econom\u00eda","Gobierno Bolivariano","Maduro","Presidente Maduro"],"articleSection":["Gobierno Nacional","Noticias","Presidencia de la Rep\u00fablica"],"inLanguage":"es"},{"@type":"WebPage","@id":"https:\/\/www.mpppst.gob.ve\/mpppstweb\/index.php\/2017\/02\/20\/maduro-es-hora-del-desarrollo-definitivo-de-la-venezuela-potencia\/","url":"https:\/\/www.mpppst.gob.ve\/mpppstweb\/index.php\/2017\/02\/20\/maduro-es-hora-del-desarrollo-definitivo-de-la-venezuela-potencia\/","name":"Maduro: Es hora del desarrollo definitivo de la Venezuela potencia - MPPPST","isPartOf":{"@id":"https:\/\/www.mpppst.gob.ve\/mpppstweb\/#website"},"primaryImageOfPage":{"@id":"https:\/\/www.mpppst.gob.ve\/mpppstweb\/index.php\/2017\/02\/20\/maduro-es-hora-del-desarrollo-definitivo-de-la-venezuela-potencia\/#primaryimage"},"image":{"@id":"https:\/\/www.mpppst.gob.ve\/mpppstweb\/index.php\/2017\/02\/20\/maduro-es-hora-del-desarrollo-definitivo-de-la-venezuela-potencia\/#primaryimage"},"thumbnailUrl":"https:\/\/www.mpppst.gob.ve\/mpppstweb\/wp-content\/uploads\/2017\/02\/Maduro-2.jpg","datePublished":"2017-02-20T14:14:43+00:00","dateModified":"2017-02-20T14:14:43+00:00","breadcrumb":{"@id":"https:\/\/www.mpppst.gob.ve\/mpppstweb\/index.php\/2017\/02\/20\/maduro-es-hora-del-desarrollo-definitivo-de-la-venezuela-potencia\/#breadcrumb"},"inLanguage":"es","potentialAction":[{"@type":"ReadAction","target":["https:\/\/www.mpppst.gob.ve\/mpppstweb\/index.php\/2017\/02\/20\/maduro-es-hora-del-desarrollo-definitivo-de-la-venezuela-potencia\/"]}]},{"@type":"ImageObject","inLanguage":"es","@id":"https:\/\/www.mpppst.gob.ve\/mpppstweb\/index.php\/2017\/02\/20\/maduro-es-hora-del-desarrollo-definitivo-de-la-venezuela-potencia\/#primaryimage","url":"https:\/\/www.mpppst.gob.ve\/mpppstweb\/wp-content\/uploads\/2017\/02\/Maduro-2.jpg","contentUrl":"https:\/\/www.mpppst.gob.ve\/mpppstweb\/wp-content\/uploads\/2017\/02\/Maduro-2.jpg","width":800,"height":445},{"@type":"BreadcrumbList","@id":"https:\/\/www.mpppst.gob.ve\/mpppstweb\/index.php\/2017\/02\/20\/maduro-es-hora-del-desarrollo-definitivo-de-la-venezuela-potencia\/#breadcrumb","itemListElement":[{"@type":"ListItem","position":1,"name":"Home","item":"https:\/\/www.mpppst.gob.ve\/mpppstweb\/"},{"@type":"ListItem","position":2,"name":"Maduro: Es hora del desarrollo definitivo de la Venezuela potencia"}]},{"@type":"WebSite","@id":"https:\/\/www.mpppst.gob.ve\/mpppstweb\/#website","url":"https:\/\/www.mpppst.gob.ve\/mpppstweb\/","name":"MPPPST","description":"Ministerio del Poder Popular para el Proceso Social de Trabajo","publisher":{"@id":"https:\/\/www.mpppst.gob.ve\/mpppstweb\/#organization"},"potentialAction":[{"@type":"SearchAction","target":{"@type":"EntryPoint","urlTemplate":"https:\/\/www.mpppst.gob.ve\/mpppstweb\/?s={search_term_string}"},"query-input":"required name=search_term_string"}],"inLanguage":"es"},{"@type":"Organization","@id":"https:\/\/www.mpppst.gob.ve\/mpppstweb\/#organization","name":"mpppst","url":"https:\/\/www.mpppst.gob.ve\/mpppstweb\/","logo":{"@type":"ImageObject","inLanguage":"es","@id":"https:\/\/www.mpppst.gob.ve\/mpppstweb\/#\/schema\/logo\/image\/","url":"https:\/\/www.mpppst.gob.ve\/mpppstweb\/wp-content\/uploads\/2025\/07\/cropped-cropped-g910.png","contentUrl":"https:\/\/www.mpppst.gob.ve\/mpppstweb\/wp-content\/uploads\/2025\/07\/cropped-cropped-g910.png","width":1080,"height":241,"caption":"mpppst"},"image":{"@id":"https:\/\/www.mpppst.gob.ve\/mpppstweb\/#\/schema\/logo\/image\/"}},{"@type":"Person","@id":"https:\/\/www.mpppst.gob.ve\/mpppstweb\/#\/schema\/person\/fc187ee8ead412bd4c9304b62f900ea4","name":"MPPPST Prensa","url":"https:\/\/www.mpppst.gob.ve\/mpppstweb\/index.php\/author\/prensa-mpppst\/"}]}},"_links":{"self":[{"href":"https:\/\/www.mpppst.gob.ve\/mpppstweb\/index.php\/wp-json\/wp\/v2\/posts\/10599"}],"collection":[{"href":"https:\/\/www.mpppst.gob.ve\/mpppstweb\/index.php\/wp-json\/wp\/v2\/posts"}],"about":[{"href":"https:\/\/www.mpppst.gob.ve\/mpppstweb\/index.php\/wp-json\/wp\/v2\/types\/post"}],"author":[{"embeddable":true,"href":"https:\/\/www.mpppst.gob.ve\/mpppstweb\/index.php\/wp-json\/wp\/v2\/users\/25"}],"replies":[{"embeddable":true,"href":"https:\/\/www.mpppst.gob.ve\/mpppstweb\/index.php\/wp-json\/wp\/v2\/comments?post=10599"}],"version-history":[{"count":1,"href":"https:\/\/www.mpppst.gob.ve\/mpppstweb\/index.php\/wp-json\/wp\/v2\/posts\/10599\/revisions"}],"predecessor-version":[{"id":10601,"href":"https:\/\/www.mpppst.gob.ve\/mpppstweb\/index.php\/wp-json\/wp\/v2\/posts\/10599\/revisions\/10601"}],"wp:featuredmedia":[{"embeddable":true,"href":"https:\/\/www.mpppst.gob.ve\/mpppstweb\/index.php\/wp-json\/wp\/v2\/media\/10600"}],"wp:attachment":[{"href":"https:\/\/www.mpppst.gob.ve\/mpppstweb\/index.php\/wp-json\/wp\/v2\/media?parent=10599"}],"wp:term":[{"taxonomy":"category","embeddable":true,"href":"https:\/\/www.mpppst.gob.ve\/mpppstweb\/index.php\/wp-json\/wp\/v2\/categories?post=10599"},{"taxonomy":"post_tag","embeddable":true,"href":"https:\/\/www.mpppst.gob.ve\/mpppstweb\/index.php\/wp-json\/wp\/v2\/tags?post=10599"}],"curies":[{"name":"wp","href":"https:\/\/api.w.org\/{rel}","templated":true}]}}