{"id":10632,"date":"2017-02-22T16:15:57","date_gmt":"2017-02-22T16:15:57","guid":{"rendered":"http:\/\/www.mpppst.gob.ve\/mpppstweb\/?p=10632"},"modified":"2017-02-22T16:16:09","modified_gmt":"2017-02-22T16:16:09","slug":"clase-obrera-apoya-acciones-del-estado-en-proteccion-del-salario","status":"publish","type":"post","link":"https:\/\/www.mpppst.gob.ve\/mpppstweb\/index.php\/2017\/02\/22\/clase-obrera-apoya-acciones-del-estado-en-proteccion-del-salario\/","title":{"rendered":"Clase Obrera apoya acciones del Estado en protecci\u00f3n del salario"},"content":{"rendered":"<p>El vicepresidente de la Central Bolivariana Socialista de Trabajadores, Franklin Rond\u00f3n, llam\u00f3 a la clase obrera del pa\u00eds a seguir acompa\u00f1ando las acciones del Gobierno en protecci\u00f3n del salario, las cuales se mantienen pese a la coyuntura econ\u00f3mica tras la ca\u00edda de los precios del petr\u00f3leo y la guerra econ\u00f3mica contra la naci\u00f3n.<\/p>\n<p>En entrevista este mi\u00e9rcoles en el programa La pauta de hoy, de Venezolana de Televisi\u00f3n, Rond\u00f3n valor\u00f3 el reciente incremento del bono alimentaci\u00f3n anunciado por el presidente Nicol\u00e1s Maduro a partir de marzo, con lo que pasa de 63.700 a 108.000 bol\u00edvares y representa 42% de incremento en el ingreso m\u00ednimo, adem\u00e1s plante\u00f3 al Ejecutivo la propuesta de que el dep\u00f3sito de esta bonificaci\u00f3n se haga directamente al trabajador sin que \u00e9ste tenga incidencia salarial.<\/p>\n<p>\u201cNosotros los trabajadores tenemos muchos a\u00f1os con este beneficio del bono alimentaci\u00f3n pero pocas veces ha venido increment\u00e1ndose de manera tan significativa\u201d, resalt\u00f3.<\/p>\n<p>Rond\u00f3n observ\u00f3 que ante el asedio contra Venezuela, \u201cla patria requiere de la unidad nacional de los trabajadores, y nosotros tenemos que buscar con nuestras organizaciones de base fundamentalmente en el sector privado discutir las convenciones colectivas a que haya lugar, defender mejores condiciones sociolaborales y en caso de la administraci\u00f3n p\u00fablica se sabe que el Estado venezolano frente a las dificultades contin\u00faa discutiendo las convenciones colectivas\u201d, en sectores como la construcci\u00f3n, educaci\u00f3n, petr\u00f3leo y el Metro de Caracas que este mi\u00e9rcoles celebrar\u00e1 sus elecciones sindicales y pr\u00f3ximamente tendr\u00e1n su nueva contrataci\u00f3n colectiva.<\/p>\n<p>Asimismo, llam\u00f3 a la clase obrera a mantener su compromiso de elevar los niveles de producci\u00f3n y productividad permanente, as\u00ed como organizarse y asumir con mayor responsabilidad la supervisi\u00f3n de precios de los bienes y servicios, en conjunto con la Superintendencia Nacional de Precios Justos (Sundde).<\/p>\n<p>Por RNV<\/p>\n","protected":false},"excerpt":{"rendered":"<p>El vicepresidente de la Central Bolivariana Socialista de Trabajadores, Franklin Rond\u00f3n, llam\u00f3 a la clase obrera &hellip; <a title=\"Clase Obrera apoya acciones del Estado en protecci\u00f3n del salario\" class=\"hm-read-more\" href=\"https:\/\/www.mpppst.gob.ve\/mpppstweb\/index.php\/2017\/02\/22\/clase-obrera-apoya-acciones-del-estado-en-proteccion-del-salario\/\"><span class=\"screen-reader-text\">Clase Obrera apoya acciones del Estado en protecci\u00f3n del salario<\/span>Leer m\u00e1s<\/a><\/p>\n","protected":false},"author":25,"featured_media":10633,"comment_status":"closed","ping_status":"closed","sticky":false,"template":"","format":"standard","meta":{"footnotes":""},"categories":[197,195,84],"tags":[225,242],"class_list":["post-10632","post","type-post","status-publish","format-standard","has-post-thumbnail","hentry","category-defensa-de-trabajadores-y-trabajadoras","category-fuerza-de-trabajo","category-vidalaboralysindical","tag-fuerza-laboral","tag-justa-distribucion-de-la-riqueza"],"yoast_head":"<!-- This site is optimized with the Yoast SEO plugin v28.4 - https:\/\/yoast.com\/product\/yoast-seo-wordpress\/ -->\n<title>Clase Obrera apoya acciones del Estado en protecci\u00f3n del salario - MPPPST<\/title>\n<meta name=\"robots\" content=\"index, follow, max-snippet:-1, max-image-preview:large, max-video-preview:-1\" \/>\n<link rel=\"canonical\" href=\"https:\/\/www.mpppst.gob.ve\/mpppstweb\/index.php\/2017\/02\/22\/clase-obrera-apoya-acciones-del-estado-en-proteccion-del-salario\/\" \/>\n<meta property=\"og:locale\" content=\"es_ES\" \/>\n<meta property=\"og:type\" content=\"article\" \/>\n<meta property=\"og:title\" content=\"Clase Obrera apoya acciones del Estado en protecci\u00f3n del salario - MPPPST\" \/>\n<meta property=\"og:description\" content=\"El vicepresidente de la Central Bolivariana Socialista de Trabajadores, Franklin Rond\u00f3n, llam\u00f3 a la clase obrera &hellip; Clase Obrera apoya acciones del Estado en protecci\u00f3n del salarioLeer m\u00e1s\" \/>\n<meta property=\"og:url\" content=\"https:\/\/www.mpppst.gob.ve\/mpppstweb\/index.php\/2017\/02\/22\/clase-obrera-apoya-acciones-del-estado-en-proteccion-del-salario\/\" \/>\n<meta property=\"og:site_name\" content=\"MPPPST\" \/>\n<meta property=\"article:publisher\" content=\"https:\/\/www.facebook.com\/mintrabajo_ve\" \/>\n<meta property=\"article:published_time\" content=\"2017-02-22T16:15:57+00:00\" \/>\n<meta property=\"article:modified_time\" content=\"2017-02-22T16:16:09+00:00\" \/>\n<meta property=\"og:image\" content=\"https:\/\/www.mpppst.gob.ve\/mpppstweb\/wp-content\/uploads\/2017\/02\/Franklin-Rondon.jpg\" \/>\n\t<meta property=\"og:image:width\" content=\"800\" \/>\n\t<meta property=\"og:image:height\" content=\"445\" \/>\n\t<meta property=\"og:image:type\" content=\"image\/jpeg\" \/>\n<meta name=\"author\" content=\"MPPPST Prensa\" \/>\n<meta name=\"twitter:card\" content=\"summary_large_image\" \/>\n<script type=\"application\/ld+json\" class=\"yoast-schema-graph\">{\"@context\":\"https:\\\/\\\/schema.org\",\"@graph\":[{\"@type\":\"Article\",\"@id\":\"https:\\\/\\\/www.mpppst.gob.ve\\\/mpppstweb\\\/index.php\\\/2017\\\/02\\\/22\\\/clase-obrera-apoya-acciones-del-estado-en-proteccion-del-salario\\\/#article\",\"isPartOf\":{\"@id\":\"https:\\\/\\\/www.mpppst.gob.ve\\\/mpppstweb\\\/index.php\\\/2017\\\/02\\\/22\\\/clase-obrera-apoya-acciones-del-estado-en-proteccion-del-salario\\\/\"},\"author\":{\"name\":\"MPPPST Prensa\",\"@id\":\"https:\\\/\\\/www.mpppst.gob.ve\\\/mpppstweb\\\/#\\\/schema\\\/person\\\/fc187ee8ead412bd4c9304b62f900ea4\"},\"headline\":\"Clase Obrera apoya acciones del Estado en protecci\u00f3n del salario\",\"datePublished\":\"2017-02-22T16:15:57+00:00\",\"dateModified\":\"2017-02-22T16:16:09+00:00\",\"mainEntityOfPage\":{\"@id\":\"https:\\\/\\\/www.mpppst.gob.ve\\\/mpppstweb\\\/index.php\\\/2017\\\/02\\\/22\\\/clase-obrera-apoya-acciones-del-estado-en-proteccion-del-salario\\\/\"},\"wordCount\":335,\"publisher\":{\"@id\":\"https:\\\/\\\/www.mpppst.gob.ve\\\/mpppstweb\\\/#organization\"},\"image\":{\"@id\":\"https:\\\/\\\/www.mpppst.gob.ve\\\/mpppstweb\\\/index.php\\\/2017\\\/02\\\/22\\\/clase-obrera-apoya-acciones-del-estado-en-proteccion-del-salario\\\/#primaryimage\"},\"thumbnailUrl\":\"https:\\\/\\\/www.mpppst.gob.ve\\\/mpppstweb\\\/wp-content\\\/uploads\\\/2017\\\/02\\\/Franklin-Rondon.jpg\",\"keywords\":[\"Fuerza Laboral\",\"Justa distribuci\u00f3n de la riqueza\"],\"articleSection\":[\"Defensa de Trabajadores y Trabajadoras\",\"Fuerza de Trabajo\",\"Vida Laboral y Sindical\"],\"inLanguage\":\"es\"},{\"@type\":\"WebPage\",\"@id\":\"https:\\\/\\\/www.mpppst.gob.ve\\\/mpppstweb\\\/index.php\\\/2017\\\/02\\\/22\\\/clase-obrera-apoya-acciones-del-estado-en-proteccion-del-salario\\\/\",\"url\":\"https:\\\/\\\/www.mpppst.gob.ve\\\/mpppstweb\\\/index.php\\\/2017\\\/02\\\/22\\\/clase-obrera-apoya-acciones-del-estado-en-proteccion-del-salario\\\/\",\"name\":\"Clase Obrera apoya acciones del Estado en protecci\u00f3n del salario - MPPPST\",\"isPartOf\":{\"@id\":\"https:\\\/\\\/www.mpppst.gob.ve\\\/mpppstweb\\\/#website\"},\"primaryImageOfPage\":{\"@id\":\"https:\\\/\\\/www.mpppst.gob.ve\\\/mpppstweb\\\/index.php\\\/2017\\\/02\\\/22\\\/clase-obrera-apoya-acciones-del-estado-en-proteccion-del-salario\\\/#primaryimage\"},\"image\":{\"@id\":\"https:\\\/\\\/www.mpppst.gob.ve\\\/mpppstweb\\\/index.php\\\/2017\\\/02\\\/22\\\/clase-obrera-apoya-acciones-del-estado-en-proteccion-del-salario\\\/#primaryimage\"},\"thumbnailUrl\":\"https:\\\/\\\/www.mpppst.gob.ve\\\/mpppstweb\\\/wp-content\\\/uploads\\\/2017\\\/02\\\/Franklin-Rondon.jpg\",\"datePublished\":\"2017-02-22T16:15:57+00:00\",\"dateModified\":\"2017-02-22T16:16:09+00:00\",\"breadcrumb\":{\"@id\":\"https:\\\/\\\/www.mpppst.gob.ve\\\/mpppstweb\\\/index.php\\\/2017\\\/02\\\/22\\\/clase-obrera-apoya-acciones-del-estado-en-proteccion-del-salario\\\/#breadcrumb\"},\"inLanguage\":\"es\",\"potentialAction\":[{\"@type\":\"ReadAction\",\"target\":[\"https:\\\/\\\/www.mpppst.gob.ve\\\/mpppstweb\\\/index.php\\\/2017\\\/02\\\/22\\\/clase-obrera-apoya-acciones-del-estado-en-proteccion-del-salario\\\/\"]}]},{\"@type\":\"ImageObject\",\"inLanguage\":\"es\",\"@id\":\"https:\\\/\\\/www.mpppst.gob.ve\\\/mpppstweb\\\/index.php\\\/2017\\\/02\\\/22\\\/clase-obrera-apoya-acciones-del-estado-en-proteccion-del-salario\\\/#primaryimage\",\"url\":\"https:\\\/\\\/www.mpppst.gob.ve\\\/mpppstweb\\\/wp-content\\\/uploads\\\/2017\\\/02\\\/Franklin-Rondon.jpg\",\"contentUrl\":\"https:\\\/\\\/www.mpppst.gob.ve\\\/mpppstweb\\\/wp-content\\\/uploads\\\/2017\\\/02\\\/Franklin-Rondon.jpg\",\"width\":800,\"height\":445},{\"@type\":\"BreadcrumbList\",\"@id\":\"https:\\\/\\\/www.mpppst.gob.ve\\\/mpppstweb\\\/index.php\\\/2017\\\/02\\\/22\\\/clase-obrera-apoya-acciones-del-estado-en-proteccion-del-salario\\\/#breadcrumb\",\"itemListElement\":[{\"@type\":\"ListItem\",\"position\":1,\"name\":\"Home\",\"item\":\"https:\\\/\\\/www.mpppst.gob.ve\\\/mpppstweb\\\/\"},{\"@type\":\"ListItem\",\"position\":2,\"name\":\"Clase Obrera apoya acciones del Estado en protecci\u00f3n del salario\"}]},{\"@type\":\"WebSite\",\"@id\":\"https:\\\/\\\/www.mpppst.gob.ve\\\/mpppstweb\\\/#website\",\"url\":\"https:\\\/\\\/www.mpppst.gob.ve\\\/mpppstweb\\\/\",\"name\":\"MPPPST\",\"description\":\"Sitio web oficial del Ministerio del Poder Popular para el Proceso Social de Trabajo\",\"publisher\":{\"@id\":\"https:\\\/\\\/www.mpppst.gob.ve\\\/mpppstweb\\\/#organization\"},\"alternateName\":\"Ministerio del Poder Popular para el Proceso Social de Trabajo\",\"potentialAction\":[{\"@type\":\"SearchAction\",\"target\":{\"@type\":\"EntryPoint\",\"urlTemplate\":\"https:\\\/\\\/www.mpppst.gob.ve\\\/mpppstweb\\\/?s={search_term_string}\"},\"query-input\":{\"@type\":\"PropertyValueSpecification\",\"valueRequired\":true,\"valueName\":\"search_term_string\"}}],\"inLanguage\":\"es\"},{\"@type\":\"Organization\",\"@id\":\"https:\\\/\\\/www.mpppst.gob.ve\\\/mpppstweb\\\/#organization\",\"name\":\"Ministerio del Poder Popular para el Proceso Social de Trabajo\",\"alternateName\":\"MPPPST\",\"url\":\"https:\\\/\\\/www.mpppst.gob.ve\\\/mpppstweb\\\/\",\"logo\":{\"@type\":\"ImageObject\",\"inLanguage\":\"es\",\"@id\":\"https:\\\/\\\/www.mpppst.gob.ve\\\/mpppstweb\\\/#\\\/schema\\\/logo\\\/image\\\/\",\"url\":\"https:\\\/\\\/www.mpppst.gob.ve\\\/mpppstweb\\\/wp-content\\\/uploads\\\/2025\\\/07\\\/cropped-cropped-g910.png\",\"contentUrl\":\"https:\\\/\\\/www.mpppst.gob.ve\\\/mpppstweb\\\/wp-content\\\/uploads\\\/2025\\\/07\\\/cropped-cropped-g910.png\",\"width\":1080,\"height\":241,\"caption\":\"Ministerio del Poder Popular para el Proceso Social de Trabajo\"},\"image\":{\"@id\":\"https:\\\/\\\/www.mpppst.gob.ve\\\/mpppstweb\\\/#\\\/schema\\\/logo\\\/image\\\/\"},\"sameAs\":[\"https:\\\/\\\/www.facebook.com\\\/mintrabajo_ve\",\"https:\\\/\\\/www.instagram.com\\\/mintrabajo_ve\\\/\",\"https:\\\/\\\/www.tiktok.com\\\/@mintrabajo_ve\",\"https:\\\/\\\/t.me\\\/mpppst\"]},{\"@type\":\"Person\",\"@id\":\"https:\\\/\\\/www.mpppst.gob.ve\\\/mpppstweb\\\/#\\\/schema\\\/person\\\/fc187ee8ead412bd4c9304b62f900ea4\",\"name\":\"MPPPST Prensa\",\"url\":\"https:\\\/\\\/www.mpppst.gob.ve\\\/mpppstweb\\\/index.php\\\/author\\\/prensa-mpppst\\\/\"}]}<\/script>\n<!-- \/ Yoast SEO plugin. -->","yoast_head_json":{"title":"Clase Obrera apoya acciones del Estado en protecci\u00f3n del salario - MPPPST","robots":{"index":"index","follow":"follow","max-snippet":"max-snippet:-1","max-image-preview":"max-image-preview:large","max-video-preview":"max-video-preview:-1"},"canonical":"https:\/\/www.mpppst.gob.ve\/mpppstweb\/index.php\/2017\/02\/22\/clase-obrera-apoya-acciones-del-estado-en-proteccion-del-salario\/","og_locale":"es_ES","og_type":"article","og_title":"Clase Obrera apoya acciones del Estado en protecci\u00f3n del salario - MPPPST","og_description":"El vicepresidente de la Central Bolivariana Socialista de Trabajadores, Franklin Rond\u00f3n, llam\u00f3 a la clase obrera &hellip; Clase Obrera apoya acciones del Estado en protecci\u00f3n del salarioLeer m\u00e1s","og_url":"https:\/\/www.mpppst.gob.ve\/mpppstweb\/index.php\/2017\/02\/22\/clase-obrera-apoya-acciones-del-estado-en-proteccion-del-salario\/","og_site_name":"MPPPST","article_publisher":"https:\/\/www.facebook.com\/mintrabajo_ve","article_published_time":"2017-02-22T16:15:57+00:00","article_modified_time":"2017-02-22T16:16:09+00:00","og_image":[{"width":800,"height":445,"url":"https:\/\/www.mpppst.gob.ve\/mpppstweb\/wp-content\/uploads\/2017\/02\/Franklin-Rondon.jpg","type":"image\/jpeg"}],"author":"MPPPST Prensa","twitter_card":"summary_large_image","schema":{"@context":"https:\/\/schema.org","@graph":[{"@type":"Article","@id":"https:\/\/www.mpppst.gob.ve\/mpppstweb\/index.php\/2017\/02\/22\/clase-obrera-apoya-acciones-del-estado-en-proteccion-del-salario\/#article","isPartOf":{"@id":"https:\/\/www.mpppst.gob.ve\/mpppstweb\/index.php\/2017\/02\/22\/clase-obrera-apoya-acciones-del-estado-en-proteccion-del-salario\/"},"author":{"name":"MPPPST Prensa","@id":"https:\/\/www.mpppst.gob.ve\/mpppstweb\/#\/schema\/person\/fc187ee8ead412bd4c9304b62f900ea4"},"headline":"Clase Obrera apoya acciones del Estado en protecci\u00f3n del salario","datePublished":"2017-02-22T16:15:57+00:00","dateModified":"2017-02-22T16:16:09+00:00","mainEntityOfPage":{"@id":"https:\/\/www.mpppst.gob.ve\/mpppstweb\/index.php\/2017\/02\/22\/clase-obrera-apoya-acciones-del-estado-en-proteccion-del-salario\/"},"wordCount":335,"publisher":{"@id":"https:\/\/www.mpppst.gob.ve\/mpppstweb\/#organization"},"image":{"@id":"https:\/\/www.mpppst.gob.ve\/mpppstweb\/index.php\/2017\/02\/22\/clase-obrera-apoya-acciones-del-estado-en-proteccion-del-salario\/#primaryimage"},"thumbnailUrl":"https:\/\/www.mpppst.gob.ve\/mpppstweb\/wp-content\/uploads\/2017\/02\/Franklin-Rondon.jpg","keywords":["Fuerza Laboral","Justa distribuci\u00f3n de la riqueza"],"articleSection":["Defensa de Trabajadores y Trabajadoras","Fuerza de Trabajo","Vida Laboral y Sindical"],"inLanguage":"es"},{"@type":"WebPage","@id":"https:\/\/www.mpppst.gob.ve\/mpppstweb\/index.php\/2017\/02\/22\/clase-obrera-apoya-acciones-del-estado-en-proteccion-del-salario\/","url":"https:\/\/www.mpppst.gob.ve\/mpppstweb\/index.php\/2017\/02\/22\/clase-obrera-apoya-acciones-del-estado-en-proteccion-del-salario\/","name":"Clase Obrera apoya acciones del Estado en protecci\u00f3n del salario - MPPPST","isPartOf":{"@id":"https:\/\/www.mpppst.gob.ve\/mpppstweb\/#website"},"primaryImageOfPage":{"@id":"https:\/\/www.mpppst.gob.ve\/mpppstweb\/index.php\/2017\/02\/22\/clase-obrera-apoya-acciones-del-estado-en-proteccion-del-salario\/#primaryimage"},"image":{"@id":"https:\/\/www.mpppst.gob.ve\/mpppstweb\/index.php\/2017\/02\/22\/clase-obrera-apoya-acciones-del-estado-en-proteccion-del-salario\/#primaryimage"},"thumbnailUrl":"https:\/\/www.mpppst.gob.ve\/mpppstweb\/wp-content\/uploads\/2017\/02\/Franklin-Rondon.jpg","datePublished":"2017-02-22T16:15:57+00:00","dateModified":"2017-02-22T16:16:09+00:00","breadcrumb":{"@id":"https:\/\/www.mpppst.gob.ve\/mpppstweb\/index.php\/2017\/02\/22\/clase-obrera-apoya-acciones-del-estado-en-proteccion-del-salario\/#breadcrumb"},"inLanguage":"es","potentialAction":[{"@type":"ReadAction","target":["https:\/\/www.mpppst.gob.ve\/mpppstweb\/index.php\/2017\/02\/22\/clase-obrera-apoya-acciones-del-estado-en-proteccion-del-salario\/"]}]},{"@type":"ImageObject","inLanguage":"es","@id":"https:\/\/www.mpppst.gob.ve\/mpppstweb\/index.php\/2017\/02\/22\/clase-obrera-apoya-acciones-del-estado-en-proteccion-del-salario\/#primaryimage","url":"https:\/\/www.mpppst.gob.ve\/mpppstweb\/wp-content\/uploads\/2017\/02\/Franklin-Rondon.jpg","contentUrl":"https:\/\/www.mpppst.gob.ve\/mpppstweb\/wp-content\/uploads\/2017\/02\/Franklin-Rondon.jpg","width":800,"height":445},{"@type":"BreadcrumbList","@id":"https:\/\/www.mpppst.gob.ve\/mpppstweb\/index.php\/2017\/02\/22\/clase-obrera-apoya-acciones-del-estado-en-proteccion-del-salario\/#breadcrumb","itemListElement":[{"@type":"ListItem","position":1,"name":"Home","item":"https:\/\/www.mpppst.gob.ve\/mpppstweb\/"},{"@type":"ListItem","position":2,"name":"Clase Obrera apoya acciones del Estado en protecci\u00f3n del salario"}]},{"@type":"WebSite","@id":"https:\/\/www.mpppst.gob.ve\/mpppstweb\/#website","url":"https:\/\/www.mpppst.gob.ve\/mpppstweb\/","name":"MPPPST","description":"Sitio web oficial del Ministerio del Poder Popular para el Proceso Social de Trabajo","publisher":{"@id":"https:\/\/www.mpppst.gob.ve\/mpppstweb\/#organization"},"alternateName":"Ministerio del Poder Popular para el Proceso Social de Trabajo","potentialAction":[{"@type":"SearchAction","target":{"@type":"EntryPoint","urlTemplate":"https:\/\/www.mpppst.gob.ve\/mpppstweb\/?s={search_term_string}"},"query-input":{"@type":"PropertyValueSpecification","valueRequired":true,"valueName":"search_term_string"}}],"inLanguage":"es"},{"@type":"Organization","@id":"https:\/\/www.mpppst.gob.ve\/mpppstweb\/#organization","name":"Ministerio del Poder Popular para el Proceso Social de Trabajo","alternateName":"MPPPST","url":"https:\/\/www.mpppst.gob.ve\/mpppstweb\/","logo":{"@type":"ImageObject","inLanguage":"es","@id":"https:\/\/www.mpppst.gob.ve\/mpppstweb\/#\/schema\/logo\/image\/","url":"https:\/\/www.mpppst.gob.ve\/mpppstweb\/wp-content\/uploads\/2025\/07\/cropped-cropped-g910.png","contentUrl":"https:\/\/www.mpppst.gob.ve\/mpppstweb\/wp-content\/uploads\/2025\/07\/cropped-cropped-g910.png","width":1080,"height":241,"caption":"Ministerio del Poder Popular para el Proceso Social de Trabajo"},"image":{"@id":"https:\/\/www.mpppst.gob.ve\/mpppstweb\/#\/schema\/logo\/image\/"},"sameAs":["https:\/\/www.facebook.com\/mintrabajo_ve","https:\/\/www.instagram.com\/mintrabajo_ve\/","https:\/\/www.tiktok.com\/@mintrabajo_ve","https:\/\/t.me\/mpppst"]},{"@type":"Person","@id":"https:\/\/www.mpppst.gob.ve\/mpppstweb\/#\/schema\/person\/fc187ee8ead412bd4c9304b62f900ea4","name":"MPPPST Prensa","url":"https:\/\/www.mpppst.gob.ve\/mpppstweb\/index.php\/author\/prensa-mpppst\/"}]}},"_links":{"self":[{"href":"https:\/\/www.mpppst.gob.ve\/mpppstweb\/index.php\/wp-json\/wp\/v2\/posts\/10632","targetHints":{"allow":["GET"]}}],"collection":[{"href":"https:\/\/www.mpppst.gob.ve\/mpppstweb\/index.php\/wp-json\/wp\/v2\/posts"}],"about":[{"href":"https:\/\/www.mpppst.gob.ve\/mpppstweb\/index.php\/wp-json\/wp\/v2\/types\/post"}],"author":[{"embeddable":true,"href":"https:\/\/www.mpppst.gob.ve\/mpppstweb\/index.php\/wp-json\/wp\/v2\/users\/25"}],"replies":[{"embeddable":true,"href":"https:\/\/www.mpppst.gob.ve\/mpppstweb\/index.php\/wp-json\/wp\/v2\/comments?post=10632"}],"version-history":[{"count":2,"href":"https:\/\/www.mpppst.gob.ve\/mpppstweb\/index.php\/wp-json\/wp\/v2\/posts\/10632\/revisions"}],"predecessor-version":[{"id":10635,"href":"https:\/\/www.mpppst.gob.ve\/mpppstweb\/index.php\/wp-json\/wp\/v2\/posts\/10632\/revisions\/10635"}],"wp:featuredmedia":[{"embeddable":true,"href":"https:\/\/www.mpppst.gob.ve\/mpppstweb\/index.php\/wp-json\/wp\/v2\/media\/10633"}],"wp:attachment":[{"href":"https:\/\/www.mpppst.gob.ve\/mpppstweb\/index.php\/wp-json\/wp\/v2\/media?parent=10632"}],"wp:term":[{"taxonomy":"category","embeddable":true,"href":"https:\/\/www.mpppst.gob.ve\/mpppstweb\/index.php\/wp-json\/wp\/v2\/categories?post=10632"},{"taxonomy":"post_tag","embeddable":true,"href":"https:\/\/www.mpppst.gob.ve\/mpppstweb\/index.php\/wp-json\/wp\/v2\/tags?post=10632"}],"curies":[{"name":"wp","href":"https:\/\/api.w.org\/{rel}","templated":true}]}}