{"id":10687,"date":"2017-02-24T19:28:27","date_gmt":"2017-02-24T19:28:27","guid":{"rendered":"http:\/\/www.mpppst.gob.ve\/mpppstweb\/?p=10687"},"modified":"2017-02-24T19:28:27","modified_gmt":"2017-02-24T19:28:27","slug":"guarderia-del-mpppst-celebra-sus-carnavales-2017","status":"publish","type":"post","link":"https:\/\/www.mpppst.gob.ve\/mpppstweb\/index.php\/2017\/02\/24\/guarderia-del-mpppst-celebra-sus-carnavales-2017\/","title":{"rendered":"Guarder\u00eda del MPPPST celebra sus  carnavales 2017"},"content":{"rendered":"<p>Prensa (MPPPST). En el marco de la celebraci\u00f3n de los Carnavales 2017 este 24 de febrero se realiz\u00f3 en el Instituto Nacional de Capacitaci\u00f3n y Recreaci\u00f3n de los Trabajadores (INCRET), una actividad recreativa con los ni\u00f1os de la guarder\u00eda del Ministerio del Poder Popular para el Proceso Social de Trabajo.<\/p>\n<p>Durante la actividad los ni\u00f1os mostraron sus disfraces y disfrutaron de pintacaritas, bailes, juegos recreativos y did\u00e1cticos para darle apertura a los carnavales 2017.<\/p>\n<p>Rosa Sierra, maestra de la Guarder\u00eda del MPPPST, destac\u00f3 que es importante este tipo de actividades para que los ni\u00f1os puedan disfrutar de la tradici\u00f3n del Carnaval junto con sus compa\u00f1eros de clase. Adem\u00e1s destac\u00f3 que siempre es importante que los ni\u00f1os puedan participar en actividades de sano esparcimiento.<\/p>\n<p>Sierra puntualiz\u00f3 que en la guarder\u00eda del Ministerio del Poder Popular para el Proceso Social de Trabajo se les garantiza a los ni\u00f1os poder celebrar fechas importantes como el Carnaval, Semana Santa, fiestas decembrinas, ense\u00f1\u00e1ndoles el significado de estas fechas, en las cuales se les da cabida al potencial creativo de los ni\u00f1os y ni\u00f1as.<\/p>\n<p>Los ni\u00f1os estuvieron disfrazados de superh\u00e9roes como Sim\u00f3n Bol\u00edvar, Manuelita S\u00e1enz, de princesas, figuras patri\u00f3ticas,\u00a0 entre otros.<\/p>\n<p>&nbsp;<\/p>\n<p>Por Carlos Palacios<\/p>\n","protected":false},"excerpt":{"rendered":"<p>Prensa (MPPPST). En el marco de la celebraci\u00f3n de los Carnavales 2017 este 24 de febrero &hellip; <a title=\"Guarder\u00eda del MPPPST celebra sus  carnavales 2017\" class=\"hm-read-more\" href=\"https:\/\/www.mpppst.gob.ve\/mpppstweb\/index.php\/2017\/02\/24\/guarderia-del-mpppst-celebra-sus-carnavales-2017\/\"><span class=\"screen-reader-text\">Guarder\u00eda del MPPPST celebra sus  carnavales 2017<\/span>Read more<\/a><\/p>\n","protected":false},"author":25,"featured_media":10688,"comment_status":"closed","ping_status":"closed","sticky":false,"template":"","format":"standard","meta":{"footnotes":""},"categories":[83,163],"tags":[223],"yoast_head":"<!-- This site is optimized with the Yoast SEO plugin v22.5 - https:\/\/yoast.com\/wordpress\/plugins\/seo\/ -->\n<title>Guarder\u00eda del MPPPST celebra sus carnavales 2017 - MPPPST<\/title>\n<meta name=\"robots\" content=\"index, follow, max-snippet:-1, max-image-preview:large, max-video-preview:-1\" \/>\n<link rel=\"canonical\" href=\"https:\/\/www.mpppst.gob.ve\/mpppstweb\/index.php\/2017\/02\/24\/guarderia-del-mpppst-celebra-sus-carnavales-2017\/\" \/>\n<meta property=\"og:locale\" content=\"es_ES\" \/>\n<meta property=\"og:type\" content=\"article\" \/>\n<meta property=\"og:title\" content=\"Guarder\u00eda del MPPPST celebra sus carnavales 2017 - MPPPST\" \/>\n<meta property=\"og:description\" content=\"Prensa (MPPPST). En el marco de la celebraci\u00f3n de los Carnavales 2017 este 24 de febrero &hellip; Guarder\u00eda del MPPPST celebra sus carnavales 2017Read more\" \/>\n<meta property=\"og:url\" content=\"https:\/\/www.mpppst.gob.ve\/mpppstweb\/index.php\/2017\/02\/24\/guarderia-del-mpppst-celebra-sus-carnavales-2017\/\" \/>\n<meta property=\"og:site_name\" content=\"MPPPST\" \/>\n<meta property=\"article:published_time\" content=\"2017-02-24T19:28:27+00:00\" \/>\n<meta property=\"og:image\" content=\"https:\/\/www.mpppst.gob.ve\/mpppstweb\/wp-content\/uploads\/2017\/02\/IMG_3869.jpg\" \/>\n\t<meta property=\"og:image:width\" content=\"800\" \/>\n\t<meta property=\"og:image:height\" content=\"445\" \/>\n\t<meta property=\"og:image:type\" content=\"image\/jpeg\" \/>\n<meta name=\"author\" content=\"MPPPST Prensa\" \/>\n<meta name=\"twitter:card\" content=\"summary_large_image\" \/>\n<meta name=\"twitter:label1\" content=\"Escrito por\" \/>\n\t<meta name=\"twitter:data1\" content=\"MPPPST Prensa\" \/>\n\t<meta name=\"twitter:label2\" content=\"Tiempo de lectura\" \/>\n\t<meta name=\"twitter:data2\" content=\"1 minuto\" \/>\n<script type=\"application\/ld+json\" class=\"yoast-schema-graph\">{\"@context\":\"https:\/\/schema.org\",\"@graph\":[{\"@type\":\"Article\",\"@id\":\"https:\/\/www.mpppst.gob.ve\/mpppstweb\/index.php\/2017\/02\/24\/guarderia-del-mpppst-celebra-sus-carnavales-2017\/#article\",\"isPartOf\":{\"@id\":\"https:\/\/www.mpppst.gob.ve\/mpppstweb\/index.php\/2017\/02\/24\/guarderia-del-mpppst-celebra-sus-carnavales-2017\/\"},\"author\":{\"name\":\"MPPPST Prensa\",\"@id\":\"https:\/\/www.mpppst.gob.ve\/mpppstweb\/#\/schema\/person\/fc187ee8ead412bd4c9304b62f900ea4\"},\"headline\":\"Guarder\u00eda del MPPPST celebra sus carnavales 2017\",\"datePublished\":\"2017-02-24T19:28:27+00:00\",\"dateModified\":\"2017-02-24T19:28:27+00:00\",\"mainEntityOfPage\":{\"@id\":\"https:\/\/www.mpppst.gob.ve\/mpppstweb\/index.php\/2017\/02\/24\/guarderia-del-mpppst-celebra-sus-carnavales-2017\/\"},\"wordCount\":227,\"publisher\":{\"@id\":\"https:\/\/www.mpppst.gob.ve\/mpppstweb\/#organization\"},\"image\":{\"@id\":\"https:\/\/www.mpppst.gob.ve\/mpppstweb\/index.php\/2017\/02\/24\/guarderia-del-mpppst-celebra-sus-carnavales-2017\/#primaryimage\"},\"thumbnailUrl\":\"https:\/\/www.mpppst.gob.ve\/mpppstweb\/wp-content\/uploads\/2017\/02\/IMG_3869.jpg\",\"keywords\":[\"MPPPST\"],\"articleSection\":[\"Ministerio\",\"Noticias\"],\"inLanguage\":\"es\"},{\"@type\":\"WebPage\",\"@id\":\"https:\/\/www.mpppst.gob.ve\/mpppstweb\/index.php\/2017\/02\/24\/guarderia-del-mpppst-celebra-sus-carnavales-2017\/\",\"url\":\"https:\/\/www.mpppst.gob.ve\/mpppstweb\/index.php\/2017\/02\/24\/guarderia-del-mpppst-celebra-sus-carnavales-2017\/\",\"name\":\"Guarder\u00eda del MPPPST celebra sus carnavales 2017 - MPPPST\",\"isPartOf\":{\"@id\":\"https:\/\/www.mpppst.gob.ve\/mpppstweb\/#website\"},\"primaryImageOfPage\":{\"@id\":\"https:\/\/www.mpppst.gob.ve\/mpppstweb\/index.php\/2017\/02\/24\/guarderia-del-mpppst-celebra-sus-carnavales-2017\/#primaryimage\"},\"image\":{\"@id\":\"https:\/\/www.mpppst.gob.ve\/mpppstweb\/index.php\/2017\/02\/24\/guarderia-del-mpppst-celebra-sus-carnavales-2017\/#primaryimage\"},\"thumbnailUrl\":\"https:\/\/www.mpppst.gob.ve\/mpppstweb\/wp-content\/uploads\/2017\/02\/IMG_3869.jpg\",\"datePublished\":\"2017-02-24T19:28:27+00:00\",\"dateModified\":\"2017-02-24T19:28:27+00:00\",\"breadcrumb\":{\"@id\":\"https:\/\/www.mpppst.gob.ve\/mpppstweb\/index.php\/2017\/02\/24\/guarderia-del-mpppst-celebra-sus-carnavales-2017\/#breadcrumb\"},\"inLanguage\":\"es\",\"potentialAction\":[{\"@type\":\"ReadAction\",\"target\":[\"https:\/\/www.mpppst.gob.ve\/mpppstweb\/index.php\/2017\/02\/24\/guarderia-del-mpppst-celebra-sus-carnavales-2017\/\"]}]},{\"@type\":\"ImageObject\",\"inLanguage\":\"es\",\"@id\":\"https:\/\/www.mpppst.gob.ve\/mpppstweb\/index.php\/2017\/02\/24\/guarderia-del-mpppst-celebra-sus-carnavales-2017\/#primaryimage\",\"url\":\"https:\/\/www.mpppst.gob.ve\/mpppstweb\/wp-content\/uploads\/2017\/02\/IMG_3869.jpg\",\"contentUrl\":\"https:\/\/www.mpppst.gob.ve\/mpppstweb\/wp-content\/uploads\/2017\/02\/IMG_3869.jpg\",\"width\":800,\"height\":445},{\"@type\":\"BreadcrumbList\",\"@id\":\"https:\/\/www.mpppst.gob.ve\/mpppstweb\/index.php\/2017\/02\/24\/guarderia-del-mpppst-celebra-sus-carnavales-2017\/#breadcrumb\",\"itemListElement\":[{\"@type\":\"ListItem\",\"position\":1,\"name\":\"Home\",\"item\":\"https:\/\/www.mpppst.gob.ve\/mpppstweb\/\"},{\"@type\":\"ListItem\",\"position\":2,\"name\":\"Guarder\u00eda del MPPPST celebra sus carnavales 2017\"}]},{\"@type\":\"WebSite\",\"@id\":\"https:\/\/www.mpppst.gob.ve\/mpppstweb\/#website\",\"url\":\"https:\/\/www.mpppst.gob.ve\/mpppstweb\/\",\"name\":\"MPPPST\",\"description\":\"Ministerio del Poder Popular para el Proceso Social de Trabajo\",\"publisher\":{\"@id\":\"https:\/\/www.mpppst.gob.ve\/mpppstweb\/#organization\"},\"potentialAction\":[{\"@type\":\"SearchAction\",\"target\":{\"@type\":\"EntryPoint\",\"urlTemplate\":\"https:\/\/www.mpppst.gob.ve\/mpppstweb\/?s={search_term_string}\"},\"query-input\":\"required name=search_term_string\"}],\"inLanguage\":\"es\"},{\"@type\":\"Organization\",\"@id\":\"https:\/\/www.mpppst.gob.ve\/mpppstweb\/#organization\",\"name\":\"mpppst\",\"url\":\"https:\/\/www.mpppst.gob.ve\/mpppstweb\/\",\"logo\":{\"@type\":\"ImageObject\",\"inLanguage\":\"es\",\"@id\":\"https:\/\/www.mpppst.gob.ve\/mpppstweb\/#\/schema\/logo\/image\/\",\"url\":\"https:\/\/www.mpppst.gob.ve\/mpppstweb\/wp-content\/uploads\/2025\/07\/cropped-cropped-g910.png\",\"contentUrl\":\"https:\/\/www.mpppst.gob.ve\/mpppstweb\/wp-content\/uploads\/2025\/07\/cropped-cropped-g910.png\",\"width\":1080,\"height\":241,\"caption\":\"mpppst\"},\"image\":{\"@id\":\"https:\/\/www.mpppst.gob.ve\/mpppstweb\/#\/schema\/logo\/image\/\"}},{\"@type\":\"Person\",\"@id\":\"https:\/\/www.mpppst.gob.ve\/mpppstweb\/#\/schema\/person\/fc187ee8ead412bd4c9304b62f900ea4\",\"name\":\"MPPPST Prensa\",\"url\":\"https:\/\/www.mpppst.gob.ve\/mpppstweb\/index.php\/author\/prensa-mpppst\/\"}]}<\/script>\n<!-- \/ Yoast SEO plugin. -->","yoast_head_json":{"title":"Guarder\u00eda del MPPPST celebra sus carnavales 2017 - MPPPST","robots":{"index":"index","follow":"follow","max-snippet":"max-snippet:-1","max-image-preview":"max-image-preview:large","max-video-preview":"max-video-preview:-1"},"canonical":"https:\/\/www.mpppst.gob.ve\/mpppstweb\/index.php\/2017\/02\/24\/guarderia-del-mpppst-celebra-sus-carnavales-2017\/","og_locale":"es_ES","og_type":"article","og_title":"Guarder\u00eda del MPPPST celebra sus carnavales 2017 - MPPPST","og_description":"Prensa (MPPPST). En el marco de la celebraci\u00f3n de los Carnavales 2017 este 24 de febrero &hellip; Guarder\u00eda del MPPPST celebra sus carnavales 2017Read more","og_url":"https:\/\/www.mpppst.gob.ve\/mpppstweb\/index.php\/2017\/02\/24\/guarderia-del-mpppst-celebra-sus-carnavales-2017\/","og_site_name":"MPPPST","article_published_time":"2017-02-24T19:28:27+00:00","og_image":[{"width":800,"height":445,"url":"https:\/\/www.mpppst.gob.ve\/mpppstweb\/wp-content\/uploads\/2017\/02\/IMG_3869.jpg","type":"image\/jpeg"}],"author":"MPPPST Prensa","twitter_card":"summary_large_image","twitter_misc":{"Escrito por":"MPPPST Prensa","Tiempo de lectura":"1 minuto"},"schema":{"@context":"https:\/\/schema.org","@graph":[{"@type":"Article","@id":"https:\/\/www.mpppst.gob.ve\/mpppstweb\/index.php\/2017\/02\/24\/guarderia-del-mpppst-celebra-sus-carnavales-2017\/#article","isPartOf":{"@id":"https:\/\/www.mpppst.gob.ve\/mpppstweb\/index.php\/2017\/02\/24\/guarderia-del-mpppst-celebra-sus-carnavales-2017\/"},"author":{"name":"MPPPST Prensa","@id":"https:\/\/www.mpppst.gob.ve\/mpppstweb\/#\/schema\/person\/fc187ee8ead412bd4c9304b62f900ea4"},"headline":"Guarder\u00eda del MPPPST celebra sus carnavales 2017","datePublished":"2017-02-24T19:28:27+00:00","dateModified":"2017-02-24T19:28:27+00:00","mainEntityOfPage":{"@id":"https:\/\/www.mpppst.gob.ve\/mpppstweb\/index.php\/2017\/02\/24\/guarderia-del-mpppst-celebra-sus-carnavales-2017\/"},"wordCount":227,"publisher":{"@id":"https:\/\/www.mpppst.gob.ve\/mpppstweb\/#organization"},"image":{"@id":"https:\/\/www.mpppst.gob.ve\/mpppstweb\/index.php\/2017\/02\/24\/guarderia-del-mpppst-celebra-sus-carnavales-2017\/#primaryimage"},"thumbnailUrl":"https:\/\/www.mpppst.gob.ve\/mpppstweb\/wp-content\/uploads\/2017\/02\/IMG_3869.jpg","keywords":["MPPPST"],"articleSection":["Ministerio","Noticias"],"inLanguage":"es"},{"@type":"WebPage","@id":"https:\/\/www.mpppst.gob.ve\/mpppstweb\/index.php\/2017\/02\/24\/guarderia-del-mpppst-celebra-sus-carnavales-2017\/","url":"https:\/\/www.mpppst.gob.ve\/mpppstweb\/index.php\/2017\/02\/24\/guarderia-del-mpppst-celebra-sus-carnavales-2017\/","name":"Guarder\u00eda del MPPPST celebra sus carnavales 2017 - MPPPST","isPartOf":{"@id":"https:\/\/www.mpppst.gob.ve\/mpppstweb\/#website"},"primaryImageOfPage":{"@id":"https:\/\/www.mpppst.gob.ve\/mpppstweb\/index.php\/2017\/02\/24\/guarderia-del-mpppst-celebra-sus-carnavales-2017\/#primaryimage"},"image":{"@id":"https:\/\/www.mpppst.gob.ve\/mpppstweb\/index.php\/2017\/02\/24\/guarderia-del-mpppst-celebra-sus-carnavales-2017\/#primaryimage"},"thumbnailUrl":"https:\/\/www.mpppst.gob.ve\/mpppstweb\/wp-content\/uploads\/2017\/02\/IMG_3869.jpg","datePublished":"2017-02-24T19:28:27+00:00","dateModified":"2017-02-24T19:28:27+00:00","breadcrumb":{"@id":"https:\/\/www.mpppst.gob.ve\/mpppstweb\/index.php\/2017\/02\/24\/guarderia-del-mpppst-celebra-sus-carnavales-2017\/#breadcrumb"},"inLanguage":"es","potentialAction":[{"@type":"ReadAction","target":["https:\/\/www.mpppst.gob.ve\/mpppstweb\/index.php\/2017\/02\/24\/guarderia-del-mpppst-celebra-sus-carnavales-2017\/"]}]},{"@type":"ImageObject","inLanguage":"es","@id":"https:\/\/www.mpppst.gob.ve\/mpppstweb\/index.php\/2017\/02\/24\/guarderia-del-mpppst-celebra-sus-carnavales-2017\/#primaryimage","url":"https:\/\/www.mpppst.gob.ve\/mpppstweb\/wp-content\/uploads\/2017\/02\/IMG_3869.jpg","contentUrl":"https:\/\/www.mpppst.gob.ve\/mpppstweb\/wp-content\/uploads\/2017\/02\/IMG_3869.jpg","width":800,"height":445},{"@type":"BreadcrumbList","@id":"https:\/\/www.mpppst.gob.ve\/mpppstweb\/index.php\/2017\/02\/24\/guarderia-del-mpppst-celebra-sus-carnavales-2017\/#breadcrumb","itemListElement":[{"@type":"ListItem","position":1,"name":"Home","item":"https:\/\/www.mpppst.gob.ve\/mpppstweb\/"},{"@type":"ListItem","position":2,"name":"Guarder\u00eda del MPPPST celebra sus carnavales 2017"}]},{"@type":"WebSite","@id":"https:\/\/www.mpppst.gob.ve\/mpppstweb\/#website","url":"https:\/\/www.mpppst.gob.ve\/mpppstweb\/","name":"MPPPST","description":"Ministerio del Poder Popular para el Proceso Social de Trabajo","publisher":{"@id":"https:\/\/www.mpppst.gob.ve\/mpppstweb\/#organization"},"potentialAction":[{"@type":"SearchAction","target":{"@type":"EntryPoint","urlTemplate":"https:\/\/www.mpppst.gob.ve\/mpppstweb\/?s={search_term_string}"},"query-input":"required name=search_term_string"}],"inLanguage":"es"},{"@type":"Organization","@id":"https:\/\/www.mpppst.gob.ve\/mpppstweb\/#organization","name":"mpppst","url":"https:\/\/www.mpppst.gob.ve\/mpppstweb\/","logo":{"@type":"ImageObject","inLanguage":"es","@id":"https:\/\/www.mpppst.gob.ve\/mpppstweb\/#\/schema\/logo\/image\/","url":"https:\/\/www.mpppst.gob.ve\/mpppstweb\/wp-content\/uploads\/2025\/07\/cropped-cropped-g910.png","contentUrl":"https:\/\/www.mpppst.gob.ve\/mpppstweb\/wp-content\/uploads\/2025\/07\/cropped-cropped-g910.png","width":1080,"height":241,"caption":"mpppst"},"image":{"@id":"https:\/\/www.mpppst.gob.ve\/mpppstweb\/#\/schema\/logo\/image\/"}},{"@type":"Person","@id":"https:\/\/www.mpppst.gob.ve\/mpppstweb\/#\/schema\/person\/fc187ee8ead412bd4c9304b62f900ea4","name":"MPPPST Prensa","url":"https:\/\/www.mpppst.gob.ve\/mpppstweb\/index.php\/author\/prensa-mpppst\/"}]}},"_links":{"self":[{"href":"https:\/\/www.mpppst.gob.ve\/mpppstweb\/index.php\/wp-json\/wp\/v2\/posts\/10687"}],"collection":[{"href":"https:\/\/www.mpppst.gob.ve\/mpppstweb\/index.php\/wp-json\/wp\/v2\/posts"}],"about":[{"href":"https:\/\/www.mpppst.gob.ve\/mpppstweb\/index.php\/wp-json\/wp\/v2\/types\/post"}],"author":[{"embeddable":true,"href":"https:\/\/www.mpppst.gob.ve\/mpppstweb\/index.php\/wp-json\/wp\/v2\/users\/25"}],"replies":[{"embeddable":true,"href":"https:\/\/www.mpppst.gob.ve\/mpppstweb\/index.php\/wp-json\/wp\/v2\/comments?post=10687"}],"version-history":[{"count":1,"href":"https:\/\/www.mpppst.gob.ve\/mpppstweb\/index.php\/wp-json\/wp\/v2\/posts\/10687\/revisions"}],"predecessor-version":[{"id":10689,"href":"https:\/\/www.mpppst.gob.ve\/mpppstweb\/index.php\/wp-json\/wp\/v2\/posts\/10687\/revisions\/10689"}],"wp:featuredmedia":[{"embeddable":true,"href":"https:\/\/www.mpppst.gob.ve\/mpppstweb\/index.php\/wp-json\/wp\/v2\/media\/10688"}],"wp:attachment":[{"href":"https:\/\/www.mpppst.gob.ve\/mpppstweb\/index.php\/wp-json\/wp\/v2\/media?parent=10687"}],"wp:term":[{"taxonomy":"category","embeddable":true,"href":"https:\/\/www.mpppst.gob.ve\/mpppstweb\/index.php\/wp-json\/wp\/v2\/categories?post=10687"},{"taxonomy":"post_tag","embeddable":true,"href":"https:\/\/www.mpppst.gob.ve\/mpppstweb\/index.php\/wp-json\/wp\/v2\/tags?post=10687"}],"curies":[{"name":"wp","href":"https:\/\/api.w.org\/{rel}","templated":true}]}}