{"id":10691,"date":"2017-02-24T20:43:33","date_gmt":"2017-02-24T20:43:33","guid":{"rendered":"http:\/\/www.mpppst.gob.ve\/mpppstweb\/?p=10691"},"modified":"2017-02-24T20:43:33","modified_gmt":"2017-02-24T20:43:33","slug":"convencion-colectiva-de-los-trabajadores-de-la-dem-beneficiara-a-mas-de-35-mil-personas","status":"publish","type":"post","link":"https:\/\/www.mpppst.gob.ve\/mpppstweb\/index.php\/2017\/02\/24\/convencion-colectiva-de-los-trabajadores-de-la-dem-beneficiara-a-mas-de-35-mil-personas\/","title":{"rendered":"Convenci\u00f3n Colectiva de los Trabajadores de la DEM beneficiar\u00e1 a m\u00e1s de 35 mil personas"},"content":{"rendered":"<p>Prensa (MPPPST). Este 24 de febrero se realiz\u00f3 la firma de la Convenci\u00f3n Colectiva de los Trabajadores de la Direcci\u00f3n Ejecutiva de la Magistratura (DEM) que beneficiar\u00e1 a 35 mil 316 trabajadores del poder judicial venezolano,as\u00ed lo inform\u00f3 \u00a0Gladys Guti\u00e9rrez, presidenta del Tribunal Supremo de Justicia (TSJ).<\/p>\n<p>Guti\u00e9rrez expres\u00f3 que la discusi\u00f3n de esta Convenci\u00f3n Colectiva se llev\u00f3 de la mejor forma entre ambas partes y que es un acuerdo hist\u00f3rico porque beneficia a una cantidad importante de trabajadores y trabajadoras del poder judicial venezolano.<\/p>\n<p>La presidenta del TSJ expres\u00f3 que entre las novedades que tiene esta nueva Convenci\u00f3n Colectiva se procedi\u00f3 a aumentar el bono asistencial a los jubilados y pensionados de la Direcci\u00f3n Ejecutiva de la Magistratura (DEM) para que reciban este beneficio.<\/p>\n<p>Por su parte, el ministro para el Proceso Social de Trabajo, Francisco Torrealba, destac\u00f3 que esta Convenci\u00f3n Colectiva demuestra que el Gobierno Bolivariano, dirigido por el Presidente Obrero Nicol\u00e1s Maduro seguir\u00e1 pendiente de todo lo referente a las reivindicaciones laborales de los trabajadores y trabajadoras.<\/p>\n<p>Torrealba puntualiz\u00f3 que los magistrados del pa\u00eds junto con los trabajadores de esta Instituci\u00f3n son un orgullo para Venezuela por el compromiso patri\u00f3tico que han demostrado en tan dif\u00edciles momentos, donde les ha tocado defender la estabilidad pol\u00edtica del pa\u00eds.<\/p>\n<p>El Ministro destac\u00f3 que esta es una Convenci\u00f3n Colectiva hist\u00f3rica para los trabajadores de la DEM para que sigan realizando el trabajo que han realizado en los \u00faltimos a\u00f1os en beneficio del pueblo venezolano.<\/p>\n<p>Edgar Romero, trabajador del Tribunal Supremo de Justicia, agradeci\u00f3 el reconocimiento que se les ha dado a los Trabajadores y Trabajadoras de esta Instituci\u00f3n y destac\u00f3 que este es el mejor contrato colectivo posible.<\/p>\n<p>Por Carlos Palacios<\/p>\n<p>&nbsp;<\/p>\n<p>&nbsp;<\/p>\n<p>&nbsp;<\/p>\n<p>&nbsp;<\/p>\n","protected":false},"excerpt":{"rendered":"<p>Prensa (MPPPST). Este 24 de febrero se realiz\u00f3 la firma de la Convenci\u00f3n Colectiva de los &hellip; <a title=\"Convenci\u00f3n Colectiva de los Trabajadores de la DEM beneficiar\u00e1 a m\u00e1s de 35 mil personas\" class=\"hm-read-more\" href=\"https:\/\/www.mpppst.gob.ve\/mpppstweb\/index.php\/2017\/02\/24\/convencion-colectiva-de-los-trabajadores-de-la-dem-beneficiara-a-mas-de-35-mil-personas\/\"><span class=\"screen-reader-text\">Convenci\u00f3n Colectiva de los Trabajadores de la DEM beneficiar\u00e1 a m\u00e1s de 35 mil personas<\/span>Read more<\/a><\/p>\n","protected":false},"author":25,"featured_media":10692,"comment_status":"closed","ping_status":"closed","sticky":false,"template":"","format":"standard","meta":{"footnotes":""},"categories":[82],"tags":[359],"yoast_head":"<!-- This site is optimized with the Yoast SEO plugin v22.5 - https:\/\/yoast.com\/wordpress\/plugins\/seo\/ -->\n<title>Convenci\u00f3n Colectiva de los Trabajadores de la DEM beneficiar\u00e1 a m\u00e1s de 35 mil personas - MPPPST<\/title>\n<meta name=\"robots\" content=\"index, follow, max-snippet:-1, max-image-preview:large, max-video-preview:-1\" \/>\n<link rel=\"canonical\" href=\"https:\/\/www.mpppst.gob.ve\/mpppstweb\/index.php\/2017\/02\/24\/convencion-colectiva-de-los-trabajadores-de-la-dem-beneficiara-a-mas-de-35-mil-personas\/\" \/>\n<meta property=\"og:locale\" content=\"es_ES\" \/>\n<meta property=\"og:type\" content=\"article\" \/>\n<meta property=\"og:title\" content=\"Convenci\u00f3n Colectiva de los Trabajadores de la DEM beneficiar\u00e1 a m\u00e1s de 35 mil personas - MPPPST\" \/>\n<meta property=\"og:description\" content=\"Prensa (MPPPST). Este 24 de febrero se realiz\u00f3 la firma de la Convenci\u00f3n Colectiva de los &hellip; Convenci\u00f3n Colectiva de los Trabajadores de la DEM beneficiar\u00e1 a m\u00e1s de 35 mil personasRead more\" \/>\n<meta property=\"og:url\" content=\"https:\/\/www.mpppst.gob.ve\/mpppstweb\/index.php\/2017\/02\/24\/convencion-colectiva-de-los-trabajadores-de-la-dem-beneficiara-a-mas-de-35-mil-personas\/\" \/>\n<meta property=\"og:site_name\" content=\"MPPPST\" \/>\n<meta property=\"article:published_time\" content=\"2017-02-24T20:43:33+00:00\" \/>\n<meta property=\"og:image\" content=\"https:\/\/www.mpppst.gob.ve\/mpppstweb\/wp-content\/uploads\/2017\/02\/ministro-en-aprobaci\u00f3n-de-conbtrato-colectivo-de-la-DEM.jpg\" \/>\n\t<meta property=\"og:image:width\" content=\"800\" \/>\n\t<meta property=\"og:image:height\" content=\"445\" \/>\n\t<meta property=\"og:image:type\" content=\"image\/jpeg\" \/>\n<meta name=\"author\" content=\"MPPPST Prensa\" \/>\n<meta name=\"twitter:card\" content=\"summary_large_image\" \/>\n<meta name=\"twitter:label1\" content=\"Escrito por\" \/>\n\t<meta name=\"twitter:data1\" content=\"MPPPST Prensa\" \/>\n\t<meta name=\"twitter:label2\" content=\"Tiempo de lectura\" \/>\n\t<meta name=\"twitter:data2\" content=\"2 minutos\" \/>\n<script type=\"application\/ld+json\" class=\"yoast-schema-graph\">{\"@context\":\"https:\/\/schema.org\",\"@graph\":[{\"@type\":\"Article\",\"@id\":\"https:\/\/www.mpppst.gob.ve\/mpppstweb\/index.php\/2017\/02\/24\/convencion-colectiva-de-los-trabajadores-de-la-dem-beneficiara-a-mas-de-35-mil-personas\/#article\",\"isPartOf\":{\"@id\":\"https:\/\/www.mpppst.gob.ve\/mpppstweb\/index.php\/2017\/02\/24\/convencion-colectiva-de-los-trabajadores-de-la-dem-beneficiara-a-mas-de-35-mil-personas\/\"},\"author\":{\"name\":\"MPPPST Prensa\",\"@id\":\"https:\/\/www.mpppst.gob.ve\/mpppstweb\/#\/schema\/person\/fc187ee8ead412bd4c9304b62f900ea4\"},\"headline\":\"Convenci\u00f3n Colectiva de los Trabajadores de la DEM beneficiar\u00e1 a m\u00e1s de 35 mil personas\",\"datePublished\":\"2017-02-24T20:43:33+00:00\",\"dateModified\":\"2017-02-24T20:43:33+00:00\",\"mainEntityOfPage\":{\"@id\":\"https:\/\/www.mpppst.gob.ve\/mpppstweb\/index.php\/2017\/02\/24\/convencion-colectiva-de-los-trabajadores-de-la-dem-beneficiara-a-mas-de-35-mil-personas\/\"},\"wordCount\":320,\"publisher\":{\"@id\":\"https:\/\/www.mpppst.gob.ve\/mpppstweb\/#organization\"},\"image\":{\"@id\":\"https:\/\/www.mpppst.gob.ve\/mpppstweb\/index.php\/2017\/02\/24\/convencion-colectiva-de-los-trabajadores-de-la-dem-beneficiara-a-mas-de-35-mil-personas\/#primaryimage\"},\"thumbnailUrl\":\"https:\/\/www.mpppst.gob.ve\/mpppstweb\/wp-content\/uploads\/2017\/02\/ministro-en-aprobaci\u00f3n-de-conbtrato-colectivo-de-la-DEM.jpg\",\"keywords\":[\"Convenci\u00f3n Colectiva\"],\"articleSection\":[\"Gobierno Nacional\"],\"inLanguage\":\"es\"},{\"@type\":\"WebPage\",\"@id\":\"https:\/\/www.mpppst.gob.ve\/mpppstweb\/index.php\/2017\/02\/24\/convencion-colectiva-de-los-trabajadores-de-la-dem-beneficiara-a-mas-de-35-mil-personas\/\",\"url\":\"https:\/\/www.mpppst.gob.ve\/mpppstweb\/index.php\/2017\/02\/24\/convencion-colectiva-de-los-trabajadores-de-la-dem-beneficiara-a-mas-de-35-mil-personas\/\",\"name\":\"Convenci\u00f3n Colectiva de los Trabajadores de la DEM beneficiar\u00e1 a m\u00e1s de 35 mil personas - MPPPST\",\"isPartOf\":{\"@id\":\"https:\/\/www.mpppst.gob.ve\/mpppstweb\/#website\"},\"primaryImageOfPage\":{\"@id\":\"https:\/\/www.mpppst.gob.ve\/mpppstweb\/index.php\/2017\/02\/24\/convencion-colectiva-de-los-trabajadores-de-la-dem-beneficiara-a-mas-de-35-mil-personas\/#primaryimage\"},\"image\":{\"@id\":\"https:\/\/www.mpppst.gob.ve\/mpppstweb\/index.php\/2017\/02\/24\/convencion-colectiva-de-los-trabajadores-de-la-dem-beneficiara-a-mas-de-35-mil-personas\/#primaryimage\"},\"thumbnailUrl\":\"https:\/\/www.mpppst.gob.ve\/mpppstweb\/wp-content\/uploads\/2017\/02\/ministro-en-aprobaci\u00f3n-de-conbtrato-colectivo-de-la-DEM.jpg\",\"datePublished\":\"2017-02-24T20:43:33+00:00\",\"dateModified\":\"2017-02-24T20:43:33+00:00\",\"breadcrumb\":{\"@id\":\"https:\/\/www.mpppst.gob.ve\/mpppstweb\/index.php\/2017\/02\/24\/convencion-colectiva-de-los-trabajadores-de-la-dem-beneficiara-a-mas-de-35-mil-personas\/#breadcrumb\"},\"inLanguage\":\"es\",\"potentialAction\":[{\"@type\":\"ReadAction\",\"target\":[\"https:\/\/www.mpppst.gob.ve\/mpppstweb\/index.php\/2017\/02\/24\/convencion-colectiva-de-los-trabajadores-de-la-dem-beneficiara-a-mas-de-35-mil-personas\/\"]}]},{\"@type\":\"ImageObject\",\"inLanguage\":\"es\",\"@id\":\"https:\/\/www.mpppst.gob.ve\/mpppstweb\/index.php\/2017\/02\/24\/convencion-colectiva-de-los-trabajadores-de-la-dem-beneficiara-a-mas-de-35-mil-personas\/#primaryimage\",\"url\":\"https:\/\/www.mpppst.gob.ve\/mpppstweb\/wp-content\/uploads\/2017\/02\/ministro-en-aprobaci\u00f3n-de-conbtrato-colectivo-de-la-DEM.jpg\",\"contentUrl\":\"https:\/\/www.mpppst.gob.ve\/mpppstweb\/wp-content\/uploads\/2017\/02\/ministro-en-aprobaci\u00f3n-de-conbtrato-colectivo-de-la-DEM.jpg\",\"width\":800,\"height\":445},{\"@type\":\"BreadcrumbList\",\"@id\":\"https:\/\/www.mpppst.gob.ve\/mpppstweb\/index.php\/2017\/02\/24\/convencion-colectiva-de-los-trabajadores-de-la-dem-beneficiara-a-mas-de-35-mil-personas\/#breadcrumb\",\"itemListElement\":[{\"@type\":\"ListItem\",\"position\":1,\"name\":\"Home\",\"item\":\"https:\/\/www.mpppst.gob.ve\/mpppstweb\/\"},{\"@type\":\"ListItem\",\"position\":2,\"name\":\"Convenci\u00f3n Colectiva de los Trabajadores de la DEM beneficiar\u00e1 a m\u00e1s de 35 mil personas\"}]},{\"@type\":\"WebSite\",\"@id\":\"https:\/\/www.mpppst.gob.ve\/mpppstweb\/#website\",\"url\":\"https:\/\/www.mpppst.gob.ve\/mpppstweb\/\",\"name\":\"MPPPST\",\"description\":\"Ministerio del Poder Popular para el Proceso Social de Trabajo\",\"publisher\":{\"@id\":\"https:\/\/www.mpppst.gob.ve\/mpppstweb\/#organization\"},\"potentialAction\":[{\"@type\":\"SearchAction\",\"target\":{\"@type\":\"EntryPoint\",\"urlTemplate\":\"https:\/\/www.mpppst.gob.ve\/mpppstweb\/?s={search_term_string}\"},\"query-input\":\"required name=search_term_string\"}],\"inLanguage\":\"es\"},{\"@type\":\"Organization\",\"@id\":\"https:\/\/www.mpppst.gob.ve\/mpppstweb\/#organization\",\"name\":\"mpppst\",\"url\":\"https:\/\/www.mpppst.gob.ve\/mpppstweb\/\",\"logo\":{\"@type\":\"ImageObject\",\"inLanguage\":\"es\",\"@id\":\"https:\/\/www.mpppst.gob.ve\/mpppstweb\/#\/schema\/logo\/image\/\",\"url\":\"https:\/\/www.mpppst.gob.ve\/mpppstweb\/wp-content\/uploads\/2025\/07\/cropped-cropped-g910.png\",\"contentUrl\":\"https:\/\/www.mpppst.gob.ve\/mpppstweb\/wp-content\/uploads\/2025\/07\/cropped-cropped-g910.png\",\"width\":1080,\"height\":241,\"caption\":\"mpppst\"},\"image\":{\"@id\":\"https:\/\/www.mpppst.gob.ve\/mpppstweb\/#\/schema\/logo\/image\/\"}},{\"@type\":\"Person\",\"@id\":\"https:\/\/www.mpppst.gob.ve\/mpppstweb\/#\/schema\/person\/fc187ee8ead412bd4c9304b62f900ea4\",\"name\":\"MPPPST Prensa\",\"url\":\"https:\/\/www.mpppst.gob.ve\/mpppstweb\/index.php\/author\/prensa-mpppst\/\"}]}<\/script>\n<!-- \/ Yoast SEO plugin. -->","yoast_head_json":{"title":"Convenci\u00f3n Colectiva de los Trabajadores de la DEM beneficiar\u00e1 a m\u00e1s de 35 mil personas - MPPPST","robots":{"index":"index","follow":"follow","max-snippet":"max-snippet:-1","max-image-preview":"max-image-preview:large","max-video-preview":"max-video-preview:-1"},"canonical":"https:\/\/www.mpppst.gob.ve\/mpppstweb\/index.php\/2017\/02\/24\/convencion-colectiva-de-los-trabajadores-de-la-dem-beneficiara-a-mas-de-35-mil-personas\/","og_locale":"es_ES","og_type":"article","og_title":"Convenci\u00f3n Colectiva de los Trabajadores de la DEM beneficiar\u00e1 a m\u00e1s de 35 mil personas - MPPPST","og_description":"Prensa (MPPPST). Este 24 de febrero se realiz\u00f3 la firma de la Convenci\u00f3n Colectiva de los &hellip; Convenci\u00f3n Colectiva de los Trabajadores de la DEM beneficiar\u00e1 a m\u00e1s de 35 mil personasRead more","og_url":"https:\/\/www.mpppst.gob.ve\/mpppstweb\/index.php\/2017\/02\/24\/convencion-colectiva-de-los-trabajadores-de-la-dem-beneficiara-a-mas-de-35-mil-personas\/","og_site_name":"MPPPST","article_published_time":"2017-02-24T20:43:33+00:00","og_image":[{"width":800,"height":445,"url":"https:\/\/www.mpppst.gob.ve\/mpppstweb\/wp-content\/uploads\/2017\/02\/ministro-en-aprobaci\u00f3n-de-conbtrato-colectivo-de-la-DEM.jpg","type":"image\/jpeg"}],"author":"MPPPST Prensa","twitter_card":"summary_large_image","twitter_misc":{"Escrito por":"MPPPST Prensa","Tiempo de lectura":"2 minutos"},"schema":{"@context":"https:\/\/schema.org","@graph":[{"@type":"Article","@id":"https:\/\/www.mpppst.gob.ve\/mpppstweb\/index.php\/2017\/02\/24\/convencion-colectiva-de-los-trabajadores-de-la-dem-beneficiara-a-mas-de-35-mil-personas\/#article","isPartOf":{"@id":"https:\/\/www.mpppst.gob.ve\/mpppstweb\/index.php\/2017\/02\/24\/convencion-colectiva-de-los-trabajadores-de-la-dem-beneficiara-a-mas-de-35-mil-personas\/"},"author":{"name":"MPPPST Prensa","@id":"https:\/\/www.mpppst.gob.ve\/mpppstweb\/#\/schema\/person\/fc187ee8ead412bd4c9304b62f900ea4"},"headline":"Convenci\u00f3n Colectiva de los Trabajadores de la DEM beneficiar\u00e1 a m\u00e1s de 35 mil personas","datePublished":"2017-02-24T20:43:33+00:00","dateModified":"2017-02-24T20:43:33+00:00","mainEntityOfPage":{"@id":"https:\/\/www.mpppst.gob.ve\/mpppstweb\/index.php\/2017\/02\/24\/convencion-colectiva-de-los-trabajadores-de-la-dem-beneficiara-a-mas-de-35-mil-personas\/"},"wordCount":320,"publisher":{"@id":"https:\/\/www.mpppst.gob.ve\/mpppstweb\/#organization"},"image":{"@id":"https:\/\/www.mpppst.gob.ve\/mpppstweb\/index.php\/2017\/02\/24\/convencion-colectiva-de-los-trabajadores-de-la-dem-beneficiara-a-mas-de-35-mil-personas\/#primaryimage"},"thumbnailUrl":"https:\/\/www.mpppst.gob.ve\/mpppstweb\/wp-content\/uploads\/2017\/02\/ministro-en-aprobaci\u00f3n-de-conbtrato-colectivo-de-la-DEM.jpg","keywords":["Convenci\u00f3n Colectiva"],"articleSection":["Gobierno Nacional"],"inLanguage":"es"},{"@type":"WebPage","@id":"https:\/\/www.mpppst.gob.ve\/mpppstweb\/index.php\/2017\/02\/24\/convencion-colectiva-de-los-trabajadores-de-la-dem-beneficiara-a-mas-de-35-mil-personas\/","url":"https:\/\/www.mpppst.gob.ve\/mpppstweb\/index.php\/2017\/02\/24\/convencion-colectiva-de-los-trabajadores-de-la-dem-beneficiara-a-mas-de-35-mil-personas\/","name":"Convenci\u00f3n Colectiva de los Trabajadores de la DEM beneficiar\u00e1 a m\u00e1s de 35 mil personas - MPPPST","isPartOf":{"@id":"https:\/\/www.mpppst.gob.ve\/mpppstweb\/#website"},"primaryImageOfPage":{"@id":"https:\/\/www.mpppst.gob.ve\/mpppstweb\/index.php\/2017\/02\/24\/convencion-colectiva-de-los-trabajadores-de-la-dem-beneficiara-a-mas-de-35-mil-personas\/#primaryimage"},"image":{"@id":"https:\/\/www.mpppst.gob.ve\/mpppstweb\/index.php\/2017\/02\/24\/convencion-colectiva-de-los-trabajadores-de-la-dem-beneficiara-a-mas-de-35-mil-personas\/#primaryimage"},"thumbnailUrl":"https:\/\/www.mpppst.gob.ve\/mpppstweb\/wp-content\/uploads\/2017\/02\/ministro-en-aprobaci\u00f3n-de-conbtrato-colectivo-de-la-DEM.jpg","datePublished":"2017-02-24T20:43:33+00:00","dateModified":"2017-02-24T20:43:33+00:00","breadcrumb":{"@id":"https:\/\/www.mpppst.gob.ve\/mpppstweb\/index.php\/2017\/02\/24\/convencion-colectiva-de-los-trabajadores-de-la-dem-beneficiara-a-mas-de-35-mil-personas\/#breadcrumb"},"inLanguage":"es","potentialAction":[{"@type":"ReadAction","target":["https:\/\/www.mpppst.gob.ve\/mpppstweb\/index.php\/2017\/02\/24\/convencion-colectiva-de-los-trabajadores-de-la-dem-beneficiara-a-mas-de-35-mil-personas\/"]}]},{"@type":"ImageObject","inLanguage":"es","@id":"https:\/\/www.mpppst.gob.ve\/mpppstweb\/index.php\/2017\/02\/24\/convencion-colectiva-de-los-trabajadores-de-la-dem-beneficiara-a-mas-de-35-mil-personas\/#primaryimage","url":"https:\/\/www.mpppst.gob.ve\/mpppstweb\/wp-content\/uploads\/2017\/02\/ministro-en-aprobaci\u00f3n-de-conbtrato-colectivo-de-la-DEM.jpg","contentUrl":"https:\/\/www.mpppst.gob.ve\/mpppstweb\/wp-content\/uploads\/2017\/02\/ministro-en-aprobaci\u00f3n-de-conbtrato-colectivo-de-la-DEM.jpg","width":800,"height":445},{"@type":"BreadcrumbList","@id":"https:\/\/www.mpppst.gob.ve\/mpppstweb\/index.php\/2017\/02\/24\/convencion-colectiva-de-los-trabajadores-de-la-dem-beneficiara-a-mas-de-35-mil-personas\/#breadcrumb","itemListElement":[{"@type":"ListItem","position":1,"name":"Home","item":"https:\/\/www.mpppst.gob.ve\/mpppstweb\/"},{"@type":"ListItem","position":2,"name":"Convenci\u00f3n Colectiva de los Trabajadores de la DEM beneficiar\u00e1 a m\u00e1s de 35 mil personas"}]},{"@type":"WebSite","@id":"https:\/\/www.mpppst.gob.ve\/mpppstweb\/#website","url":"https:\/\/www.mpppst.gob.ve\/mpppstweb\/","name":"MPPPST","description":"Ministerio del Poder Popular para el Proceso Social de Trabajo","publisher":{"@id":"https:\/\/www.mpppst.gob.ve\/mpppstweb\/#organization"},"potentialAction":[{"@type":"SearchAction","target":{"@type":"EntryPoint","urlTemplate":"https:\/\/www.mpppst.gob.ve\/mpppstweb\/?s={search_term_string}"},"query-input":"required name=search_term_string"}],"inLanguage":"es"},{"@type":"Organization","@id":"https:\/\/www.mpppst.gob.ve\/mpppstweb\/#organization","name":"mpppst","url":"https:\/\/www.mpppst.gob.ve\/mpppstweb\/","logo":{"@type":"ImageObject","inLanguage":"es","@id":"https:\/\/www.mpppst.gob.ve\/mpppstweb\/#\/schema\/logo\/image\/","url":"https:\/\/www.mpppst.gob.ve\/mpppstweb\/wp-content\/uploads\/2025\/07\/cropped-cropped-g910.png","contentUrl":"https:\/\/www.mpppst.gob.ve\/mpppstweb\/wp-content\/uploads\/2025\/07\/cropped-cropped-g910.png","width":1080,"height":241,"caption":"mpppst"},"image":{"@id":"https:\/\/www.mpppst.gob.ve\/mpppstweb\/#\/schema\/logo\/image\/"}},{"@type":"Person","@id":"https:\/\/www.mpppst.gob.ve\/mpppstweb\/#\/schema\/person\/fc187ee8ead412bd4c9304b62f900ea4","name":"MPPPST Prensa","url":"https:\/\/www.mpppst.gob.ve\/mpppstweb\/index.php\/author\/prensa-mpppst\/"}]}},"_links":{"self":[{"href":"https:\/\/www.mpppst.gob.ve\/mpppstweb\/index.php\/wp-json\/wp\/v2\/posts\/10691"}],"collection":[{"href":"https:\/\/www.mpppst.gob.ve\/mpppstweb\/index.php\/wp-json\/wp\/v2\/posts"}],"about":[{"href":"https:\/\/www.mpppst.gob.ve\/mpppstweb\/index.php\/wp-json\/wp\/v2\/types\/post"}],"author":[{"embeddable":true,"href":"https:\/\/www.mpppst.gob.ve\/mpppstweb\/index.php\/wp-json\/wp\/v2\/users\/25"}],"replies":[{"embeddable":true,"href":"https:\/\/www.mpppst.gob.ve\/mpppstweb\/index.php\/wp-json\/wp\/v2\/comments?post=10691"}],"version-history":[{"count":1,"href":"https:\/\/www.mpppst.gob.ve\/mpppstweb\/index.php\/wp-json\/wp\/v2\/posts\/10691\/revisions"}],"predecessor-version":[{"id":10693,"href":"https:\/\/www.mpppst.gob.ve\/mpppstweb\/index.php\/wp-json\/wp\/v2\/posts\/10691\/revisions\/10693"}],"wp:featuredmedia":[{"embeddable":true,"href":"https:\/\/www.mpppst.gob.ve\/mpppstweb\/index.php\/wp-json\/wp\/v2\/media\/10692"}],"wp:attachment":[{"href":"https:\/\/www.mpppst.gob.ve\/mpppstweb\/index.php\/wp-json\/wp\/v2\/media?parent=10691"}],"wp:term":[{"taxonomy":"category","embeddable":true,"href":"https:\/\/www.mpppst.gob.ve\/mpppstweb\/index.php\/wp-json\/wp\/v2\/categories?post=10691"},{"taxonomy":"post_tag","embeddable":true,"href":"https:\/\/www.mpppst.gob.ve\/mpppstweb\/index.php\/wp-json\/wp\/v2\/tags?post=10691"}],"curies":[{"name":"wp","href":"https:\/\/api.w.org\/{rel}","templated":true}]}}