{"id":10695,"date":"2017-02-24T20:56:07","date_gmt":"2017-02-24T20:56:07","guid":{"rendered":"http:\/\/www.mpppst.gob.ve\/mpppstweb\/?p=10695"},"modified":"2017-02-24T20:56:07","modified_gmt":"2017-02-24T20:56:07","slug":"anos-50-son-revividos-en-carnavales-del-mpppst","status":"publish","type":"post","link":"https:\/\/www.mpppst.gob.ve\/mpppstweb\/index.php\/2017\/02\/24\/anos-50-son-revividos-en-carnavales-del-mpppst\/","title":{"rendered":"A\u00f1os 50 son revividos en Carnavales del MPPPST"},"content":{"rendered":"<p>Prensa MPPPST.- Los a\u00f1os 50 fueron \u00a0revividos en los Carnavales del Ministerio del Poder Popular para el Proceso Social de Trabajo (MPPPST), con la participaci\u00f3n de la coral dirigida por el maestro Luis Eduardo Gale\u00e1n, integrada por Ipostel, el Ministerio del Poder Popular para la Salud y el MPPPST.<\/p>\n<p>Inform\u00f3 el director Luis Eduardo Gale\u00e1n, que la idea es llevarle a los Trabajadores y Trabajadoras una distracci\u00f3n en este inicio de fin de semana largo. Es por eso que organizaron este musical donde pasan por diversos ritmos y personajes de la \u00e9poca de los a\u00f1os 50, como fueron la negrita, la reina de Caracas y artistas internacionales que visitaron el pa\u00eds como Olga Guillot, La Lupe, Sonia L\u00f3pez, entre otros.<\/p>\n<p>Como ya es costumbre esta coral integrada por varios entes gubernamentales, se presenta en el Ministerio para animar, entretener y recrear a la Clase Trabajadora. En esta oportunidad y por tercer a\u00f1o consecutivo realizan esta obra musical carnestolenda; tambi\u00e9n se han presentado en la paradura del ni\u00f1o, cantos de villancicos y aguinaldos en el mes de diciembre.<\/p>\n<p>Elio Garc\u00eda<\/p>\n<p>&nbsp;<\/p>\n","protected":false},"excerpt":{"rendered":"<p>Prensa MPPPST.- Los a\u00f1os 50 fueron \u00a0revividos en los Carnavales del Ministerio del Poder Popular para &hellip; <a title=\"A\u00f1os 50 son revividos en Carnavales del MPPPST\" class=\"hm-read-more\" href=\"https:\/\/www.mpppst.gob.ve\/mpppstweb\/index.php\/2017\/02\/24\/anos-50-son-revividos-en-carnavales-del-mpppst\/\"><span class=\"screen-reader-text\">A\u00f1os 50 son revividos en Carnavales del MPPPST<\/span>Read more<\/a><\/p>\n","protected":false},"author":25,"featured_media":10696,"comment_status":"closed","ping_status":"closed","sticky":false,"template":"","format":"standard","meta":{"footnotes":""},"categories":[82,84],"tags":[223,345],"yoast_head":"<!-- This site is optimized with the Yoast SEO plugin v22.5 - https:\/\/yoast.com\/wordpress\/plugins\/seo\/ -->\n<title>A\u00f1os 50 son revividos en Carnavales del MPPPST - MPPPST<\/title>\n<meta name=\"robots\" content=\"index, follow, max-snippet:-1, max-image-preview:large, max-video-preview:-1\" \/>\n<link rel=\"canonical\" href=\"https:\/\/www.mpppst.gob.ve\/mpppstweb\/index.php\/2017\/02\/24\/anos-50-son-revividos-en-carnavales-del-mpppst\/\" \/>\n<meta property=\"og:locale\" content=\"es_ES\" \/>\n<meta property=\"og:type\" content=\"article\" \/>\n<meta property=\"og:title\" content=\"A\u00f1os 50 son revividos en Carnavales del MPPPST - MPPPST\" \/>\n<meta property=\"og:description\" content=\"Prensa MPPPST.- Los a\u00f1os 50 fueron \u00a0revividos en los Carnavales del Ministerio del Poder Popular para &hellip; A\u00f1os 50 son revividos en Carnavales del MPPPSTRead more\" \/>\n<meta property=\"og:url\" content=\"https:\/\/www.mpppst.gob.ve\/mpppstweb\/index.php\/2017\/02\/24\/anos-50-son-revividos-en-carnavales-del-mpppst\/\" \/>\n<meta property=\"og:site_name\" content=\"MPPPST\" \/>\n<meta property=\"article:published_time\" content=\"2017-02-24T20:56:07+00:00\" \/>\n<meta property=\"og:image\" content=\"https:\/\/www.mpppst.gob.ve\/mpppstweb\/wp-content\/uploads\/2017\/02\/carnavales.jpg\" \/>\n\t<meta property=\"og:image:width\" content=\"800\" \/>\n\t<meta property=\"og:image:height\" content=\"445\" \/>\n\t<meta property=\"og:image:type\" content=\"image\/jpeg\" \/>\n<meta name=\"author\" content=\"MPPPST Prensa\" \/>\n<meta name=\"twitter:card\" content=\"summary_large_image\" \/>\n<meta name=\"twitter:label1\" content=\"Escrito por\" \/>\n\t<meta name=\"twitter:data1\" content=\"MPPPST Prensa\" \/>\n\t<meta name=\"twitter:label2\" content=\"Tiempo de lectura\" \/>\n\t<meta name=\"twitter:data2\" content=\"1 minuto\" \/>\n<script type=\"application\/ld+json\" class=\"yoast-schema-graph\">{\"@context\":\"https:\/\/schema.org\",\"@graph\":[{\"@type\":\"Article\",\"@id\":\"https:\/\/www.mpppst.gob.ve\/mpppstweb\/index.php\/2017\/02\/24\/anos-50-son-revividos-en-carnavales-del-mpppst\/#article\",\"isPartOf\":{\"@id\":\"https:\/\/www.mpppst.gob.ve\/mpppstweb\/index.php\/2017\/02\/24\/anos-50-son-revividos-en-carnavales-del-mpppst\/\"},\"author\":{\"name\":\"MPPPST Prensa\",\"@id\":\"https:\/\/www.mpppst.gob.ve\/mpppstweb\/#\/schema\/person\/fc187ee8ead412bd4c9304b62f900ea4\"},\"headline\":\"A\u00f1os 50 son revividos en Carnavales del MPPPST\",\"datePublished\":\"2017-02-24T20:56:07+00:00\",\"dateModified\":\"2017-02-24T20:56:07+00:00\",\"mainEntityOfPage\":{\"@id\":\"https:\/\/www.mpppst.gob.ve\/mpppstweb\/index.php\/2017\/02\/24\/anos-50-son-revividos-en-carnavales-del-mpppst\/\"},\"wordCount\":199,\"publisher\":{\"@id\":\"https:\/\/www.mpppst.gob.ve\/mpppstweb\/#organization\"},\"image\":{\"@id\":\"https:\/\/www.mpppst.gob.ve\/mpppstweb\/index.php\/2017\/02\/24\/anos-50-son-revividos-en-carnavales-del-mpppst\/#primaryimage\"},\"thumbnailUrl\":\"https:\/\/www.mpppst.gob.ve\/mpppstweb\/wp-content\/uploads\/2017\/02\/carnavales.jpg\",\"keywords\":[\"MPPPST\",\"Trabajadores\"],\"articleSection\":[\"Gobierno Nacional\",\"Vida Laboral y Sindical\"],\"inLanguage\":\"es\"},{\"@type\":\"WebPage\",\"@id\":\"https:\/\/www.mpppst.gob.ve\/mpppstweb\/index.php\/2017\/02\/24\/anos-50-son-revividos-en-carnavales-del-mpppst\/\",\"url\":\"https:\/\/www.mpppst.gob.ve\/mpppstweb\/index.php\/2017\/02\/24\/anos-50-son-revividos-en-carnavales-del-mpppst\/\",\"name\":\"A\u00f1os 50 son revividos en Carnavales del MPPPST - MPPPST\",\"isPartOf\":{\"@id\":\"https:\/\/www.mpppst.gob.ve\/mpppstweb\/#website\"},\"primaryImageOfPage\":{\"@id\":\"https:\/\/www.mpppst.gob.ve\/mpppstweb\/index.php\/2017\/02\/24\/anos-50-son-revividos-en-carnavales-del-mpppst\/#primaryimage\"},\"image\":{\"@id\":\"https:\/\/www.mpppst.gob.ve\/mpppstweb\/index.php\/2017\/02\/24\/anos-50-son-revividos-en-carnavales-del-mpppst\/#primaryimage\"},\"thumbnailUrl\":\"https:\/\/www.mpppst.gob.ve\/mpppstweb\/wp-content\/uploads\/2017\/02\/carnavales.jpg\",\"datePublished\":\"2017-02-24T20:56:07+00:00\",\"dateModified\":\"2017-02-24T20:56:07+00:00\",\"breadcrumb\":{\"@id\":\"https:\/\/www.mpppst.gob.ve\/mpppstweb\/index.php\/2017\/02\/24\/anos-50-son-revividos-en-carnavales-del-mpppst\/#breadcrumb\"},\"inLanguage\":\"es\",\"potentialAction\":[{\"@type\":\"ReadAction\",\"target\":[\"https:\/\/www.mpppst.gob.ve\/mpppstweb\/index.php\/2017\/02\/24\/anos-50-son-revividos-en-carnavales-del-mpppst\/\"]}]},{\"@type\":\"ImageObject\",\"inLanguage\":\"es\",\"@id\":\"https:\/\/www.mpppst.gob.ve\/mpppstweb\/index.php\/2017\/02\/24\/anos-50-son-revividos-en-carnavales-del-mpppst\/#primaryimage\",\"url\":\"https:\/\/www.mpppst.gob.ve\/mpppstweb\/wp-content\/uploads\/2017\/02\/carnavales.jpg\",\"contentUrl\":\"https:\/\/www.mpppst.gob.ve\/mpppstweb\/wp-content\/uploads\/2017\/02\/carnavales.jpg\",\"width\":800,\"height\":445},{\"@type\":\"BreadcrumbList\",\"@id\":\"https:\/\/www.mpppst.gob.ve\/mpppstweb\/index.php\/2017\/02\/24\/anos-50-son-revividos-en-carnavales-del-mpppst\/#breadcrumb\",\"itemListElement\":[{\"@type\":\"ListItem\",\"position\":1,\"name\":\"Home\",\"item\":\"https:\/\/www.mpppst.gob.ve\/mpppstweb\/\"},{\"@type\":\"ListItem\",\"position\":2,\"name\":\"A\u00f1os 50 son revividos en Carnavales del MPPPST\"}]},{\"@type\":\"WebSite\",\"@id\":\"https:\/\/www.mpppst.gob.ve\/mpppstweb\/#website\",\"url\":\"https:\/\/www.mpppst.gob.ve\/mpppstweb\/\",\"name\":\"MPPPST\",\"description\":\"Ministerio del Poder Popular para el Proceso Social de Trabajo\",\"publisher\":{\"@id\":\"https:\/\/www.mpppst.gob.ve\/mpppstweb\/#organization\"},\"potentialAction\":[{\"@type\":\"SearchAction\",\"target\":{\"@type\":\"EntryPoint\",\"urlTemplate\":\"https:\/\/www.mpppst.gob.ve\/mpppstweb\/?s={search_term_string}\"},\"query-input\":\"required name=search_term_string\"}],\"inLanguage\":\"es\"},{\"@type\":\"Organization\",\"@id\":\"https:\/\/www.mpppst.gob.ve\/mpppstweb\/#organization\",\"name\":\"mpppst\",\"url\":\"https:\/\/www.mpppst.gob.ve\/mpppstweb\/\",\"logo\":{\"@type\":\"ImageObject\",\"inLanguage\":\"es\",\"@id\":\"https:\/\/www.mpppst.gob.ve\/mpppstweb\/#\/schema\/logo\/image\/\",\"url\":\"https:\/\/www.mpppst.gob.ve\/mpppstweb\/wp-content\/uploads\/2025\/07\/cropped-cropped-g910.png\",\"contentUrl\":\"https:\/\/www.mpppst.gob.ve\/mpppstweb\/wp-content\/uploads\/2025\/07\/cropped-cropped-g910.png\",\"width\":1080,\"height\":241,\"caption\":\"mpppst\"},\"image\":{\"@id\":\"https:\/\/www.mpppst.gob.ve\/mpppstweb\/#\/schema\/logo\/image\/\"}},{\"@type\":\"Person\",\"@id\":\"https:\/\/www.mpppst.gob.ve\/mpppstweb\/#\/schema\/person\/fc187ee8ead412bd4c9304b62f900ea4\",\"name\":\"MPPPST Prensa\",\"url\":\"https:\/\/www.mpppst.gob.ve\/mpppstweb\/index.php\/author\/prensa-mpppst\/\"}]}<\/script>\n<!-- \/ Yoast SEO plugin. -->","yoast_head_json":{"title":"A\u00f1os 50 son revividos en Carnavales del MPPPST - MPPPST","robots":{"index":"index","follow":"follow","max-snippet":"max-snippet:-1","max-image-preview":"max-image-preview:large","max-video-preview":"max-video-preview:-1"},"canonical":"https:\/\/www.mpppst.gob.ve\/mpppstweb\/index.php\/2017\/02\/24\/anos-50-son-revividos-en-carnavales-del-mpppst\/","og_locale":"es_ES","og_type":"article","og_title":"A\u00f1os 50 son revividos en Carnavales del MPPPST - MPPPST","og_description":"Prensa MPPPST.- Los a\u00f1os 50 fueron \u00a0revividos en los Carnavales del Ministerio del Poder Popular para &hellip; A\u00f1os 50 son revividos en Carnavales del MPPPSTRead more","og_url":"https:\/\/www.mpppst.gob.ve\/mpppstweb\/index.php\/2017\/02\/24\/anos-50-son-revividos-en-carnavales-del-mpppst\/","og_site_name":"MPPPST","article_published_time":"2017-02-24T20:56:07+00:00","og_image":[{"width":800,"height":445,"url":"https:\/\/www.mpppst.gob.ve\/mpppstweb\/wp-content\/uploads\/2017\/02\/carnavales.jpg","type":"image\/jpeg"}],"author":"MPPPST Prensa","twitter_card":"summary_large_image","twitter_misc":{"Escrito por":"MPPPST Prensa","Tiempo de lectura":"1 minuto"},"schema":{"@context":"https:\/\/schema.org","@graph":[{"@type":"Article","@id":"https:\/\/www.mpppst.gob.ve\/mpppstweb\/index.php\/2017\/02\/24\/anos-50-son-revividos-en-carnavales-del-mpppst\/#article","isPartOf":{"@id":"https:\/\/www.mpppst.gob.ve\/mpppstweb\/index.php\/2017\/02\/24\/anos-50-son-revividos-en-carnavales-del-mpppst\/"},"author":{"name":"MPPPST Prensa","@id":"https:\/\/www.mpppst.gob.ve\/mpppstweb\/#\/schema\/person\/fc187ee8ead412bd4c9304b62f900ea4"},"headline":"A\u00f1os 50 son revividos en Carnavales del MPPPST","datePublished":"2017-02-24T20:56:07+00:00","dateModified":"2017-02-24T20:56:07+00:00","mainEntityOfPage":{"@id":"https:\/\/www.mpppst.gob.ve\/mpppstweb\/index.php\/2017\/02\/24\/anos-50-son-revividos-en-carnavales-del-mpppst\/"},"wordCount":199,"publisher":{"@id":"https:\/\/www.mpppst.gob.ve\/mpppstweb\/#organization"},"image":{"@id":"https:\/\/www.mpppst.gob.ve\/mpppstweb\/index.php\/2017\/02\/24\/anos-50-son-revividos-en-carnavales-del-mpppst\/#primaryimage"},"thumbnailUrl":"https:\/\/www.mpppst.gob.ve\/mpppstweb\/wp-content\/uploads\/2017\/02\/carnavales.jpg","keywords":["MPPPST","Trabajadores"],"articleSection":["Gobierno Nacional","Vida Laboral y Sindical"],"inLanguage":"es"},{"@type":"WebPage","@id":"https:\/\/www.mpppst.gob.ve\/mpppstweb\/index.php\/2017\/02\/24\/anos-50-son-revividos-en-carnavales-del-mpppst\/","url":"https:\/\/www.mpppst.gob.ve\/mpppstweb\/index.php\/2017\/02\/24\/anos-50-son-revividos-en-carnavales-del-mpppst\/","name":"A\u00f1os 50 son revividos en Carnavales del MPPPST - MPPPST","isPartOf":{"@id":"https:\/\/www.mpppst.gob.ve\/mpppstweb\/#website"},"primaryImageOfPage":{"@id":"https:\/\/www.mpppst.gob.ve\/mpppstweb\/index.php\/2017\/02\/24\/anos-50-son-revividos-en-carnavales-del-mpppst\/#primaryimage"},"image":{"@id":"https:\/\/www.mpppst.gob.ve\/mpppstweb\/index.php\/2017\/02\/24\/anos-50-son-revividos-en-carnavales-del-mpppst\/#primaryimage"},"thumbnailUrl":"https:\/\/www.mpppst.gob.ve\/mpppstweb\/wp-content\/uploads\/2017\/02\/carnavales.jpg","datePublished":"2017-02-24T20:56:07+00:00","dateModified":"2017-02-24T20:56:07+00:00","breadcrumb":{"@id":"https:\/\/www.mpppst.gob.ve\/mpppstweb\/index.php\/2017\/02\/24\/anos-50-son-revividos-en-carnavales-del-mpppst\/#breadcrumb"},"inLanguage":"es","potentialAction":[{"@type":"ReadAction","target":["https:\/\/www.mpppst.gob.ve\/mpppstweb\/index.php\/2017\/02\/24\/anos-50-son-revividos-en-carnavales-del-mpppst\/"]}]},{"@type":"ImageObject","inLanguage":"es","@id":"https:\/\/www.mpppst.gob.ve\/mpppstweb\/index.php\/2017\/02\/24\/anos-50-son-revividos-en-carnavales-del-mpppst\/#primaryimage","url":"https:\/\/www.mpppst.gob.ve\/mpppstweb\/wp-content\/uploads\/2017\/02\/carnavales.jpg","contentUrl":"https:\/\/www.mpppst.gob.ve\/mpppstweb\/wp-content\/uploads\/2017\/02\/carnavales.jpg","width":800,"height":445},{"@type":"BreadcrumbList","@id":"https:\/\/www.mpppst.gob.ve\/mpppstweb\/index.php\/2017\/02\/24\/anos-50-son-revividos-en-carnavales-del-mpppst\/#breadcrumb","itemListElement":[{"@type":"ListItem","position":1,"name":"Home","item":"https:\/\/www.mpppst.gob.ve\/mpppstweb\/"},{"@type":"ListItem","position":2,"name":"A\u00f1os 50 son revividos en Carnavales del MPPPST"}]},{"@type":"WebSite","@id":"https:\/\/www.mpppst.gob.ve\/mpppstweb\/#website","url":"https:\/\/www.mpppst.gob.ve\/mpppstweb\/","name":"MPPPST","description":"Ministerio del Poder Popular para el Proceso Social de Trabajo","publisher":{"@id":"https:\/\/www.mpppst.gob.ve\/mpppstweb\/#organization"},"potentialAction":[{"@type":"SearchAction","target":{"@type":"EntryPoint","urlTemplate":"https:\/\/www.mpppst.gob.ve\/mpppstweb\/?s={search_term_string}"},"query-input":"required name=search_term_string"}],"inLanguage":"es"},{"@type":"Organization","@id":"https:\/\/www.mpppst.gob.ve\/mpppstweb\/#organization","name":"mpppst","url":"https:\/\/www.mpppst.gob.ve\/mpppstweb\/","logo":{"@type":"ImageObject","inLanguage":"es","@id":"https:\/\/www.mpppst.gob.ve\/mpppstweb\/#\/schema\/logo\/image\/","url":"https:\/\/www.mpppst.gob.ve\/mpppstweb\/wp-content\/uploads\/2025\/07\/cropped-cropped-g910.png","contentUrl":"https:\/\/www.mpppst.gob.ve\/mpppstweb\/wp-content\/uploads\/2025\/07\/cropped-cropped-g910.png","width":1080,"height":241,"caption":"mpppst"},"image":{"@id":"https:\/\/www.mpppst.gob.ve\/mpppstweb\/#\/schema\/logo\/image\/"}},{"@type":"Person","@id":"https:\/\/www.mpppst.gob.ve\/mpppstweb\/#\/schema\/person\/fc187ee8ead412bd4c9304b62f900ea4","name":"MPPPST Prensa","url":"https:\/\/www.mpppst.gob.ve\/mpppstweb\/index.php\/author\/prensa-mpppst\/"}]}},"_links":{"self":[{"href":"https:\/\/www.mpppst.gob.ve\/mpppstweb\/index.php\/wp-json\/wp\/v2\/posts\/10695"}],"collection":[{"href":"https:\/\/www.mpppst.gob.ve\/mpppstweb\/index.php\/wp-json\/wp\/v2\/posts"}],"about":[{"href":"https:\/\/www.mpppst.gob.ve\/mpppstweb\/index.php\/wp-json\/wp\/v2\/types\/post"}],"author":[{"embeddable":true,"href":"https:\/\/www.mpppst.gob.ve\/mpppstweb\/index.php\/wp-json\/wp\/v2\/users\/25"}],"replies":[{"embeddable":true,"href":"https:\/\/www.mpppst.gob.ve\/mpppstweb\/index.php\/wp-json\/wp\/v2\/comments?post=10695"}],"version-history":[{"count":1,"href":"https:\/\/www.mpppst.gob.ve\/mpppstweb\/index.php\/wp-json\/wp\/v2\/posts\/10695\/revisions"}],"predecessor-version":[{"id":10697,"href":"https:\/\/www.mpppst.gob.ve\/mpppstweb\/index.php\/wp-json\/wp\/v2\/posts\/10695\/revisions\/10697"}],"wp:featuredmedia":[{"embeddable":true,"href":"https:\/\/www.mpppst.gob.ve\/mpppstweb\/index.php\/wp-json\/wp\/v2\/media\/10696"}],"wp:attachment":[{"href":"https:\/\/www.mpppst.gob.ve\/mpppstweb\/index.php\/wp-json\/wp\/v2\/media?parent=10695"}],"wp:term":[{"taxonomy":"category","embeddable":true,"href":"https:\/\/www.mpppst.gob.ve\/mpppstweb\/index.php\/wp-json\/wp\/v2\/categories?post=10695"},{"taxonomy":"post_tag","embeddable":true,"href":"https:\/\/www.mpppst.gob.ve\/mpppstweb\/index.php\/wp-json\/wp\/v2\/tags?post=10695"}],"curies":[{"name":"wp","href":"https:\/\/api.w.org\/{rel}","templated":true}]}}